{"id":15256,"date":"2025-11-19T05:13:28","date_gmt":"2025-11-19T04:13:28","guid":{"rendered":"https:\/\/lepatriotebenin.com\/?p=15256"},"modified":"2025-11-19T05:13:28","modified_gmt":"2025-11-19T04:13:28","slug":"revision-de-la-constitution-le-retour-a-la-pensee-unique","status":"publish","type":"post","link":"https:\/\/lepatriotebenin.com\/index.php\/2025\/11\/19\/revision-de-la-constitution-le-retour-a-la-pensee-unique\/","title":{"rendered":"R\u00e9vision de la constitution : Le retour \u00e0 la pens\u00e9e unique"},"content":{"rendered":"<p><strong><em>La repr\u00e9sentation nationale a proc\u00e9d\u00e9\u00a0 au petit matin du Samedi 15 Novembre 2025 \u00e0\u00a0 la r\u00e9vision de la constitution b\u00e9ninoise. Apr\u00e8s l\u2019\u00e9tape de la recevabilit\u00e9 valid\u00e9e\u00a0 par 87 voix pour et 22 contre, la r\u00e9vision proprement dite \u00e0 \u00e9t\u00e9\u00a0 faite avec le quitus de 90 d\u00e9put\u00e9s contre 19, selon le d\u00e9compte d\u2019apr\u00e8s les coupures d\u2019\u00e9lectricit\u00e9. Un coup mortel port\u00e9 \u00e0\u00a0 la d\u00e9mocratie b\u00e9ninois autrefois vendue \u00e0\u00a0 prix d\u2019or \u00e0\u00a0 l\u2019international, mais qui a fini par succomber aux r\u00e9formes de la rupture. Cette r\u00e9vision, acte sans \u00e9quivoque le retour du parti unique enterr\u00e9 depuis 1990. <\/em><\/strong><\/p>\n<p>Le B\u00e9nin n\u2019\u00e0 pas ferm\u00e9 l\u2019\u0153il toute la nuit du vendredi 14 au samedi 15 Novembre 2025. Le suspens a certes dur\u00e9 mais l\u2019accouchement si douloureux a donn\u00e9 au Palais des gouverneurs et par c\u00e9sarienne, un monstre constitutionnel qui met la d\u00e9mocratie sous boisseau ou si non, la cong\u00e9die au cimeti\u00e8re les jours, semaines, mois, ann\u00e9es et d\u00e9cennies \u00e0\u00a0 venir. La constitution modifi\u00e9e contient des dispositions anti d\u00e9mocratiques telle la mise \u00e0\u00a0 la retraite forc\u00e9e de la classe politique \u00e0\u00a0 travers la tr\u00eave politique impos\u00e9e par l\u2019article 5-1, la cr\u00e9ation du S\u00e9nat qui phagocyte\u00a0 le pouvoir du pr\u00e9sident de la R\u00e9publique, et peut-\u00eatre\u00a0 pire, telle que la limitation du nombre de mandant dont le verrou a et\u00e9 saut\u00e9 par la nouvelle constitution et l\u2019augmentation de 5 \u00e0 7 ans de la dur\u00e9e du mandat.<\/p>\n<p>Au cours du vote, des incidents se seraient produits notamment les coupures de courant et de l\u2019internet et ce en plein d\u00e9compte des voix. L\u2019opposition crie au scandale, \u00a0mais la r\u00e9vision passe avec toutes les cons\u00e9quences. Finalement la d\u00e9mocratie b\u00e9ninoise \u00e2g\u00e9e de 35 ans aura succomb\u00e9 sous 90 balles que les 22 gilets par balles de Boni Yayi n\u2019ont pu amortir.<\/p>\n<p>Que s\u2019est-il pass\u00e9 pour pendant les coupures, 22 voix passent rapidement \u00e0 19 puis 87 \u00e0 90 ?<\/p>\n<p>Une chose est certaine, l\u2019histoire retient d\u00e9sormais que la constitution b\u00e9ninoise a \u00e9t\u00e9 retouch\u00e9e\u00a0 deux fois sous le mandat du pr\u00e9sident Patrice Talon et ce, en espace de 5 ans (2019 puis 2025). Aussi convient-il de faire remarquer, aucune des cinq (05) \u00e9lections organis\u00e9es\u00a0 sous la rupture n\u2019aura \u00e9t\u00e9 v\u00e9ritablement inclusive et transparente sauf celle de 2023 o\u00f9 l\u2019opposition s\u2019\u00e9tait vue attribuer 28 d\u00e9put\u00e9s malgr\u00e9 la razzia.<\/p>\n<p>Par cette nouvelle modification de la loi fondamentale, la d\u00e9mocratie du B\u00e9nin a \u00e9t\u00e9\u00a0 cribl\u00e9e de 90 balles\u00a0 tir\u00e9es par des d\u00e9put\u00e9s cagoul\u00e9s dont le peuple qu\u2019ils repr\u00e9sentent ne conna\u00eetra jamais le visages avec certitude ; le vote \u00e9tant secret et pire effectu\u00e9 dans le noir. Les 22 \u00e9lus de l\u2019opposition clament leur fid\u00e9lit\u00e9 et jurent n\u2019avoir pas vot\u00e9 pour cette constitution, puis, la majorit\u00e9 parlementaire bien que connue comme tr\u00e8s fid\u00e8le au Chef de l\u2019\u00c9tat, avait vot\u00e9\u00a0 contre en 2024 mais cette fois d\u00e9fendra certainement sa fid\u00e9lit\u00e9 au chef pour ne pas subir des repr\u00e9sailles. Finalement, qui sont ceux qui ont v\u00e9ritablement vot\u00e9 OUI et ceux qui ont vot\u00e9 NON ?<\/p>\n<p>La seule certitude apr\u00e8s la vot\u00e9 de la proposition de la loi portant modification de la Constitution du 11 d\u00e9cembre 1990, est que apr\u00e8s\u00a0 la pr\u00e9sidentielle de 2026, une traverse politique s\u2019impose et durera 6 ans avant que les activit\u00e9s ne soient encore men\u00e9es surtout si vous ne voulez applaudir les actions du gouvernement.<\/p>\n<p>Peut-on\u00a0 applaudir un r\u00e9gime pendant 6 ans et \u00e0\u00a0 un an des \u00e9lections devenir subitement opposant \u00e0\u00a0 ce m\u00eame\u00a0 r\u00e9gime contre la ou les candidatures de qui on souhaite mener la comp\u00e9tition ?<\/p>\n<p>De toute \u00e9vidence, il est clair que cette disposition de la\u00a0 nouvelle\u00a0 constitution instaure de facon contourn\u00e9e le parti unique banni depuis 1990 o\u00f9, la conf\u00e9rence nationale des forces vives de la nation a accouch\u00e9 du pluralisme politique et de la d\u00e9mocratie qui n\u2019aura v\u00e9cue finalement que 25 ans soit de 1990 \u00e0\u00a0 2016.<\/p>\n<p><strong>\u00a0<\/strong><\/p>\n<p>&nbsp;<\/p>\n","protected":false},"excerpt":{"rendered":"<p>La repr\u00e9sentation nationale a proc\u00e9d\u00e9\u00a0 au petit matin du Samedi 15 Novembre 2025 \u00e0\u00a0 la r\u00e9vision de la constitution b\u00e9ninoise. Apr\u00e8s l\u2019\u00e9tape de la recevabilit\u00e9 valid\u00e9e\u00a0 par 87 voix pour&hellip;<\/p>\n","protected":false},"author":5,"featured_media":15257,"comment_status":"open","ping_status":"open","sticky":false,"template":"","format":"standard","meta":{"content-type":"","om_disable_all_campaigns":false,"_monsterinsights_skip_tracking":false,"_monsterinsights_sitenote_active":false,"_monsterinsights_sitenote_note":"","_monsterinsights_sitenote_category":0,"_uf_show_specific_survey":0,"_uf_disable_surveys":false,"footnotes":""},"categories":[26],"tags":[],"class_list":["post-15256","post","type-post","status-publish","format-standard","has-post-thumbnail","hentry","category-politique"],"aioseo_notices":[],"yoast_head":"<!-- This site is optimized with the Yoast SEO plugin v27.5 - https:\/\/yoast.com\/product\/yoast-seo-wordpress\/ -->\n<title>R\u00e9vision de la constitution : Le retour \u00e0 la pens\u00e9e unique - Le Patriote<\/title>\n<meta name=\"robots\" content=\"index, follow, max-snippet:-1, max-image-preview:large, max-video-preview:-1\" \/>\n<link rel=\"canonical\" href=\"https:\/\/lepatriotebenin.com\/index.php\/2025\/11\/19\/revision-de-la-constitution-le-retour-a-la-pensee-unique\/\" \/>\n<meta property=\"og:locale\" content=\"fr_FR\" \/>\n<meta property=\"og:type\" content=\"article\" \/>\n<meta property=\"og:title\" content=\"R\u00e9vision de la constitution : Le retour \u00e0 la pens\u00e9e unique - Le Patriote\" \/>\n<meta property=\"og:description\" content=\"La repr\u00e9sentation nationale a proc\u00e9d\u00e9\u00a0 au petit matin du Samedi 15 Novembre 2025 \u00e0\u00a0 la r\u00e9vision de la constitution b\u00e9ninoise. Apr\u00e8s l\u2019\u00e9tape de la recevabilit\u00e9 valid\u00e9e\u00a0 par 87 voix pour&hellip;\" \/>\n<meta property=\"og:url\" content=\"https:\/\/lepatriotebenin.com\/index.php\/2025\/11\/19\/revision-de-la-constitution-le-retour-a-la-pensee-unique\/\" \/>\n<meta property=\"og:site_name\" content=\"Le Patriote\" \/>\n<meta property=\"article:published_time\" content=\"2025-11-19T04:13:28+00:00\" \/>\n<meta property=\"og:image\" content=\"https:\/\/lepatriotebenin.com\/wp-content\/uploads\/2025\/11\/constitution-benin-1.webp\" \/>\n\t<meta property=\"og:image:width\" content=\"862\" \/>\n\t<meta property=\"og:image:height\" content=\"1024\" \/>\n\t<meta property=\"og:image:type\" content=\"image\/webp\" \/>\n<meta name=\"author\" content=\"Redaction\" \/>\n<meta name=\"twitter:card\" content=\"summary_large_image\" \/>\n<meta name=\"twitter:label1\" content=\"\u00c9crit par\" \/>\n\t<meta name=\"twitter:data1\" content=\"Redaction\" \/>\n\t<meta name=\"twitter:label2\" content=\"Dur\u00e9e de lecture estim\u00e9e\" \/>\n\t<meta name=\"twitter:data2\" content=\"4 minutes\" \/>\n<script type=\"application\/ld+json\" class=\"yoast-schema-graph\">{\"@context\":\"https:\\\/\\\/schema.org\",\"@graph\":[{\"@type\":\"Article\",\"@id\":\"https:\\\/\\\/lepatriotebenin.com\\\/index.php\\\/2025\\\/11\\\/19\\\/revision-de-la-constitution-le-retour-a-la-pensee-unique\\\/#article\",\"isPartOf\":{\"@id\":\"https:\\\/\\\/lepatriotebenin.com\\\/index.php\\\/2025\\\/11\\\/19\\\/revision-de-la-constitution-le-retour-a-la-pensee-unique\\\/\"},\"author\":{\"name\":\"Redaction\",\"@id\":\"https:\\\/\\\/lepatriotebenin.com\\\/#\\\/schema\\\/person\\\/2e7709b9c9cc313e452d1136af61690f\"},\"headline\":\"R\u00e9vision de la constitution : Le retour \u00e0 la pens\u00e9e unique\",\"datePublished\":\"2025-11-19T04:13:28+00:00\",\"mainEntityOfPage\":{\"@id\":\"https:\\\/\\\/lepatriotebenin.com\\\/index.php\\\/2025\\\/11\\\/19\\\/revision-de-la-constitution-le-retour-a-la-pensee-unique\\\/\"},\"wordCount\":684,\"commentCount\":0,\"image\":{\"@id\":\"https:\\\/\\\/lepatriotebenin.com\\\/index.php\\\/2025\\\/11\\\/19\\\/revision-de-la-constitution-le-retour-a-la-pensee-unique\\\/#primaryimage\"},\"thumbnailUrl\":\"https:\\\/\\\/lepatriotebenin.com\\\/wp-content\\\/uploads\\\/2025\\\/11\\\/constitution-benin-1.webp\",\"articleSection\":[\"Politique\"],\"inLanguage\":\"fr-FR\",\"potentialAction\":[{\"@type\":\"CommentAction\",\"name\":\"Comment\",\"target\":[\"https:\\\/\\\/lepatriotebenin.com\\\/index.php\\\/2025\\\/11\\\/19\\\/revision-de-la-constitution-le-retour-a-la-pensee-unique\\\/#respond\"]}]},{\"@type\":\"WebPage\",\"@id\":\"https:\\\/\\\/lepatriotebenin.com\\\/index.php\\\/2025\\\/11\\\/19\\\/revision-de-la-constitution-le-retour-a-la-pensee-unique\\\/\",\"url\":\"https:\\\/\\\/lepatriotebenin.com\\\/index.php\\\/2025\\\/11\\\/19\\\/revision-de-la-constitution-le-retour-a-la-pensee-unique\\\/\",\"name\":\"R\u00e9vision de la constitution : Le retour \u00e0 la pens\u00e9e unique - Le Patriote\",\"isPartOf\":{\"@id\":\"https:\\\/\\\/lepatriotebenin.com\\\/#website\"},\"primaryImageOfPage\":{\"@id\":\"https:\\\/\\\/lepatriotebenin.com\\\/index.php\\\/2025\\\/11\\\/19\\\/revision-de-la-constitution-le-retour-a-la-pensee-unique\\\/#primaryimage\"},\"image\":{\"@id\":\"https:\\\/\\\/lepatriotebenin.com\\\/index.php\\\/2025\\\/11\\\/19\\\/revision-de-la-constitution-le-retour-a-la-pensee-unique\\\/#primaryimage\"},\"thumbnailUrl\":\"https:\\\/\\\/lepatriotebenin.com\\\/wp-content\\\/uploads\\\/2025\\\/11\\\/constitution-benin-1.webp\",\"datePublished\":\"2025-11-19T04:13:28+00:00\",\"author\":{\"@id\":\"https:\\\/\\\/lepatriotebenin.com\\\/#\\\/schema\\\/person\\\/2e7709b9c9cc313e452d1136af61690f\"},\"breadcrumb\":{\"@id\":\"https:\\\/\\\/lepatriotebenin.com\\\/index.php\\\/2025\\\/11\\\/19\\\/revision-de-la-constitution-le-retour-a-la-pensee-unique\\\/#breadcrumb\"},\"inLanguage\":\"fr-FR\",\"potentialAction\":[{\"@type\":\"ReadAction\",\"target\":[\"https:\\\/\\\/lepatriotebenin.com\\\/index.php\\\/2025\\\/11\\\/19\\\/revision-de-la-constitution-le-retour-a-la-pensee-unique\\\/\"]}]},{\"@type\":\"ImageObject\",\"inLanguage\":\"fr-FR\",\"@id\":\"https:\\\/\\\/lepatriotebenin.com\\\/index.php\\\/2025\\\/11\\\/19\\\/revision-de-la-constitution-le-retour-a-la-pensee-unique\\\/#primaryimage\",\"url\":\"https:\\\/\\\/lepatriotebenin.com\\\/wp-content\\\/uploads\\\/2025\\\/11\\\/constitution-benin-1.webp\",\"contentUrl\":\"https:\\\/\\\/lepatriotebenin.com\\\/wp-content\\\/uploads\\\/2025\\\/11\\\/constitution-benin-1.webp\",\"width\":862,\"height\":1024},{\"@type\":\"BreadcrumbList\",\"@id\":\"https:\\\/\\\/lepatriotebenin.com\\\/index.php\\\/2025\\\/11\\\/19\\\/revision-de-la-constitution-le-retour-a-la-pensee-unique\\\/#breadcrumb\",\"itemListElement\":[{\"@type\":\"ListItem\",\"position\":1,\"name\":\"Accueil\",\"item\":\"https:\\\/\\\/lepatriotebenin.com\\\/\"},{\"@type\":\"ListItem\",\"position\":2,\"name\":\"R\u00e9vision de la constitution : Le retour \u00e0 la pens\u00e9e unique\"}]},{\"@type\":\"WebSite\",\"@id\":\"https:\\\/\\\/lepatriotebenin.com\\\/#website\",\"url\":\"https:\\\/\\\/lepatriotebenin.com\\\/\",\"name\":\"Le Patriote\",\"description\":\"Le Patriote B\u00e9nin\",\"potentialAction\":[{\"@type\":\"SearchAction\",\"target\":{\"@type\":\"EntryPoint\",\"urlTemplate\":\"https:\\\/\\\/lepatriotebenin.com\\\/?s={search_term_string}\"},\"query-input\":{\"@type\":\"PropertyValueSpecification\",\"valueRequired\":true,\"valueName\":\"search_term_string\"}}],\"inLanguage\":\"fr-FR\"},{\"@type\":\"Person\",\"@id\":\"https:\\\/\\\/lepatriotebenin.com\\\/#\\\/schema\\\/person\\\/2e7709b9c9cc313e452d1136af61690f\",\"name\":\"Redaction\",\"image\":{\"@type\":\"ImageObject\",\"inLanguage\":\"fr-FR\",\"@id\":\"https:\\\/\\\/secure.gravatar.com\\\/avatar\\\/c4c509357859ea2ca2cbb6d8812898a73e4ef1ef9934c2e591d7e32face734d1?s=96&d=mm&r=g\",\"url\":\"https:\\\/\\\/secure.gravatar.com\\\/avatar\\\/c4c509357859ea2ca2cbb6d8812898a73e4ef1ef9934c2e591d7e32face734d1?s=96&d=mm&r=g\",\"contentUrl\":\"https:\\\/\\\/secure.gravatar.com\\\/avatar\\\/c4c509357859ea2ca2cbb6d8812898a73e4ef1ef9934c2e591d7e32face734d1?s=96&d=mm&r=g\",\"caption\":\"Redaction\"},\"url\":\"https:\\\/\\\/lepatriotebenin.com\"}]}<\/script>\n<!-- \/ Yoast SEO plugin. -->","yoast_head_json":{"title":"R\u00e9vision de la constitution : Le retour \u00e0 la pens\u00e9e unique - Le Patriote","robots":{"index":"index","follow":"follow","max-snippet":"max-snippet:-1","max-image-preview":"max-image-preview:large","max-video-preview":"max-video-preview:-1"},"canonical":"https:\/\/lepatriotebenin.com\/index.php\/2025\/11\/19\/revision-de-la-constitution-le-retour-a-la-pensee-unique\/","og_locale":"fr_FR","og_type":"article","og_title":"R\u00e9vision de la constitution : Le retour \u00e0 la pens\u00e9e unique - Le Patriote","og_description":"La repr\u00e9sentation nationale a proc\u00e9d\u00e9\u00a0 au petit matin du Samedi 15 Novembre 2025 \u00e0\u00a0 la r\u00e9vision de la constitution b\u00e9ninoise. Apr\u00e8s l\u2019\u00e9tape de la recevabilit\u00e9 valid\u00e9e\u00a0 par 87 voix pour&hellip;","og_url":"https:\/\/lepatriotebenin.com\/index.php\/2025\/11\/19\/revision-de-la-constitution-le-retour-a-la-pensee-unique\/","og_site_name":"Le Patriote","article_published_time":"2025-11-19T04:13:28+00:00","og_image":[{"width":862,"height":1024,"url":"https:\/\/lepatriotebenin.com\/wp-content\/uploads\/2025\/11\/constitution-benin-1.webp","type":"image\/webp"}],"author":"Redaction","twitter_card":"summary_large_image","twitter_misc":{"\u00c9crit par":"Redaction","Dur\u00e9e de lecture estim\u00e9e":"4 minutes"},"schema":{"@context":"https:\/\/schema.org","@graph":[{"@type":"Article","@id":"https:\/\/lepatriotebenin.com\/index.php\/2025\/11\/19\/revision-de-la-constitution-le-retour-a-la-pensee-unique\/#article","isPartOf":{"@id":"https:\/\/lepatriotebenin.com\/index.php\/2025\/11\/19\/revision-de-la-constitution-le-retour-a-la-pensee-unique\/"},"author":{"name":"Redaction","@id":"https:\/\/lepatriotebenin.com\/#\/schema\/person\/2e7709b9c9cc313e452d1136af61690f"},"headline":"R\u00e9vision de la constitution : Le retour \u00e0 la pens\u00e9e unique","datePublished":"2025-11-19T04:13:28+00:00","mainEntityOfPage":{"@id":"https:\/\/lepatriotebenin.com\/index.php\/2025\/11\/19\/revision-de-la-constitution-le-retour-a-la-pensee-unique\/"},"wordCount":684,"commentCount":0,"image":{"@id":"https:\/\/lepatriotebenin.com\/index.php\/2025\/11\/19\/revision-de-la-constitution-le-retour-a-la-pensee-unique\/#primaryimage"},"thumbnailUrl":"https:\/\/lepatriotebenin.com\/wp-content\/uploads\/2025\/11\/constitution-benin-1.webp","articleSection":["Politique"],"inLanguage":"fr-FR","potentialAction":[{"@type":"CommentAction","name":"Comment","target":["https:\/\/lepatriotebenin.com\/index.php\/2025\/11\/19\/revision-de-la-constitution-le-retour-a-la-pensee-unique\/#respond"]}]},{"@type":"WebPage","@id":"https:\/\/lepatriotebenin.com\/index.php\/2025\/11\/19\/revision-de-la-constitution-le-retour-a-la-pensee-unique\/","url":"https:\/\/lepatriotebenin.com\/index.php\/2025\/11\/19\/revision-de-la-constitution-le-retour-a-la-pensee-unique\/","name":"R\u00e9vision de la constitution : Le retour \u00e0 la pens\u00e9e unique - Le Patriote","isPartOf":{"@id":"https:\/\/lepatriotebenin.com\/#website"},"primaryImageOfPage":{"@id":"https:\/\/lepatriotebenin.com\/index.php\/2025\/11\/19\/revision-de-la-constitution-le-retour-a-la-pensee-unique\/#primaryimage"},"image":{"@id":"https:\/\/lepatriotebenin.com\/index.php\/2025\/11\/19\/revision-de-la-constitution-le-retour-a-la-pensee-unique\/#primaryimage"},"thumbnailUrl":"https:\/\/lepatriotebenin.com\/wp-content\/uploads\/2025\/11\/constitution-benin-1.webp","datePublished":"2025-11-19T04:13:28+00:00","author":{"@id":"https:\/\/lepatriotebenin.com\/#\/schema\/person\/2e7709b9c9cc313e452d1136af61690f"},"breadcrumb":{"@id":"https:\/\/lepatriotebenin.com\/index.php\/2025\/11\/19\/revision-de-la-constitution-le-retour-a-la-pensee-unique\/#breadcrumb"},"inLanguage":"fr-FR","potentialAction":[{"@type":"ReadAction","target":["https:\/\/lepatriotebenin.com\/index.php\/2025\/11\/19\/revision-de-la-constitution-le-retour-a-la-pensee-unique\/"]}]},{"@type":"ImageObject","inLanguage":"fr-FR","@id":"https:\/\/lepatriotebenin.com\/index.php\/2025\/11\/19\/revision-de-la-constitution-le-retour-a-la-pensee-unique\/#primaryimage","url":"https:\/\/lepatriotebenin.com\/wp-content\/uploads\/2025\/11\/constitution-benin-1.webp","contentUrl":"https:\/\/lepatriotebenin.com\/wp-content\/uploads\/2025\/11\/constitution-benin-1.webp","width":862,"height":1024},{"@type":"BreadcrumbList","@id":"https:\/\/lepatriotebenin.com\/index.php\/2025\/11\/19\/revision-de-la-constitution-le-retour-a-la-pensee-unique\/#breadcrumb","itemListElement":[{"@type":"ListItem","position":1,"name":"Accueil","item":"https:\/\/lepatriotebenin.com\/"},{"@type":"ListItem","position":2,"name":"R\u00e9vision de la constitution : Le retour \u00e0 la pens\u00e9e unique"}]},{"@type":"WebSite","@id":"https:\/\/lepatriotebenin.com\/#website","url":"https:\/\/lepatriotebenin.com\/","name":"Le Patriote","description":"Le Patriote B\u00e9nin","potentialAction":[{"@type":"SearchAction","target":{"@type":"EntryPoint","urlTemplate":"https:\/\/lepatriotebenin.com\/?s={search_term_string}"},"query-input":{"@type":"PropertyValueSpecification","valueRequired":true,"valueName":"search_term_string"}}],"inLanguage":"fr-FR"},{"@type":"Person","@id":"https:\/\/lepatriotebenin.com\/#\/schema\/person\/2e7709b9c9cc313e452d1136af61690f","name":"Redaction","image":{"@type":"ImageObject","inLanguage":"fr-FR","@id":"https:\/\/secure.gravatar.com\/avatar\/c4c509357859ea2ca2cbb6d8812898a73e4ef1ef9934c2e591d7e32face734d1?s=96&d=mm&r=g","url":"https:\/\/secure.gravatar.com\/avatar\/c4c509357859ea2ca2cbb6d8812898a73e4ef1ef9934c2e591d7e32face734d1?s=96&d=mm&r=g","contentUrl":"https:\/\/secure.gravatar.com\/avatar\/c4c509357859ea2ca2cbb6d8812898a73e4ef1ef9934c2e591d7e32face734d1?s=96&d=mm&r=g","caption":"Redaction"},"url":"https:\/\/lepatriotebenin.com"}]}},"_links":{"self":[{"href":"https:\/\/lepatriotebenin.com\/index.php\/wp-json\/wp\/v2\/posts\/15256","targetHints":{"allow":["GET"]}}],"collection":[{"href":"https:\/\/lepatriotebenin.com\/index.php\/wp-json\/wp\/v2\/posts"}],"about":[{"href":"https:\/\/lepatriotebenin.com\/index.php\/wp-json\/wp\/v2\/types\/post"}],"author":[{"embeddable":true,"href":"https:\/\/lepatriotebenin.com\/index.php\/wp-json\/wp\/v2\/users\/5"}],"replies":[{"embeddable":true,"href":"https:\/\/lepatriotebenin.com\/index.php\/wp-json\/wp\/v2\/comments?post=15256"}],"version-history":[{"count":1,"href":"https:\/\/lepatriotebenin.com\/index.php\/wp-json\/wp\/v2\/posts\/15256\/revisions"}],"predecessor-version":[{"id":15258,"href":"https:\/\/lepatriotebenin.com\/index.php\/wp-json\/wp\/v2\/posts\/15256\/revisions\/15258"}],"wp:featuredmedia":[{"embeddable":true,"href":"https:\/\/lepatriotebenin.com\/index.php\/wp-json\/wp\/v2\/media\/15257"}],"wp:attachment":[{"href":"https:\/\/lepatriotebenin.com\/index.php\/wp-json\/wp\/v2\/media?parent=15256"}],"wp:term":[{"taxonomy":"category","embeddable":true,"href":"https:\/\/lepatriotebenin.com\/index.php\/wp-json\/wp\/v2\/categories?post=15256"},{"taxonomy":"post_tag","embeddable":true,"href":"https:\/\/lepatriotebenin.com\/index.php\/wp-json\/wp\/v2\/tags?post=15256"}],"curies":[{"name":"wp","href":"https:\/\/api.w.org\/{rel}","templated":true}]}}