{"id":15253,"date":"2025-11-19T05:08:13","date_gmt":"2025-11-19T04:08:13","guid":{"rendered":"https:\/\/lepatriotebenin.com\/?p=15253"},"modified":"2025-11-19T05:08:13","modified_gmt":"2025-11-19T04:08:13","slug":"revision-de-la-constitution-au-benin-le-senat-une-institution-pour-desorganiser-lordre-republicain","status":"publish","type":"post","link":"https:\/\/lepatriotebenin.com\/index.php\/2025\/11\/19\/revision-de-la-constitution-au-benin-le-senat-une-institution-pour-desorganiser-lordre-republicain\/","title":{"rendered":"R\u00e9vision de la Constitution au B\u00e9nin : Le S\u00e9nat, une institution pour d\u00e9sorganiser l\u2019ordre r\u00e9publicain"},"content":{"rendered":"<p><em><strong>La r\u00e9vision de la Constitution op\u00e9r\u00e9e il y a quelques jours au B\u00e9nin continue de susciter de vives interrogations, analyses et inqui\u00e9tudes. Au c\u0153ur des d\u00e9bats, la nouvelle institution introduite par ce toilettage, le S\u00e9nat, pr\u00e9sent\u00e9 officiellement comme une \u00ab seconde chambre \u00bb destin\u00e9e \u00e0 renforcer le processus l\u00e9gislatif. N\u00e9anmoins \u00e0 la lecture des pr\u00e9rogatives qui lui sont d\u00e9sormais conf\u00e9r\u00e9es, on y voit plut\u00f4t une institution surpuissante, cr\u00e9\u00e9e pour faire reculer l\u2019\u00e9quilibre institutionnel au sommet de l\u2019\u00c9tat.<\/strong><\/em><\/p>\n<p>En parcourant les nouveaux articles de la nouvelle constitution r\u00e9vis\u00e9e, s\u2019il y a une chose qui frappe \u00e0 l\u2019\u0153il, c\u2019est les attributions du S\u00e9nat, la nouvelle institution qui sera mise en place et constitu\u00e9e des anciens pr\u00e9sidents de la R\u00e9publique, des anciens pr\u00e9sidents de l\u2019Assembl\u00e9e nationale, les chefs d\u2019\u00c9tats-majors des Forces arm\u00e9es b\u00e9ninoises et bien d\u2019autres anciennes personnalit\u00e9s de la R\u00e9publique. Et pour cause! Ces pr\u00e9rogatives d\u00e9finies par la nouvelle loi constitutionnelle vont bien au-del\u00e0 des attributs normaux du S\u00e9nat dans les pays o\u00f9 l\u2019institution existe d\u00e9j\u00e0. Dans la nouvelle configuration b\u00e9ninoise, ce principe semble avoir \u00e9t\u00e9 largement d\u00e9pass\u00e9.<\/p>\n<p>Le S\u00e9nat, tel qu\u2019il est annonc\u00e9, ne se contente plus de voter les lois et de contr\u00f4ler l\u2019action gouvernementale. Il devra obligatoirement se prononcer avant toute promulgation d\u2019une loi, ce qui donne \u00e0 ses membres une place centrale dans le processus d\u00e9cisionnel national. De fait, une loi n\u2019atteint plus le Pr\u00e9sident de la R\u00e9publique sans passer par le filtre s\u00e9natorial, ce qui \u00e9l\u00e8ve cette institution bien au-dessus de l\u2019Assembl\u00e9e nationale. Pour certains, le S\u00e9nat est une chambre sup\u00e9rieure dot\u00e9e de pouvoirs d\u2019influence et de blocage, ce qui est in\u00e9dit dans l\u2019histoire politico-institutionnelle du pays.<\/p>\n<p><strong>Une institution qui a droit de regard sur les d\u00e9cisions ex\u00e9cutives<\/strong><\/p>\n<p>Selon le m\u00e9canisme adopt\u00e9, les lois vot\u00e9es doivent \u00eatre transmises de fa\u00e7on simultan\u00e9e au S\u00e9nat et au pr\u00e9sident de la R\u00e9publique. Cette proc\u00e9dure, pr\u00e9sent\u00e9e comme un simple renforcement d\u00e9mocratique, ouvre en r\u00e9alit\u00e9 la voie \u00e0 une intrusion directe du S\u00e9nat dans la conduite de l\u2019action gouvernementale. Avec la capacit\u00e9 de ralentir, d\u2019amender ou de rejeter les projets strat\u00e9giques, le S\u00e9nat devient un acteur incontournable voire un passage oblig\u00e9 pour l\u2019ex\u00e9cutif. Des analystes y voient m\u00eame un glissement de pouvoirs ou une strat\u00e9gie de toujours contr\u00f4ler le pouvoir, ce qui pourrait m\u00eame conduire \u00e0 des interf\u00e9rences ou des diff\u00e9rends entre les pr\u00e9sidents de la R\u00e9publique et du S\u00e9nat. L\u2019autre grande inqui\u00e9tude reste et demeure la place accord\u00e9e \u00e0 la Cour constitutionnelle. Cette derni\u00e8re \u00e9tait jusqu\u2019ici le garant ultime de la conformit\u00e9 des lois avec la Constitution, mais avec la mise en place du S\u00e9nat, son r\u00f4le semble d\u00e9sormais r\u00e9duit \u00e0 un contr\u00f4le technique. Le S\u00e9nat, en revanche, peut peser en amont du processus l\u00e9gislatif, bien avant toute intervention de la Cour. Il s\u2019\u00e9rige ainsi en v\u00e9ritable acteur central des d\u00e9cisions nationales, au point de d\u00e9passer clairement la Cour constitutionnelle en influence pratique. On assiste ainsi \u00e0 ce que plusieurs sp\u00e9cialistes qualifient de d\u00e9s\u00e9quilibre institutionnel, o\u00f9 une nouvelle chambre parlementaire concentre plus d\u2019attributions que les institutions cens\u00e9es garantir l\u2019\u00c9tat de droit surtout qu\u2019elle peut intervenir dans tous les domaines notamment la politique, la s\u00e9curit\u00e9 et bien d\u2019autres.<\/p>\n<p>Les craintes s\u2019accentuent lorsqu\u2019on observe la mani\u00e8re dont le S\u00e9nat pourrait fonctionner. En renfor\u00e7ant le r\u00f4le de filtration des lois et en donnant un poids d\u00e9terminant \u00e0 cette chambre dans la d\u00e9cision publique, plusieurs observateurs estiment que le B\u00e9nin s\u2019engage sur les traces du mod\u00e8le togolais, o\u00f9 tous les attributs du pr\u00e9sident de la R\u00e9publique sont attribu\u00e9s au chef du gouvernement. Au lieu d\u2019\u00eatre une simple institution d\u2019\u00e9quilibre, le S\u00e9nat b\u00e9ninois pourrait devenir un bras ex\u00e9cutif, influen\u00e7ant, orientant ou m\u00eame verrouillant la gouvernance nationale. A cette allure, ce qui devait \u00eatre un progr\u00e8s d\u00e9mocratique pourrait se transformer en un centre de pouvoir colossal, loin du bicam\u00e9risme moderne annonc\u00e9, et potentiellement dangereux pour la stabilit\u00e9 institutionnelle du B\u00e9nin.<\/p>\n<p><strong>Alassane Tour\u00e9<\/strong><\/p>\n","protected":false},"excerpt":{"rendered":"<p>La r\u00e9vision de la Constitution op\u00e9r\u00e9e il y a quelques jours au B\u00e9nin continue de susciter de vives interrogations, analyses et inqui\u00e9tudes. Au c\u0153ur des d\u00e9bats, la nouvelle institution introduite&hellip;<\/p>\n","protected":false},"author":5,"featured_media":15254,"comment_status":"open","ping_status":"open","sticky":false,"template":"","format":"standard","meta":{"content-type":"","om_disable_all_campaigns":false,"_monsterinsights_skip_tracking":false,"_monsterinsights_sitenote_active":false,"_monsterinsights_sitenote_note":"","_monsterinsights_sitenote_category":0,"_uf_show_specific_survey":0,"_uf_disable_surveys":false,"footnotes":""},"categories":[26],"tags":[],"class_list":["post-15253","post","type-post","status-publish","format-standard","has-post-thumbnail","hentry","category-politique"],"aioseo_notices":[],"yoast_head":"<!-- This site is optimized with the Yoast SEO plugin v27.5 - https:\/\/yoast.com\/product\/yoast-seo-wordpress\/ -->\n<title>R\u00e9vision de la Constitution au B\u00e9nin : Le S\u00e9nat, une institution pour d\u00e9sorganiser l\u2019ordre r\u00e9publicain - Le Patriote<\/title>\n<meta name=\"robots\" content=\"index, follow, max-snippet:-1, max-image-preview:large, max-video-preview:-1\" \/>\n<link rel=\"canonical\" href=\"https:\/\/lepatriotebenin.com\/index.php\/2025\/11\/19\/revision-de-la-constitution-au-benin-le-senat-une-institution-pour-desorganiser-lordre-republicain\/\" \/>\n<meta property=\"og:locale\" content=\"fr_FR\" \/>\n<meta property=\"og:type\" content=\"article\" \/>\n<meta property=\"og:title\" content=\"R\u00e9vision de la Constitution au B\u00e9nin : Le S\u00e9nat, une institution pour d\u00e9sorganiser l\u2019ordre r\u00e9publicain - Le Patriote\" \/>\n<meta property=\"og:description\" content=\"La r\u00e9vision de la Constitution op\u00e9r\u00e9e il y a quelques jours au B\u00e9nin continue de susciter de vives interrogations, analyses et inqui\u00e9tudes. Au c\u0153ur des d\u00e9bats, la nouvelle institution introduite&hellip;\" \/>\n<meta property=\"og:url\" content=\"https:\/\/lepatriotebenin.com\/index.php\/2025\/11\/19\/revision-de-la-constitution-au-benin-le-senat-une-institution-pour-desorganiser-lordre-republicain\/\" \/>\n<meta property=\"og:site_name\" content=\"Le Patriote\" \/>\n<meta property=\"article:published_time\" content=\"2025-11-19T04:08:13+00:00\" \/>\n<meta property=\"og:image\" content=\"https:\/\/lepatriotebenin.com\/wp-content\/uploads\/2025\/11\/senat-bllocus.jpg\" \/>\n\t<meta property=\"og:image:width\" content=\"1280\" \/>\n\t<meta property=\"og:image:height\" content=\"791\" \/>\n\t<meta property=\"og:image:type\" content=\"image\/jpeg\" \/>\n<meta name=\"author\" content=\"Redaction\" \/>\n<meta name=\"twitter:card\" content=\"summary_large_image\" \/>\n<meta name=\"twitter:label1\" content=\"\u00c9crit par\" \/>\n\t<meta name=\"twitter:data1\" content=\"Redaction\" \/>\n\t<meta name=\"twitter:label2\" content=\"Dur\u00e9e de lecture estim\u00e9e\" \/>\n\t<meta name=\"twitter:data2\" content=\"4 minutes\" \/>\n<script type=\"application\/ld+json\" class=\"yoast-schema-graph\">{\"@context\":\"https:\\\/\\\/schema.org\",\"@graph\":[{\"@type\":\"Article\",\"@id\":\"https:\\\/\\\/lepatriotebenin.com\\\/index.php\\\/2025\\\/11\\\/19\\\/revision-de-la-constitution-au-benin-le-senat-une-institution-pour-desorganiser-lordre-republicain\\\/#article\",\"isPartOf\":{\"@id\":\"https:\\\/\\\/lepatriotebenin.com\\\/index.php\\\/2025\\\/11\\\/19\\\/revision-de-la-constitution-au-benin-le-senat-une-institution-pour-desorganiser-lordre-republicain\\\/\"},\"author\":{\"name\":\"Redaction\",\"@id\":\"https:\\\/\\\/lepatriotebenin.com\\\/#\\\/schema\\\/person\\\/2e7709b9c9cc313e452d1136af61690f\"},\"headline\":\"R\u00e9vision de la Constitution au B\u00e9nin : Le S\u00e9nat, une institution pour d\u00e9sorganiser l\u2019ordre r\u00e9publicain\",\"datePublished\":\"2025-11-19T04:08:13+00:00\",\"mainEntityOfPage\":{\"@id\":\"https:\\\/\\\/lepatriotebenin.com\\\/index.php\\\/2025\\\/11\\\/19\\\/revision-de-la-constitution-au-benin-le-senat-une-institution-pour-desorganiser-lordre-republicain\\\/\"},\"wordCount\":787,\"commentCount\":0,\"image\":{\"@id\":\"https:\\\/\\\/lepatriotebenin.com\\\/index.php\\\/2025\\\/11\\\/19\\\/revision-de-la-constitution-au-benin-le-senat-une-institution-pour-desorganiser-lordre-republicain\\\/#primaryimage\"},\"thumbnailUrl\":\"https:\\\/\\\/lepatriotebenin.com\\\/wp-content\\\/uploads\\\/2025\\\/11\\\/senat-bllocus.jpg\",\"articleSection\":[\"Politique\"],\"inLanguage\":\"fr-FR\",\"potentialAction\":[{\"@type\":\"CommentAction\",\"name\":\"Comment\",\"target\":[\"https:\\\/\\\/lepatriotebenin.com\\\/index.php\\\/2025\\\/11\\\/19\\\/revision-de-la-constitution-au-benin-le-senat-une-institution-pour-desorganiser-lordre-republicain\\\/#respond\"]}]},{\"@type\":\"WebPage\",\"@id\":\"https:\\\/\\\/lepatriotebenin.com\\\/index.php\\\/2025\\\/11\\\/19\\\/revision-de-la-constitution-au-benin-le-senat-une-institution-pour-desorganiser-lordre-republicain\\\/\",\"url\":\"https:\\\/\\\/lepatriotebenin.com\\\/index.php\\\/2025\\\/11\\\/19\\\/revision-de-la-constitution-au-benin-le-senat-une-institution-pour-desorganiser-lordre-republicain\\\/\",\"name\":\"R\u00e9vision de la Constitution au B\u00e9nin : Le S\u00e9nat, une institution pour d\u00e9sorganiser l\u2019ordre r\u00e9publicain - Le Patriote\",\"isPartOf\":{\"@id\":\"https:\\\/\\\/lepatriotebenin.com\\\/#website\"},\"primaryImageOfPage\":{\"@id\":\"https:\\\/\\\/lepatriotebenin.com\\\/index.php\\\/2025\\\/11\\\/19\\\/revision-de-la-constitution-au-benin-le-senat-une-institution-pour-desorganiser-lordre-republicain\\\/#primaryimage\"},\"image\":{\"@id\":\"https:\\\/\\\/lepatriotebenin.com\\\/index.php\\\/2025\\\/11\\\/19\\\/revision-de-la-constitution-au-benin-le-senat-une-institution-pour-desorganiser-lordre-republicain\\\/#primaryimage\"},\"thumbnailUrl\":\"https:\\\/\\\/lepatriotebenin.com\\\/wp-content\\\/uploads\\\/2025\\\/11\\\/senat-bllocus.jpg\",\"datePublished\":\"2025-11-19T04:08:13+00:00\",\"author\":{\"@id\":\"https:\\\/\\\/lepatriotebenin.com\\\/#\\\/schema\\\/person\\\/2e7709b9c9cc313e452d1136af61690f\"},\"breadcrumb\":{\"@id\":\"https:\\\/\\\/lepatriotebenin.com\\\/index.php\\\/2025\\\/11\\\/19\\\/revision-de-la-constitution-au-benin-le-senat-une-institution-pour-desorganiser-lordre-republicain\\\/#breadcrumb\"},\"inLanguage\":\"fr-FR\",\"potentialAction\":[{\"@type\":\"ReadAction\",\"target\":[\"https:\\\/\\\/lepatriotebenin.com\\\/index.php\\\/2025\\\/11\\\/19\\\/revision-de-la-constitution-au-benin-le-senat-une-institution-pour-desorganiser-lordre-republicain\\\/\"]}]},{\"@type\":\"ImageObject\",\"inLanguage\":\"fr-FR\",\"@id\":\"https:\\\/\\\/lepatriotebenin.com\\\/index.php\\\/2025\\\/11\\\/19\\\/revision-de-la-constitution-au-benin-le-senat-une-institution-pour-desorganiser-lordre-republicain\\\/#primaryimage\",\"url\":\"https:\\\/\\\/lepatriotebenin.com\\\/wp-content\\\/uploads\\\/2025\\\/11\\\/senat-bllocus.jpg\",\"contentUrl\":\"https:\\\/\\\/lepatriotebenin.com\\\/wp-content\\\/uploads\\\/2025\\\/11\\\/senat-bllocus.jpg\",\"width\":1280,\"height\":791},{\"@type\":\"BreadcrumbList\",\"@id\":\"https:\\\/\\\/lepatriotebenin.com\\\/index.php\\\/2025\\\/11\\\/19\\\/revision-de-la-constitution-au-benin-le-senat-une-institution-pour-desorganiser-lordre-republicain\\\/#breadcrumb\",\"itemListElement\":[{\"@type\":\"ListItem\",\"position\":1,\"name\":\"Accueil\",\"item\":\"https:\\\/\\\/lepatriotebenin.com\\\/\"},{\"@type\":\"ListItem\",\"position\":2,\"name\":\"R\u00e9vision de la Constitution au B\u00e9nin : Le S\u00e9nat, une institution pour d\u00e9sorganiser l\u2019ordre r\u00e9publicain\"}]},{\"@type\":\"WebSite\",\"@id\":\"https:\\\/\\\/lepatriotebenin.com\\\/#website\",\"url\":\"https:\\\/\\\/lepatriotebenin.com\\\/\",\"name\":\"Le Patriote\",\"description\":\"Le Patriote B\u00e9nin\",\"potentialAction\":[{\"@type\":\"SearchAction\",\"target\":{\"@type\":\"EntryPoint\",\"urlTemplate\":\"https:\\\/\\\/lepatriotebenin.com\\\/?s={search_term_string}\"},\"query-input\":{\"@type\":\"PropertyValueSpecification\",\"valueRequired\":true,\"valueName\":\"search_term_string\"}}],\"inLanguage\":\"fr-FR\"},{\"@type\":\"Person\",\"@id\":\"https:\\\/\\\/lepatriotebenin.com\\\/#\\\/schema\\\/person\\\/2e7709b9c9cc313e452d1136af61690f\",\"name\":\"Redaction\",\"image\":{\"@type\":\"ImageObject\",\"inLanguage\":\"fr-FR\",\"@id\":\"https:\\\/\\\/secure.gravatar.com\\\/avatar\\\/c4c509357859ea2ca2cbb6d8812898a73e4ef1ef9934c2e591d7e32face734d1?s=96&d=mm&r=g\",\"url\":\"https:\\\/\\\/secure.gravatar.com\\\/avatar\\\/c4c509357859ea2ca2cbb6d8812898a73e4ef1ef9934c2e591d7e32face734d1?s=96&d=mm&r=g\",\"contentUrl\":\"https:\\\/\\\/secure.gravatar.com\\\/avatar\\\/c4c509357859ea2ca2cbb6d8812898a73e4ef1ef9934c2e591d7e32face734d1?s=96&d=mm&r=g\",\"caption\":\"Redaction\"},\"url\":\"https:\\\/\\\/lepatriotebenin.com\"}]}<\/script>\n<!-- \/ Yoast SEO plugin. -->","yoast_head_json":{"title":"R\u00e9vision de la Constitution au B\u00e9nin : Le S\u00e9nat, une institution pour d\u00e9sorganiser l\u2019ordre r\u00e9publicain - Le Patriote","robots":{"index":"index","follow":"follow","max-snippet":"max-snippet:-1","max-image-preview":"max-image-preview:large","max-video-preview":"max-video-preview:-1"},"canonical":"https:\/\/lepatriotebenin.com\/index.php\/2025\/11\/19\/revision-de-la-constitution-au-benin-le-senat-une-institution-pour-desorganiser-lordre-republicain\/","og_locale":"fr_FR","og_type":"article","og_title":"R\u00e9vision de la Constitution au B\u00e9nin : Le S\u00e9nat, une institution pour d\u00e9sorganiser l\u2019ordre r\u00e9publicain - Le Patriote","og_description":"La r\u00e9vision de la Constitution op\u00e9r\u00e9e il y a quelques jours au B\u00e9nin continue de susciter de vives interrogations, analyses et inqui\u00e9tudes. Au c\u0153ur des d\u00e9bats, la nouvelle institution introduite&hellip;","og_url":"https:\/\/lepatriotebenin.com\/index.php\/2025\/11\/19\/revision-de-la-constitution-au-benin-le-senat-une-institution-pour-desorganiser-lordre-republicain\/","og_site_name":"Le Patriote","article_published_time":"2025-11-19T04:08:13+00:00","og_image":[{"width":1280,"height":791,"url":"https:\/\/lepatriotebenin.com\/wp-content\/uploads\/2025\/11\/senat-bllocus.jpg","type":"image\/jpeg"}],"author":"Redaction","twitter_card":"summary_large_image","twitter_misc":{"\u00c9crit par":"Redaction","Dur\u00e9e de lecture estim\u00e9e":"4 minutes"},"schema":{"@context":"https:\/\/schema.org","@graph":[{"@type":"Article","@id":"https:\/\/lepatriotebenin.com\/index.php\/2025\/11\/19\/revision-de-la-constitution-au-benin-le-senat-une-institution-pour-desorganiser-lordre-republicain\/#article","isPartOf":{"@id":"https:\/\/lepatriotebenin.com\/index.php\/2025\/11\/19\/revision-de-la-constitution-au-benin-le-senat-une-institution-pour-desorganiser-lordre-republicain\/"},"author":{"name":"Redaction","@id":"https:\/\/lepatriotebenin.com\/#\/schema\/person\/2e7709b9c9cc313e452d1136af61690f"},"headline":"R\u00e9vision de la Constitution au B\u00e9nin : Le S\u00e9nat, une institution pour d\u00e9sorganiser l\u2019ordre r\u00e9publicain","datePublished":"2025-11-19T04:08:13+00:00","mainEntityOfPage":{"@id":"https:\/\/lepatriotebenin.com\/index.php\/2025\/11\/19\/revision-de-la-constitution-au-benin-le-senat-une-institution-pour-desorganiser-lordre-republicain\/"},"wordCount":787,"commentCount":0,"image":{"@id":"https:\/\/lepatriotebenin.com\/index.php\/2025\/11\/19\/revision-de-la-constitution-au-benin-le-senat-une-institution-pour-desorganiser-lordre-republicain\/#primaryimage"},"thumbnailUrl":"https:\/\/lepatriotebenin.com\/wp-content\/uploads\/2025\/11\/senat-bllocus.jpg","articleSection":["Politique"],"inLanguage":"fr-FR","potentialAction":[{"@type":"CommentAction","name":"Comment","target":["https:\/\/lepatriotebenin.com\/index.php\/2025\/11\/19\/revision-de-la-constitution-au-benin-le-senat-une-institution-pour-desorganiser-lordre-republicain\/#respond"]}]},{"@type":"WebPage","@id":"https:\/\/lepatriotebenin.com\/index.php\/2025\/11\/19\/revision-de-la-constitution-au-benin-le-senat-une-institution-pour-desorganiser-lordre-republicain\/","url":"https:\/\/lepatriotebenin.com\/index.php\/2025\/11\/19\/revision-de-la-constitution-au-benin-le-senat-une-institution-pour-desorganiser-lordre-republicain\/","name":"R\u00e9vision de la Constitution au B\u00e9nin : Le S\u00e9nat, une institution pour d\u00e9sorganiser l\u2019ordre r\u00e9publicain - Le Patriote","isPartOf":{"@id":"https:\/\/lepatriotebenin.com\/#website"},"primaryImageOfPage":{"@id":"https:\/\/lepatriotebenin.com\/index.php\/2025\/11\/19\/revision-de-la-constitution-au-benin-le-senat-une-institution-pour-desorganiser-lordre-republicain\/#primaryimage"},"image":{"@id":"https:\/\/lepatriotebenin.com\/index.php\/2025\/11\/19\/revision-de-la-constitution-au-benin-le-senat-une-institution-pour-desorganiser-lordre-republicain\/#primaryimage"},"thumbnailUrl":"https:\/\/lepatriotebenin.com\/wp-content\/uploads\/2025\/11\/senat-bllocus.jpg","datePublished":"2025-11-19T04:08:13+00:00","author":{"@id":"https:\/\/lepatriotebenin.com\/#\/schema\/person\/2e7709b9c9cc313e452d1136af61690f"},"breadcrumb":{"@id":"https:\/\/lepatriotebenin.com\/index.php\/2025\/11\/19\/revision-de-la-constitution-au-benin-le-senat-une-institution-pour-desorganiser-lordre-republicain\/#breadcrumb"},"inLanguage":"fr-FR","potentialAction":[{"@type":"ReadAction","target":["https:\/\/lepatriotebenin.com\/index.php\/2025\/11\/19\/revision-de-la-constitution-au-benin-le-senat-une-institution-pour-desorganiser-lordre-republicain\/"]}]},{"@type":"ImageObject","inLanguage":"fr-FR","@id":"https:\/\/lepatriotebenin.com\/index.php\/2025\/11\/19\/revision-de-la-constitution-au-benin-le-senat-une-institution-pour-desorganiser-lordre-republicain\/#primaryimage","url":"https:\/\/lepatriotebenin.com\/wp-content\/uploads\/2025\/11\/senat-bllocus.jpg","contentUrl":"https:\/\/lepatriotebenin.com\/wp-content\/uploads\/2025\/11\/senat-bllocus.jpg","width":1280,"height":791},{"@type":"BreadcrumbList","@id":"https:\/\/lepatriotebenin.com\/index.php\/2025\/11\/19\/revision-de-la-constitution-au-benin-le-senat-une-institution-pour-desorganiser-lordre-republicain\/#breadcrumb","itemListElement":[{"@type":"ListItem","position":1,"name":"Accueil","item":"https:\/\/lepatriotebenin.com\/"},{"@type":"ListItem","position":2,"name":"R\u00e9vision de la Constitution au B\u00e9nin : Le S\u00e9nat, une institution pour d\u00e9sorganiser l\u2019ordre r\u00e9publicain"}]},{"@type":"WebSite","@id":"https:\/\/lepatriotebenin.com\/#website","url":"https:\/\/lepatriotebenin.com\/","name":"Le Patriote","description":"Le Patriote B\u00e9nin","potentialAction":[{"@type":"SearchAction","target":{"@type":"EntryPoint","urlTemplate":"https:\/\/lepatriotebenin.com\/?s={search_term_string}"},"query-input":{"@type":"PropertyValueSpecification","valueRequired":true,"valueName":"search_term_string"}}],"inLanguage":"fr-FR"},{"@type":"Person","@id":"https:\/\/lepatriotebenin.com\/#\/schema\/person\/2e7709b9c9cc313e452d1136af61690f","name":"Redaction","image":{"@type":"ImageObject","inLanguage":"fr-FR","@id":"https:\/\/secure.gravatar.com\/avatar\/c4c509357859ea2ca2cbb6d8812898a73e4ef1ef9934c2e591d7e32face734d1?s=96&d=mm&r=g","url":"https:\/\/secure.gravatar.com\/avatar\/c4c509357859ea2ca2cbb6d8812898a73e4ef1ef9934c2e591d7e32face734d1?s=96&d=mm&r=g","contentUrl":"https:\/\/secure.gravatar.com\/avatar\/c4c509357859ea2ca2cbb6d8812898a73e4ef1ef9934c2e591d7e32face734d1?s=96&d=mm&r=g","caption":"Redaction"},"url":"https:\/\/lepatriotebenin.com"}]}},"_links":{"self":[{"href":"https:\/\/lepatriotebenin.com\/index.php\/wp-json\/wp\/v2\/posts\/15253","targetHints":{"allow":["GET"]}}],"collection":[{"href":"https:\/\/lepatriotebenin.com\/index.php\/wp-json\/wp\/v2\/posts"}],"about":[{"href":"https:\/\/lepatriotebenin.com\/index.php\/wp-json\/wp\/v2\/types\/post"}],"author":[{"embeddable":true,"href":"https:\/\/lepatriotebenin.com\/index.php\/wp-json\/wp\/v2\/users\/5"}],"replies":[{"embeddable":true,"href":"https:\/\/lepatriotebenin.com\/index.php\/wp-json\/wp\/v2\/comments?post=15253"}],"version-history":[{"count":1,"href":"https:\/\/lepatriotebenin.com\/index.php\/wp-json\/wp\/v2\/posts\/15253\/revisions"}],"predecessor-version":[{"id":15255,"href":"https:\/\/lepatriotebenin.com\/index.php\/wp-json\/wp\/v2\/posts\/15253\/revisions\/15255"}],"wp:featuredmedia":[{"embeddable":true,"href":"https:\/\/lepatriotebenin.com\/index.php\/wp-json\/wp\/v2\/media\/15254"}],"wp:attachment":[{"href":"https:\/\/lepatriotebenin.com\/index.php\/wp-json\/wp\/v2\/media?parent=15253"}],"wp:term":[{"taxonomy":"category","embeddable":true,"href":"https:\/\/lepatriotebenin.com\/index.php\/wp-json\/wp\/v2\/categories?post=15253"},{"taxonomy":"post_tag","embeddable":true,"href":"https:\/\/lepatriotebenin.com\/index.php\/wp-json\/wp\/v2\/tags?post=15253"}],"curies":[{"name":"wp","href":"https:\/\/api.w.org\/{rel}","templated":true}]}}