{"id":15237,"date":"2025-11-19T04:43:46","date_gmt":"2025-11-19T03:43:46","guid":{"rendered":"https:\/\/lepatriotebenin.com\/?p=15237"},"modified":"2025-11-19T04:43:46","modified_gmt":"2025-11-19T03:43:46","slug":"tanzanie-la-presidente-samia-suluhu-hassan-nomme-sa-fille-et-son-gendre-a-des-postes-cles","status":"publish","type":"post","link":"https:\/\/lepatriotebenin.com\/index.php\/2025\/11\/19\/tanzanie-la-presidente-samia-suluhu-hassan-nomme-sa-fille-et-son-gendre-a-des-postes-cles\/","title":{"rendered":"Tanzanie : La pr\u00e9sidente Samia Suluhu Hassan nomme sa fille et son gendre \u00e0 des postes cl\u00e9s"},"content":{"rendered":"<p><em><strong>La pr\u00e9sidente tanzanienne Samia Suluhu Hassan a nomm\u00e9 sa fille et son gendre \u00e0 des fonctions minist\u00e9rielles lors d\u2019un remaniement annonc\u00e9 lundi 17 novembre depuis la State House de Chamwino, \u00e0 Dodoma. Au total, 27 ministres et 29 vice-ministres ont \u00e9t\u00e9 d\u00e9sign\u00e9s.<\/strong><\/em><\/p>\n<p>Wanu Hafidh Ameir, fille de la pr\u00e9sidente, \u00e2g\u00e9e de 43 ans et d\u00e9put\u00e9e de Makunduchi (Zanzibar), devient vice-ministre de l\u2019\u00c9ducation. Son \u00e9poux, Mohamed Mchengerwa, 46 ans et repr\u00e9sentant de la circonscription de Rufiji dans la r\u00e9gion de Pwani, est nomm\u00e9 ministre de la Sant\u00e9. Sept hauts responsables du pr\u00e9c\u00e9dent cabinet ont \u00e9t\u00e9 remplac\u00e9s dans cette nouvelle \u00e9quipe.<\/p>\n<p>Le remaniement inclut \u00e9galement Ridhwani Kikwete, fils de l\u2019ancien pr\u00e9sident Jakaya Kikwete, qui prend le portefeuille de la Fonction publique et de la Bonne gouvernance. Il est d\u00e9put\u00e9 de Chalinze, dans la r\u00e9gion de Pwani.<\/p>\n<p>Par ailleurs, Khamis Mussa Omar est nomm\u00e9 ministre des Finances, succ\u00e9dant \u00e0 Mwigulu Nchemba, devenu Premier ministre la semaine derni\u00e8re. Mahmoud Thabit Kombo conserve ses fonctions aux Affaires \u00e9trang\u00e8res et \u00e0 la Coop\u00e9ration d\u2019Afrique de l\u2019Est. La prestation de serment du nouveau gouvernement est pr\u00e9vue pour mardi.<\/p>\n<p>Ces nominations interviennent dans un contexte o\u00f9 certains dirigeants africains sont r\u00e9guli\u00e8rement accus\u00e9s de promouvoir leurs proches dans les hautes sph\u00e8res de l\u2019\u00c9tat. En Ouganda, plusieurs membres de la famille du pr\u00e9sident Yoweri Museveni occupent des postes strat\u00e9giques, notamment la Premi\u00e8re dame Janet Museveni \u00e0 l\u2019\u00c9ducation et leur fils, le g\u00e9n\u00e9ral Muhoozi Kainerugaba, \u00e0 la t\u00eate des forces de d\u00e9fense.<\/p>\n<p><strong>Ez\u00e9chiel Dagb\u00e9gnon PADONOU<\/strong><\/p>\n","protected":false},"excerpt":{"rendered":"<p>La pr\u00e9sidente tanzanienne Samia Suluhu Hassan a nomm\u00e9 sa fille et son gendre \u00e0 des fonctions minist\u00e9rielles lors d\u2019un remaniement annonc\u00e9 lundi 17 novembre depuis la State House de Chamwino,&hellip;<\/p>\n","protected":false},"author":5,"featured_media":15238,"comment_status":"open","ping_status":"open","sticky":false,"template":"","format":"standard","meta":{"content-type":"","om_disable_all_campaigns":false,"_monsterinsights_skip_tracking":false,"_monsterinsights_sitenote_active":false,"_monsterinsights_sitenote_note":"","_monsterinsights_sitenote_category":0,"_uf_show_specific_survey":0,"_uf_disable_surveys":false,"footnotes":""},"categories":[26],"tags":[],"class_list":["post-15237","post","type-post","status-publish","format-standard","has-post-thumbnail","hentry","category-politique"],"aioseo_notices":[],"yoast_head":"<!-- This site is optimized with the Yoast SEO plugin v27.5 - https:\/\/yoast.com\/product\/yoast-seo-wordpress\/ -->\n<title>Tanzanie : La pr\u00e9sidente Samia Suluhu Hassan nomme sa fille et son gendre \u00e0 des postes cl\u00e9s - Le Patriote<\/title>\n<meta name=\"robots\" content=\"index, follow, max-snippet:-1, max-image-preview:large, max-video-preview:-1\" \/>\n<link rel=\"canonical\" href=\"https:\/\/lepatriotebenin.com\/index.php\/2025\/11\/19\/tanzanie-la-presidente-samia-suluhu-hassan-nomme-sa-fille-et-son-gendre-a-des-postes-cles\/\" \/>\n<meta property=\"og:locale\" content=\"fr_FR\" \/>\n<meta property=\"og:type\" content=\"article\" \/>\n<meta property=\"og:title\" content=\"Tanzanie : La pr\u00e9sidente Samia Suluhu Hassan nomme sa fille et son gendre \u00e0 des postes cl\u00e9s - Le Patriote\" \/>\n<meta property=\"og:description\" content=\"La pr\u00e9sidente tanzanienne Samia Suluhu Hassan a nomm\u00e9 sa fille et son gendre \u00e0 des fonctions minist\u00e9rielles lors d\u2019un remaniement annonc\u00e9 lundi 17 novembre depuis la State House de Chamwino,&hellip;\" \/>\n<meta property=\"og:url\" content=\"https:\/\/lepatriotebenin.com\/index.php\/2025\/11\/19\/tanzanie-la-presidente-samia-suluhu-hassan-nomme-sa-fille-et-son-gendre-a-des-postes-cles\/\" \/>\n<meta property=\"og:site_name\" content=\"Le Patriote\" \/>\n<meta property=\"article:published_time\" content=\"2025-11-19T03:43:46+00:00\" \/>\n<meta property=\"og:image\" content=\"https:\/\/lepatriotebenin.com\/wp-content\/uploads\/2025\/11\/tanzanie-1.jpg\" \/>\n\t<meta property=\"og:image:width\" content=\"1000\" \/>\n\t<meta property=\"og:image:height\" content=\"921\" \/>\n\t<meta property=\"og:image:type\" content=\"image\/jpeg\" \/>\n<meta name=\"author\" content=\"Redaction\" \/>\n<meta name=\"twitter:card\" content=\"summary_large_image\" \/>\n<meta name=\"twitter:label1\" content=\"\u00c9crit par\" \/>\n\t<meta name=\"twitter:data1\" content=\"Redaction\" \/>\n\t<meta name=\"twitter:label2\" content=\"Dur\u00e9e de lecture estim\u00e9e\" \/>\n\t<meta name=\"twitter:data2\" content=\"2 minutes\" \/>\n<script type=\"application\/ld+json\" class=\"yoast-schema-graph\">{\"@context\":\"https:\\\/\\\/schema.org\",\"@graph\":[{\"@type\":\"Article\",\"@id\":\"https:\\\/\\\/lepatriotebenin.com\\\/index.php\\\/2025\\\/11\\\/19\\\/tanzanie-la-presidente-samia-suluhu-hassan-nomme-sa-fille-et-son-gendre-a-des-postes-cles\\\/#article\",\"isPartOf\":{\"@id\":\"https:\\\/\\\/lepatriotebenin.com\\\/index.php\\\/2025\\\/11\\\/19\\\/tanzanie-la-presidente-samia-suluhu-hassan-nomme-sa-fille-et-son-gendre-a-des-postes-cles\\\/\"},\"author\":{\"name\":\"Redaction\",\"@id\":\"https:\\\/\\\/lepatriotebenin.com\\\/#\\\/schema\\\/person\\\/2e7709b9c9cc313e452d1136af61690f\"},\"headline\":\"Tanzanie : La pr\u00e9sidente Samia Suluhu Hassan nomme sa fille et son gendre \u00e0 des postes cl\u00e9s\",\"datePublished\":\"2025-11-19T03:43:46+00:00\",\"mainEntityOfPage\":{\"@id\":\"https:\\\/\\\/lepatriotebenin.com\\\/index.php\\\/2025\\\/11\\\/19\\\/tanzanie-la-presidente-samia-suluhu-hassan-nomme-sa-fille-et-son-gendre-a-des-postes-cles\\\/\"},\"wordCount\":291,\"commentCount\":0,\"image\":{\"@id\":\"https:\\\/\\\/lepatriotebenin.com\\\/index.php\\\/2025\\\/11\\\/19\\\/tanzanie-la-presidente-samia-suluhu-hassan-nomme-sa-fille-et-son-gendre-a-des-postes-cles\\\/#primaryimage\"},\"thumbnailUrl\":\"https:\\\/\\\/lepatriotebenin.com\\\/wp-content\\\/uploads\\\/2025\\\/11\\\/tanzanie-1.jpg\",\"articleSection\":[\"Politique\"],\"inLanguage\":\"fr-FR\",\"potentialAction\":[{\"@type\":\"CommentAction\",\"name\":\"Comment\",\"target\":[\"https:\\\/\\\/lepatriotebenin.com\\\/index.php\\\/2025\\\/11\\\/19\\\/tanzanie-la-presidente-samia-suluhu-hassan-nomme-sa-fille-et-son-gendre-a-des-postes-cles\\\/#respond\"]}]},{\"@type\":\"WebPage\",\"@id\":\"https:\\\/\\\/lepatriotebenin.com\\\/index.php\\\/2025\\\/11\\\/19\\\/tanzanie-la-presidente-samia-suluhu-hassan-nomme-sa-fille-et-son-gendre-a-des-postes-cles\\\/\",\"url\":\"https:\\\/\\\/lepatriotebenin.com\\\/index.php\\\/2025\\\/11\\\/19\\\/tanzanie-la-presidente-samia-suluhu-hassan-nomme-sa-fille-et-son-gendre-a-des-postes-cles\\\/\",\"name\":\"Tanzanie : La pr\u00e9sidente Samia Suluhu Hassan nomme sa fille et son gendre \u00e0 des postes cl\u00e9s - Le Patriote\",\"isPartOf\":{\"@id\":\"https:\\\/\\\/lepatriotebenin.com\\\/#website\"},\"primaryImageOfPage\":{\"@id\":\"https:\\\/\\\/lepatriotebenin.com\\\/index.php\\\/2025\\\/11\\\/19\\\/tanzanie-la-presidente-samia-suluhu-hassan-nomme-sa-fille-et-son-gendre-a-des-postes-cles\\\/#primaryimage\"},\"image\":{\"@id\":\"https:\\\/\\\/lepatriotebenin.com\\\/index.php\\\/2025\\\/11\\\/19\\\/tanzanie-la-presidente-samia-suluhu-hassan-nomme-sa-fille-et-son-gendre-a-des-postes-cles\\\/#primaryimage\"},\"thumbnailUrl\":\"https:\\\/\\\/lepatriotebenin.com\\\/wp-content\\\/uploads\\\/2025\\\/11\\\/tanzanie-1.jpg\",\"datePublished\":\"2025-11-19T03:43:46+00:00\",\"author\":{\"@id\":\"https:\\\/\\\/lepatriotebenin.com\\\/#\\\/schema\\\/person\\\/2e7709b9c9cc313e452d1136af61690f\"},\"breadcrumb\":{\"@id\":\"https:\\\/\\\/lepatriotebenin.com\\\/index.php\\\/2025\\\/11\\\/19\\\/tanzanie-la-presidente-samia-suluhu-hassan-nomme-sa-fille-et-son-gendre-a-des-postes-cles\\\/#breadcrumb\"},\"inLanguage\":\"fr-FR\",\"potentialAction\":[{\"@type\":\"ReadAction\",\"target\":[\"https:\\\/\\\/lepatriotebenin.com\\\/index.php\\\/2025\\\/11\\\/19\\\/tanzanie-la-presidente-samia-suluhu-hassan-nomme-sa-fille-et-son-gendre-a-des-postes-cles\\\/\"]}]},{\"@type\":\"ImageObject\",\"inLanguage\":\"fr-FR\",\"@id\":\"https:\\\/\\\/lepatriotebenin.com\\\/index.php\\\/2025\\\/11\\\/19\\\/tanzanie-la-presidente-samia-suluhu-hassan-nomme-sa-fille-et-son-gendre-a-des-postes-cles\\\/#primaryimage\",\"url\":\"https:\\\/\\\/lepatriotebenin.com\\\/wp-content\\\/uploads\\\/2025\\\/11\\\/tanzanie-1.jpg\",\"contentUrl\":\"https:\\\/\\\/lepatriotebenin.com\\\/wp-content\\\/uploads\\\/2025\\\/11\\\/tanzanie-1.jpg\",\"width\":1000,\"height\":921},{\"@type\":\"BreadcrumbList\",\"@id\":\"https:\\\/\\\/lepatriotebenin.com\\\/index.php\\\/2025\\\/11\\\/19\\\/tanzanie-la-presidente-samia-suluhu-hassan-nomme-sa-fille-et-son-gendre-a-des-postes-cles\\\/#breadcrumb\",\"itemListElement\":[{\"@type\":\"ListItem\",\"position\":1,\"name\":\"Accueil\",\"item\":\"https:\\\/\\\/lepatriotebenin.com\\\/\"},{\"@type\":\"ListItem\",\"position\":2,\"name\":\"Tanzanie : La pr\u00e9sidente Samia Suluhu Hassan nomme sa fille et son gendre \u00e0 des postes cl\u00e9s\"}]},{\"@type\":\"WebSite\",\"@id\":\"https:\\\/\\\/lepatriotebenin.com\\\/#website\",\"url\":\"https:\\\/\\\/lepatriotebenin.com\\\/\",\"name\":\"Le Patriote\",\"description\":\"Le Patriote B\u00e9nin\",\"potentialAction\":[{\"@type\":\"SearchAction\",\"target\":{\"@type\":\"EntryPoint\",\"urlTemplate\":\"https:\\\/\\\/lepatriotebenin.com\\\/?s={search_term_string}\"},\"query-input\":{\"@type\":\"PropertyValueSpecification\",\"valueRequired\":true,\"valueName\":\"search_term_string\"}}],\"inLanguage\":\"fr-FR\"},{\"@type\":\"Person\",\"@id\":\"https:\\\/\\\/lepatriotebenin.com\\\/#\\\/schema\\\/person\\\/2e7709b9c9cc313e452d1136af61690f\",\"name\":\"Redaction\",\"image\":{\"@type\":\"ImageObject\",\"inLanguage\":\"fr-FR\",\"@id\":\"https:\\\/\\\/secure.gravatar.com\\\/avatar\\\/c4c509357859ea2ca2cbb6d8812898a73e4ef1ef9934c2e591d7e32face734d1?s=96&d=mm&r=g\",\"url\":\"https:\\\/\\\/secure.gravatar.com\\\/avatar\\\/c4c509357859ea2ca2cbb6d8812898a73e4ef1ef9934c2e591d7e32face734d1?s=96&d=mm&r=g\",\"contentUrl\":\"https:\\\/\\\/secure.gravatar.com\\\/avatar\\\/c4c509357859ea2ca2cbb6d8812898a73e4ef1ef9934c2e591d7e32face734d1?s=96&d=mm&r=g\",\"caption\":\"Redaction\"},\"url\":\"https:\\\/\\\/lepatriotebenin.com\"}]}<\/script>\n<!-- \/ Yoast SEO plugin. -->","yoast_head_json":{"title":"Tanzanie : La pr\u00e9sidente Samia Suluhu Hassan nomme sa fille et son gendre \u00e0 des postes cl\u00e9s - Le Patriote","robots":{"index":"index","follow":"follow","max-snippet":"max-snippet:-1","max-image-preview":"max-image-preview:large","max-video-preview":"max-video-preview:-1"},"canonical":"https:\/\/lepatriotebenin.com\/index.php\/2025\/11\/19\/tanzanie-la-presidente-samia-suluhu-hassan-nomme-sa-fille-et-son-gendre-a-des-postes-cles\/","og_locale":"fr_FR","og_type":"article","og_title":"Tanzanie : La pr\u00e9sidente Samia Suluhu Hassan nomme sa fille et son gendre \u00e0 des postes cl\u00e9s - Le Patriote","og_description":"La pr\u00e9sidente tanzanienne Samia Suluhu Hassan a nomm\u00e9 sa fille et son gendre \u00e0 des fonctions minist\u00e9rielles lors d\u2019un remaniement annonc\u00e9 lundi 17 novembre depuis la State House de Chamwino,&hellip;","og_url":"https:\/\/lepatriotebenin.com\/index.php\/2025\/11\/19\/tanzanie-la-presidente-samia-suluhu-hassan-nomme-sa-fille-et-son-gendre-a-des-postes-cles\/","og_site_name":"Le Patriote","article_published_time":"2025-11-19T03:43:46+00:00","og_image":[{"width":1000,"height":921,"url":"https:\/\/lepatriotebenin.com\/wp-content\/uploads\/2025\/11\/tanzanie-1.jpg","type":"image\/jpeg"}],"author":"Redaction","twitter_card":"summary_large_image","twitter_misc":{"\u00c9crit par":"Redaction","Dur\u00e9e de lecture estim\u00e9e":"2 minutes"},"schema":{"@context":"https:\/\/schema.org","@graph":[{"@type":"Article","@id":"https:\/\/lepatriotebenin.com\/index.php\/2025\/11\/19\/tanzanie-la-presidente-samia-suluhu-hassan-nomme-sa-fille-et-son-gendre-a-des-postes-cles\/#article","isPartOf":{"@id":"https:\/\/lepatriotebenin.com\/index.php\/2025\/11\/19\/tanzanie-la-presidente-samia-suluhu-hassan-nomme-sa-fille-et-son-gendre-a-des-postes-cles\/"},"author":{"name":"Redaction","@id":"https:\/\/lepatriotebenin.com\/#\/schema\/person\/2e7709b9c9cc313e452d1136af61690f"},"headline":"Tanzanie : La pr\u00e9sidente Samia Suluhu Hassan nomme sa fille et son gendre \u00e0 des postes cl\u00e9s","datePublished":"2025-11-19T03:43:46+00:00","mainEntityOfPage":{"@id":"https:\/\/lepatriotebenin.com\/index.php\/2025\/11\/19\/tanzanie-la-presidente-samia-suluhu-hassan-nomme-sa-fille-et-son-gendre-a-des-postes-cles\/"},"wordCount":291,"commentCount":0,"image":{"@id":"https:\/\/lepatriotebenin.com\/index.php\/2025\/11\/19\/tanzanie-la-presidente-samia-suluhu-hassan-nomme-sa-fille-et-son-gendre-a-des-postes-cles\/#primaryimage"},"thumbnailUrl":"https:\/\/lepatriotebenin.com\/wp-content\/uploads\/2025\/11\/tanzanie-1.jpg","articleSection":["Politique"],"inLanguage":"fr-FR","potentialAction":[{"@type":"CommentAction","name":"Comment","target":["https:\/\/lepatriotebenin.com\/index.php\/2025\/11\/19\/tanzanie-la-presidente-samia-suluhu-hassan-nomme-sa-fille-et-son-gendre-a-des-postes-cles\/#respond"]}]},{"@type":"WebPage","@id":"https:\/\/lepatriotebenin.com\/index.php\/2025\/11\/19\/tanzanie-la-presidente-samia-suluhu-hassan-nomme-sa-fille-et-son-gendre-a-des-postes-cles\/","url":"https:\/\/lepatriotebenin.com\/index.php\/2025\/11\/19\/tanzanie-la-presidente-samia-suluhu-hassan-nomme-sa-fille-et-son-gendre-a-des-postes-cles\/","name":"Tanzanie : La pr\u00e9sidente Samia Suluhu Hassan nomme sa fille et son gendre \u00e0 des postes cl\u00e9s - Le Patriote","isPartOf":{"@id":"https:\/\/lepatriotebenin.com\/#website"},"primaryImageOfPage":{"@id":"https:\/\/lepatriotebenin.com\/index.php\/2025\/11\/19\/tanzanie-la-presidente-samia-suluhu-hassan-nomme-sa-fille-et-son-gendre-a-des-postes-cles\/#primaryimage"},"image":{"@id":"https:\/\/lepatriotebenin.com\/index.php\/2025\/11\/19\/tanzanie-la-presidente-samia-suluhu-hassan-nomme-sa-fille-et-son-gendre-a-des-postes-cles\/#primaryimage"},"thumbnailUrl":"https:\/\/lepatriotebenin.com\/wp-content\/uploads\/2025\/11\/tanzanie-1.jpg","datePublished":"2025-11-19T03:43:46+00:00","author":{"@id":"https:\/\/lepatriotebenin.com\/#\/schema\/person\/2e7709b9c9cc313e452d1136af61690f"},"breadcrumb":{"@id":"https:\/\/lepatriotebenin.com\/index.php\/2025\/11\/19\/tanzanie-la-presidente-samia-suluhu-hassan-nomme-sa-fille-et-son-gendre-a-des-postes-cles\/#breadcrumb"},"inLanguage":"fr-FR","potentialAction":[{"@type":"ReadAction","target":["https:\/\/lepatriotebenin.com\/index.php\/2025\/11\/19\/tanzanie-la-presidente-samia-suluhu-hassan-nomme-sa-fille-et-son-gendre-a-des-postes-cles\/"]}]},{"@type":"ImageObject","inLanguage":"fr-FR","@id":"https:\/\/lepatriotebenin.com\/index.php\/2025\/11\/19\/tanzanie-la-presidente-samia-suluhu-hassan-nomme-sa-fille-et-son-gendre-a-des-postes-cles\/#primaryimage","url":"https:\/\/lepatriotebenin.com\/wp-content\/uploads\/2025\/11\/tanzanie-1.jpg","contentUrl":"https:\/\/lepatriotebenin.com\/wp-content\/uploads\/2025\/11\/tanzanie-1.jpg","width":1000,"height":921},{"@type":"BreadcrumbList","@id":"https:\/\/lepatriotebenin.com\/index.php\/2025\/11\/19\/tanzanie-la-presidente-samia-suluhu-hassan-nomme-sa-fille-et-son-gendre-a-des-postes-cles\/#breadcrumb","itemListElement":[{"@type":"ListItem","position":1,"name":"Accueil","item":"https:\/\/lepatriotebenin.com\/"},{"@type":"ListItem","position":2,"name":"Tanzanie : La pr\u00e9sidente Samia Suluhu Hassan nomme sa fille et son gendre \u00e0 des postes cl\u00e9s"}]},{"@type":"WebSite","@id":"https:\/\/lepatriotebenin.com\/#website","url":"https:\/\/lepatriotebenin.com\/","name":"Le Patriote","description":"Le Patriote B\u00e9nin","potentialAction":[{"@type":"SearchAction","target":{"@type":"EntryPoint","urlTemplate":"https:\/\/lepatriotebenin.com\/?s={search_term_string}"},"query-input":{"@type":"PropertyValueSpecification","valueRequired":true,"valueName":"search_term_string"}}],"inLanguage":"fr-FR"},{"@type":"Person","@id":"https:\/\/lepatriotebenin.com\/#\/schema\/person\/2e7709b9c9cc313e452d1136af61690f","name":"Redaction","image":{"@type":"ImageObject","inLanguage":"fr-FR","@id":"https:\/\/secure.gravatar.com\/avatar\/c4c509357859ea2ca2cbb6d8812898a73e4ef1ef9934c2e591d7e32face734d1?s=96&d=mm&r=g","url":"https:\/\/secure.gravatar.com\/avatar\/c4c509357859ea2ca2cbb6d8812898a73e4ef1ef9934c2e591d7e32face734d1?s=96&d=mm&r=g","contentUrl":"https:\/\/secure.gravatar.com\/avatar\/c4c509357859ea2ca2cbb6d8812898a73e4ef1ef9934c2e591d7e32face734d1?s=96&d=mm&r=g","caption":"Redaction"},"url":"https:\/\/lepatriotebenin.com"}]}},"_links":{"self":[{"href":"https:\/\/lepatriotebenin.com\/index.php\/wp-json\/wp\/v2\/posts\/15237","targetHints":{"allow":["GET"]}}],"collection":[{"href":"https:\/\/lepatriotebenin.com\/index.php\/wp-json\/wp\/v2\/posts"}],"about":[{"href":"https:\/\/lepatriotebenin.com\/index.php\/wp-json\/wp\/v2\/types\/post"}],"author":[{"embeddable":true,"href":"https:\/\/lepatriotebenin.com\/index.php\/wp-json\/wp\/v2\/users\/5"}],"replies":[{"embeddable":true,"href":"https:\/\/lepatriotebenin.com\/index.php\/wp-json\/wp\/v2\/comments?post=15237"}],"version-history":[{"count":1,"href":"https:\/\/lepatriotebenin.com\/index.php\/wp-json\/wp\/v2\/posts\/15237\/revisions"}],"predecessor-version":[{"id":15239,"href":"https:\/\/lepatriotebenin.com\/index.php\/wp-json\/wp\/v2\/posts\/15237\/revisions\/15239"}],"wp:featuredmedia":[{"embeddable":true,"href":"https:\/\/lepatriotebenin.com\/index.php\/wp-json\/wp\/v2\/media\/15238"}],"wp:attachment":[{"href":"https:\/\/lepatriotebenin.com\/index.php\/wp-json\/wp\/v2\/media?parent=15237"}],"wp:term":[{"taxonomy":"category","embeddable":true,"href":"https:\/\/lepatriotebenin.com\/index.php\/wp-json\/wp\/v2\/categories?post=15237"},{"taxonomy":"post_tag","embeddable":true,"href":"https:\/\/lepatriotebenin.com\/index.php\/wp-json\/wp\/v2\/tags?post=15237"}],"curies":[{"name":"wp","href":"https:\/\/api.w.org\/{rel}","templated":true}]}}