{"id":15234,"date":"2025-11-19T04:37:39","date_gmt":"2025-11-19T03:37:39","guid":{"rendered":"https:\/\/lepatriotebenin.com\/?p=15234"},"modified":"2025-11-19T04:40:08","modified_gmt":"2025-11-19T03:40:08","slug":"rdc-plus-de-40-morts-dans-une-bousculade-meurtriere-sur-le-site-minier-de-kalando","status":"publish","type":"post","link":"https:\/\/lepatriotebenin.com\/index.php\/2025\/11\/19\/rdc-plus-de-40-morts-dans-une-bousculade-meurtriere-sur-le-site-minier-de-kalando\/","title":{"rendered":"RDC : Plus de 40 morts dans une bousculade meurtri\u00e8re sur le site minier de Kalando"},"content":{"rendered":"<p><strong>Plus de quarante mineurs artisanaux ont perdu la vie ce week-end sur le site de Kalando, dans la province du Lualaba, \u00e0 la suite d\u2019une bousculade provoqu\u00e9e par des tirs attribu\u00e9s aux agents charg\u00e9s de s\u00e9curiser la mine. Le drame s\u2019est produit dans la carri\u00e8re de Mulondo, \u00e0 une quarantaine de kilom\u00e8tres de Kolwezi.<\/strong><\/p>\n<p>Selon les informations recueillies, le site, officiellement exploit\u00e9 par la soci\u00e9t\u00e9 Pajeclem avec un partenaire chinois, Pan Kai, ouvrait ses portes aux creuseurs artisanaux durant le week-end pour des motifs sociaux. C\u2019est dans ce contexte que des hommes en uniforme auraient ouvert le feu pour emp\u00eacher une sortie jug\u00e9e d\u00e9sordonn\u00e9e, provoquant un mouvement de panique.<\/p>\n<p>Me Donat Kambola, coordonnateur de l\u2019Initiative pour la Bonne Gouvernance et les Droits Humains (IBGDH), affirme qu\u2019il ne s\u2019agit pas d\u2019un \u00e9boulement. \u00ab C\u2019est la cons\u00e9quence des balles tir\u00e9es sur un site g\u00e9r\u00e9 par une entreprise chinoise \u00bb, explique-t-il. Il pr\u00e9cise \u00e9galement que l\u2019entreprise avait creus\u00e9 une profonde tranch\u00e9e pour contr\u00f4ler les flux d\u2019acc\u00e8s. \u00ab Sous la panique, les creuseurs se sont pr\u00e9cipit\u00e9s sur un pont de fortune qui s\u2019est effondr\u00e9 \u00bb, ajoute-t-il.<\/p>\n<p>\u00c0 la suite de la trag\u00e9die survenue dimanche matin (16 novembre), le Service d\u2019Assistance et d\u2019Encadrement de l\u2019Exploitation Mini\u00e8re Artisanale et \u00e0 Petite \u00c9chelle (SAEMAPE) a ordonn\u00e9 l\u2019arr\u00eat imm\u00e9diat des activit\u00e9s afin de permettre une \u00e9valuation technique du site. L\u2019organisme a rappel\u00e9 l\u2019interdiction faite aux partenaires techniques de creuser des tranch\u00e9es, une pratique jug\u00e9e dangereuse pour les mineurs et l\u2019environnement.<\/p>\n<p>Ce lundi matin, l\u2019avion transportant le ministre des Mines, Louis Watum Kabamba, vers Kalando s\u2019est \u00e9cras\u00e9 \u00e0 l\u2019a\u00e9roport de Kolwezi, sans faire de victimes.<\/p>\n<p><strong>Ez\u00e9chiel Dagb\u00e9gnon PADONOU <\/strong><\/p>\n<p>&nbsp;<\/p>\n<p>&nbsp;<\/p>\n","protected":false},"excerpt":{"rendered":"<p>Plus de quarante mineurs artisanaux ont perdu la vie ce week-end sur le site de Kalando, dans la province du Lualaba, \u00e0 la suite d\u2019une bousculade provoqu\u00e9e par des tirs&hellip;<\/p>\n","protected":false},"author":5,"featured_media":15235,"comment_status":"open","ping_status":"open","sticky":false,"template":"","format":"standard","meta":{"content-type":"","om_disable_all_campaigns":false,"_monsterinsights_skip_tracking":false,"_monsterinsights_sitenote_active":false,"_monsterinsights_sitenote_note":"","_monsterinsights_sitenote_category":0,"_uf_show_specific_survey":0,"_uf_disable_surveys":false,"footnotes":""},"categories":[20],"tags":[],"class_list":["post-15234","post","type-post","status-publish","format-standard","has-post-thumbnail","hentry","category-societe"],"aioseo_notices":[],"yoast_head":"<!-- This site is optimized with the Yoast SEO plugin v27.5 - https:\/\/yoast.com\/product\/yoast-seo-wordpress\/ -->\n<title>RDC : Plus de 40 morts dans une bousculade meurtri\u00e8re sur le site minier de Kalando - Le Patriote<\/title>\n<meta name=\"robots\" content=\"index, follow, max-snippet:-1, max-image-preview:large, max-video-preview:-1\" \/>\n<link rel=\"canonical\" href=\"https:\/\/lepatriotebenin.com\/index.php\/2025\/11\/19\/rdc-plus-de-40-morts-dans-une-bousculade-meurtriere-sur-le-site-minier-de-kalando\/\" \/>\n<meta property=\"og:locale\" content=\"fr_FR\" \/>\n<meta property=\"og:type\" content=\"article\" \/>\n<meta property=\"og:title\" content=\"RDC : Plus de 40 morts dans une bousculade meurtri\u00e8re sur le site minier de Kalando - Le Patriote\" \/>\n<meta property=\"og:description\" content=\"Plus de quarante mineurs artisanaux ont perdu la vie ce week-end sur le site de Kalando, dans la province du Lualaba, \u00e0 la suite d\u2019une bousculade provoqu\u00e9e par des tirs&hellip;\" \/>\n<meta property=\"og:url\" content=\"https:\/\/lepatriotebenin.com\/index.php\/2025\/11\/19\/rdc-plus-de-40-morts-dans-une-bousculade-meurtriere-sur-le-site-minier-de-kalando\/\" \/>\n<meta property=\"og:site_name\" content=\"Le Patriote\" \/>\n<meta property=\"article:published_time\" content=\"2025-11-19T03:37:39+00:00\" \/>\n<meta property=\"article:modified_time\" content=\"2025-11-19T03:40:08+00:00\" \/>\n<meta property=\"og:image\" content=\"https:\/\/lepatriotebenin.com\/wp-content\/uploads\/2025\/11\/rdc-1.jpg\" \/>\n\t<meta property=\"og:image:width\" content=\"575\" \/>\n\t<meta property=\"og:image:height\" content=\"575\" \/>\n\t<meta property=\"og:image:type\" content=\"image\/jpeg\" \/>\n<meta name=\"author\" content=\"Redaction\" \/>\n<meta name=\"twitter:card\" content=\"summary_large_image\" \/>\n<meta name=\"twitter:label1\" content=\"\u00c9crit par\" \/>\n\t<meta name=\"twitter:data1\" content=\"Redaction\" \/>\n\t<meta name=\"twitter:label2\" content=\"Dur\u00e9e de lecture estim\u00e9e\" \/>\n\t<meta name=\"twitter:data2\" content=\"2 minutes\" \/>\n<script type=\"application\/ld+json\" class=\"yoast-schema-graph\">{\"@context\":\"https:\\\/\\\/schema.org\",\"@graph\":[{\"@type\":\"Article\",\"@id\":\"https:\\\/\\\/lepatriotebenin.com\\\/index.php\\\/2025\\\/11\\\/19\\\/rdc-plus-de-40-morts-dans-une-bousculade-meurtriere-sur-le-site-minier-de-kalando\\\/#article\",\"isPartOf\":{\"@id\":\"https:\\\/\\\/lepatriotebenin.com\\\/index.php\\\/2025\\\/11\\\/19\\\/rdc-plus-de-40-morts-dans-une-bousculade-meurtriere-sur-le-site-minier-de-kalando\\\/\"},\"author\":{\"name\":\"Redaction\",\"@id\":\"https:\\\/\\\/lepatriotebenin.com\\\/#\\\/schema\\\/person\\\/2e7709b9c9cc313e452d1136af61690f\"},\"headline\":\"RDC : Plus de 40 morts dans une bousculade meurtri\u00e8re sur le site minier de Kalando\",\"datePublished\":\"2025-11-19T03:37:39+00:00\",\"dateModified\":\"2025-11-19T03:40:08+00:00\",\"mainEntityOfPage\":{\"@id\":\"https:\\\/\\\/lepatriotebenin.com\\\/index.php\\\/2025\\\/11\\\/19\\\/rdc-plus-de-40-morts-dans-une-bousculade-meurtriere-sur-le-site-minier-de-kalando\\\/\"},\"wordCount\":327,\"commentCount\":0,\"image\":{\"@id\":\"https:\\\/\\\/lepatriotebenin.com\\\/index.php\\\/2025\\\/11\\\/19\\\/rdc-plus-de-40-morts-dans-une-bousculade-meurtriere-sur-le-site-minier-de-kalando\\\/#primaryimage\"},\"thumbnailUrl\":\"https:\\\/\\\/lepatriotebenin.com\\\/wp-content\\\/uploads\\\/2025\\\/11\\\/rdc-1.jpg\",\"articleSection\":[\"Soci\u00e9t\u00e9\"],\"inLanguage\":\"fr-FR\",\"potentialAction\":[{\"@type\":\"CommentAction\",\"name\":\"Comment\",\"target\":[\"https:\\\/\\\/lepatriotebenin.com\\\/index.php\\\/2025\\\/11\\\/19\\\/rdc-plus-de-40-morts-dans-une-bousculade-meurtriere-sur-le-site-minier-de-kalando\\\/#respond\"]}]},{\"@type\":\"WebPage\",\"@id\":\"https:\\\/\\\/lepatriotebenin.com\\\/index.php\\\/2025\\\/11\\\/19\\\/rdc-plus-de-40-morts-dans-une-bousculade-meurtriere-sur-le-site-minier-de-kalando\\\/\",\"url\":\"https:\\\/\\\/lepatriotebenin.com\\\/index.php\\\/2025\\\/11\\\/19\\\/rdc-plus-de-40-morts-dans-une-bousculade-meurtriere-sur-le-site-minier-de-kalando\\\/\",\"name\":\"RDC : Plus de 40 morts dans une bousculade meurtri\u00e8re sur le site minier de Kalando - Le Patriote\",\"isPartOf\":{\"@id\":\"https:\\\/\\\/lepatriotebenin.com\\\/#website\"},\"primaryImageOfPage\":{\"@id\":\"https:\\\/\\\/lepatriotebenin.com\\\/index.php\\\/2025\\\/11\\\/19\\\/rdc-plus-de-40-morts-dans-une-bousculade-meurtriere-sur-le-site-minier-de-kalando\\\/#primaryimage\"},\"image\":{\"@id\":\"https:\\\/\\\/lepatriotebenin.com\\\/index.php\\\/2025\\\/11\\\/19\\\/rdc-plus-de-40-morts-dans-une-bousculade-meurtriere-sur-le-site-minier-de-kalando\\\/#primaryimage\"},\"thumbnailUrl\":\"https:\\\/\\\/lepatriotebenin.com\\\/wp-content\\\/uploads\\\/2025\\\/11\\\/rdc-1.jpg\",\"datePublished\":\"2025-11-19T03:37:39+00:00\",\"dateModified\":\"2025-11-19T03:40:08+00:00\",\"author\":{\"@id\":\"https:\\\/\\\/lepatriotebenin.com\\\/#\\\/schema\\\/person\\\/2e7709b9c9cc313e452d1136af61690f\"},\"breadcrumb\":{\"@id\":\"https:\\\/\\\/lepatriotebenin.com\\\/index.php\\\/2025\\\/11\\\/19\\\/rdc-plus-de-40-morts-dans-une-bousculade-meurtriere-sur-le-site-minier-de-kalando\\\/#breadcrumb\"},\"inLanguage\":\"fr-FR\",\"potentialAction\":[{\"@type\":\"ReadAction\",\"target\":[\"https:\\\/\\\/lepatriotebenin.com\\\/index.php\\\/2025\\\/11\\\/19\\\/rdc-plus-de-40-morts-dans-une-bousculade-meurtriere-sur-le-site-minier-de-kalando\\\/\"]}]},{\"@type\":\"ImageObject\",\"inLanguage\":\"fr-FR\",\"@id\":\"https:\\\/\\\/lepatriotebenin.com\\\/index.php\\\/2025\\\/11\\\/19\\\/rdc-plus-de-40-morts-dans-une-bousculade-meurtriere-sur-le-site-minier-de-kalando\\\/#primaryimage\",\"url\":\"https:\\\/\\\/lepatriotebenin.com\\\/wp-content\\\/uploads\\\/2025\\\/11\\\/rdc-1.jpg\",\"contentUrl\":\"https:\\\/\\\/lepatriotebenin.com\\\/wp-content\\\/uploads\\\/2025\\\/11\\\/rdc-1.jpg\",\"width\":575,\"height\":575},{\"@type\":\"BreadcrumbList\",\"@id\":\"https:\\\/\\\/lepatriotebenin.com\\\/index.php\\\/2025\\\/11\\\/19\\\/rdc-plus-de-40-morts-dans-une-bousculade-meurtriere-sur-le-site-minier-de-kalando\\\/#breadcrumb\",\"itemListElement\":[{\"@type\":\"ListItem\",\"position\":1,\"name\":\"Accueil\",\"item\":\"https:\\\/\\\/lepatriotebenin.com\\\/\"},{\"@type\":\"ListItem\",\"position\":2,\"name\":\"RDC : Plus de 40 morts dans une bousculade meurtri\u00e8re sur le site minier de Kalando\"}]},{\"@type\":\"WebSite\",\"@id\":\"https:\\\/\\\/lepatriotebenin.com\\\/#website\",\"url\":\"https:\\\/\\\/lepatriotebenin.com\\\/\",\"name\":\"Le Patriote\",\"description\":\"Le Patriote B\u00e9nin\",\"potentialAction\":[{\"@type\":\"SearchAction\",\"target\":{\"@type\":\"EntryPoint\",\"urlTemplate\":\"https:\\\/\\\/lepatriotebenin.com\\\/?s={search_term_string}\"},\"query-input\":{\"@type\":\"PropertyValueSpecification\",\"valueRequired\":true,\"valueName\":\"search_term_string\"}}],\"inLanguage\":\"fr-FR\"},{\"@type\":\"Person\",\"@id\":\"https:\\\/\\\/lepatriotebenin.com\\\/#\\\/schema\\\/person\\\/2e7709b9c9cc313e452d1136af61690f\",\"name\":\"Redaction\",\"image\":{\"@type\":\"ImageObject\",\"inLanguage\":\"fr-FR\",\"@id\":\"https:\\\/\\\/secure.gravatar.com\\\/avatar\\\/c4c509357859ea2ca2cbb6d8812898a73e4ef1ef9934c2e591d7e32face734d1?s=96&d=mm&r=g\",\"url\":\"https:\\\/\\\/secure.gravatar.com\\\/avatar\\\/c4c509357859ea2ca2cbb6d8812898a73e4ef1ef9934c2e591d7e32face734d1?s=96&d=mm&r=g\",\"contentUrl\":\"https:\\\/\\\/secure.gravatar.com\\\/avatar\\\/c4c509357859ea2ca2cbb6d8812898a73e4ef1ef9934c2e591d7e32face734d1?s=96&d=mm&r=g\",\"caption\":\"Redaction\"},\"url\":\"https:\\\/\\\/lepatriotebenin.com\"}]}<\/script>\n<!-- \/ Yoast SEO plugin. -->","yoast_head_json":{"title":"RDC : Plus de 40 morts dans une bousculade meurtri\u00e8re sur le site minier de Kalando - Le Patriote","robots":{"index":"index","follow":"follow","max-snippet":"max-snippet:-1","max-image-preview":"max-image-preview:large","max-video-preview":"max-video-preview:-1"},"canonical":"https:\/\/lepatriotebenin.com\/index.php\/2025\/11\/19\/rdc-plus-de-40-morts-dans-une-bousculade-meurtriere-sur-le-site-minier-de-kalando\/","og_locale":"fr_FR","og_type":"article","og_title":"RDC : Plus de 40 morts dans une bousculade meurtri\u00e8re sur le site minier de Kalando - Le Patriote","og_description":"Plus de quarante mineurs artisanaux ont perdu la vie ce week-end sur le site de Kalando, dans la province du Lualaba, \u00e0 la suite d\u2019une bousculade provoqu\u00e9e par des tirs&hellip;","og_url":"https:\/\/lepatriotebenin.com\/index.php\/2025\/11\/19\/rdc-plus-de-40-morts-dans-une-bousculade-meurtriere-sur-le-site-minier-de-kalando\/","og_site_name":"Le Patriote","article_published_time":"2025-11-19T03:37:39+00:00","article_modified_time":"2025-11-19T03:40:08+00:00","og_image":[{"width":575,"height":575,"url":"https:\/\/lepatriotebenin.com\/wp-content\/uploads\/2025\/11\/rdc-1.jpg","type":"image\/jpeg"}],"author":"Redaction","twitter_card":"summary_large_image","twitter_misc":{"\u00c9crit par":"Redaction","Dur\u00e9e de lecture estim\u00e9e":"2 minutes"},"schema":{"@context":"https:\/\/schema.org","@graph":[{"@type":"Article","@id":"https:\/\/lepatriotebenin.com\/index.php\/2025\/11\/19\/rdc-plus-de-40-morts-dans-une-bousculade-meurtriere-sur-le-site-minier-de-kalando\/#article","isPartOf":{"@id":"https:\/\/lepatriotebenin.com\/index.php\/2025\/11\/19\/rdc-plus-de-40-morts-dans-une-bousculade-meurtriere-sur-le-site-minier-de-kalando\/"},"author":{"name":"Redaction","@id":"https:\/\/lepatriotebenin.com\/#\/schema\/person\/2e7709b9c9cc313e452d1136af61690f"},"headline":"RDC : Plus de 40 morts dans une bousculade meurtri\u00e8re sur le site minier de Kalando","datePublished":"2025-11-19T03:37:39+00:00","dateModified":"2025-11-19T03:40:08+00:00","mainEntityOfPage":{"@id":"https:\/\/lepatriotebenin.com\/index.php\/2025\/11\/19\/rdc-plus-de-40-morts-dans-une-bousculade-meurtriere-sur-le-site-minier-de-kalando\/"},"wordCount":327,"commentCount":0,"image":{"@id":"https:\/\/lepatriotebenin.com\/index.php\/2025\/11\/19\/rdc-plus-de-40-morts-dans-une-bousculade-meurtriere-sur-le-site-minier-de-kalando\/#primaryimage"},"thumbnailUrl":"https:\/\/lepatriotebenin.com\/wp-content\/uploads\/2025\/11\/rdc-1.jpg","articleSection":["Soci\u00e9t\u00e9"],"inLanguage":"fr-FR","potentialAction":[{"@type":"CommentAction","name":"Comment","target":["https:\/\/lepatriotebenin.com\/index.php\/2025\/11\/19\/rdc-plus-de-40-morts-dans-une-bousculade-meurtriere-sur-le-site-minier-de-kalando\/#respond"]}]},{"@type":"WebPage","@id":"https:\/\/lepatriotebenin.com\/index.php\/2025\/11\/19\/rdc-plus-de-40-morts-dans-une-bousculade-meurtriere-sur-le-site-minier-de-kalando\/","url":"https:\/\/lepatriotebenin.com\/index.php\/2025\/11\/19\/rdc-plus-de-40-morts-dans-une-bousculade-meurtriere-sur-le-site-minier-de-kalando\/","name":"RDC : Plus de 40 morts dans une bousculade meurtri\u00e8re sur le site minier de Kalando - Le Patriote","isPartOf":{"@id":"https:\/\/lepatriotebenin.com\/#website"},"primaryImageOfPage":{"@id":"https:\/\/lepatriotebenin.com\/index.php\/2025\/11\/19\/rdc-plus-de-40-morts-dans-une-bousculade-meurtriere-sur-le-site-minier-de-kalando\/#primaryimage"},"image":{"@id":"https:\/\/lepatriotebenin.com\/index.php\/2025\/11\/19\/rdc-plus-de-40-morts-dans-une-bousculade-meurtriere-sur-le-site-minier-de-kalando\/#primaryimage"},"thumbnailUrl":"https:\/\/lepatriotebenin.com\/wp-content\/uploads\/2025\/11\/rdc-1.jpg","datePublished":"2025-11-19T03:37:39+00:00","dateModified":"2025-11-19T03:40:08+00:00","author":{"@id":"https:\/\/lepatriotebenin.com\/#\/schema\/person\/2e7709b9c9cc313e452d1136af61690f"},"breadcrumb":{"@id":"https:\/\/lepatriotebenin.com\/index.php\/2025\/11\/19\/rdc-plus-de-40-morts-dans-une-bousculade-meurtriere-sur-le-site-minier-de-kalando\/#breadcrumb"},"inLanguage":"fr-FR","potentialAction":[{"@type":"ReadAction","target":["https:\/\/lepatriotebenin.com\/index.php\/2025\/11\/19\/rdc-plus-de-40-morts-dans-une-bousculade-meurtriere-sur-le-site-minier-de-kalando\/"]}]},{"@type":"ImageObject","inLanguage":"fr-FR","@id":"https:\/\/lepatriotebenin.com\/index.php\/2025\/11\/19\/rdc-plus-de-40-morts-dans-une-bousculade-meurtriere-sur-le-site-minier-de-kalando\/#primaryimage","url":"https:\/\/lepatriotebenin.com\/wp-content\/uploads\/2025\/11\/rdc-1.jpg","contentUrl":"https:\/\/lepatriotebenin.com\/wp-content\/uploads\/2025\/11\/rdc-1.jpg","width":575,"height":575},{"@type":"BreadcrumbList","@id":"https:\/\/lepatriotebenin.com\/index.php\/2025\/11\/19\/rdc-plus-de-40-morts-dans-une-bousculade-meurtriere-sur-le-site-minier-de-kalando\/#breadcrumb","itemListElement":[{"@type":"ListItem","position":1,"name":"Accueil","item":"https:\/\/lepatriotebenin.com\/"},{"@type":"ListItem","position":2,"name":"RDC : Plus de 40 morts dans une bousculade meurtri\u00e8re sur le site minier de Kalando"}]},{"@type":"WebSite","@id":"https:\/\/lepatriotebenin.com\/#website","url":"https:\/\/lepatriotebenin.com\/","name":"Le Patriote","description":"Le Patriote B\u00e9nin","potentialAction":[{"@type":"SearchAction","target":{"@type":"EntryPoint","urlTemplate":"https:\/\/lepatriotebenin.com\/?s={search_term_string}"},"query-input":{"@type":"PropertyValueSpecification","valueRequired":true,"valueName":"search_term_string"}}],"inLanguage":"fr-FR"},{"@type":"Person","@id":"https:\/\/lepatriotebenin.com\/#\/schema\/person\/2e7709b9c9cc313e452d1136af61690f","name":"Redaction","image":{"@type":"ImageObject","inLanguage":"fr-FR","@id":"https:\/\/secure.gravatar.com\/avatar\/c4c509357859ea2ca2cbb6d8812898a73e4ef1ef9934c2e591d7e32face734d1?s=96&d=mm&r=g","url":"https:\/\/secure.gravatar.com\/avatar\/c4c509357859ea2ca2cbb6d8812898a73e4ef1ef9934c2e591d7e32face734d1?s=96&d=mm&r=g","contentUrl":"https:\/\/secure.gravatar.com\/avatar\/c4c509357859ea2ca2cbb6d8812898a73e4ef1ef9934c2e591d7e32face734d1?s=96&d=mm&r=g","caption":"Redaction"},"url":"https:\/\/lepatriotebenin.com"}]}},"_links":{"self":[{"href":"https:\/\/lepatriotebenin.com\/index.php\/wp-json\/wp\/v2\/posts\/15234","targetHints":{"allow":["GET"]}}],"collection":[{"href":"https:\/\/lepatriotebenin.com\/index.php\/wp-json\/wp\/v2\/posts"}],"about":[{"href":"https:\/\/lepatriotebenin.com\/index.php\/wp-json\/wp\/v2\/types\/post"}],"author":[{"embeddable":true,"href":"https:\/\/lepatriotebenin.com\/index.php\/wp-json\/wp\/v2\/users\/5"}],"replies":[{"embeddable":true,"href":"https:\/\/lepatriotebenin.com\/index.php\/wp-json\/wp\/v2\/comments?post=15234"}],"version-history":[{"count":1,"href":"https:\/\/lepatriotebenin.com\/index.php\/wp-json\/wp\/v2\/posts\/15234\/revisions"}],"predecessor-version":[{"id":15236,"href":"https:\/\/lepatriotebenin.com\/index.php\/wp-json\/wp\/v2\/posts\/15234\/revisions\/15236"}],"wp:featuredmedia":[{"embeddable":true,"href":"https:\/\/lepatriotebenin.com\/index.php\/wp-json\/wp\/v2\/media\/15235"}],"wp:attachment":[{"href":"https:\/\/lepatriotebenin.com\/index.php\/wp-json\/wp\/v2\/media?parent=15234"}],"wp:term":[{"taxonomy":"category","embeddable":true,"href":"https:\/\/lepatriotebenin.com\/index.php\/wp-json\/wp\/v2\/categories?post=15234"},{"taxonomy":"post_tag","embeddable":true,"href":"https:\/\/lepatriotebenin.com\/index.php\/wp-json\/wp\/v2\/tags?post=15234"}],"curies":[{"name":"wp","href":"https:\/\/api.w.org\/{rel}","templated":true}]}}