{"id":15221,"date":"2025-11-19T04:24:34","date_gmt":"2025-11-19T03:24:34","guid":{"rendered":"https:\/\/lepatriotebenin.com\/?p=15221"},"modified":"2025-11-19T04:24:34","modified_gmt":"2025-11-19T03:24:34","slug":"ballon-dor-africain-2025-voici-les-03-finalistes-pour-la-succession-du-nigerian-ademola-lookman","status":"publish","type":"post","link":"https:\/\/lepatriotebenin.com\/index.php\/2025\/11\/19\/ballon-dor-africain-2025-voici-les-03-finalistes-pour-la-succession-du-nigerian-ademola-lookman\/","title":{"rendered":"Ballon d&rsquo;or africain 2025 : Voici les 03 finalistes pour la succession du Nig\u00e9rian Ademola Lookman"},"content":{"rendered":"<p>Ce mercredi 19 novembre 2025 lors de la c\u00e9r\u00e9monie de d\u00e9signation organis\u00e9e par la Conf\u00e9d\u00e9ration africaine de football (CAF), le successeur\u00a0 du Nig\u00e9rian Ademola Lookman pour le titre du Ballon d&rsquo;or africain de l\u2019ann\u00e9e 2025 sera\u00a0 connu. La liste des trois finalistes qui m\u00e9rite cette r\u00e9compense pour l\u2019ann\u00e9e 2025 a \u00e9t\u00e9 d\u00e9voil\u00e9e par l\u2019instance faiti\u00e8re du football africain.\u00a0 Dans la liste retenue par la\u00a0 CAF\u00a0 figurent l\u2019\u00c9gyptien Mohamed Salah (Liverpool), le Marocain Achraf Hakimi (PSG) et le Nig\u00e9rian Victor Osimhen (Galatasaray).\u00a0 \u00a0Les trois candidats ont s\u00e9duit les observateurs au cours de la saison \u00e9coul\u00e9e.<\/p>\n<p>L\u2019\u00c9gyptien Mohamed Salah a livr\u00e9 une excellente en club et en s\u00e9lection. Vainqueur \u00e0 plusieurs, le joueur des Reds a port\u00e9 sa s\u00e9lection \u00e0 la qualification \u00e0 la CAN et au mondial 2026.\u00a0 De son c\u00f4t\u00e9 le Marocain Achraf Hakimi a r\u00e9alis\u00e9 une saison historique avec le PSG. Le lat\u00e9ral droit a remport\u00e9 avec le club de la capitale fran\u00e7aise la premi\u00e8re Ligue des champions de leur histoire. Il a \u00e9galement contrib\u00e9 fortement \u00e0 \u00e0 la qualification des Lions de l\u2019Atlas \u00e0 la coupe du monde.\u00a0 Le Nig\u00e9rian Victor Osimhen pourrait remplacer son co\u00e9quipier de la s\u00e9lection. Il a continu\u00e9 au sacre de son club en Turquie. M\u00eame si ses performances en s\u00e9lection n\u2019ont pas permis au Nig\u00e9ria de se qualifier \u00e0 la coupe du monde, l\u2019ancien attaquant de Naples a retenu l\u2019attention des observateurs.<\/p>\n<p><strong>Joueur africain de l&rsquo;ann\u00e9e\u00a0<\/strong><\/p>\n<p>Mohamed Salah (\u00c9gypte \/ Liverpool)<\/p>\n<p>Achraf Hakimi (Maroc \/ Paris Saint-Germain)<\/p>\n<p>Victor Osimhen (Nigeria \/ Galatasaray)<\/p>\n<p><strong>Gardien de l\u2019Ann\u00e9e<\/strong><\/p>\n<p>Munir Mohamedi (Maroc \/ RS Berkane)<\/p>\n<p>Yassine Bounou (Maroc \/ Al Hilal)<\/p>\n<p>Ronwen Williams (Afrique du Sud \/ Mamelodi Sundowns)<\/p>\n<p><strong>Entra\u00eeneur de l\u2019Ann\u00e9e<\/strong><\/p>\n<p>Bubista (Cap-Vert)<\/p>\n<p>Mohamed Ouahbi (Maroc U20)<\/p>\n<p>Walid Regragui (Maroc)<\/p>\n<p><strong>Jeune Joueur de l\u2019Ann\u00e9e<\/strong><\/p>\n<p>Abdellah Ouazane (Maroc \/ Ajax)<\/p>\n<p>Othmane Maamma (Maroc \/ Watford)<\/p>\n<p>Tylon Smith (Afrique du Sud \/<\/p>\n<p>Queens Park Rangers)<\/p>\n<p>&nbsp;<\/p>\n","protected":false},"excerpt":{"rendered":"<p>Ce mercredi 19 novembre 2025 lors de la c\u00e9r\u00e9monie de d\u00e9signation organis\u00e9e par la Conf\u00e9d\u00e9ration africaine de football (CAF), le successeur\u00a0 du Nig\u00e9rian Ademola Lookman pour le titre du Ballon&hellip;<\/p>\n","protected":false},"author":6,"featured_media":15222,"comment_status":"open","ping_status":"open","sticky":false,"template":"","format":"standard","meta":{"content-type":"","om_disable_all_campaigns":false,"_monsterinsights_skip_tracking":false,"_monsterinsights_sitenote_active":false,"_monsterinsights_sitenote_note":"","_monsterinsights_sitenote_category":0,"_uf_show_specific_survey":0,"_uf_disable_surveys":false,"footnotes":""},"categories":[8],"tags":[],"class_list":["post-15221","post","type-post","status-publish","format-standard","has-post-thumbnail","hentry","category-sport"],"aioseo_notices":[],"yoast_head":"<!-- This site is optimized with the Yoast SEO plugin v27.5 - https:\/\/yoast.com\/product\/yoast-seo-wordpress\/ -->\n<title>Ballon d&#039;or africain 2025 : Voici les 03 finalistes pour la succession du Nig\u00e9rian Ademola Lookman - Le Patriote<\/title>\n<meta name=\"robots\" content=\"index, follow, max-snippet:-1, max-image-preview:large, max-video-preview:-1\" \/>\n<link rel=\"canonical\" href=\"https:\/\/lepatriotebenin.com\/index.php\/2025\/11\/19\/ballon-dor-africain-2025-voici-les-03-finalistes-pour-la-succession-du-nigerian-ademola-lookman\/\" \/>\n<meta property=\"og:locale\" content=\"fr_FR\" \/>\n<meta property=\"og:type\" content=\"article\" \/>\n<meta property=\"og:title\" content=\"Ballon d&#039;or africain 2025 : Voici les 03 finalistes pour la succession du Nig\u00e9rian Ademola Lookman - Le Patriote\" \/>\n<meta property=\"og:description\" content=\"Ce mercredi 19 novembre 2025 lors de la c\u00e9r\u00e9monie de d\u00e9signation organis\u00e9e par la Conf\u00e9d\u00e9ration africaine de football (CAF), le successeur\u00a0 du Nig\u00e9rian Ademola Lookman pour le titre du Ballon&hellip;\" \/>\n<meta property=\"og:url\" content=\"https:\/\/lepatriotebenin.com\/index.php\/2025\/11\/19\/ballon-dor-africain-2025-voici-les-03-finalistes-pour-la-succession-du-nigerian-ademola-lookman\/\" \/>\n<meta property=\"og:site_name\" content=\"Le Patriote\" \/>\n<meta property=\"article:published_time\" content=\"2025-11-19T03:24:34+00:00\" \/>\n<meta property=\"og:image\" content=\"https:\/\/lepatriotebenin.com\/wp-content\/uploads\/2025\/11\/ballon-dor-africain.jpg\" \/>\n\t<meta property=\"og:image:width\" content=\"780\" \/>\n\t<meta property=\"og:image:height\" content=\"560\" \/>\n\t<meta property=\"og:image:type\" content=\"image\/jpeg\" \/>\n<meta name=\"author\" content=\"Roland AFFANOU\" \/>\n<meta name=\"twitter:card\" content=\"summary_large_image\" \/>\n<meta name=\"twitter:label1\" content=\"\u00c9crit par\" \/>\n\t<meta name=\"twitter:data1\" content=\"Roland AFFANOU\" \/>\n\t<meta name=\"twitter:label2\" content=\"Dur\u00e9e de lecture estim\u00e9e\" \/>\n\t<meta name=\"twitter:data2\" content=\"2 minutes\" \/>\n<script type=\"application\/ld+json\" class=\"yoast-schema-graph\">{\"@context\":\"https:\\\/\\\/schema.org\",\"@graph\":[{\"@type\":\"Article\",\"@id\":\"https:\\\/\\\/lepatriotebenin.com\\\/index.php\\\/2025\\\/11\\\/19\\\/ballon-dor-africain-2025-voici-les-03-finalistes-pour-la-succession-du-nigerian-ademola-lookman\\\/#article\",\"isPartOf\":{\"@id\":\"https:\\\/\\\/lepatriotebenin.com\\\/index.php\\\/2025\\\/11\\\/19\\\/ballon-dor-africain-2025-voici-les-03-finalistes-pour-la-succession-du-nigerian-ademola-lookman\\\/\"},\"author\":{\"name\":\"Roland AFFANOU\",\"@id\":\"https:\\\/\\\/lepatriotebenin.com\\\/#\\\/schema\\\/person\\\/4a9b67216c97d04045e01405c534c91f\"},\"headline\":\"Ballon d&rsquo;or africain 2025 : Voici les 03 finalistes pour la succession du Nig\u00e9rian Ademola Lookman\",\"datePublished\":\"2025-11-19T03:24:34+00:00\",\"mainEntityOfPage\":{\"@id\":\"https:\\\/\\\/lepatriotebenin.com\\\/index.php\\\/2025\\\/11\\\/19\\\/ballon-dor-africain-2025-voici-les-03-finalistes-pour-la-succession-du-nigerian-ademola-lookman\\\/\"},\"wordCount\":351,\"commentCount\":0,\"image\":{\"@id\":\"https:\\\/\\\/lepatriotebenin.com\\\/index.php\\\/2025\\\/11\\\/19\\\/ballon-dor-africain-2025-voici-les-03-finalistes-pour-la-succession-du-nigerian-ademola-lookman\\\/#primaryimage\"},\"thumbnailUrl\":\"https:\\\/\\\/lepatriotebenin.com\\\/wp-content\\\/uploads\\\/2025\\\/11\\\/ballon-dor-africain.jpg\",\"articleSection\":[\"Sport\"],\"inLanguage\":\"fr-FR\",\"potentialAction\":[{\"@type\":\"CommentAction\",\"name\":\"Comment\",\"target\":[\"https:\\\/\\\/lepatriotebenin.com\\\/index.php\\\/2025\\\/11\\\/19\\\/ballon-dor-africain-2025-voici-les-03-finalistes-pour-la-succession-du-nigerian-ademola-lookman\\\/#respond\"]}]},{\"@type\":\"WebPage\",\"@id\":\"https:\\\/\\\/lepatriotebenin.com\\\/index.php\\\/2025\\\/11\\\/19\\\/ballon-dor-africain-2025-voici-les-03-finalistes-pour-la-succession-du-nigerian-ademola-lookman\\\/\",\"url\":\"https:\\\/\\\/lepatriotebenin.com\\\/index.php\\\/2025\\\/11\\\/19\\\/ballon-dor-africain-2025-voici-les-03-finalistes-pour-la-succession-du-nigerian-ademola-lookman\\\/\",\"name\":\"Ballon d'or africain 2025 : Voici les 03 finalistes pour la succession du Nig\u00e9rian Ademola Lookman - Le Patriote\",\"isPartOf\":{\"@id\":\"https:\\\/\\\/lepatriotebenin.com\\\/#website\"},\"primaryImageOfPage\":{\"@id\":\"https:\\\/\\\/lepatriotebenin.com\\\/index.php\\\/2025\\\/11\\\/19\\\/ballon-dor-africain-2025-voici-les-03-finalistes-pour-la-succession-du-nigerian-ademola-lookman\\\/#primaryimage\"},\"image\":{\"@id\":\"https:\\\/\\\/lepatriotebenin.com\\\/index.php\\\/2025\\\/11\\\/19\\\/ballon-dor-africain-2025-voici-les-03-finalistes-pour-la-succession-du-nigerian-ademola-lookman\\\/#primaryimage\"},\"thumbnailUrl\":\"https:\\\/\\\/lepatriotebenin.com\\\/wp-content\\\/uploads\\\/2025\\\/11\\\/ballon-dor-africain.jpg\",\"datePublished\":\"2025-11-19T03:24:34+00:00\",\"author\":{\"@id\":\"https:\\\/\\\/lepatriotebenin.com\\\/#\\\/schema\\\/person\\\/4a9b67216c97d04045e01405c534c91f\"},\"breadcrumb\":{\"@id\":\"https:\\\/\\\/lepatriotebenin.com\\\/index.php\\\/2025\\\/11\\\/19\\\/ballon-dor-africain-2025-voici-les-03-finalistes-pour-la-succession-du-nigerian-ademola-lookman\\\/#breadcrumb\"},\"inLanguage\":\"fr-FR\",\"potentialAction\":[{\"@type\":\"ReadAction\",\"target\":[\"https:\\\/\\\/lepatriotebenin.com\\\/index.php\\\/2025\\\/11\\\/19\\\/ballon-dor-africain-2025-voici-les-03-finalistes-pour-la-succession-du-nigerian-ademola-lookman\\\/\"]}]},{\"@type\":\"ImageObject\",\"inLanguage\":\"fr-FR\",\"@id\":\"https:\\\/\\\/lepatriotebenin.com\\\/index.php\\\/2025\\\/11\\\/19\\\/ballon-dor-africain-2025-voici-les-03-finalistes-pour-la-succession-du-nigerian-ademola-lookman\\\/#primaryimage\",\"url\":\"https:\\\/\\\/lepatriotebenin.com\\\/wp-content\\\/uploads\\\/2025\\\/11\\\/ballon-dor-africain.jpg\",\"contentUrl\":\"https:\\\/\\\/lepatriotebenin.com\\\/wp-content\\\/uploads\\\/2025\\\/11\\\/ballon-dor-africain.jpg\",\"width\":780,\"height\":560},{\"@type\":\"BreadcrumbList\",\"@id\":\"https:\\\/\\\/lepatriotebenin.com\\\/index.php\\\/2025\\\/11\\\/19\\\/ballon-dor-africain-2025-voici-les-03-finalistes-pour-la-succession-du-nigerian-ademola-lookman\\\/#breadcrumb\",\"itemListElement\":[{\"@type\":\"ListItem\",\"position\":1,\"name\":\"Accueil\",\"item\":\"https:\\\/\\\/lepatriotebenin.com\\\/\"},{\"@type\":\"ListItem\",\"position\":2,\"name\":\"Ballon d&rsquo;or africain 2025 : Voici les 03 finalistes pour la succession du Nig\u00e9rian Ademola Lookman\"}]},{\"@type\":\"WebSite\",\"@id\":\"https:\\\/\\\/lepatriotebenin.com\\\/#website\",\"url\":\"https:\\\/\\\/lepatriotebenin.com\\\/\",\"name\":\"Le Patriote\",\"description\":\"Le Patriote B\u00e9nin\",\"potentialAction\":[{\"@type\":\"SearchAction\",\"target\":{\"@type\":\"EntryPoint\",\"urlTemplate\":\"https:\\\/\\\/lepatriotebenin.com\\\/?s={search_term_string}\"},\"query-input\":{\"@type\":\"PropertyValueSpecification\",\"valueRequired\":true,\"valueName\":\"search_term_string\"}}],\"inLanguage\":\"fr-FR\"},{\"@type\":\"Person\",\"@id\":\"https:\\\/\\\/lepatriotebenin.com\\\/#\\\/schema\\\/person\\\/4a9b67216c97d04045e01405c534c91f\",\"name\":\"Roland AFFANOU\",\"image\":{\"@type\":\"ImageObject\",\"inLanguage\":\"fr-FR\",\"@id\":\"https:\\\/\\\/secure.gravatar.com\\\/avatar\\\/7209d3f6d2d47ea4d0c67e14d3effb61feb10ae540a4381280c66265de5bd643?s=96&d=mm&r=g\",\"url\":\"https:\\\/\\\/secure.gravatar.com\\\/avatar\\\/7209d3f6d2d47ea4d0c67e14d3effb61feb10ae540a4381280c66265de5bd643?s=96&d=mm&r=g\",\"contentUrl\":\"https:\\\/\\\/secure.gravatar.com\\\/avatar\\\/7209d3f6d2d47ea4d0c67e14d3effb61feb10ae540a4381280c66265de5bd643?s=96&d=mm&r=g\",\"caption\":\"Roland AFFANOU\"},\"url\":\"https:\\\/\\\/lepatriotebenin.com\"}]}<\/script>\n<!-- \/ Yoast SEO plugin. -->","yoast_head_json":{"title":"Ballon d'or africain 2025 : Voici les 03 finalistes pour la succession du Nig\u00e9rian Ademola Lookman - Le Patriote","robots":{"index":"index","follow":"follow","max-snippet":"max-snippet:-1","max-image-preview":"max-image-preview:large","max-video-preview":"max-video-preview:-1"},"canonical":"https:\/\/lepatriotebenin.com\/index.php\/2025\/11\/19\/ballon-dor-africain-2025-voici-les-03-finalistes-pour-la-succession-du-nigerian-ademola-lookman\/","og_locale":"fr_FR","og_type":"article","og_title":"Ballon d'or africain 2025 : Voici les 03 finalistes pour la succession du Nig\u00e9rian Ademola Lookman - Le Patriote","og_description":"Ce mercredi 19 novembre 2025 lors de la c\u00e9r\u00e9monie de d\u00e9signation organis\u00e9e par la Conf\u00e9d\u00e9ration africaine de football (CAF), le successeur\u00a0 du Nig\u00e9rian Ademola Lookman pour le titre du Ballon&hellip;","og_url":"https:\/\/lepatriotebenin.com\/index.php\/2025\/11\/19\/ballon-dor-africain-2025-voici-les-03-finalistes-pour-la-succession-du-nigerian-ademola-lookman\/","og_site_name":"Le Patriote","article_published_time":"2025-11-19T03:24:34+00:00","og_image":[{"width":780,"height":560,"url":"https:\/\/lepatriotebenin.com\/wp-content\/uploads\/2025\/11\/ballon-dor-africain.jpg","type":"image\/jpeg"}],"author":"Roland AFFANOU","twitter_card":"summary_large_image","twitter_misc":{"\u00c9crit par":"Roland AFFANOU","Dur\u00e9e de lecture estim\u00e9e":"2 minutes"},"schema":{"@context":"https:\/\/schema.org","@graph":[{"@type":"Article","@id":"https:\/\/lepatriotebenin.com\/index.php\/2025\/11\/19\/ballon-dor-africain-2025-voici-les-03-finalistes-pour-la-succession-du-nigerian-ademola-lookman\/#article","isPartOf":{"@id":"https:\/\/lepatriotebenin.com\/index.php\/2025\/11\/19\/ballon-dor-africain-2025-voici-les-03-finalistes-pour-la-succession-du-nigerian-ademola-lookman\/"},"author":{"name":"Roland AFFANOU","@id":"https:\/\/lepatriotebenin.com\/#\/schema\/person\/4a9b67216c97d04045e01405c534c91f"},"headline":"Ballon d&rsquo;or africain 2025 : Voici les 03 finalistes pour la succession du Nig\u00e9rian Ademola Lookman","datePublished":"2025-11-19T03:24:34+00:00","mainEntityOfPage":{"@id":"https:\/\/lepatriotebenin.com\/index.php\/2025\/11\/19\/ballon-dor-africain-2025-voici-les-03-finalistes-pour-la-succession-du-nigerian-ademola-lookman\/"},"wordCount":351,"commentCount":0,"image":{"@id":"https:\/\/lepatriotebenin.com\/index.php\/2025\/11\/19\/ballon-dor-africain-2025-voici-les-03-finalistes-pour-la-succession-du-nigerian-ademola-lookman\/#primaryimage"},"thumbnailUrl":"https:\/\/lepatriotebenin.com\/wp-content\/uploads\/2025\/11\/ballon-dor-africain.jpg","articleSection":["Sport"],"inLanguage":"fr-FR","potentialAction":[{"@type":"CommentAction","name":"Comment","target":["https:\/\/lepatriotebenin.com\/index.php\/2025\/11\/19\/ballon-dor-africain-2025-voici-les-03-finalistes-pour-la-succession-du-nigerian-ademola-lookman\/#respond"]}]},{"@type":"WebPage","@id":"https:\/\/lepatriotebenin.com\/index.php\/2025\/11\/19\/ballon-dor-africain-2025-voici-les-03-finalistes-pour-la-succession-du-nigerian-ademola-lookman\/","url":"https:\/\/lepatriotebenin.com\/index.php\/2025\/11\/19\/ballon-dor-africain-2025-voici-les-03-finalistes-pour-la-succession-du-nigerian-ademola-lookman\/","name":"Ballon d'or africain 2025 : Voici les 03 finalistes pour la succession du Nig\u00e9rian Ademola Lookman - Le Patriote","isPartOf":{"@id":"https:\/\/lepatriotebenin.com\/#website"},"primaryImageOfPage":{"@id":"https:\/\/lepatriotebenin.com\/index.php\/2025\/11\/19\/ballon-dor-africain-2025-voici-les-03-finalistes-pour-la-succession-du-nigerian-ademola-lookman\/#primaryimage"},"image":{"@id":"https:\/\/lepatriotebenin.com\/index.php\/2025\/11\/19\/ballon-dor-africain-2025-voici-les-03-finalistes-pour-la-succession-du-nigerian-ademola-lookman\/#primaryimage"},"thumbnailUrl":"https:\/\/lepatriotebenin.com\/wp-content\/uploads\/2025\/11\/ballon-dor-africain.jpg","datePublished":"2025-11-19T03:24:34+00:00","author":{"@id":"https:\/\/lepatriotebenin.com\/#\/schema\/person\/4a9b67216c97d04045e01405c534c91f"},"breadcrumb":{"@id":"https:\/\/lepatriotebenin.com\/index.php\/2025\/11\/19\/ballon-dor-africain-2025-voici-les-03-finalistes-pour-la-succession-du-nigerian-ademola-lookman\/#breadcrumb"},"inLanguage":"fr-FR","potentialAction":[{"@type":"ReadAction","target":["https:\/\/lepatriotebenin.com\/index.php\/2025\/11\/19\/ballon-dor-africain-2025-voici-les-03-finalistes-pour-la-succession-du-nigerian-ademola-lookman\/"]}]},{"@type":"ImageObject","inLanguage":"fr-FR","@id":"https:\/\/lepatriotebenin.com\/index.php\/2025\/11\/19\/ballon-dor-africain-2025-voici-les-03-finalistes-pour-la-succession-du-nigerian-ademola-lookman\/#primaryimage","url":"https:\/\/lepatriotebenin.com\/wp-content\/uploads\/2025\/11\/ballon-dor-africain.jpg","contentUrl":"https:\/\/lepatriotebenin.com\/wp-content\/uploads\/2025\/11\/ballon-dor-africain.jpg","width":780,"height":560},{"@type":"BreadcrumbList","@id":"https:\/\/lepatriotebenin.com\/index.php\/2025\/11\/19\/ballon-dor-africain-2025-voici-les-03-finalistes-pour-la-succession-du-nigerian-ademola-lookman\/#breadcrumb","itemListElement":[{"@type":"ListItem","position":1,"name":"Accueil","item":"https:\/\/lepatriotebenin.com\/"},{"@type":"ListItem","position":2,"name":"Ballon d&rsquo;or africain 2025 : Voici les 03 finalistes pour la succession du Nig\u00e9rian Ademola Lookman"}]},{"@type":"WebSite","@id":"https:\/\/lepatriotebenin.com\/#website","url":"https:\/\/lepatriotebenin.com\/","name":"Le Patriote","description":"Le Patriote B\u00e9nin","potentialAction":[{"@type":"SearchAction","target":{"@type":"EntryPoint","urlTemplate":"https:\/\/lepatriotebenin.com\/?s={search_term_string}"},"query-input":{"@type":"PropertyValueSpecification","valueRequired":true,"valueName":"search_term_string"}}],"inLanguage":"fr-FR"},{"@type":"Person","@id":"https:\/\/lepatriotebenin.com\/#\/schema\/person\/4a9b67216c97d04045e01405c534c91f","name":"Roland AFFANOU","image":{"@type":"ImageObject","inLanguage":"fr-FR","@id":"https:\/\/secure.gravatar.com\/avatar\/7209d3f6d2d47ea4d0c67e14d3effb61feb10ae540a4381280c66265de5bd643?s=96&d=mm&r=g","url":"https:\/\/secure.gravatar.com\/avatar\/7209d3f6d2d47ea4d0c67e14d3effb61feb10ae540a4381280c66265de5bd643?s=96&d=mm&r=g","contentUrl":"https:\/\/secure.gravatar.com\/avatar\/7209d3f6d2d47ea4d0c67e14d3effb61feb10ae540a4381280c66265de5bd643?s=96&d=mm&r=g","caption":"Roland AFFANOU"},"url":"https:\/\/lepatriotebenin.com"}]}},"_links":{"self":[{"href":"https:\/\/lepatriotebenin.com\/index.php\/wp-json\/wp\/v2\/posts\/15221","targetHints":{"allow":["GET"]}}],"collection":[{"href":"https:\/\/lepatriotebenin.com\/index.php\/wp-json\/wp\/v2\/posts"}],"about":[{"href":"https:\/\/lepatriotebenin.com\/index.php\/wp-json\/wp\/v2\/types\/post"}],"author":[{"embeddable":true,"href":"https:\/\/lepatriotebenin.com\/index.php\/wp-json\/wp\/v2\/users\/6"}],"replies":[{"embeddable":true,"href":"https:\/\/lepatriotebenin.com\/index.php\/wp-json\/wp\/v2\/comments?post=15221"}],"version-history":[{"count":1,"href":"https:\/\/lepatriotebenin.com\/index.php\/wp-json\/wp\/v2\/posts\/15221\/revisions"}],"predecessor-version":[{"id":15223,"href":"https:\/\/lepatriotebenin.com\/index.php\/wp-json\/wp\/v2\/posts\/15221\/revisions\/15223"}],"wp:featuredmedia":[{"embeddable":true,"href":"https:\/\/lepatriotebenin.com\/index.php\/wp-json\/wp\/v2\/media\/15222"}],"wp:attachment":[{"href":"https:\/\/lepatriotebenin.com\/index.php\/wp-json\/wp\/v2\/media?parent=15221"}],"wp:term":[{"taxonomy":"category","embeddable":true,"href":"https:\/\/lepatriotebenin.com\/index.php\/wp-json\/wp\/v2\/categories?post=15221"},{"taxonomy":"post_tag","embeddable":true,"href":"https:\/\/lepatriotebenin.com\/index.php\/wp-json\/wp\/v2\/tags?post=15221"}],"curies":[{"name":"wp","href":"https:\/\/api.w.org\/{rel}","templated":true}]}}