{"id":15195,"date":"2025-11-17T02:25:38","date_gmt":"2025-11-17T01:25:38","guid":{"rendered":"https:\/\/lepatriotebenin.com\/?p=15195"},"modified":"2025-11-17T02:25:38","modified_gmt":"2025-11-17T01:25:38","slug":"forces-armees-beninoises-73-nouveaux-officiers-consacres-a-allada","status":"publish","type":"post","link":"https:\/\/lepatriotebenin.com\/index.php\/2025\/11\/17\/forces-armees-beninoises-73-nouveaux-officiers-consacres-a-allada\/","title":{"rendered":"Forces Arm\u00e9es B\u00e9ninoises : 73 nouveaux Officiers consacr\u00e9s \u00e0 Allada"},"content":{"rendered":"<p><strong><em>La caserne militaire d\u2019Allada a servi, vendredi 14 novembre 2025, de cadre \u00e0 une double c\u00e9r\u00e9monie marquante. Il s&rsquo;agit de la cons\u00e9cration de 73 Officiers issus de la 17\u1d49 promotion de l\u2019\u00c9cole Nationale des Officiers de Toffo et le bapt\u00eame de la nouvelle promotion d\u2019\u00e9l\u00e8ves-Officiers. Un rendez-vous solennel pr\u00e9sid\u00e9 par le ministre d\u00e9l\u00e9gu\u00e9 \u00e0 la D\u00e9fense nationale, Alain Fortunet Nouatin, en pr\u00e9sence du haut commandement militaire.<\/em><\/strong><\/p>\n<p>Ils \u00e9taient 73, align\u00e9s avec rigueur, \u00e0 attendre le moment qui marque un tournant majeur dans leur carri\u00e8re : la transition du statut d\u2019\u00e9l\u00e8ves-Officiers \u00e0 celui d\u2019Officiers des Forces Arm\u00e9es B\u00e9ninoises. Devant leurs familles, leurs instructeurs et les autorit\u00e9s militaires, ces jeunes cadres ont officiellement re\u00e7u leurs attributs, symboles de responsabilit\u00e9s nouvelles et d\u2019un engagement renforc\u00e9 envers la Nation.<\/p>\n<p>En effet, la c\u00e9r\u00e9monie a \u00e9t\u00e9 pr\u00e9sid\u00e9e par le ministre d\u00e9l\u00e9gu\u00e9 aupr\u00e8s du Pr\u00e9sident de la R\u00e9publique, charg\u00e9 de la D\u00e9fense nationale, Alain Fortunet Nouatin. \u00c0 ses c\u00f4t\u00e9s, le G\u00e9n\u00e9ral de division Fructueux Gbaguidi, Chef d\u2019\u00c9tat-Major G\u00e9n\u00e9ral des FAB, accompagn\u00e9 d\u2019un impressionnant parterre d\u2019autorit\u00e9s militaires, a salu\u00e9 la discipline, la pers\u00e9v\u00e9rance et le m\u00e9rite des promus. Au-del\u00e0 de la cons\u00e9cration, l\u2019\u00e9v\u00e9nement a aussi permis le bapt\u00eame de la 18\u1d49 promotion du cours de formation initiale. Ces \u00e9l\u00e8ves-Officiers de premi\u00e8re ann\u00e9e entament un cycle exigeant, nourris par l\u2019exemple de leurs a\u00een\u00e9s fra\u00eechement consacr\u00e9s. Leur engagement t\u00e9moigne de la volont\u00e9 du B\u00e9nin de renforcer continuellement ses capacit\u00e9s militaires.<\/p>\n<p>Entre solennit\u00e9 et patriotisme, cette c\u00e9r\u00e9monie d\u2019Allada vient rappeler l\u2019importance strat\u00e9gique de la formation des cadres militaires et l\u2019ambition du B\u00e9nin de disposer d\u2019une arm\u00e9e moderne, professionnelle et r\u00e9solument tourn\u00e9e vers la d\u00e9fense de la Nation.<\/p>\n<p>&nbsp;<\/p>\n<p><strong>Gildas AHOGNI<\/strong><\/p>\n","protected":false},"excerpt":{"rendered":"<p>La caserne militaire d\u2019Allada a servi, vendredi 14 novembre 2025, de cadre \u00e0 une double c\u00e9r\u00e9monie marquante. Il s&rsquo;agit de la cons\u00e9cration de 73 Officiers issus de la 17\u1d49 promotion&hellip;<\/p>\n","protected":false},"author":5,"featured_media":15196,"comment_status":"open","ping_status":"open","sticky":false,"template":"","format":"standard","meta":{"content-type":"","om_disable_all_campaigns":false,"_monsterinsights_skip_tracking":false,"_monsterinsights_sitenote_active":false,"_monsterinsights_sitenote_note":"","_monsterinsights_sitenote_category":0,"_uf_show_specific_survey":0,"_uf_disable_surveys":false,"footnotes":""},"categories":[20],"tags":[],"class_list":["post-15195","post","type-post","status-publish","format-standard","has-post-thumbnail","hentry","category-societe"],"aioseo_notices":[],"yoast_head":"<!-- This site is optimized with the Yoast SEO plugin v27.5 - https:\/\/yoast.com\/product\/yoast-seo-wordpress\/ -->\n<title>Forces Arm\u00e9es B\u00e9ninoises : 73 nouveaux Officiers consacr\u00e9s \u00e0 Allada - Le Patriote<\/title>\n<meta name=\"robots\" content=\"index, follow, max-snippet:-1, max-image-preview:large, max-video-preview:-1\" \/>\n<link rel=\"canonical\" href=\"https:\/\/lepatriotebenin.com\/index.php\/2025\/11\/17\/forces-armees-beninoises-73-nouveaux-officiers-consacres-a-allada\/\" \/>\n<meta property=\"og:locale\" content=\"fr_FR\" \/>\n<meta property=\"og:type\" content=\"article\" \/>\n<meta property=\"og:title\" content=\"Forces Arm\u00e9es B\u00e9ninoises : 73 nouveaux Officiers consacr\u00e9s \u00e0 Allada - Le Patriote\" \/>\n<meta property=\"og:description\" content=\"La caserne militaire d\u2019Allada a servi, vendredi 14 novembre 2025, de cadre \u00e0 une double c\u00e9r\u00e9monie marquante. Il s&rsquo;agit de la cons\u00e9cration de 73 Officiers issus de la 17\u1d49 promotion&hellip;\" \/>\n<meta property=\"og:url\" content=\"https:\/\/lepatriotebenin.com\/index.php\/2025\/11\/17\/forces-armees-beninoises-73-nouveaux-officiers-consacres-a-allada\/\" \/>\n<meta property=\"og:site_name\" content=\"Le Patriote\" \/>\n<meta property=\"article:published_time\" content=\"2025-11-17T01:25:38+00:00\" \/>\n<meta property=\"og:image\" content=\"https:\/\/lepatriotebenin.com\/wp-content\/uploads\/2025\/11\/officiers.jpg\" \/>\n\t<meta property=\"og:image:width\" content=\"1520\" \/>\n\t<meta property=\"og:image:height\" content=\"1006\" \/>\n\t<meta property=\"og:image:type\" content=\"image\/jpeg\" \/>\n<meta name=\"author\" content=\"Redaction\" \/>\n<meta name=\"twitter:card\" content=\"summary_large_image\" \/>\n<meta name=\"twitter:label1\" content=\"\u00c9crit par\" \/>\n\t<meta name=\"twitter:data1\" content=\"Redaction\" \/>\n\t<meta name=\"twitter:label2\" content=\"Dur\u00e9e de lecture estim\u00e9e\" \/>\n\t<meta name=\"twitter:data2\" content=\"2 minutes\" \/>\n<script type=\"application\/ld+json\" class=\"yoast-schema-graph\">{\"@context\":\"https:\\\/\\\/schema.org\",\"@graph\":[{\"@type\":\"Article\",\"@id\":\"https:\\\/\\\/lepatriotebenin.com\\\/index.php\\\/2025\\\/11\\\/17\\\/forces-armees-beninoises-73-nouveaux-officiers-consacres-a-allada\\\/#article\",\"isPartOf\":{\"@id\":\"https:\\\/\\\/lepatriotebenin.com\\\/index.php\\\/2025\\\/11\\\/17\\\/forces-armees-beninoises-73-nouveaux-officiers-consacres-a-allada\\\/\"},\"author\":{\"name\":\"Redaction\",\"@id\":\"https:\\\/\\\/lepatriotebenin.com\\\/#\\\/schema\\\/person\\\/2e7709b9c9cc313e452d1136af61690f\"},\"headline\":\"Forces Arm\u00e9es B\u00e9ninoises : 73 nouveaux Officiers consacr\u00e9s \u00e0 Allada\",\"datePublished\":\"2025-11-17T01:25:38+00:00\",\"mainEntityOfPage\":{\"@id\":\"https:\\\/\\\/lepatriotebenin.com\\\/index.php\\\/2025\\\/11\\\/17\\\/forces-armees-beninoises-73-nouveaux-officiers-consacres-a-allada\\\/\"},\"wordCount\":343,\"commentCount\":0,\"image\":{\"@id\":\"https:\\\/\\\/lepatriotebenin.com\\\/index.php\\\/2025\\\/11\\\/17\\\/forces-armees-beninoises-73-nouveaux-officiers-consacres-a-allada\\\/#primaryimage\"},\"thumbnailUrl\":\"https:\\\/\\\/lepatriotebenin.com\\\/wp-content\\\/uploads\\\/2025\\\/11\\\/officiers.jpg\",\"articleSection\":[\"Soci\u00e9t\u00e9\"],\"inLanguage\":\"fr-FR\",\"potentialAction\":[{\"@type\":\"CommentAction\",\"name\":\"Comment\",\"target\":[\"https:\\\/\\\/lepatriotebenin.com\\\/index.php\\\/2025\\\/11\\\/17\\\/forces-armees-beninoises-73-nouveaux-officiers-consacres-a-allada\\\/#respond\"]}]},{\"@type\":\"WebPage\",\"@id\":\"https:\\\/\\\/lepatriotebenin.com\\\/index.php\\\/2025\\\/11\\\/17\\\/forces-armees-beninoises-73-nouveaux-officiers-consacres-a-allada\\\/\",\"url\":\"https:\\\/\\\/lepatriotebenin.com\\\/index.php\\\/2025\\\/11\\\/17\\\/forces-armees-beninoises-73-nouveaux-officiers-consacres-a-allada\\\/\",\"name\":\"Forces Arm\u00e9es B\u00e9ninoises : 73 nouveaux Officiers consacr\u00e9s \u00e0 Allada - Le Patriote\",\"isPartOf\":{\"@id\":\"https:\\\/\\\/lepatriotebenin.com\\\/#website\"},\"primaryImageOfPage\":{\"@id\":\"https:\\\/\\\/lepatriotebenin.com\\\/index.php\\\/2025\\\/11\\\/17\\\/forces-armees-beninoises-73-nouveaux-officiers-consacres-a-allada\\\/#primaryimage\"},\"image\":{\"@id\":\"https:\\\/\\\/lepatriotebenin.com\\\/index.php\\\/2025\\\/11\\\/17\\\/forces-armees-beninoises-73-nouveaux-officiers-consacres-a-allada\\\/#primaryimage\"},\"thumbnailUrl\":\"https:\\\/\\\/lepatriotebenin.com\\\/wp-content\\\/uploads\\\/2025\\\/11\\\/officiers.jpg\",\"datePublished\":\"2025-11-17T01:25:38+00:00\",\"author\":{\"@id\":\"https:\\\/\\\/lepatriotebenin.com\\\/#\\\/schema\\\/person\\\/2e7709b9c9cc313e452d1136af61690f\"},\"breadcrumb\":{\"@id\":\"https:\\\/\\\/lepatriotebenin.com\\\/index.php\\\/2025\\\/11\\\/17\\\/forces-armees-beninoises-73-nouveaux-officiers-consacres-a-allada\\\/#breadcrumb\"},\"inLanguage\":\"fr-FR\",\"potentialAction\":[{\"@type\":\"ReadAction\",\"target\":[\"https:\\\/\\\/lepatriotebenin.com\\\/index.php\\\/2025\\\/11\\\/17\\\/forces-armees-beninoises-73-nouveaux-officiers-consacres-a-allada\\\/\"]}]},{\"@type\":\"ImageObject\",\"inLanguage\":\"fr-FR\",\"@id\":\"https:\\\/\\\/lepatriotebenin.com\\\/index.php\\\/2025\\\/11\\\/17\\\/forces-armees-beninoises-73-nouveaux-officiers-consacres-a-allada\\\/#primaryimage\",\"url\":\"https:\\\/\\\/lepatriotebenin.com\\\/wp-content\\\/uploads\\\/2025\\\/11\\\/officiers.jpg\",\"contentUrl\":\"https:\\\/\\\/lepatriotebenin.com\\\/wp-content\\\/uploads\\\/2025\\\/11\\\/officiers.jpg\",\"width\":1520,\"height\":1006},{\"@type\":\"BreadcrumbList\",\"@id\":\"https:\\\/\\\/lepatriotebenin.com\\\/index.php\\\/2025\\\/11\\\/17\\\/forces-armees-beninoises-73-nouveaux-officiers-consacres-a-allada\\\/#breadcrumb\",\"itemListElement\":[{\"@type\":\"ListItem\",\"position\":1,\"name\":\"Accueil\",\"item\":\"https:\\\/\\\/lepatriotebenin.com\\\/\"},{\"@type\":\"ListItem\",\"position\":2,\"name\":\"Forces Arm\u00e9es B\u00e9ninoises : 73 nouveaux Officiers consacr\u00e9s \u00e0 Allada\"}]},{\"@type\":\"WebSite\",\"@id\":\"https:\\\/\\\/lepatriotebenin.com\\\/#website\",\"url\":\"https:\\\/\\\/lepatriotebenin.com\\\/\",\"name\":\"Le Patriote\",\"description\":\"Le Patriote B\u00e9nin\",\"potentialAction\":[{\"@type\":\"SearchAction\",\"target\":{\"@type\":\"EntryPoint\",\"urlTemplate\":\"https:\\\/\\\/lepatriotebenin.com\\\/?s={search_term_string}\"},\"query-input\":{\"@type\":\"PropertyValueSpecification\",\"valueRequired\":true,\"valueName\":\"search_term_string\"}}],\"inLanguage\":\"fr-FR\"},{\"@type\":\"Person\",\"@id\":\"https:\\\/\\\/lepatriotebenin.com\\\/#\\\/schema\\\/person\\\/2e7709b9c9cc313e452d1136af61690f\",\"name\":\"Redaction\",\"image\":{\"@type\":\"ImageObject\",\"inLanguage\":\"fr-FR\",\"@id\":\"https:\\\/\\\/secure.gravatar.com\\\/avatar\\\/c4c509357859ea2ca2cbb6d8812898a73e4ef1ef9934c2e591d7e32face734d1?s=96&d=mm&r=g\",\"url\":\"https:\\\/\\\/secure.gravatar.com\\\/avatar\\\/c4c509357859ea2ca2cbb6d8812898a73e4ef1ef9934c2e591d7e32face734d1?s=96&d=mm&r=g\",\"contentUrl\":\"https:\\\/\\\/secure.gravatar.com\\\/avatar\\\/c4c509357859ea2ca2cbb6d8812898a73e4ef1ef9934c2e591d7e32face734d1?s=96&d=mm&r=g\",\"caption\":\"Redaction\"},\"url\":\"https:\\\/\\\/lepatriotebenin.com\"}]}<\/script>\n<!-- \/ Yoast SEO plugin. -->","yoast_head_json":{"title":"Forces Arm\u00e9es B\u00e9ninoises : 73 nouveaux Officiers consacr\u00e9s \u00e0 Allada - Le Patriote","robots":{"index":"index","follow":"follow","max-snippet":"max-snippet:-1","max-image-preview":"max-image-preview:large","max-video-preview":"max-video-preview:-1"},"canonical":"https:\/\/lepatriotebenin.com\/index.php\/2025\/11\/17\/forces-armees-beninoises-73-nouveaux-officiers-consacres-a-allada\/","og_locale":"fr_FR","og_type":"article","og_title":"Forces Arm\u00e9es B\u00e9ninoises : 73 nouveaux Officiers consacr\u00e9s \u00e0 Allada - Le Patriote","og_description":"La caserne militaire d\u2019Allada a servi, vendredi 14 novembre 2025, de cadre \u00e0 une double c\u00e9r\u00e9monie marquante. Il s&rsquo;agit de la cons\u00e9cration de 73 Officiers issus de la 17\u1d49 promotion&hellip;","og_url":"https:\/\/lepatriotebenin.com\/index.php\/2025\/11\/17\/forces-armees-beninoises-73-nouveaux-officiers-consacres-a-allada\/","og_site_name":"Le Patriote","article_published_time":"2025-11-17T01:25:38+00:00","og_image":[{"width":1520,"height":1006,"url":"https:\/\/lepatriotebenin.com\/wp-content\/uploads\/2025\/11\/officiers.jpg","type":"image\/jpeg"}],"author":"Redaction","twitter_card":"summary_large_image","twitter_misc":{"\u00c9crit par":"Redaction","Dur\u00e9e de lecture estim\u00e9e":"2 minutes"},"schema":{"@context":"https:\/\/schema.org","@graph":[{"@type":"Article","@id":"https:\/\/lepatriotebenin.com\/index.php\/2025\/11\/17\/forces-armees-beninoises-73-nouveaux-officiers-consacres-a-allada\/#article","isPartOf":{"@id":"https:\/\/lepatriotebenin.com\/index.php\/2025\/11\/17\/forces-armees-beninoises-73-nouveaux-officiers-consacres-a-allada\/"},"author":{"name":"Redaction","@id":"https:\/\/lepatriotebenin.com\/#\/schema\/person\/2e7709b9c9cc313e452d1136af61690f"},"headline":"Forces Arm\u00e9es B\u00e9ninoises : 73 nouveaux Officiers consacr\u00e9s \u00e0 Allada","datePublished":"2025-11-17T01:25:38+00:00","mainEntityOfPage":{"@id":"https:\/\/lepatriotebenin.com\/index.php\/2025\/11\/17\/forces-armees-beninoises-73-nouveaux-officiers-consacres-a-allada\/"},"wordCount":343,"commentCount":0,"image":{"@id":"https:\/\/lepatriotebenin.com\/index.php\/2025\/11\/17\/forces-armees-beninoises-73-nouveaux-officiers-consacres-a-allada\/#primaryimage"},"thumbnailUrl":"https:\/\/lepatriotebenin.com\/wp-content\/uploads\/2025\/11\/officiers.jpg","articleSection":["Soci\u00e9t\u00e9"],"inLanguage":"fr-FR","potentialAction":[{"@type":"CommentAction","name":"Comment","target":["https:\/\/lepatriotebenin.com\/index.php\/2025\/11\/17\/forces-armees-beninoises-73-nouveaux-officiers-consacres-a-allada\/#respond"]}]},{"@type":"WebPage","@id":"https:\/\/lepatriotebenin.com\/index.php\/2025\/11\/17\/forces-armees-beninoises-73-nouveaux-officiers-consacres-a-allada\/","url":"https:\/\/lepatriotebenin.com\/index.php\/2025\/11\/17\/forces-armees-beninoises-73-nouveaux-officiers-consacres-a-allada\/","name":"Forces Arm\u00e9es B\u00e9ninoises : 73 nouveaux Officiers consacr\u00e9s \u00e0 Allada - Le Patriote","isPartOf":{"@id":"https:\/\/lepatriotebenin.com\/#website"},"primaryImageOfPage":{"@id":"https:\/\/lepatriotebenin.com\/index.php\/2025\/11\/17\/forces-armees-beninoises-73-nouveaux-officiers-consacres-a-allada\/#primaryimage"},"image":{"@id":"https:\/\/lepatriotebenin.com\/index.php\/2025\/11\/17\/forces-armees-beninoises-73-nouveaux-officiers-consacres-a-allada\/#primaryimage"},"thumbnailUrl":"https:\/\/lepatriotebenin.com\/wp-content\/uploads\/2025\/11\/officiers.jpg","datePublished":"2025-11-17T01:25:38+00:00","author":{"@id":"https:\/\/lepatriotebenin.com\/#\/schema\/person\/2e7709b9c9cc313e452d1136af61690f"},"breadcrumb":{"@id":"https:\/\/lepatriotebenin.com\/index.php\/2025\/11\/17\/forces-armees-beninoises-73-nouveaux-officiers-consacres-a-allada\/#breadcrumb"},"inLanguage":"fr-FR","potentialAction":[{"@type":"ReadAction","target":["https:\/\/lepatriotebenin.com\/index.php\/2025\/11\/17\/forces-armees-beninoises-73-nouveaux-officiers-consacres-a-allada\/"]}]},{"@type":"ImageObject","inLanguage":"fr-FR","@id":"https:\/\/lepatriotebenin.com\/index.php\/2025\/11\/17\/forces-armees-beninoises-73-nouveaux-officiers-consacres-a-allada\/#primaryimage","url":"https:\/\/lepatriotebenin.com\/wp-content\/uploads\/2025\/11\/officiers.jpg","contentUrl":"https:\/\/lepatriotebenin.com\/wp-content\/uploads\/2025\/11\/officiers.jpg","width":1520,"height":1006},{"@type":"BreadcrumbList","@id":"https:\/\/lepatriotebenin.com\/index.php\/2025\/11\/17\/forces-armees-beninoises-73-nouveaux-officiers-consacres-a-allada\/#breadcrumb","itemListElement":[{"@type":"ListItem","position":1,"name":"Accueil","item":"https:\/\/lepatriotebenin.com\/"},{"@type":"ListItem","position":2,"name":"Forces Arm\u00e9es B\u00e9ninoises : 73 nouveaux Officiers consacr\u00e9s \u00e0 Allada"}]},{"@type":"WebSite","@id":"https:\/\/lepatriotebenin.com\/#website","url":"https:\/\/lepatriotebenin.com\/","name":"Le Patriote","description":"Le Patriote B\u00e9nin","potentialAction":[{"@type":"SearchAction","target":{"@type":"EntryPoint","urlTemplate":"https:\/\/lepatriotebenin.com\/?s={search_term_string}"},"query-input":{"@type":"PropertyValueSpecification","valueRequired":true,"valueName":"search_term_string"}}],"inLanguage":"fr-FR"},{"@type":"Person","@id":"https:\/\/lepatriotebenin.com\/#\/schema\/person\/2e7709b9c9cc313e452d1136af61690f","name":"Redaction","image":{"@type":"ImageObject","inLanguage":"fr-FR","@id":"https:\/\/secure.gravatar.com\/avatar\/c4c509357859ea2ca2cbb6d8812898a73e4ef1ef9934c2e591d7e32face734d1?s=96&d=mm&r=g","url":"https:\/\/secure.gravatar.com\/avatar\/c4c509357859ea2ca2cbb6d8812898a73e4ef1ef9934c2e591d7e32face734d1?s=96&d=mm&r=g","contentUrl":"https:\/\/secure.gravatar.com\/avatar\/c4c509357859ea2ca2cbb6d8812898a73e4ef1ef9934c2e591d7e32face734d1?s=96&d=mm&r=g","caption":"Redaction"},"url":"https:\/\/lepatriotebenin.com"}]}},"_links":{"self":[{"href":"https:\/\/lepatriotebenin.com\/index.php\/wp-json\/wp\/v2\/posts\/15195","targetHints":{"allow":["GET"]}}],"collection":[{"href":"https:\/\/lepatriotebenin.com\/index.php\/wp-json\/wp\/v2\/posts"}],"about":[{"href":"https:\/\/lepatriotebenin.com\/index.php\/wp-json\/wp\/v2\/types\/post"}],"author":[{"embeddable":true,"href":"https:\/\/lepatriotebenin.com\/index.php\/wp-json\/wp\/v2\/users\/5"}],"replies":[{"embeddable":true,"href":"https:\/\/lepatriotebenin.com\/index.php\/wp-json\/wp\/v2\/comments?post=15195"}],"version-history":[{"count":1,"href":"https:\/\/lepatriotebenin.com\/index.php\/wp-json\/wp\/v2\/posts\/15195\/revisions"}],"predecessor-version":[{"id":15197,"href":"https:\/\/lepatriotebenin.com\/index.php\/wp-json\/wp\/v2\/posts\/15195\/revisions\/15197"}],"wp:featuredmedia":[{"embeddable":true,"href":"https:\/\/lepatriotebenin.com\/index.php\/wp-json\/wp\/v2\/media\/15196"}],"wp:attachment":[{"href":"https:\/\/lepatriotebenin.com\/index.php\/wp-json\/wp\/v2\/media?parent=15195"}],"wp:term":[{"taxonomy":"category","embeddable":true,"href":"https:\/\/lepatriotebenin.com\/index.php\/wp-json\/wp\/v2\/categories?post=15195"},{"taxonomy":"post_tag","embeddable":true,"href":"https:\/\/lepatriotebenin.com\/index.php\/wp-json\/wp\/v2\/tags?post=15195"}],"curies":[{"name":"wp","href":"https:\/\/api.w.org\/{rel}","templated":true}]}}