{"id":15192,"date":"2025-11-17T02:22:51","date_gmt":"2025-11-17T01:22:51","guid":{"rendered":"https:\/\/lepatriotebenin.com\/?p=15192"},"modified":"2025-11-17T02:22:51","modified_gmt":"2025-11-17T01:22:51","slug":"gastronomie-au-plan-mondial-keith-sonon-vise-un-record-culinaire-historique","status":"publish","type":"post","link":"https:\/\/lepatriotebenin.com\/index.php\/2025\/11\/17\/gastronomie-au-plan-mondial-keith-sonon-vise-un-record-culinaire-historique\/","title":{"rendered":"Gastronomie au plan mondial : Keith Sonon vise un record culinaire historique"},"content":{"rendered":"<p><strong>(La cheffe b\u00e9ninoise ambitionne de d\u00e9crocher le Guinness World Record du plus long marathon culinaire)<\/strong><\/p>\n<p><em><strong>La cheffe b\u00e9ninoise Keith Sonon s\u2019appr\u00eate \u00e0 relever un d\u00e9fi hors norme. Il s&rsquo;agit de cuisiner sans interruption pendant au moins 15 jours pour offrir au B\u00e9nin son tout premier record culinaire mondial. Entre endurance, patriotisme et passion, \u201cl\u2019Amazone en Cheffe\u201d veut hisser la gastronomie b\u00e9ninoise au sommet.<\/strong><\/em><\/p>\n<p>La sc\u00e8ne culinaire b\u00e9ninoise s\u2019appr\u00eate \u00e0 entrer dans l\u2019histoire. Avec d\u00e9termination et une fiert\u00e9 patriotique assum\u00e9e, la cheffe Keith Sonon annonce son ambition de d\u00e9crocher le Guinness World Record du plus long marathon culinaire. Pendant au moins quinze jours, elle restera derri\u00e8re les fourneaux, dans une d\u00e9monstration d\u2019endurance et de ma\u00eetrise qui promet de captiver l\u2019attention nationale et internationale. \u00ab Je prends aujourd\u2019hui la parole avec une immense fiert\u00e9 \u00bb, d\u00e9clare la cheffe, consciente de la port\u00e9e symbolique de son engagement. Repr\u00e9sentant le B\u00e9nin dans ce d\u00e9fi titanesque, elle entend mettre en lumi\u00e8re non seulement son talent, mais \u00e9galement la cr\u00e9ativit\u00e9 et la rigueur de la jeunesse b\u00e9ninoise.<\/p>\n<p>En effet, depuis plusieurs mois, Keith Sonon s\u2019entra\u00eene avec discipline pour affronter les exigences physiques et mentales que requiert un marathon culinaire de cette ampleur. Pour elle, chaque plat pr\u00e9par\u00e9 sera un message ; celui d\u2019un pays riche de traditions, d\u2019une gastronomie authentique et d\u2019une d\u00e9termination inflexible. Derri\u00e8re \u201cL\u2019Amazone en Cheffe\u201d, c\u2019est tout un peuple qui se reconna\u00eet. \u00ab Ce record ne sera pas seulement le mien, mais celui de tout un pays \u00bb, affirme-t-elle. C\u2019est un appel \u00e0 la mobilisation que l&rsquo;on peut suivre, partager, encourager, prier, et surtout croire en la r\u00e9ussite de ce projet in\u00e9dit.<\/p>\n<p>Ce d\u00e9fi, au-del\u00e0 de la performance individuelle, ambitionne de projeter la cuisine b\u00e9ninoise sur la carte mondiale et de montrer que l\u2019excellence nationale peut rivaliser avec les plus grands exploits internationaux. Le compte \u00e0 rebours est lanc\u00e9 d\u00e9j\u00e0 \u00e0 partir de ce 1er d\u00e9cembre. Le monde regarde, et le B\u00e9nin s\u2019appr\u00eate \u00e0 briller.<\/p>\n<p><strong>Gildas AHOGNI<\/strong><\/p>\n","protected":false},"excerpt":{"rendered":"<p>(La cheffe b\u00e9ninoise ambitionne de d\u00e9crocher le Guinness World Record du plus long marathon culinaire) La cheffe b\u00e9ninoise Keith Sonon s\u2019appr\u00eate \u00e0 relever un d\u00e9fi hors norme. Il s&rsquo;agit de&hellip;<\/p>\n","protected":false},"author":5,"featured_media":15193,"comment_status":"open","ping_status":"open","sticky":false,"template":"","format":"standard","meta":{"content-type":"","om_disable_all_campaigns":false,"_monsterinsights_skip_tracking":false,"_monsterinsights_sitenote_active":false,"_monsterinsights_sitenote_note":"","_monsterinsights_sitenote_category":0,"_uf_show_specific_survey":0,"_uf_disable_surveys":false,"footnotes":""},"categories":[20],"tags":[],"class_list":["post-15192","post","type-post","status-publish","format-standard","has-post-thumbnail","hentry","category-societe"],"aioseo_notices":[],"yoast_head":"<!-- This site is optimized with the Yoast SEO plugin v27.5 - https:\/\/yoast.com\/product\/yoast-seo-wordpress\/ -->\n<title>Gastronomie au plan mondial : Keith Sonon vise un record culinaire historique - Le Patriote<\/title>\n<meta name=\"robots\" content=\"index, follow, max-snippet:-1, max-image-preview:large, max-video-preview:-1\" \/>\n<link rel=\"canonical\" href=\"https:\/\/lepatriotebenin.com\/index.php\/2025\/11\/17\/gastronomie-au-plan-mondial-keith-sonon-vise-un-record-culinaire-historique\/\" \/>\n<meta property=\"og:locale\" content=\"fr_FR\" \/>\n<meta property=\"og:type\" content=\"article\" \/>\n<meta property=\"og:title\" content=\"Gastronomie au plan mondial : Keith Sonon vise un record culinaire historique - Le Patriote\" \/>\n<meta property=\"og:description\" content=\"(La cheffe b\u00e9ninoise ambitionne de d\u00e9crocher le Guinness World Record du plus long marathon culinaire) La cheffe b\u00e9ninoise Keith Sonon s\u2019appr\u00eate \u00e0 relever un d\u00e9fi hors norme. Il s&rsquo;agit de&hellip;\" \/>\n<meta property=\"og:url\" content=\"https:\/\/lepatriotebenin.com\/index.php\/2025\/11\/17\/gastronomie-au-plan-mondial-keith-sonon-vise-un-record-culinaire-historique\/\" \/>\n<meta property=\"og:site_name\" content=\"Le Patriote\" \/>\n<meta property=\"article:published_time\" content=\"2025-11-17T01:22:51+00:00\" \/>\n<meta property=\"og:image\" content=\"https:\/\/lepatriotebenin.com\/wp-content\/uploads\/2025\/11\/gastronomie.jpg\" \/>\n\t<meta property=\"og:image:width\" content=\"720\" \/>\n\t<meta property=\"og:image:height\" content=\"900\" \/>\n\t<meta property=\"og:image:type\" content=\"image\/jpeg\" \/>\n<meta name=\"author\" content=\"Redaction\" \/>\n<meta name=\"twitter:card\" content=\"summary_large_image\" \/>\n<meta name=\"twitter:label1\" content=\"\u00c9crit par\" \/>\n\t<meta name=\"twitter:data1\" content=\"Redaction\" \/>\n\t<meta name=\"twitter:label2\" content=\"Dur\u00e9e de lecture estim\u00e9e\" \/>\n\t<meta name=\"twitter:data2\" content=\"2 minutes\" \/>\n<script type=\"application\/ld+json\" class=\"yoast-schema-graph\">{\"@context\":\"https:\\\/\\\/schema.org\",\"@graph\":[{\"@type\":\"Article\",\"@id\":\"https:\\\/\\\/lepatriotebenin.com\\\/index.php\\\/2025\\\/11\\\/17\\\/gastronomie-au-plan-mondial-keith-sonon-vise-un-record-culinaire-historique\\\/#article\",\"isPartOf\":{\"@id\":\"https:\\\/\\\/lepatriotebenin.com\\\/index.php\\\/2025\\\/11\\\/17\\\/gastronomie-au-plan-mondial-keith-sonon-vise-un-record-culinaire-historique\\\/\"},\"author\":{\"name\":\"Redaction\",\"@id\":\"https:\\\/\\\/lepatriotebenin.com\\\/#\\\/schema\\\/person\\\/2e7709b9c9cc313e452d1136af61690f\"},\"headline\":\"Gastronomie au plan mondial : Keith Sonon vise un record culinaire historique\",\"datePublished\":\"2025-11-17T01:22:51+00:00\",\"mainEntityOfPage\":{\"@id\":\"https:\\\/\\\/lepatriotebenin.com\\\/index.php\\\/2025\\\/11\\\/17\\\/gastronomie-au-plan-mondial-keith-sonon-vise-un-record-culinaire-historique\\\/\"},\"wordCount\":378,\"commentCount\":0,\"image\":{\"@id\":\"https:\\\/\\\/lepatriotebenin.com\\\/index.php\\\/2025\\\/11\\\/17\\\/gastronomie-au-plan-mondial-keith-sonon-vise-un-record-culinaire-historique\\\/#primaryimage\"},\"thumbnailUrl\":\"https:\\\/\\\/lepatriotebenin.com\\\/wp-content\\\/uploads\\\/2025\\\/11\\\/gastronomie.jpg\",\"articleSection\":[\"Soci\u00e9t\u00e9\"],\"inLanguage\":\"fr-FR\",\"potentialAction\":[{\"@type\":\"CommentAction\",\"name\":\"Comment\",\"target\":[\"https:\\\/\\\/lepatriotebenin.com\\\/index.php\\\/2025\\\/11\\\/17\\\/gastronomie-au-plan-mondial-keith-sonon-vise-un-record-culinaire-historique\\\/#respond\"]}]},{\"@type\":\"WebPage\",\"@id\":\"https:\\\/\\\/lepatriotebenin.com\\\/index.php\\\/2025\\\/11\\\/17\\\/gastronomie-au-plan-mondial-keith-sonon-vise-un-record-culinaire-historique\\\/\",\"url\":\"https:\\\/\\\/lepatriotebenin.com\\\/index.php\\\/2025\\\/11\\\/17\\\/gastronomie-au-plan-mondial-keith-sonon-vise-un-record-culinaire-historique\\\/\",\"name\":\"Gastronomie au plan mondial : Keith Sonon vise un record culinaire historique - Le Patriote\",\"isPartOf\":{\"@id\":\"https:\\\/\\\/lepatriotebenin.com\\\/#website\"},\"primaryImageOfPage\":{\"@id\":\"https:\\\/\\\/lepatriotebenin.com\\\/index.php\\\/2025\\\/11\\\/17\\\/gastronomie-au-plan-mondial-keith-sonon-vise-un-record-culinaire-historique\\\/#primaryimage\"},\"image\":{\"@id\":\"https:\\\/\\\/lepatriotebenin.com\\\/index.php\\\/2025\\\/11\\\/17\\\/gastronomie-au-plan-mondial-keith-sonon-vise-un-record-culinaire-historique\\\/#primaryimage\"},\"thumbnailUrl\":\"https:\\\/\\\/lepatriotebenin.com\\\/wp-content\\\/uploads\\\/2025\\\/11\\\/gastronomie.jpg\",\"datePublished\":\"2025-11-17T01:22:51+00:00\",\"author\":{\"@id\":\"https:\\\/\\\/lepatriotebenin.com\\\/#\\\/schema\\\/person\\\/2e7709b9c9cc313e452d1136af61690f\"},\"breadcrumb\":{\"@id\":\"https:\\\/\\\/lepatriotebenin.com\\\/index.php\\\/2025\\\/11\\\/17\\\/gastronomie-au-plan-mondial-keith-sonon-vise-un-record-culinaire-historique\\\/#breadcrumb\"},\"inLanguage\":\"fr-FR\",\"potentialAction\":[{\"@type\":\"ReadAction\",\"target\":[\"https:\\\/\\\/lepatriotebenin.com\\\/index.php\\\/2025\\\/11\\\/17\\\/gastronomie-au-plan-mondial-keith-sonon-vise-un-record-culinaire-historique\\\/\"]}]},{\"@type\":\"ImageObject\",\"inLanguage\":\"fr-FR\",\"@id\":\"https:\\\/\\\/lepatriotebenin.com\\\/index.php\\\/2025\\\/11\\\/17\\\/gastronomie-au-plan-mondial-keith-sonon-vise-un-record-culinaire-historique\\\/#primaryimage\",\"url\":\"https:\\\/\\\/lepatriotebenin.com\\\/wp-content\\\/uploads\\\/2025\\\/11\\\/gastronomie.jpg\",\"contentUrl\":\"https:\\\/\\\/lepatriotebenin.com\\\/wp-content\\\/uploads\\\/2025\\\/11\\\/gastronomie.jpg\",\"width\":720,\"height\":900},{\"@type\":\"BreadcrumbList\",\"@id\":\"https:\\\/\\\/lepatriotebenin.com\\\/index.php\\\/2025\\\/11\\\/17\\\/gastronomie-au-plan-mondial-keith-sonon-vise-un-record-culinaire-historique\\\/#breadcrumb\",\"itemListElement\":[{\"@type\":\"ListItem\",\"position\":1,\"name\":\"Accueil\",\"item\":\"https:\\\/\\\/lepatriotebenin.com\\\/\"},{\"@type\":\"ListItem\",\"position\":2,\"name\":\"Gastronomie au plan mondial : Keith Sonon vise un record culinaire historique\"}]},{\"@type\":\"WebSite\",\"@id\":\"https:\\\/\\\/lepatriotebenin.com\\\/#website\",\"url\":\"https:\\\/\\\/lepatriotebenin.com\\\/\",\"name\":\"Le Patriote\",\"description\":\"Le Patriote B\u00e9nin\",\"potentialAction\":[{\"@type\":\"SearchAction\",\"target\":{\"@type\":\"EntryPoint\",\"urlTemplate\":\"https:\\\/\\\/lepatriotebenin.com\\\/?s={search_term_string}\"},\"query-input\":{\"@type\":\"PropertyValueSpecification\",\"valueRequired\":true,\"valueName\":\"search_term_string\"}}],\"inLanguage\":\"fr-FR\"},{\"@type\":\"Person\",\"@id\":\"https:\\\/\\\/lepatriotebenin.com\\\/#\\\/schema\\\/person\\\/2e7709b9c9cc313e452d1136af61690f\",\"name\":\"Redaction\",\"image\":{\"@type\":\"ImageObject\",\"inLanguage\":\"fr-FR\",\"@id\":\"https:\\\/\\\/secure.gravatar.com\\\/avatar\\\/c4c509357859ea2ca2cbb6d8812898a73e4ef1ef9934c2e591d7e32face734d1?s=96&d=mm&r=g\",\"url\":\"https:\\\/\\\/secure.gravatar.com\\\/avatar\\\/c4c509357859ea2ca2cbb6d8812898a73e4ef1ef9934c2e591d7e32face734d1?s=96&d=mm&r=g\",\"contentUrl\":\"https:\\\/\\\/secure.gravatar.com\\\/avatar\\\/c4c509357859ea2ca2cbb6d8812898a73e4ef1ef9934c2e591d7e32face734d1?s=96&d=mm&r=g\",\"caption\":\"Redaction\"},\"url\":\"https:\\\/\\\/lepatriotebenin.com\"}]}<\/script>\n<!-- \/ Yoast SEO plugin. -->","yoast_head_json":{"title":"Gastronomie au plan mondial : Keith Sonon vise un record culinaire historique - Le Patriote","robots":{"index":"index","follow":"follow","max-snippet":"max-snippet:-1","max-image-preview":"max-image-preview:large","max-video-preview":"max-video-preview:-1"},"canonical":"https:\/\/lepatriotebenin.com\/index.php\/2025\/11\/17\/gastronomie-au-plan-mondial-keith-sonon-vise-un-record-culinaire-historique\/","og_locale":"fr_FR","og_type":"article","og_title":"Gastronomie au plan mondial : Keith Sonon vise un record culinaire historique - Le Patriote","og_description":"(La cheffe b\u00e9ninoise ambitionne de d\u00e9crocher le Guinness World Record du plus long marathon culinaire) La cheffe b\u00e9ninoise Keith Sonon s\u2019appr\u00eate \u00e0 relever un d\u00e9fi hors norme. Il s&rsquo;agit de&hellip;","og_url":"https:\/\/lepatriotebenin.com\/index.php\/2025\/11\/17\/gastronomie-au-plan-mondial-keith-sonon-vise-un-record-culinaire-historique\/","og_site_name":"Le Patriote","article_published_time":"2025-11-17T01:22:51+00:00","og_image":[{"width":720,"height":900,"url":"https:\/\/lepatriotebenin.com\/wp-content\/uploads\/2025\/11\/gastronomie.jpg","type":"image\/jpeg"}],"author":"Redaction","twitter_card":"summary_large_image","twitter_misc":{"\u00c9crit par":"Redaction","Dur\u00e9e de lecture estim\u00e9e":"2 minutes"},"schema":{"@context":"https:\/\/schema.org","@graph":[{"@type":"Article","@id":"https:\/\/lepatriotebenin.com\/index.php\/2025\/11\/17\/gastronomie-au-plan-mondial-keith-sonon-vise-un-record-culinaire-historique\/#article","isPartOf":{"@id":"https:\/\/lepatriotebenin.com\/index.php\/2025\/11\/17\/gastronomie-au-plan-mondial-keith-sonon-vise-un-record-culinaire-historique\/"},"author":{"name":"Redaction","@id":"https:\/\/lepatriotebenin.com\/#\/schema\/person\/2e7709b9c9cc313e452d1136af61690f"},"headline":"Gastronomie au plan mondial : Keith Sonon vise un record culinaire historique","datePublished":"2025-11-17T01:22:51+00:00","mainEntityOfPage":{"@id":"https:\/\/lepatriotebenin.com\/index.php\/2025\/11\/17\/gastronomie-au-plan-mondial-keith-sonon-vise-un-record-culinaire-historique\/"},"wordCount":378,"commentCount":0,"image":{"@id":"https:\/\/lepatriotebenin.com\/index.php\/2025\/11\/17\/gastronomie-au-plan-mondial-keith-sonon-vise-un-record-culinaire-historique\/#primaryimage"},"thumbnailUrl":"https:\/\/lepatriotebenin.com\/wp-content\/uploads\/2025\/11\/gastronomie.jpg","articleSection":["Soci\u00e9t\u00e9"],"inLanguage":"fr-FR","potentialAction":[{"@type":"CommentAction","name":"Comment","target":["https:\/\/lepatriotebenin.com\/index.php\/2025\/11\/17\/gastronomie-au-plan-mondial-keith-sonon-vise-un-record-culinaire-historique\/#respond"]}]},{"@type":"WebPage","@id":"https:\/\/lepatriotebenin.com\/index.php\/2025\/11\/17\/gastronomie-au-plan-mondial-keith-sonon-vise-un-record-culinaire-historique\/","url":"https:\/\/lepatriotebenin.com\/index.php\/2025\/11\/17\/gastronomie-au-plan-mondial-keith-sonon-vise-un-record-culinaire-historique\/","name":"Gastronomie au plan mondial : Keith Sonon vise un record culinaire historique - Le Patriote","isPartOf":{"@id":"https:\/\/lepatriotebenin.com\/#website"},"primaryImageOfPage":{"@id":"https:\/\/lepatriotebenin.com\/index.php\/2025\/11\/17\/gastronomie-au-plan-mondial-keith-sonon-vise-un-record-culinaire-historique\/#primaryimage"},"image":{"@id":"https:\/\/lepatriotebenin.com\/index.php\/2025\/11\/17\/gastronomie-au-plan-mondial-keith-sonon-vise-un-record-culinaire-historique\/#primaryimage"},"thumbnailUrl":"https:\/\/lepatriotebenin.com\/wp-content\/uploads\/2025\/11\/gastronomie.jpg","datePublished":"2025-11-17T01:22:51+00:00","author":{"@id":"https:\/\/lepatriotebenin.com\/#\/schema\/person\/2e7709b9c9cc313e452d1136af61690f"},"breadcrumb":{"@id":"https:\/\/lepatriotebenin.com\/index.php\/2025\/11\/17\/gastronomie-au-plan-mondial-keith-sonon-vise-un-record-culinaire-historique\/#breadcrumb"},"inLanguage":"fr-FR","potentialAction":[{"@type":"ReadAction","target":["https:\/\/lepatriotebenin.com\/index.php\/2025\/11\/17\/gastronomie-au-plan-mondial-keith-sonon-vise-un-record-culinaire-historique\/"]}]},{"@type":"ImageObject","inLanguage":"fr-FR","@id":"https:\/\/lepatriotebenin.com\/index.php\/2025\/11\/17\/gastronomie-au-plan-mondial-keith-sonon-vise-un-record-culinaire-historique\/#primaryimage","url":"https:\/\/lepatriotebenin.com\/wp-content\/uploads\/2025\/11\/gastronomie.jpg","contentUrl":"https:\/\/lepatriotebenin.com\/wp-content\/uploads\/2025\/11\/gastronomie.jpg","width":720,"height":900},{"@type":"BreadcrumbList","@id":"https:\/\/lepatriotebenin.com\/index.php\/2025\/11\/17\/gastronomie-au-plan-mondial-keith-sonon-vise-un-record-culinaire-historique\/#breadcrumb","itemListElement":[{"@type":"ListItem","position":1,"name":"Accueil","item":"https:\/\/lepatriotebenin.com\/"},{"@type":"ListItem","position":2,"name":"Gastronomie au plan mondial : Keith Sonon vise un record culinaire historique"}]},{"@type":"WebSite","@id":"https:\/\/lepatriotebenin.com\/#website","url":"https:\/\/lepatriotebenin.com\/","name":"Le Patriote","description":"Le Patriote B\u00e9nin","potentialAction":[{"@type":"SearchAction","target":{"@type":"EntryPoint","urlTemplate":"https:\/\/lepatriotebenin.com\/?s={search_term_string}"},"query-input":{"@type":"PropertyValueSpecification","valueRequired":true,"valueName":"search_term_string"}}],"inLanguage":"fr-FR"},{"@type":"Person","@id":"https:\/\/lepatriotebenin.com\/#\/schema\/person\/2e7709b9c9cc313e452d1136af61690f","name":"Redaction","image":{"@type":"ImageObject","inLanguage":"fr-FR","@id":"https:\/\/secure.gravatar.com\/avatar\/c4c509357859ea2ca2cbb6d8812898a73e4ef1ef9934c2e591d7e32face734d1?s=96&d=mm&r=g","url":"https:\/\/secure.gravatar.com\/avatar\/c4c509357859ea2ca2cbb6d8812898a73e4ef1ef9934c2e591d7e32face734d1?s=96&d=mm&r=g","contentUrl":"https:\/\/secure.gravatar.com\/avatar\/c4c509357859ea2ca2cbb6d8812898a73e4ef1ef9934c2e591d7e32face734d1?s=96&d=mm&r=g","caption":"Redaction"},"url":"https:\/\/lepatriotebenin.com"}]}},"_links":{"self":[{"href":"https:\/\/lepatriotebenin.com\/index.php\/wp-json\/wp\/v2\/posts\/15192","targetHints":{"allow":["GET"]}}],"collection":[{"href":"https:\/\/lepatriotebenin.com\/index.php\/wp-json\/wp\/v2\/posts"}],"about":[{"href":"https:\/\/lepatriotebenin.com\/index.php\/wp-json\/wp\/v2\/types\/post"}],"author":[{"embeddable":true,"href":"https:\/\/lepatriotebenin.com\/index.php\/wp-json\/wp\/v2\/users\/5"}],"replies":[{"embeddable":true,"href":"https:\/\/lepatriotebenin.com\/index.php\/wp-json\/wp\/v2\/comments?post=15192"}],"version-history":[{"count":1,"href":"https:\/\/lepatriotebenin.com\/index.php\/wp-json\/wp\/v2\/posts\/15192\/revisions"}],"predecessor-version":[{"id":15194,"href":"https:\/\/lepatriotebenin.com\/index.php\/wp-json\/wp\/v2\/posts\/15192\/revisions\/15194"}],"wp:featuredmedia":[{"embeddable":true,"href":"https:\/\/lepatriotebenin.com\/index.php\/wp-json\/wp\/v2\/media\/15193"}],"wp:attachment":[{"href":"https:\/\/lepatriotebenin.com\/index.php\/wp-json\/wp\/v2\/media?parent=15192"}],"wp:term":[{"taxonomy":"category","embeddable":true,"href":"https:\/\/lepatriotebenin.com\/index.php\/wp-json\/wp\/v2\/categories?post=15192"},{"taxonomy":"post_tag","embeddable":true,"href":"https:\/\/lepatriotebenin.com\/index.php\/wp-json\/wp\/v2\/tags?post=15192"}],"curies":[{"name":"wp","href":"https:\/\/api.w.org\/{rel}","templated":true}]}}