{"id":15148,"date":"2025-11-14T15:16:36","date_gmt":"2025-11-14T14:16:36","guid":{"rendered":"https:\/\/lepatriotebenin.com\/?p=15148"},"modified":"2025-11-14T15:16:36","modified_gmt":"2025-11-14T14:16:36","slug":"communales-2026-la-cour-supreme-rejette-le-recours-des-ld-et-confirme-la-decision-de-la-cena","status":"publish","type":"post","link":"https:\/\/lepatriotebenin.com\/index.php\/2025\/11\/14\/communales-2026-la-cour-supreme-rejette-le-recours-des-ld-et-confirme-la-decision-de-la-cena\/","title":{"rendered":"Communales 2026 : La Cour supr\u00eame rejette le recours des LD et confirme la d\u00e9cision de la CENA"},"content":{"rendered":"<p>Apr\u00e8s\u00a0 la pr\u00e9sidentielle 2026, Les\u00a0 D\u00e9mocrates sont d\u00e9finitivement exclus des \u00e9lections communales\u00a0 et municipales de 2026. C\u2019est \u00e0 travers la d\u00e9cision\u00a0 rendue\u00a0 ce<strong> vendredi 14\u00a0 novembre 2025\u00a0<\/strong> par\u00a0 la Cour supr\u00eame suite \u00e0\u00a0 un recours formul\u00e9\u00a0 par \u00a0le parti d\u2019opposition Les D\u00e9mocrates (LD) pour contester la d\u00e9cision de la Commission \u00e9lectorale nationale autonome (CENA) relative au rejet de ses listes de candidature pour les \u00e9lections communales de janvier 2026. Dans sa d\u00e9cision, la cour supr\u00eame d\u00e9boute \u2018\u2018Les D\u00e9mocrates\u2019\u2019 et confirme la d\u00e9cision de la CENA.<\/p>\n<p>Il faut rappeler\u00a0 que c\u2019est les partis Union Progressiste Le Renouveau (UP-R) , Bloc R\u00e9publicain (BR)et Force Cauris pour un B\u00e9nin Emergent ( FCBE) qui sont retenus par la CENA\u00a0 pour prendre part\u00a0 aux \u00a0\u00e9lections communales et municipales de janvier 2026 .<\/p>\n","protected":false},"excerpt":{"rendered":"<p>Apr\u00e8s\u00a0 la pr\u00e9sidentielle 2026, Les\u00a0 D\u00e9mocrates sont d\u00e9finitivement exclus des \u00e9lections communales\u00a0 et municipales de 2026. C\u2019est \u00e0 travers la d\u00e9cision\u00a0 rendue\u00a0 ce vendredi 14\u00a0 novembre 2025\u00a0 par\u00a0 la Cour&hellip;<\/p>\n","protected":false},"author":6,"featured_media":14872,"comment_status":"open","ping_status":"open","sticky":false,"template":"","format":"standard","meta":{"content-type":"","om_disable_all_campaigns":false,"_monsterinsights_skip_tracking":false,"_monsterinsights_sitenote_active":false,"_monsterinsights_sitenote_note":"","_monsterinsights_sitenote_category":0,"_uf_show_specific_survey":0,"_uf_disable_surveys":false,"footnotes":""},"categories":[26],"tags":[],"class_list":["post-15148","post","type-post","status-publish","format-standard","has-post-thumbnail","hentry","category-politique"],"aioseo_notices":[],"yoast_head":"<!-- This site is optimized with the Yoast SEO plugin v27.5 - https:\/\/yoast.com\/product\/yoast-seo-wordpress\/ -->\n<title>Communales 2026 : La Cour supr\u00eame rejette le recours des LD et confirme la d\u00e9cision de la CENA - Le Patriote<\/title>\n<meta name=\"robots\" content=\"index, follow, max-snippet:-1, max-image-preview:large, max-video-preview:-1\" \/>\n<link rel=\"canonical\" href=\"https:\/\/lepatriotebenin.com\/index.php\/2025\/11\/14\/communales-2026-la-cour-supreme-rejette-le-recours-des-ld-et-confirme-la-decision-de-la-cena\/\" \/>\n<meta property=\"og:locale\" content=\"fr_FR\" \/>\n<meta property=\"og:type\" content=\"article\" \/>\n<meta property=\"og:title\" content=\"Communales 2026 : La Cour supr\u00eame rejette le recours des LD et confirme la d\u00e9cision de la CENA - Le Patriote\" \/>\n<meta property=\"og:description\" content=\"Apr\u00e8s\u00a0 la pr\u00e9sidentielle 2026, Les\u00a0 D\u00e9mocrates sont d\u00e9finitivement exclus des \u00e9lections communales\u00a0 et municipales de 2026. C\u2019est \u00e0 travers la d\u00e9cision\u00a0 rendue\u00a0 ce vendredi 14\u00a0 novembre 2025\u00a0 par\u00a0 la Cour&hellip;\" \/>\n<meta property=\"og:url\" content=\"https:\/\/lepatriotebenin.com\/index.php\/2025\/11\/14\/communales-2026-la-cour-supreme-rejette-le-recours-des-ld-et-confirme-la-decision-de-la-cena\/\" \/>\n<meta property=\"og:site_name\" content=\"Le Patriote\" \/>\n<meta property=\"article:published_time\" content=\"2025-11-14T14:16:36+00:00\" \/>\n<meta property=\"og:image\" content=\"https:\/\/lepatriotebenin.com\/wp-content\/uploads\/2025\/11\/yayi.jpg\" \/>\n\t<meta property=\"og:image:width\" content=\"780\" \/>\n\t<meta property=\"og:image:height\" content=\"560\" \/>\n\t<meta property=\"og:image:type\" content=\"image\/jpeg\" \/>\n<meta name=\"author\" content=\"Roland AFFANOU\" \/>\n<meta name=\"twitter:card\" content=\"summary_large_image\" \/>\n<meta name=\"twitter:label1\" content=\"\u00c9crit par\" \/>\n\t<meta name=\"twitter:data1\" content=\"Roland AFFANOU\" \/>\n\t<meta name=\"twitter:label2\" content=\"Dur\u00e9e de lecture estim\u00e9e\" \/>\n\t<meta name=\"twitter:data2\" content=\"1 minute\" \/>\n<script type=\"application\/ld+json\" class=\"yoast-schema-graph\">{\"@context\":\"https:\\\/\\\/schema.org\",\"@graph\":[{\"@type\":\"Article\",\"@id\":\"https:\\\/\\\/lepatriotebenin.com\\\/index.php\\\/2025\\\/11\\\/14\\\/communales-2026-la-cour-supreme-rejette-le-recours-des-ld-et-confirme-la-decision-de-la-cena\\\/#article\",\"isPartOf\":{\"@id\":\"https:\\\/\\\/lepatriotebenin.com\\\/index.php\\\/2025\\\/11\\\/14\\\/communales-2026-la-cour-supreme-rejette-le-recours-des-ld-et-confirme-la-decision-de-la-cena\\\/\"},\"author\":{\"name\":\"Roland AFFANOU\",\"@id\":\"https:\\\/\\\/lepatriotebenin.com\\\/#\\\/schema\\\/person\\\/4a9b67216c97d04045e01405c534c91f\"},\"headline\":\"Communales 2026 : La Cour supr\u00eame rejette le recours des LD et confirme la d\u00e9cision de la CENA\",\"datePublished\":\"2025-11-14T14:16:36+00:00\",\"mainEntityOfPage\":{\"@id\":\"https:\\\/\\\/lepatriotebenin.com\\\/index.php\\\/2025\\\/11\\\/14\\\/communales-2026-la-cour-supreme-rejette-le-recours-des-ld-et-confirme-la-decision-de-la-cena\\\/\"},\"wordCount\":153,\"commentCount\":0,\"image\":{\"@id\":\"https:\\\/\\\/lepatriotebenin.com\\\/index.php\\\/2025\\\/11\\\/14\\\/communales-2026-la-cour-supreme-rejette-le-recours-des-ld-et-confirme-la-decision-de-la-cena\\\/#primaryimage\"},\"thumbnailUrl\":\"https:\\\/\\\/lepatriotebenin.com\\\/wp-content\\\/uploads\\\/2025\\\/11\\\/yayi.jpg\",\"articleSection\":[\"Politique\"],\"inLanguage\":\"fr-FR\",\"potentialAction\":[{\"@type\":\"CommentAction\",\"name\":\"Comment\",\"target\":[\"https:\\\/\\\/lepatriotebenin.com\\\/index.php\\\/2025\\\/11\\\/14\\\/communales-2026-la-cour-supreme-rejette-le-recours-des-ld-et-confirme-la-decision-de-la-cena\\\/#respond\"]}]},{\"@type\":\"WebPage\",\"@id\":\"https:\\\/\\\/lepatriotebenin.com\\\/index.php\\\/2025\\\/11\\\/14\\\/communales-2026-la-cour-supreme-rejette-le-recours-des-ld-et-confirme-la-decision-de-la-cena\\\/\",\"url\":\"https:\\\/\\\/lepatriotebenin.com\\\/index.php\\\/2025\\\/11\\\/14\\\/communales-2026-la-cour-supreme-rejette-le-recours-des-ld-et-confirme-la-decision-de-la-cena\\\/\",\"name\":\"Communales 2026 : La Cour supr\u00eame rejette le recours des LD et confirme la d\u00e9cision de la CENA - Le Patriote\",\"isPartOf\":{\"@id\":\"https:\\\/\\\/lepatriotebenin.com\\\/#website\"},\"primaryImageOfPage\":{\"@id\":\"https:\\\/\\\/lepatriotebenin.com\\\/index.php\\\/2025\\\/11\\\/14\\\/communales-2026-la-cour-supreme-rejette-le-recours-des-ld-et-confirme-la-decision-de-la-cena\\\/#primaryimage\"},\"image\":{\"@id\":\"https:\\\/\\\/lepatriotebenin.com\\\/index.php\\\/2025\\\/11\\\/14\\\/communales-2026-la-cour-supreme-rejette-le-recours-des-ld-et-confirme-la-decision-de-la-cena\\\/#primaryimage\"},\"thumbnailUrl\":\"https:\\\/\\\/lepatriotebenin.com\\\/wp-content\\\/uploads\\\/2025\\\/11\\\/yayi.jpg\",\"datePublished\":\"2025-11-14T14:16:36+00:00\",\"author\":{\"@id\":\"https:\\\/\\\/lepatriotebenin.com\\\/#\\\/schema\\\/person\\\/4a9b67216c97d04045e01405c534c91f\"},\"breadcrumb\":{\"@id\":\"https:\\\/\\\/lepatriotebenin.com\\\/index.php\\\/2025\\\/11\\\/14\\\/communales-2026-la-cour-supreme-rejette-le-recours-des-ld-et-confirme-la-decision-de-la-cena\\\/#breadcrumb\"},\"inLanguage\":\"fr-FR\",\"potentialAction\":[{\"@type\":\"ReadAction\",\"target\":[\"https:\\\/\\\/lepatriotebenin.com\\\/index.php\\\/2025\\\/11\\\/14\\\/communales-2026-la-cour-supreme-rejette-le-recours-des-ld-et-confirme-la-decision-de-la-cena\\\/\"]}]},{\"@type\":\"ImageObject\",\"inLanguage\":\"fr-FR\",\"@id\":\"https:\\\/\\\/lepatriotebenin.com\\\/index.php\\\/2025\\\/11\\\/14\\\/communales-2026-la-cour-supreme-rejette-le-recours-des-ld-et-confirme-la-decision-de-la-cena\\\/#primaryimage\",\"url\":\"https:\\\/\\\/lepatriotebenin.com\\\/wp-content\\\/uploads\\\/2025\\\/11\\\/yayi.jpg\",\"contentUrl\":\"https:\\\/\\\/lepatriotebenin.com\\\/wp-content\\\/uploads\\\/2025\\\/11\\\/yayi.jpg\",\"width\":780,\"height\":560},{\"@type\":\"BreadcrumbList\",\"@id\":\"https:\\\/\\\/lepatriotebenin.com\\\/index.php\\\/2025\\\/11\\\/14\\\/communales-2026-la-cour-supreme-rejette-le-recours-des-ld-et-confirme-la-decision-de-la-cena\\\/#breadcrumb\",\"itemListElement\":[{\"@type\":\"ListItem\",\"position\":1,\"name\":\"Accueil\",\"item\":\"https:\\\/\\\/lepatriotebenin.com\\\/\"},{\"@type\":\"ListItem\",\"position\":2,\"name\":\"Communales 2026 : La Cour supr\u00eame rejette le recours des LD et confirme la d\u00e9cision de la CENA\"}]},{\"@type\":\"WebSite\",\"@id\":\"https:\\\/\\\/lepatriotebenin.com\\\/#website\",\"url\":\"https:\\\/\\\/lepatriotebenin.com\\\/\",\"name\":\"Le Patriote\",\"description\":\"Le Patriote B\u00e9nin\",\"potentialAction\":[{\"@type\":\"SearchAction\",\"target\":{\"@type\":\"EntryPoint\",\"urlTemplate\":\"https:\\\/\\\/lepatriotebenin.com\\\/?s={search_term_string}\"},\"query-input\":{\"@type\":\"PropertyValueSpecification\",\"valueRequired\":true,\"valueName\":\"search_term_string\"}}],\"inLanguage\":\"fr-FR\"},{\"@type\":\"Person\",\"@id\":\"https:\\\/\\\/lepatriotebenin.com\\\/#\\\/schema\\\/person\\\/4a9b67216c97d04045e01405c534c91f\",\"name\":\"Roland AFFANOU\",\"image\":{\"@type\":\"ImageObject\",\"inLanguage\":\"fr-FR\",\"@id\":\"https:\\\/\\\/secure.gravatar.com\\\/avatar\\\/7209d3f6d2d47ea4d0c67e14d3effb61feb10ae540a4381280c66265de5bd643?s=96&d=mm&r=g\",\"url\":\"https:\\\/\\\/secure.gravatar.com\\\/avatar\\\/7209d3f6d2d47ea4d0c67e14d3effb61feb10ae540a4381280c66265de5bd643?s=96&d=mm&r=g\",\"contentUrl\":\"https:\\\/\\\/secure.gravatar.com\\\/avatar\\\/7209d3f6d2d47ea4d0c67e14d3effb61feb10ae540a4381280c66265de5bd643?s=96&d=mm&r=g\",\"caption\":\"Roland AFFANOU\"},\"url\":\"https:\\\/\\\/lepatriotebenin.com\"}]}<\/script>\n<!-- \/ Yoast SEO plugin. -->","yoast_head_json":{"title":"Communales 2026 : La Cour supr\u00eame rejette le recours des LD et confirme la d\u00e9cision de la CENA - Le Patriote","robots":{"index":"index","follow":"follow","max-snippet":"max-snippet:-1","max-image-preview":"max-image-preview:large","max-video-preview":"max-video-preview:-1"},"canonical":"https:\/\/lepatriotebenin.com\/index.php\/2025\/11\/14\/communales-2026-la-cour-supreme-rejette-le-recours-des-ld-et-confirme-la-decision-de-la-cena\/","og_locale":"fr_FR","og_type":"article","og_title":"Communales 2026 : La Cour supr\u00eame rejette le recours des LD et confirme la d\u00e9cision de la CENA - Le Patriote","og_description":"Apr\u00e8s\u00a0 la pr\u00e9sidentielle 2026, Les\u00a0 D\u00e9mocrates sont d\u00e9finitivement exclus des \u00e9lections communales\u00a0 et municipales de 2026. C\u2019est \u00e0 travers la d\u00e9cision\u00a0 rendue\u00a0 ce vendredi 14\u00a0 novembre 2025\u00a0 par\u00a0 la Cour&hellip;","og_url":"https:\/\/lepatriotebenin.com\/index.php\/2025\/11\/14\/communales-2026-la-cour-supreme-rejette-le-recours-des-ld-et-confirme-la-decision-de-la-cena\/","og_site_name":"Le Patriote","article_published_time":"2025-11-14T14:16:36+00:00","og_image":[{"width":780,"height":560,"url":"https:\/\/lepatriotebenin.com\/wp-content\/uploads\/2025\/11\/yayi.jpg","type":"image\/jpeg"}],"author":"Roland AFFANOU","twitter_card":"summary_large_image","twitter_misc":{"\u00c9crit par":"Roland AFFANOU","Dur\u00e9e de lecture estim\u00e9e":"1 minute"},"schema":{"@context":"https:\/\/schema.org","@graph":[{"@type":"Article","@id":"https:\/\/lepatriotebenin.com\/index.php\/2025\/11\/14\/communales-2026-la-cour-supreme-rejette-le-recours-des-ld-et-confirme-la-decision-de-la-cena\/#article","isPartOf":{"@id":"https:\/\/lepatriotebenin.com\/index.php\/2025\/11\/14\/communales-2026-la-cour-supreme-rejette-le-recours-des-ld-et-confirme-la-decision-de-la-cena\/"},"author":{"name":"Roland AFFANOU","@id":"https:\/\/lepatriotebenin.com\/#\/schema\/person\/4a9b67216c97d04045e01405c534c91f"},"headline":"Communales 2026 : La Cour supr\u00eame rejette le recours des LD et confirme la d\u00e9cision de la CENA","datePublished":"2025-11-14T14:16:36+00:00","mainEntityOfPage":{"@id":"https:\/\/lepatriotebenin.com\/index.php\/2025\/11\/14\/communales-2026-la-cour-supreme-rejette-le-recours-des-ld-et-confirme-la-decision-de-la-cena\/"},"wordCount":153,"commentCount":0,"image":{"@id":"https:\/\/lepatriotebenin.com\/index.php\/2025\/11\/14\/communales-2026-la-cour-supreme-rejette-le-recours-des-ld-et-confirme-la-decision-de-la-cena\/#primaryimage"},"thumbnailUrl":"https:\/\/lepatriotebenin.com\/wp-content\/uploads\/2025\/11\/yayi.jpg","articleSection":["Politique"],"inLanguage":"fr-FR","potentialAction":[{"@type":"CommentAction","name":"Comment","target":["https:\/\/lepatriotebenin.com\/index.php\/2025\/11\/14\/communales-2026-la-cour-supreme-rejette-le-recours-des-ld-et-confirme-la-decision-de-la-cena\/#respond"]}]},{"@type":"WebPage","@id":"https:\/\/lepatriotebenin.com\/index.php\/2025\/11\/14\/communales-2026-la-cour-supreme-rejette-le-recours-des-ld-et-confirme-la-decision-de-la-cena\/","url":"https:\/\/lepatriotebenin.com\/index.php\/2025\/11\/14\/communales-2026-la-cour-supreme-rejette-le-recours-des-ld-et-confirme-la-decision-de-la-cena\/","name":"Communales 2026 : La Cour supr\u00eame rejette le recours des LD et confirme la d\u00e9cision de la CENA - Le Patriote","isPartOf":{"@id":"https:\/\/lepatriotebenin.com\/#website"},"primaryImageOfPage":{"@id":"https:\/\/lepatriotebenin.com\/index.php\/2025\/11\/14\/communales-2026-la-cour-supreme-rejette-le-recours-des-ld-et-confirme-la-decision-de-la-cena\/#primaryimage"},"image":{"@id":"https:\/\/lepatriotebenin.com\/index.php\/2025\/11\/14\/communales-2026-la-cour-supreme-rejette-le-recours-des-ld-et-confirme-la-decision-de-la-cena\/#primaryimage"},"thumbnailUrl":"https:\/\/lepatriotebenin.com\/wp-content\/uploads\/2025\/11\/yayi.jpg","datePublished":"2025-11-14T14:16:36+00:00","author":{"@id":"https:\/\/lepatriotebenin.com\/#\/schema\/person\/4a9b67216c97d04045e01405c534c91f"},"breadcrumb":{"@id":"https:\/\/lepatriotebenin.com\/index.php\/2025\/11\/14\/communales-2026-la-cour-supreme-rejette-le-recours-des-ld-et-confirme-la-decision-de-la-cena\/#breadcrumb"},"inLanguage":"fr-FR","potentialAction":[{"@type":"ReadAction","target":["https:\/\/lepatriotebenin.com\/index.php\/2025\/11\/14\/communales-2026-la-cour-supreme-rejette-le-recours-des-ld-et-confirme-la-decision-de-la-cena\/"]}]},{"@type":"ImageObject","inLanguage":"fr-FR","@id":"https:\/\/lepatriotebenin.com\/index.php\/2025\/11\/14\/communales-2026-la-cour-supreme-rejette-le-recours-des-ld-et-confirme-la-decision-de-la-cena\/#primaryimage","url":"https:\/\/lepatriotebenin.com\/wp-content\/uploads\/2025\/11\/yayi.jpg","contentUrl":"https:\/\/lepatriotebenin.com\/wp-content\/uploads\/2025\/11\/yayi.jpg","width":780,"height":560},{"@type":"BreadcrumbList","@id":"https:\/\/lepatriotebenin.com\/index.php\/2025\/11\/14\/communales-2026-la-cour-supreme-rejette-le-recours-des-ld-et-confirme-la-decision-de-la-cena\/#breadcrumb","itemListElement":[{"@type":"ListItem","position":1,"name":"Accueil","item":"https:\/\/lepatriotebenin.com\/"},{"@type":"ListItem","position":2,"name":"Communales 2026 : La Cour supr\u00eame rejette le recours des LD et confirme la d\u00e9cision de la CENA"}]},{"@type":"WebSite","@id":"https:\/\/lepatriotebenin.com\/#website","url":"https:\/\/lepatriotebenin.com\/","name":"Le Patriote","description":"Le Patriote B\u00e9nin","potentialAction":[{"@type":"SearchAction","target":{"@type":"EntryPoint","urlTemplate":"https:\/\/lepatriotebenin.com\/?s={search_term_string}"},"query-input":{"@type":"PropertyValueSpecification","valueRequired":true,"valueName":"search_term_string"}}],"inLanguage":"fr-FR"},{"@type":"Person","@id":"https:\/\/lepatriotebenin.com\/#\/schema\/person\/4a9b67216c97d04045e01405c534c91f","name":"Roland AFFANOU","image":{"@type":"ImageObject","inLanguage":"fr-FR","@id":"https:\/\/secure.gravatar.com\/avatar\/7209d3f6d2d47ea4d0c67e14d3effb61feb10ae540a4381280c66265de5bd643?s=96&d=mm&r=g","url":"https:\/\/secure.gravatar.com\/avatar\/7209d3f6d2d47ea4d0c67e14d3effb61feb10ae540a4381280c66265de5bd643?s=96&d=mm&r=g","contentUrl":"https:\/\/secure.gravatar.com\/avatar\/7209d3f6d2d47ea4d0c67e14d3effb61feb10ae540a4381280c66265de5bd643?s=96&d=mm&r=g","caption":"Roland AFFANOU"},"url":"https:\/\/lepatriotebenin.com"}]}},"_links":{"self":[{"href":"https:\/\/lepatriotebenin.com\/index.php\/wp-json\/wp\/v2\/posts\/15148","targetHints":{"allow":["GET"]}}],"collection":[{"href":"https:\/\/lepatriotebenin.com\/index.php\/wp-json\/wp\/v2\/posts"}],"about":[{"href":"https:\/\/lepatriotebenin.com\/index.php\/wp-json\/wp\/v2\/types\/post"}],"author":[{"embeddable":true,"href":"https:\/\/lepatriotebenin.com\/index.php\/wp-json\/wp\/v2\/users\/6"}],"replies":[{"embeddable":true,"href":"https:\/\/lepatriotebenin.com\/index.php\/wp-json\/wp\/v2\/comments?post=15148"}],"version-history":[{"count":1,"href":"https:\/\/lepatriotebenin.com\/index.php\/wp-json\/wp\/v2\/posts\/15148\/revisions"}],"predecessor-version":[{"id":15149,"href":"https:\/\/lepatriotebenin.com\/index.php\/wp-json\/wp\/v2\/posts\/15148\/revisions\/15149"}],"wp:featuredmedia":[{"embeddable":true,"href":"https:\/\/lepatriotebenin.com\/index.php\/wp-json\/wp\/v2\/media\/14872"}],"wp:attachment":[{"href":"https:\/\/lepatriotebenin.com\/index.php\/wp-json\/wp\/v2\/media?parent=15148"}],"wp:term":[{"taxonomy":"category","embeddable":true,"href":"https:\/\/lepatriotebenin.com\/index.php\/wp-json\/wp\/v2\/categories?post=15148"},{"taxonomy":"post_tag","embeddable":true,"href":"https:\/\/lepatriotebenin.com\/index.php\/wp-json\/wp\/v2\/tags?post=15148"}],"curies":[{"name":"wp","href":"https:\/\/api.w.org\/{rel}","templated":true}]}}