{"id":15003,"date":"2025-11-10T01:35:43","date_gmt":"2025-11-10T00:35:43","guid":{"rendered":"https:\/\/lepatriotebenin.com\/?p=15003"},"modified":"2025-11-10T01:35:43","modified_gmt":"2025-11-10T00:35:43","slug":"celebration-des-vodun-days-2026-un-mini-programme-deja-devoile","status":"publish","type":"post","link":"https:\/\/lepatriotebenin.com\/index.php\/2025\/11\/10\/celebration-des-vodun-days-2026-un-mini-programme-deja-devoile\/","title":{"rendered":"C\u00e9l\u00e9bration des Vodun Days 2026 : Un mini programme d\u00e9j\u00e0 d\u00e9voil\u00e9"},"content":{"rendered":"<p><em><strong>Du 8 au 10 janvier 2026, la cit\u00e9 historique de Ouidah deviendra une fois encore le centre n\u00e9vralgique de la culture et de la spiritualit\u00e9 Vodun. L\u2019\u00e9dition 2026 des Vodun Days promet une immersion totale dans l\u2019univers des traditions b\u00e9ninoises, entre c\u00e9r\u00e9monies, spectacles, et moments de communion.<\/strong><\/em><\/p>\n<p>Ouidah s\u2019appr\u00eate \u00e0 rev\u00eatir ses plus beaux atours pour accueillir les Vodun Days 2026. Pendant trois jours, la ville mythique vibrera au rythme de la ferveur culturelle, spirituelle et artistique d\u2019un \u00e9v\u00e9nement d\u00e9sormais mondialement reconnu.<\/p>\n<p>En effet, cette \u00e9dition s\u2019annonce particuli\u00e8rement riche, avec un programme qui m\u00eale tradition, art et festivit\u00e9s populaires. Les visiteurs pourront d\u00e9couvrir une s\u00e9rie d\u2019animations sur les places embl\u00e9matiques de la ville et sur la plage, transform\u00e9es pour l\u2019occasion en v\u00e9ritables sc\u00e8nes vivantes. Les Vodun Days offriront \u00e9galement une programmation musicale \u00e9clectique : concerts, danses et performances artistiques rythmeront les journ\u00e9es et les nuits, c\u00e9l\u00e9brant la cr\u00e9ativit\u00e9 b\u00e9ninoise dans toute sa diversit\u00e9.<\/p>\n<p>Moment fort du festival, la Grande C\u00e9r\u00e9monie Vodun r\u00e9unira dignitaires, initi\u00e9s et curieux autour des rites ancestraux, dans une ambiance empreinte de myst\u00e8re et de ferveur. L\u2019Ar\u00e8ne de Ouidah, c\u0153ur spirituel du rassemblement, accueillera de grandes c\u00e9l\u00e9brations et des \u00e9changes autour de la philosophie Vodun. Un village des festivit\u00e9s sera \u00e9galement install\u00e9, offrant un espace convivial o\u00f9 artisanat, gastronomie et expositions mettront en valeur le patrimoine vivant du B\u00e9nin.<\/p>\n<p>Entre tradition et modernit\u00e9, les Vodun Days 2026 s\u2019annoncent comme une v\u00e9ritable ode \u00e0 l\u2019identit\u00e9 culturelle b\u00e9ninoise et un moment d\u2019unit\u00e9 autour des racines communes du peuple africain et de sa diaspora.<\/p>\n<p><strong>Gildas AHOGNI<\/strong><\/p>\n","protected":false},"excerpt":{"rendered":"<p>Du 8 au 10 janvier 2026, la cit\u00e9 historique de Ouidah deviendra une fois encore le centre n\u00e9vralgique de la culture et de la spiritualit\u00e9 Vodun. L\u2019\u00e9dition 2026 des Vodun&hellip;<\/p>\n","protected":false},"author":5,"featured_media":15004,"comment_status":"open","ping_status":"open","sticky":false,"template":"","format":"standard","meta":{"content-type":"","om_disable_all_campaigns":false,"_monsterinsights_skip_tracking":false,"_monsterinsights_sitenote_active":false,"_monsterinsights_sitenote_note":"","_monsterinsights_sitenote_category":0,"_uf_show_specific_survey":0,"_uf_disable_surveys":false,"footnotes":""},"categories":[29],"tags":[],"class_list":["post-15003","post","type-post","status-publish","format-standard","has-post-thumbnail","hentry","category-culture"],"aioseo_notices":[],"yoast_head":"<!-- This site is optimized with the Yoast SEO plugin v27.5 - https:\/\/yoast.com\/product\/yoast-seo-wordpress\/ -->\n<title>C\u00e9l\u00e9bration des Vodun Days 2026 : Un mini programme d\u00e9j\u00e0 d\u00e9voil\u00e9 - Le Patriote<\/title>\n<meta name=\"robots\" content=\"index, follow, max-snippet:-1, max-image-preview:large, max-video-preview:-1\" \/>\n<link rel=\"canonical\" href=\"https:\/\/lepatriotebenin.com\/index.php\/2025\/11\/10\/celebration-des-vodun-days-2026-un-mini-programme-deja-devoile\/\" \/>\n<meta property=\"og:locale\" content=\"fr_FR\" \/>\n<meta property=\"og:type\" content=\"article\" \/>\n<meta property=\"og:title\" content=\"C\u00e9l\u00e9bration des Vodun Days 2026 : Un mini programme d\u00e9j\u00e0 d\u00e9voil\u00e9 - Le Patriote\" \/>\n<meta property=\"og:description\" content=\"Du 8 au 10 janvier 2026, la cit\u00e9 historique de Ouidah deviendra une fois encore le centre n\u00e9vralgique de la culture et de la spiritualit\u00e9 Vodun. L\u2019\u00e9dition 2026 des Vodun&hellip;\" \/>\n<meta property=\"og:url\" content=\"https:\/\/lepatriotebenin.com\/index.php\/2025\/11\/10\/celebration-des-vodun-days-2026-un-mini-programme-deja-devoile\/\" \/>\n<meta property=\"og:site_name\" content=\"Le Patriote\" \/>\n<meta property=\"article:published_time\" content=\"2025-11-10T00:35:43+00:00\" \/>\n<meta property=\"og:image\" content=\"https:\/\/lepatriotebenin.com\/wp-content\/uploads\/2025\/11\/vodun-days-1.jpg\" \/>\n\t<meta property=\"og:image:width\" content=\"600\" \/>\n\t<meta property=\"og:image:height\" content=\"400\" \/>\n\t<meta property=\"og:image:type\" content=\"image\/jpeg\" \/>\n<meta name=\"author\" content=\"Redaction\" \/>\n<meta name=\"twitter:card\" content=\"summary_large_image\" \/>\n<meta name=\"twitter:label1\" content=\"\u00c9crit par\" \/>\n\t<meta name=\"twitter:data1\" content=\"Redaction\" \/>\n\t<meta name=\"twitter:label2\" content=\"Dur\u00e9e de lecture estim\u00e9e\" \/>\n\t<meta name=\"twitter:data2\" content=\"2 minutes\" \/>\n<script type=\"application\/ld+json\" class=\"yoast-schema-graph\">{\"@context\":\"https:\\\/\\\/schema.org\",\"@graph\":[{\"@type\":\"Article\",\"@id\":\"https:\\\/\\\/lepatriotebenin.com\\\/index.php\\\/2025\\\/11\\\/10\\\/celebration-des-vodun-days-2026-un-mini-programme-deja-devoile\\\/#article\",\"isPartOf\":{\"@id\":\"https:\\\/\\\/lepatriotebenin.com\\\/index.php\\\/2025\\\/11\\\/10\\\/celebration-des-vodun-days-2026-un-mini-programme-deja-devoile\\\/\"},\"author\":{\"name\":\"Redaction\",\"@id\":\"https:\\\/\\\/lepatriotebenin.com\\\/#\\\/schema\\\/person\\\/2e7709b9c9cc313e452d1136af61690f\"},\"headline\":\"C\u00e9l\u00e9bration des Vodun Days 2026 : Un mini programme d\u00e9j\u00e0 d\u00e9voil\u00e9\",\"datePublished\":\"2025-11-10T00:35:43+00:00\",\"mainEntityOfPage\":{\"@id\":\"https:\\\/\\\/lepatriotebenin.com\\\/index.php\\\/2025\\\/11\\\/10\\\/celebration-des-vodun-days-2026-un-mini-programme-deja-devoile\\\/\"},\"wordCount\":306,\"commentCount\":0,\"image\":{\"@id\":\"https:\\\/\\\/lepatriotebenin.com\\\/index.php\\\/2025\\\/11\\\/10\\\/celebration-des-vodun-days-2026-un-mini-programme-deja-devoile\\\/#primaryimage\"},\"thumbnailUrl\":\"https:\\\/\\\/lepatriotebenin.com\\\/wp-content\\\/uploads\\\/2025\\\/11\\\/vodun-days-1.jpg\",\"articleSection\":[\"Culture\"],\"inLanguage\":\"fr-FR\",\"potentialAction\":[{\"@type\":\"CommentAction\",\"name\":\"Comment\",\"target\":[\"https:\\\/\\\/lepatriotebenin.com\\\/index.php\\\/2025\\\/11\\\/10\\\/celebration-des-vodun-days-2026-un-mini-programme-deja-devoile\\\/#respond\"]}]},{\"@type\":\"WebPage\",\"@id\":\"https:\\\/\\\/lepatriotebenin.com\\\/index.php\\\/2025\\\/11\\\/10\\\/celebration-des-vodun-days-2026-un-mini-programme-deja-devoile\\\/\",\"url\":\"https:\\\/\\\/lepatriotebenin.com\\\/index.php\\\/2025\\\/11\\\/10\\\/celebration-des-vodun-days-2026-un-mini-programme-deja-devoile\\\/\",\"name\":\"C\u00e9l\u00e9bration des Vodun Days 2026 : Un mini programme d\u00e9j\u00e0 d\u00e9voil\u00e9 - Le Patriote\",\"isPartOf\":{\"@id\":\"https:\\\/\\\/lepatriotebenin.com\\\/#website\"},\"primaryImageOfPage\":{\"@id\":\"https:\\\/\\\/lepatriotebenin.com\\\/index.php\\\/2025\\\/11\\\/10\\\/celebration-des-vodun-days-2026-un-mini-programme-deja-devoile\\\/#primaryimage\"},\"image\":{\"@id\":\"https:\\\/\\\/lepatriotebenin.com\\\/index.php\\\/2025\\\/11\\\/10\\\/celebration-des-vodun-days-2026-un-mini-programme-deja-devoile\\\/#primaryimage\"},\"thumbnailUrl\":\"https:\\\/\\\/lepatriotebenin.com\\\/wp-content\\\/uploads\\\/2025\\\/11\\\/vodun-days-1.jpg\",\"datePublished\":\"2025-11-10T00:35:43+00:00\",\"author\":{\"@id\":\"https:\\\/\\\/lepatriotebenin.com\\\/#\\\/schema\\\/person\\\/2e7709b9c9cc313e452d1136af61690f\"},\"breadcrumb\":{\"@id\":\"https:\\\/\\\/lepatriotebenin.com\\\/index.php\\\/2025\\\/11\\\/10\\\/celebration-des-vodun-days-2026-un-mini-programme-deja-devoile\\\/#breadcrumb\"},\"inLanguage\":\"fr-FR\",\"potentialAction\":[{\"@type\":\"ReadAction\",\"target\":[\"https:\\\/\\\/lepatriotebenin.com\\\/index.php\\\/2025\\\/11\\\/10\\\/celebration-des-vodun-days-2026-un-mini-programme-deja-devoile\\\/\"]}]},{\"@type\":\"ImageObject\",\"inLanguage\":\"fr-FR\",\"@id\":\"https:\\\/\\\/lepatriotebenin.com\\\/index.php\\\/2025\\\/11\\\/10\\\/celebration-des-vodun-days-2026-un-mini-programme-deja-devoile\\\/#primaryimage\",\"url\":\"https:\\\/\\\/lepatriotebenin.com\\\/wp-content\\\/uploads\\\/2025\\\/11\\\/vodun-days-1.jpg\",\"contentUrl\":\"https:\\\/\\\/lepatriotebenin.com\\\/wp-content\\\/uploads\\\/2025\\\/11\\\/vodun-days-1.jpg\",\"width\":600,\"height\":400},{\"@type\":\"BreadcrumbList\",\"@id\":\"https:\\\/\\\/lepatriotebenin.com\\\/index.php\\\/2025\\\/11\\\/10\\\/celebration-des-vodun-days-2026-un-mini-programme-deja-devoile\\\/#breadcrumb\",\"itemListElement\":[{\"@type\":\"ListItem\",\"position\":1,\"name\":\"Accueil\",\"item\":\"https:\\\/\\\/lepatriotebenin.com\\\/\"},{\"@type\":\"ListItem\",\"position\":2,\"name\":\"C\u00e9l\u00e9bration des Vodun Days 2026 : Un mini programme d\u00e9j\u00e0 d\u00e9voil\u00e9\"}]},{\"@type\":\"WebSite\",\"@id\":\"https:\\\/\\\/lepatriotebenin.com\\\/#website\",\"url\":\"https:\\\/\\\/lepatriotebenin.com\\\/\",\"name\":\"Le Patriote\",\"description\":\"Le Patriote B\u00e9nin\",\"potentialAction\":[{\"@type\":\"SearchAction\",\"target\":{\"@type\":\"EntryPoint\",\"urlTemplate\":\"https:\\\/\\\/lepatriotebenin.com\\\/?s={search_term_string}\"},\"query-input\":{\"@type\":\"PropertyValueSpecification\",\"valueRequired\":true,\"valueName\":\"search_term_string\"}}],\"inLanguage\":\"fr-FR\"},{\"@type\":\"Person\",\"@id\":\"https:\\\/\\\/lepatriotebenin.com\\\/#\\\/schema\\\/person\\\/2e7709b9c9cc313e452d1136af61690f\",\"name\":\"Redaction\",\"image\":{\"@type\":\"ImageObject\",\"inLanguage\":\"fr-FR\",\"@id\":\"https:\\\/\\\/secure.gravatar.com\\\/avatar\\\/c4c509357859ea2ca2cbb6d8812898a73e4ef1ef9934c2e591d7e32face734d1?s=96&d=mm&r=g\",\"url\":\"https:\\\/\\\/secure.gravatar.com\\\/avatar\\\/c4c509357859ea2ca2cbb6d8812898a73e4ef1ef9934c2e591d7e32face734d1?s=96&d=mm&r=g\",\"contentUrl\":\"https:\\\/\\\/secure.gravatar.com\\\/avatar\\\/c4c509357859ea2ca2cbb6d8812898a73e4ef1ef9934c2e591d7e32face734d1?s=96&d=mm&r=g\",\"caption\":\"Redaction\"},\"url\":\"https:\\\/\\\/lepatriotebenin.com\"}]}<\/script>\n<!-- \/ Yoast SEO plugin. -->","yoast_head_json":{"title":"C\u00e9l\u00e9bration des Vodun Days 2026 : Un mini programme d\u00e9j\u00e0 d\u00e9voil\u00e9 - Le Patriote","robots":{"index":"index","follow":"follow","max-snippet":"max-snippet:-1","max-image-preview":"max-image-preview:large","max-video-preview":"max-video-preview:-1"},"canonical":"https:\/\/lepatriotebenin.com\/index.php\/2025\/11\/10\/celebration-des-vodun-days-2026-un-mini-programme-deja-devoile\/","og_locale":"fr_FR","og_type":"article","og_title":"C\u00e9l\u00e9bration des Vodun Days 2026 : Un mini programme d\u00e9j\u00e0 d\u00e9voil\u00e9 - Le Patriote","og_description":"Du 8 au 10 janvier 2026, la cit\u00e9 historique de Ouidah deviendra une fois encore le centre n\u00e9vralgique de la culture et de la spiritualit\u00e9 Vodun. L\u2019\u00e9dition 2026 des Vodun&hellip;","og_url":"https:\/\/lepatriotebenin.com\/index.php\/2025\/11\/10\/celebration-des-vodun-days-2026-un-mini-programme-deja-devoile\/","og_site_name":"Le Patriote","article_published_time":"2025-11-10T00:35:43+00:00","og_image":[{"width":600,"height":400,"url":"https:\/\/lepatriotebenin.com\/wp-content\/uploads\/2025\/11\/vodun-days-1.jpg","type":"image\/jpeg"}],"author":"Redaction","twitter_card":"summary_large_image","twitter_misc":{"\u00c9crit par":"Redaction","Dur\u00e9e de lecture estim\u00e9e":"2 minutes"},"schema":{"@context":"https:\/\/schema.org","@graph":[{"@type":"Article","@id":"https:\/\/lepatriotebenin.com\/index.php\/2025\/11\/10\/celebration-des-vodun-days-2026-un-mini-programme-deja-devoile\/#article","isPartOf":{"@id":"https:\/\/lepatriotebenin.com\/index.php\/2025\/11\/10\/celebration-des-vodun-days-2026-un-mini-programme-deja-devoile\/"},"author":{"name":"Redaction","@id":"https:\/\/lepatriotebenin.com\/#\/schema\/person\/2e7709b9c9cc313e452d1136af61690f"},"headline":"C\u00e9l\u00e9bration des Vodun Days 2026 : Un mini programme d\u00e9j\u00e0 d\u00e9voil\u00e9","datePublished":"2025-11-10T00:35:43+00:00","mainEntityOfPage":{"@id":"https:\/\/lepatriotebenin.com\/index.php\/2025\/11\/10\/celebration-des-vodun-days-2026-un-mini-programme-deja-devoile\/"},"wordCount":306,"commentCount":0,"image":{"@id":"https:\/\/lepatriotebenin.com\/index.php\/2025\/11\/10\/celebration-des-vodun-days-2026-un-mini-programme-deja-devoile\/#primaryimage"},"thumbnailUrl":"https:\/\/lepatriotebenin.com\/wp-content\/uploads\/2025\/11\/vodun-days-1.jpg","articleSection":["Culture"],"inLanguage":"fr-FR","potentialAction":[{"@type":"CommentAction","name":"Comment","target":["https:\/\/lepatriotebenin.com\/index.php\/2025\/11\/10\/celebration-des-vodun-days-2026-un-mini-programme-deja-devoile\/#respond"]}]},{"@type":"WebPage","@id":"https:\/\/lepatriotebenin.com\/index.php\/2025\/11\/10\/celebration-des-vodun-days-2026-un-mini-programme-deja-devoile\/","url":"https:\/\/lepatriotebenin.com\/index.php\/2025\/11\/10\/celebration-des-vodun-days-2026-un-mini-programme-deja-devoile\/","name":"C\u00e9l\u00e9bration des Vodun Days 2026 : Un mini programme d\u00e9j\u00e0 d\u00e9voil\u00e9 - Le Patriote","isPartOf":{"@id":"https:\/\/lepatriotebenin.com\/#website"},"primaryImageOfPage":{"@id":"https:\/\/lepatriotebenin.com\/index.php\/2025\/11\/10\/celebration-des-vodun-days-2026-un-mini-programme-deja-devoile\/#primaryimage"},"image":{"@id":"https:\/\/lepatriotebenin.com\/index.php\/2025\/11\/10\/celebration-des-vodun-days-2026-un-mini-programme-deja-devoile\/#primaryimage"},"thumbnailUrl":"https:\/\/lepatriotebenin.com\/wp-content\/uploads\/2025\/11\/vodun-days-1.jpg","datePublished":"2025-11-10T00:35:43+00:00","author":{"@id":"https:\/\/lepatriotebenin.com\/#\/schema\/person\/2e7709b9c9cc313e452d1136af61690f"},"breadcrumb":{"@id":"https:\/\/lepatriotebenin.com\/index.php\/2025\/11\/10\/celebration-des-vodun-days-2026-un-mini-programme-deja-devoile\/#breadcrumb"},"inLanguage":"fr-FR","potentialAction":[{"@type":"ReadAction","target":["https:\/\/lepatriotebenin.com\/index.php\/2025\/11\/10\/celebration-des-vodun-days-2026-un-mini-programme-deja-devoile\/"]}]},{"@type":"ImageObject","inLanguage":"fr-FR","@id":"https:\/\/lepatriotebenin.com\/index.php\/2025\/11\/10\/celebration-des-vodun-days-2026-un-mini-programme-deja-devoile\/#primaryimage","url":"https:\/\/lepatriotebenin.com\/wp-content\/uploads\/2025\/11\/vodun-days-1.jpg","contentUrl":"https:\/\/lepatriotebenin.com\/wp-content\/uploads\/2025\/11\/vodun-days-1.jpg","width":600,"height":400},{"@type":"BreadcrumbList","@id":"https:\/\/lepatriotebenin.com\/index.php\/2025\/11\/10\/celebration-des-vodun-days-2026-un-mini-programme-deja-devoile\/#breadcrumb","itemListElement":[{"@type":"ListItem","position":1,"name":"Accueil","item":"https:\/\/lepatriotebenin.com\/"},{"@type":"ListItem","position":2,"name":"C\u00e9l\u00e9bration des Vodun Days 2026 : Un mini programme d\u00e9j\u00e0 d\u00e9voil\u00e9"}]},{"@type":"WebSite","@id":"https:\/\/lepatriotebenin.com\/#website","url":"https:\/\/lepatriotebenin.com\/","name":"Le Patriote","description":"Le Patriote B\u00e9nin","potentialAction":[{"@type":"SearchAction","target":{"@type":"EntryPoint","urlTemplate":"https:\/\/lepatriotebenin.com\/?s={search_term_string}"},"query-input":{"@type":"PropertyValueSpecification","valueRequired":true,"valueName":"search_term_string"}}],"inLanguage":"fr-FR"},{"@type":"Person","@id":"https:\/\/lepatriotebenin.com\/#\/schema\/person\/2e7709b9c9cc313e452d1136af61690f","name":"Redaction","image":{"@type":"ImageObject","inLanguage":"fr-FR","@id":"https:\/\/secure.gravatar.com\/avatar\/c4c509357859ea2ca2cbb6d8812898a73e4ef1ef9934c2e591d7e32face734d1?s=96&d=mm&r=g","url":"https:\/\/secure.gravatar.com\/avatar\/c4c509357859ea2ca2cbb6d8812898a73e4ef1ef9934c2e591d7e32face734d1?s=96&d=mm&r=g","contentUrl":"https:\/\/secure.gravatar.com\/avatar\/c4c509357859ea2ca2cbb6d8812898a73e4ef1ef9934c2e591d7e32face734d1?s=96&d=mm&r=g","caption":"Redaction"},"url":"https:\/\/lepatriotebenin.com"}]}},"_links":{"self":[{"href":"https:\/\/lepatriotebenin.com\/index.php\/wp-json\/wp\/v2\/posts\/15003","targetHints":{"allow":["GET"]}}],"collection":[{"href":"https:\/\/lepatriotebenin.com\/index.php\/wp-json\/wp\/v2\/posts"}],"about":[{"href":"https:\/\/lepatriotebenin.com\/index.php\/wp-json\/wp\/v2\/types\/post"}],"author":[{"embeddable":true,"href":"https:\/\/lepatriotebenin.com\/index.php\/wp-json\/wp\/v2\/users\/5"}],"replies":[{"embeddable":true,"href":"https:\/\/lepatriotebenin.com\/index.php\/wp-json\/wp\/v2\/comments?post=15003"}],"version-history":[{"count":1,"href":"https:\/\/lepatriotebenin.com\/index.php\/wp-json\/wp\/v2\/posts\/15003\/revisions"}],"predecessor-version":[{"id":15005,"href":"https:\/\/lepatriotebenin.com\/index.php\/wp-json\/wp\/v2\/posts\/15003\/revisions\/15005"}],"wp:featuredmedia":[{"embeddable":true,"href":"https:\/\/lepatriotebenin.com\/index.php\/wp-json\/wp\/v2\/media\/15004"}],"wp:attachment":[{"href":"https:\/\/lepatriotebenin.com\/index.php\/wp-json\/wp\/v2\/media?parent=15003"}],"wp:term":[{"taxonomy":"category","embeddable":true,"href":"https:\/\/lepatriotebenin.com\/index.php\/wp-json\/wp\/v2\/categories?post=15003"},{"taxonomy":"post_tag","embeddable":true,"href":"https:\/\/lepatriotebenin.com\/index.php\/wp-json\/wp\/v2\/tags?post=15003"}],"curies":[{"name":"wp","href":"https:\/\/api.w.org\/{rel}","templated":true}]}}