{"id":14997,"date":"2025-11-10T00:51:38","date_gmt":"2025-11-09T23:51:38","guid":{"rendered":"https:\/\/lepatriotebenin.com\/?p=14997"},"modified":"2025-11-10T00:51:38","modified_gmt":"2025-11-09T23:51:38","slug":"salon-des-industries-musicales-dafrique-francophone-a-cotonou-le-benin-saffirme-avec-ses-trois-etoiles-musicales","status":"publish","type":"post","link":"https:\/\/lepatriotebenin.com\/index.php\/2025\/11\/10\/salon-des-industries-musicales-dafrique-francophone-a-cotonou-le-benin-saffirme-avec-ses-trois-etoiles-musicales\/","title":{"rendered":"Salon des industries musicales d\u2019Afrique francophone \u00e0 Cotonou : Le B\u00e9nin s&rsquo;affirme avec ses trois \u00e9toiles musicales"},"content":{"rendered":"<p><strong><em>Du 10 au 15 novembre, Cotonou accueille le Salon des industries musicales d\u2019Afrique francophone (SIMA), un rendez-vous strat\u00e9gique pour penser l\u2019avenir de la musique sur le continent. L\u2019occasion de braquer les projecteurs sur trois figures phares du dynamisme b\u00e9ninois : le Gangb\u00e9 Brass Band, le Star Feminine Band et le slameur Myster Ezin.<\/em><\/strong><\/p>\n<p>Au moment o\u00f9 le B\u00e9nin se r\u00eave en carrefour des industries culturelles de l\u2019Afrique de l\u2019Ouest, la musique s\u2019impose comme un puissant levier de rayonnement et de d\u00e9veloppement. Le Salon des industries musicales d\u2019Afrique francophone (SIMA), qui s\u2019ouvre ce 10 novembre \u00e0 Cotonou, symbolise cette ambition qui est de f\u00e9d\u00e9rer les \u00e9nergies, de renforcer les capacit\u00e9s des acteurs et de b\u00e2tir une \u00e9conomie musicale durable.<\/p>\n<p>En effet, selon la F\u00e9d\u00e9ration internationale de l\u2019industrie phonographique (IFPI), les revenus musicaux en Afrique subsaharienne ont atteint 110 millions de dollars en 2024, soit une croissance de 22,6 % par rapport \u00e0 2023. Mais derri\u00e8re ces chiffres prometteurs, un d\u00e9fi demeure ; celui du financement. \u00ab L\u2019Afrique francophone regorge de talents, mais sans moyens adapt\u00e9s, ils peinent \u00e0 s\u2019imposer sur la sc\u00e8ne internationale \u00bb, rappelle Mamby Diomand\u00e9, fondateur et commissaire g\u00e9n\u00e9ral du SIMA. Le B\u00e9nin, par la voix de Sind\u00e9 Chekete, directeur de B\u00e9nin Tourisme, affiche clairement ses ambitions. \u00ab Le SIMA illustre notre vision : faire du tourisme et de la culture des moteurs de d\u00e9veloppement \u00e9conomique et social \u00bb, fait-il savoir. Une vision qui s\u2019incarne dans la vitalit\u00e9 de sa sc\u00e8ne artistique.<\/p>\n<p>Embl\u00e9matique de cette ouverture, le Gangb\u00e9 Brass Band revient avec From Ouidah To Another World, un album qui para\u00eetra le 21 novembre. Fusion entre rythmes vodun, fanfares de La Nouvelle-Orl\u00e9ans et m\u00e9moire de la diaspora, il explore les liens invisibles entre l\u2019Afrique et le monde afro-am\u00e9ricain. Place ensuite au Star Feminine Band, formation enti\u00e8rement f\u00e9minine originaire de Natitingou, qui confirme son ascension avec Jusqu\u2019au bout du monde. Ce troisi\u00e8me album c\u00e9l\u00e8bre la force et la libert\u00e9 des jeunes femmes africaines, apr\u00e8s avoir conquis les plus grandes sc\u00e8nes internationales. Enfin, Myster Ezin, slameur et docteur en musicologie install\u00e9 \u00e0 N\u00eemes, d\u00e9voile son clip Espoir, extrait de l\u2019album Espoirs. Entre po\u00e9sie et engagement, il y raconte le parcours d\u2019un immigr\u00e9 en qu\u00eate de lumi\u00e8re, m\u00ealant r\u00e9flexion identitaire et foi en l\u2019avenir.<\/p>\n<p>\u00c0 travers ces artistes, le B\u00e9nin prouve que sa musique est bien plus qu\u2019un art ; une voix qui relie, inspire et ouvre le continent au monde.<\/p>\n<p>Gildas AHOGNI<\/p>\n","protected":false},"excerpt":{"rendered":"<p>Du 10 au 15 novembre, Cotonou accueille le Salon des industries musicales d\u2019Afrique francophone (SIMA), un rendez-vous strat\u00e9gique pour penser l\u2019avenir de la musique sur le continent. L\u2019occasion de braquer&hellip;<\/p>\n","protected":false},"author":5,"featured_media":14998,"comment_status":"open","ping_status":"open","sticky":false,"template":"","format":"standard","meta":{"content-type":"","om_disable_all_campaigns":false,"_monsterinsights_skip_tracking":false,"_monsterinsights_sitenote_active":false,"_monsterinsights_sitenote_note":"","_monsterinsights_sitenote_category":0,"_uf_show_specific_survey":0,"_uf_disable_surveys":false,"footnotes":""},"categories":[29],"tags":[],"class_list":["post-14997","post","type-post","status-publish","format-standard","has-post-thumbnail","hentry","category-culture"],"aioseo_notices":[],"yoast_head":"<!-- This site is optimized with the Yoast SEO plugin v27.5 - https:\/\/yoast.com\/product\/yoast-seo-wordpress\/ -->\n<title>Salon des industries musicales d\u2019Afrique francophone \u00e0 Cotonou : Le B\u00e9nin s&#039;affirme avec ses trois \u00e9toiles musicales - Le Patriote<\/title>\n<meta name=\"robots\" content=\"index, follow, max-snippet:-1, max-image-preview:large, max-video-preview:-1\" \/>\n<link rel=\"canonical\" href=\"https:\/\/lepatriotebenin.com\/index.php\/2025\/11\/10\/salon-des-industries-musicales-dafrique-francophone-a-cotonou-le-benin-saffirme-avec-ses-trois-etoiles-musicales\/\" \/>\n<meta property=\"og:locale\" content=\"fr_FR\" \/>\n<meta property=\"og:type\" content=\"article\" \/>\n<meta property=\"og:title\" content=\"Salon des industries musicales d\u2019Afrique francophone \u00e0 Cotonou : Le B\u00e9nin s&#039;affirme avec ses trois \u00e9toiles musicales - Le Patriote\" \/>\n<meta property=\"og:description\" content=\"Du 10 au 15 novembre, Cotonou accueille le Salon des industries musicales d\u2019Afrique francophone (SIMA), un rendez-vous strat\u00e9gique pour penser l\u2019avenir de la musique sur le continent. L\u2019occasion de braquer&hellip;\" \/>\n<meta property=\"og:url\" content=\"https:\/\/lepatriotebenin.com\/index.php\/2025\/11\/10\/salon-des-industries-musicales-dafrique-francophone-a-cotonou-le-benin-saffirme-avec-ses-trois-etoiles-musicales\/\" \/>\n<meta property=\"og:site_name\" content=\"Le Patriote\" \/>\n<meta property=\"article:published_time\" content=\"2025-11-09T23:51:38+00:00\" \/>\n<meta property=\"og:image\" content=\"https:\/\/lepatriotebenin.com\/wp-content\/uploads\/2025\/11\/salon-de-l-industrie.webp\" \/>\n\t<meta property=\"og:image:width\" content=\"960\" \/>\n\t<meta property=\"og:image:height\" content=\"545\" \/>\n\t<meta property=\"og:image:type\" content=\"image\/webp\" \/>\n<meta name=\"author\" content=\"Redaction\" \/>\n<meta name=\"twitter:card\" content=\"summary_large_image\" \/>\n<meta name=\"twitter:label1\" content=\"\u00c9crit par\" \/>\n\t<meta name=\"twitter:data1\" content=\"Redaction\" \/>\n\t<meta name=\"twitter:label2\" content=\"Dur\u00e9e de lecture estim\u00e9e\" \/>\n\t<meta name=\"twitter:data2\" content=\"3 minutes\" \/>\n<script type=\"application\/ld+json\" class=\"yoast-schema-graph\">{\"@context\":\"https:\\\/\\\/schema.org\",\"@graph\":[{\"@type\":\"Article\",\"@id\":\"https:\\\/\\\/lepatriotebenin.com\\\/index.php\\\/2025\\\/11\\\/10\\\/salon-des-industries-musicales-dafrique-francophone-a-cotonou-le-benin-saffirme-avec-ses-trois-etoiles-musicales\\\/#article\",\"isPartOf\":{\"@id\":\"https:\\\/\\\/lepatriotebenin.com\\\/index.php\\\/2025\\\/11\\\/10\\\/salon-des-industries-musicales-dafrique-francophone-a-cotonou-le-benin-saffirme-avec-ses-trois-etoiles-musicales\\\/\"},\"author\":{\"name\":\"Redaction\",\"@id\":\"https:\\\/\\\/lepatriotebenin.com\\\/#\\\/schema\\\/person\\\/2e7709b9c9cc313e452d1136af61690f\"},\"headline\":\"Salon des industries musicales d\u2019Afrique francophone \u00e0 Cotonou : Le B\u00e9nin s&rsquo;affirme avec ses trois \u00e9toiles musicales\",\"datePublished\":\"2025-11-09T23:51:38+00:00\",\"mainEntityOfPage\":{\"@id\":\"https:\\\/\\\/lepatriotebenin.com\\\/index.php\\\/2025\\\/11\\\/10\\\/salon-des-industries-musicales-dafrique-francophone-a-cotonou-le-benin-saffirme-avec-ses-trois-etoiles-musicales\\\/\"},\"wordCount\":456,\"commentCount\":0,\"image\":{\"@id\":\"https:\\\/\\\/lepatriotebenin.com\\\/index.php\\\/2025\\\/11\\\/10\\\/salon-des-industries-musicales-dafrique-francophone-a-cotonou-le-benin-saffirme-avec-ses-trois-etoiles-musicales\\\/#primaryimage\"},\"thumbnailUrl\":\"https:\\\/\\\/lepatriotebenin.com\\\/wp-content\\\/uploads\\\/2025\\\/11\\\/salon-de-l-industrie.webp\",\"articleSection\":[\"Culture\"],\"inLanguage\":\"fr-FR\",\"potentialAction\":[{\"@type\":\"CommentAction\",\"name\":\"Comment\",\"target\":[\"https:\\\/\\\/lepatriotebenin.com\\\/index.php\\\/2025\\\/11\\\/10\\\/salon-des-industries-musicales-dafrique-francophone-a-cotonou-le-benin-saffirme-avec-ses-trois-etoiles-musicales\\\/#respond\"]}]},{\"@type\":\"WebPage\",\"@id\":\"https:\\\/\\\/lepatriotebenin.com\\\/index.php\\\/2025\\\/11\\\/10\\\/salon-des-industries-musicales-dafrique-francophone-a-cotonou-le-benin-saffirme-avec-ses-trois-etoiles-musicales\\\/\",\"url\":\"https:\\\/\\\/lepatriotebenin.com\\\/index.php\\\/2025\\\/11\\\/10\\\/salon-des-industries-musicales-dafrique-francophone-a-cotonou-le-benin-saffirme-avec-ses-trois-etoiles-musicales\\\/\",\"name\":\"Salon des industries musicales d\u2019Afrique francophone \u00e0 Cotonou : Le B\u00e9nin s'affirme avec ses trois \u00e9toiles musicales - Le Patriote\",\"isPartOf\":{\"@id\":\"https:\\\/\\\/lepatriotebenin.com\\\/#website\"},\"primaryImageOfPage\":{\"@id\":\"https:\\\/\\\/lepatriotebenin.com\\\/index.php\\\/2025\\\/11\\\/10\\\/salon-des-industries-musicales-dafrique-francophone-a-cotonou-le-benin-saffirme-avec-ses-trois-etoiles-musicales\\\/#primaryimage\"},\"image\":{\"@id\":\"https:\\\/\\\/lepatriotebenin.com\\\/index.php\\\/2025\\\/11\\\/10\\\/salon-des-industries-musicales-dafrique-francophone-a-cotonou-le-benin-saffirme-avec-ses-trois-etoiles-musicales\\\/#primaryimage\"},\"thumbnailUrl\":\"https:\\\/\\\/lepatriotebenin.com\\\/wp-content\\\/uploads\\\/2025\\\/11\\\/salon-de-l-industrie.webp\",\"datePublished\":\"2025-11-09T23:51:38+00:00\",\"author\":{\"@id\":\"https:\\\/\\\/lepatriotebenin.com\\\/#\\\/schema\\\/person\\\/2e7709b9c9cc313e452d1136af61690f\"},\"breadcrumb\":{\"@id\":\"https:\\\/\\\/lepatriotebenin.com\\\/index.php\\\/2025\\\/11\\\/10\\\/salon-des-industries-musicales-dafrique-francophone-a-cotonou-le-benin-saffirme-avec-ses-trois-etoiles-musicales\\\/#breadcrumb\"},\"inLanguage\":\"fr-FR\",\"potentialAction\":[{\"@type\":\"ReadAction\",\"target\":[\"https:\\\/\\\/lepatriotebenin.com\\\/index.php\\\/2025\\\/11\\\/10\\\/salon-des-industries-musicales-dafrique-francophone-a-cotonou-le-benin-saffirme-avec-ses-trois-etoiles-musicales\\\/\"]}]},{\"@type\":\"ImageObject\",\"inLanguage\":\"fr-FR\",\"@id\":\"https:\\\/\\\/lepatriotebenin.com\\\/index.php\\\/2025\\\/11\\\/10\\\/salon-des-industries-musicales-dafrique-francophone-a-cotonou-le-benin-saffirme-avec-ses-trois-etoiles-musicales\\\/#primaryimage\",\"url\":\"https:\\\/\\\/lepatriotebenin.com\\\/wp-content\\\/uploads\\\/2025\\\/11\\\/salon-de-l-industrie.webp\",\"contentUrl\":\"https:\\\/\\\/lepatriotebenin.com\\\/wp-content\\\/uploads\\\/2025\\\/11\\\/salon-de-l-industrie.webp\",\"width\":960,\"height\":545},{\"@type\":\"BreadcrumbList\",\"@id\":\"https:\\\/\\\/lepatriotebenin.com\\\/index.php\\\/2025\\\/11\\\/10\\\/salon-des-industries-musicales-dafrique-francophone-a-cotonou-le-benin-saffirme-avec-ses-trois-etoiles-musicales\\\/#breadcrumb\",\"itemListElement\":[{\"@type\":\"ListItem\",\"position\":1,\"name\":\"Accueil\",\"item\":\"https:\\\/\\\/lepatriotebenin.com\\\/\"},{\"@type\":\"ListItem\",\"position\":2,\"name\":\"Salon des industries musicales d\u2019Afrique francophone \u00e0 Cotonou : Le B\u00e9nin s&rsquo;affirme avec ses trois \u00e9toiles musicales\"}]},{\"@type\":\"WebSite\",\"@id\":\"https:\\\/\\\/lepatriotebenin.com\\\/#website\",\"url\":\"https:\\\/\\\/lepatriotebenin.com\\\/\",\"name\":\"Le Patriote\",\"description\":\"Le Patriote B\u00e9nin\",\"potentialAction\":[{\"@type\":\"SearchAction\",\"target\":{\"@type\":\"EntryPoint\",\"urlTemplate\":\"https:\\\/\\\/lepatriotebenin.com\\\/?s={search_term_string}\"},\"query-input\":{\"@type\":\"PropertyValueSpecification\",\"valueRequired\":true,\"valueName\":\"search_term_string\"}}],\"inLanguage\":\"fr-FR\"},{\"@type\":\"Person\",\"@id\":\"https:\\\/\\\/lepatriotebenin.com\\\/#\\\/schema\\\/person\\\/2e7709b9c9cc313e452d1136af61690f\",\"name\":\"Redaction\",\"image\":{\"@type\":\"ImageObject\",\"inLanguage\":\"fr-FR\",\"@id\":\"https:\\\/\\\/secure.gravatar.com\\\/avatar\\\/c4c509357859ea2ca2cbb6d8812898a73e4ef1ef9934c2e591d7e32face734d1?s=96&d=mm&r=g\",\"url\":\"https:\\\/\\\/secure.gravatar.com\\\/avatar\\\/c4c509357859ea2ca2cbb6d8812898a73e4ef1ef9934c2e591d7e32face734d1?s=96&d=mm&r=g\",\"contentUrl\":\"https:\\\/\\\/secure.gravatar.com\\\/avatar\\\/c4c509357859ea2ca2cbb6d8812898a73e4ef1ef9934c2e591d7e32face734d1?s=96&d=mm&r=g\",\"caption\":\"Redaction\"},\"url\":\"https:\\\/\\\/lepatriotebenin.com\"}]}<\/script>\n<!-- \/ Yoast SEO plugin. -->","yoast_head_json":{"title":"Salon des industries musicales d\u2019Afrique francophone \u00e0 Cotonou : Le B\u00e9nin s'affirme avec ses trois \u00e9toiles musicales - Le Patriote","robots":{"index":"index","follow":"follow","max-snippet":"max-snippet:-1","max-image-preview":"max-image-preview:large","max-video-preview":"max-video-preview:-1"},"canonical":"https:\/\/lepatriotebenin.com\/index.php\/2025\/11\/10\/salon-des-industries-musicales-dafrique-francophone-a-cotonou-le-benin-saffirme-avec-ses-trois-etoiles-musicales\/","og_locale":"fr_FR","og_type":"article","og_title":"Salon des industries musicales d\u2019Afrique francophone \u00e0 Cotonou : Le B\u00e9nin s'affirme avec ses trois \u00e9toiles musicales - Le Patriote","og_description":"Du 10 au 15 novembre, Cotonou accueille le Salon des industries musicales d\u2019Afrique francophone (SIMA), un rendez-vous strat\u00e9gique pour penser l\u2019avenir de la musique sur le continent. L\u2019occasion de braquer&hellip;","og_url":"https:\/\/lepatriotebenin.com\/index.php\/2025\/11\/10\/salon-des-industries-musicales-dafrique-francophone-a-cotonou-le-benin-saffirme-avec-ses-trois-etoiles-musicales\/","og_site_name":"Le Patriote","article_published_time":"2025-11-09T23:51:38+00:00","og_image":[{"width":960,"height":545,"url":"https:\/\/lepatriotebenin.com\/wp-content\/uploads\/2025\/11\/salon-de-l-industrie.webp","type":"image\/webp"}],"author":"Redaction","twitter_card":"summary_large_image","twitter_misc":{"\u00c9crit par":"Redaction","Dur\u00e9e de lecture estim\u00e9e":"3 minutes"},"schema":{"@context":"https:\/\/schema.org","@graph":[{"@type":"Article","@id":"https:\/\/lepatriotebenin.com\/index.php\/2025\/11\/10\/salon-des-industries-musicales-dafrique-francophone-a-cotonou-le-benin-saffirme-avec-ses-trois-etoiles-musicales\/#article","isPartOf":{"@id":"https:\/\/lepatriotebenin.com\/index.php\/2025\/11\/10\/salon-des-industries-musicales-dafrique-francophone-a-cotonou-le-benin-saffirme-avec-ses-trois-etoiles-musicales\/"},"author":{"name":"Redaction","@id":"https:\/\/lepatriotebenin.com\/#\/schema\/person\/2e7709b9c9cc313e452d1136af61690f"},"headline":"Salon des industries musicales d\u2019Afrique francophone \u00e0 Cotonou : Le B\u00e9nin s&rsquo;affirme avec ses trois \u00e9toiles musicales","datePublished":"2025-11-09T23:51:38+00:00","mainEntityOfPage":{"@id":"https:\/\/lepatriotebenin.com\/index.php\/2025\/11\/10\/salon-des-industries-musicales-dafrique-francophone-a-cotonou-le-benin-saffirme-avec-ses-trois-etoiles-musicales\/"},"wordCount":456,"commentCount":0,"image":{"@id":"https:\/\/lepatriotebenin.com\/index.php\/2025\/11\/10\/salon-des-industries-musicales-dafrique-francophone-a-cotonou-le-benin-saffirme-avec-ses-trois-etoiles-musicales\/#primaryimage"},"thumbnailUrl":"https:\/\/lepatriotebenin.com\/wp-content\/uploads\/2025\/11\/salon-de-l-industrie.webp","articleSection":["Culture"],"inLanguage":"fr-FR","potentialAction":[{"@type":"CommentAction","name":"Comment","target":["https:\/\/lepatriotebenin.com\/index.php\/2025\/11\/10\/salon-des-industries-musicales-dafrique-francophone-a-cotonou-le-benin-saffirme-avec-ses-trois-etoiles-musicales\/#respond"]}]},{"@type":"WebPage","@id":"https:\/\/lepatriotebenin.com\/index.php\/2025\/11\/10\/salon-des-industries-musicales-dafrique-francophone-a-cotonou-le-benin-saffirme-avec-ses-trois-etoiles-musicales\/","url":"https:\/\/lepatriotebenin.com\/index.php\/2025\/11\/10\/salon-des-industries-musicales-dafrique-francophone-a-cotonou-le-benin-saffirme-avec-ses-trois-etoiles-musicales\/","name":"Salon des industries musicales d\u2019Afrique francophone \u00e0 Cotonou : Le B\u00e9nin s'affirme avec ses trois \u00e9toiles musicales - Le Patriote","isPartOf":{"@id":"https:\/\/lepatriotebenin.com\/#website"},"primaryImageOfPage":{"@id":"https:\/\/lepatriotebenin.com\/index.php\/2025\/11\/10\/salon-des-industries-musicales-dafrique-francophone-a-cotonou-le-benin-saffirme-avec-ses-trois-etoiles-musicales\/#primaryimage"},"image":{"@id":"https:\/\/lepatriotebenin.com\/index.php\/2025\/11\/10\/salon-des-industries-musicales-dafrique-francophone-a-cotonou-le-benin-saffirme-avec-ses-trois-etoiles-musicales\/#primaryimage"},"thumbnailUrl":"https:\/\/lepatriotebenin.com\/wp-content\/uploads\/2025\/11\/salon-de-l-industrie.webp","datePublished":"2025-11-09T23:51:38+00:00","author":{"@id":"https:\/\/lepatriotebenin.com\/#\/schema\/person\/2e7709b9c9cc313e452d1136af61690f"},"breadcrumb":{"@id":"https:\/\/lepatriotebenin.com\/index.php\/2025\/11\/10\/salon-des-industries-musicales-dafrique-francophone-a-cotonou-le-benin-saffirme-avec-ses-trois-etoiles-musicales\/#breadcrumb"},"inLanguage":"fr-FR","potentialAction":[{"@type":"ReadAction","target":["https:\/\/lepatriotebenin.com\/index.php\/2025\/11\/10\/salon-des-industries-musicales-dafrique-francophone-a-cotonou-le-benin-saffirme-avec-ses-trois-etoiles-musicales\/"]}]},{"@type":"ImageObject","inLanguage":"fr-FR","@id":"https:\/\/lepatriotebenin.com\/index.php\/2025\/11\/10\/salon-des-industries-musicales-dafrique-francophone-a-cotonou-le-benin-saffirme-avec-ses-trois-etoiles-musicales\/#primaryimage","url":"https:\/\/lepatriotebenin.com\/wp-content\/uploads\/2025\/11\/salon-de-l-industrie.webp","contentUrl":"https:\/\/lepatriotebenin.com\/wp-content\/uploads\/2025\/11\/salon-de-l-industrie.webp","width":960,"height":545},{"@type":"BreadcrumbList","@id":"https:\/\/lepatriotebenin.com\/index.php\/2025\/11\/10\/salon-des-industries-musicales-dafrique-francophone-a-cotonou-le-benin-saffirme-avec-ses-trois-etoiles-musicales\/#breadcrumb","itemListElement":[{"@type":"ListItem","position":1,"name":"Accueil","item":"https:\/\/lepatriotebenin.com\/"},{"@type":"ListItem","position":2,"name":"Salon des industries musicales d\u2019Afrique francophone \u00e0 Cotonou : Le B\u00e9nin s&rsquo;affirme avec ses trois \u00e9toiles musicales"}]},{"@type":"WebSite","@id":"https:\/\/lepatriotebenin.com\/#website","url":"https:\/\/lepatriotebenin.com\/","name":"Le Patriote","description":"Le Patriote B\u00e9nin","potentialAction":[{"@type":"SearchAction","target":{"@type":"EntryPoint","urlTemplate":"https:\/\/lepatriotebenin.com\/?s={search_term_string}"},"query-input":{"@type":"PropertyValueSpecification","valueRequired":true,"valueName":"search_term_string"}}],"inLanguage":"fr-FR"},{"@type":"Person","@id":"https:\/\/lepatriotebenin.com\/#\/schema\/person\/2e7709b9c9cc313e452d1136af61690f","name":"Redaction","image":{"@type":"ImageObject","inLanguage":"fr-FR","@id":"https:\/\/secure.gravatar.com\/avatar\/c4c509357859ea2ca2cbb6d8812898a73e4ef1ef9934c2e591d7e32face734d1?s=96&d=mm&r=g","url":"https:\/\/secure.gravatar.com\/avatar\/c4c509357859ea2ca2cbb6d8812898a73e4ef1ef9934c2e591d7e32face734d1?s=96&d=mm&r=g","contentUrl":"https:\/\/secure.gravatar.com\/avatar\/c4c509357859ea2ca2cbb6d8812898a73e4ef1ef9934c2e591d7e32face734d1?s=96&d=mm&r=g","caption":"Redaction"},"url":"https:\/\/lepatriotebenin.com"}]}},"_links":{"self":[{"href":"https:\/\/lepatriotebenin.com\/index.php\/wp-json\/wp\/v2\/posts\/14997","targetHints":{"allow":["GET"]}}],"collection":[{"href":"https:\/\/lepatriotebenin.com\/index.php\/wp-json\/wp\/v2\/posts"}],"about":[{"href":"https:\/\/lepatriotebenin.com\/index.php\/wp-json\/wp\/v2\/types\/post"}],"author":[{"embeddable":true,"href":"https:\/\/lepatriotebenin.com\/index.php\/wp-json\/wp\/v2\/users\/5"}],"replies":[{"embeddable":true,"href":"https:\/\/lepatriotebenin.com\/index.php\/wp-json\/wp\/v2\/comments?post=14997"}],"version-history":[{"count":1,"href":"https:\/\/lepatriotebenin.com\/index.php\/wp-json\/wp\/v2\/posts\/14997\/revisions"}],"predecessor-version":[{"id":14999,"href":"https:\/\/lepatriotebenin.com\/index.php\/wp-json\/wp\/v2\/posts\/14997\/revisions\/14999"}],"wp:featuredmedia":[{"embeddable":true,"href":"https:\/\/lepatriotebenin.com\/index.php\/wp-json\/wp\/v2\/media\/14998"}],"wp:attachment":[{"href":"https:\/\/lepatriotebenin.com\/index.php\/wp-json\/wp\/v2\/media?parent=14997"}],"wp:term":[{"taxonomy":"category","embeddable":true,"href":"https:\/\/lepatriotebenin.com\/index.php\/wp-json\/wp\/v2\/categories?post=14997"},{"taxonomy":"post_tag","embeddable":true,"href":"https:\/\/lepatriotebenin.com\/index.php\/wp-json\/wp\/v2\/tags?post=14997"}],"curies":[{"name":"wp","href":"https:\/\/api.w.org\/{rel}","templated":true}]}}