{"id":14763,"date":"2025-10-29T21:25:18","date_gmt":"2025-10-29T20:25:18","guid":{"rendered":"https:\/\/lepatriotebenin.com\/?p=14763"},"modified":"2025-10-29T21:25:18","modified_gmt":"2025-10-29T20:25:18","slug":"crise-securitaire-washington-exhorte-ses-citoyens-a-quitter-le-mali","status":"publish","type":"post","link":"https:\/\/lepatriotebenin.com\/index.php\/2025\/10\/29\/crise-securitaire-washington-exhorte-ses-citoyens-a-quitter-le-mali\/","title":{"rendered":"Crise s\u00e9curitaire : Washington exhorte ses citoyens \u00e0 quitter le Mali"},"content":{"rendered":"<p><em><strong>L\u2019Ambassade des Etats Unis au Mali a demand\u00e9 ce mardi une \u00e9vacuation a\u00e9rienne des Am\u00e9ricains se trouvant sur le sol malien. Cette mise en garde\u00a0 intervient dans un contexte de crise s\u00e9curitaire de Bamako face au blocus du carburant impos\u00e9 par le groupe djihadiste Jama&rsquo;at Nusrat al\u2011Islam wal\u2011Muslimin (JNIM).<\/strong><\/em><\/p>\n<p>L\u2019Ambassade des \u00c9tats-Unis \u00e0 Bamako a exhort\u00e9 les citoyens am\u00e9ricains pr\u00e9sents au Mali \u00e0 quitter le pays par avion. L\u2019ambassade\u00a0 a annonc\u00e9 que \u00ab la situation de s\u00e9curit\u00e9 \u00e0 Bamako est devenue impr\u00e9visible \u00bb en raison de \u00ab perturbations persistantes des approvisionnements en essence et diesel, de la fermeture d\u2019\u00e9tablissements publics et des combats arm\u00e9s entre le gouvernement malien et des \u00e9l\u00e9ments terroristes \u00bb. L\u2019ambassade a pr\u00e9cis\u00e9 que\u00a0 \u00ab les citoyens am\u00e9ricains doivent partir sans d\u00e9lai par voie a\u00e9rienne et \u00e9viter les routes terrestres, en raison des menaces terroristes grandissantes.<\/p>\n<p>En septembre, le groupe djihadiste JNIM a impos\u00e9 un blocus des camions-citernes au Mali, incendiant plus de 100 v\u00e9hicules et emp\u00eachant l\u2019entr\u00e9e de carburant dans le pays. Cette op\u00e9ration vise \u00e0 affaiblir le gouvernement militaire malien et a provoqu\u00e9 une grave p\u00e9nurie. Le gouvernement a r\u00e9agi en fermant \u00e9coles et universit\u00e9s \u00e0 l\u2019\u00e9chelle nationale.<\/p>\n<p>Dans ce contexte, l\u2019alerte de Washington pourrait amener d&rsquo;autres pays \u00e9trangers \u00e0 ordonner l&rsquo;\u00e9vacuation de leurs ressortissants. Parall\u00e8lement, cela pourrait aggraver l&rsquo;\u00e9conomie du pays, d\u00e9j\u00e0 fragilis\u00e9e par l&rsquo;ins\u00e9curit\u00e9 grandissante que provoquent les groupes terroristes.<\/p>\n<p><strong>Ez\u00e9chiel Dagb\u00e9gnon PADONOU<\/strong><\/p>\n","protected":false},"excerpt":{"rendered":"<p>L\u2019Ambassade des Etats Unis au Mali a demand\u00e9 ce mardi une \u00e9vacuation a\u00e9rienne des Am\u00e9ricains se trouvant sur le sol malien. Cette mise en garde\u00a0 intervient dans un contexte de&hellip;<\/p>\n","protected":false},"author":5,"featured_media":14764,"comment_status":"open","ping_status":"open","sticky":false,"template":"","format":"standard","meta":{"content-type":"","om_disable_all_campaigns":false,"_monsterinsights_skip_tracking":false,"_monsterinsights_sitenote_active":false,"_monsterinsights_sitenote_note":"","_monsterinsights_sitenote_category":0,"_uf_show_specific_survey":0,"_uf_disable_surveys":false,"footnotes":""},"categories":[339],"tags":[],"class_list":["post-14763","post","type-post","status-publish","format-standard","has-post-thumbnail","hentry","category-afrique"],"aioseo_notices":[],"yoast_head":"<!-- This site is optimized with the Yoast SEO plugin v27.5 - https:\/\/yoast.com\/product\/yoast-seo-wordpress\/ -->\n<title>Crise s\u00e9curitaire : Washington exhorte ses citoyens \u00e0 quitter le Mali - Le Patriote<\/title>\n<meta name=\"robots\" content=\"index, follow, max-snippet:-1, max-image-preview:large, max-video-preview:-1\" \/>\n<link rel=\"canonical\" href=\"https:\/\/lepatriotebenin.com\/index.php\/2025\/10\/29\/crise-securitaire-washington-exhorte-ses-citoyens-a-quitter-le-mali\/\" \/>\n<meta property=\"og:locale\" content=\"fr_FR\" \/>\n<meta property=\"og:type\" content=\"article\" \/>\n<meta property=\"og:title\" content=\"Crise s\u00e9curitaire : Washington exhorte ses citoyens \u00e0 quitter le Mali - Le Patriote\" \/>\n<meta property=\"og:description\" content=\"L\u2019Ambassade des Etats Unis au Mali a demand\u00e9 ce mardi une \u00e9vacuation a\u00e9rienne des Am\u00e9ricains se trouvant sur le sol malien. Cette mise en garde\u00a0 intervient dans un contexte de&hellip;\" \/>\n<meta property=\"og:url\" content=\"https:\/\/lepatriotebenin.com\/index.php\/2025\/10\/29\/crise-securitaire-washington-exhorte-ses-citoyens-a-quitter-le-mali\/\" \/>\n<meta property=\"og:site_name\" content=\"Le Patriote\" \/>\n<meta property=\"article:published_time\" content=\"2025-10-29T20:25:18+00:00\" \/>\n<meta property=\"og:image\" content=\"https:\/\/lepatriotebenin.com\/wp-content\/uploads\/2025\/10\/crise.jpg\" \/>\n\t<meta property=\"og:image:width\" content=\"944\" \/>\n\t<meta property=\"og:image:height\" content=\"480\" \/>\n\t<meta property=\"og:image:type\" content=\"image\/jpeg\" \/>\n<meta name=\"author\" content=\"Redaction\" \/>\n<meta name=\"twitter:card\" content=\"summary_large_image\" \/>\n<meta name=\"twitter:label1\" content=\"\u00c9crit par\" \/>\n\t<meta name=\"twitter:data1\" content=\"Redaction\" \/>\n\t<meta name=\"twitter:label2\" content=\"Dur\u00e9e de lecture estim\u00e9e\" \/>\n\t<meta name=\"twitter:data2\" content=\"2 minutes\" \/>\n<script type=\"application\/ld+json\" class=\"yoast-schema-graph\">{\"@context\":\"https:\\\/\\\/schema.org\",\"@graph\":[{\"@type\":\"Article\",\"@id\":\"https:\\\/\\\/lepatriotebenin.com\\\/index.php\\\/2025\\\/10\\\/29\\\/crise-securitaire-washington-exhorte-ses-citoyens-a-quitter-le-mali\\\/#article\",\"isPartOf\":{\"@id\":\"https:\\\/\\\/lepatriotebenin.com\\\/index.php\\\/2025\\\/10\\\/29\\\/crise-securitaire-washington-exhorte-ses-citoyens-a-quitter-le-mali\\\/\"},\"author\":{\"name\":\"Redaction\",\"@id\":\"https:\\\/\\\/lepatriotebenin.com\\\/#\\\/schema\\\/person\\\/2e7709b9c9cc313e452d1136af61690f\"},\"headline\":\"Crise s\u00e9curitaire : Washington exhorte ses citoyens \u00e0 quitter le Mali\",\"datePublished\":\"2025-10-29T20:25:18+00:00\",\"mainEntityOfPage\":{\"@id\":\"https:\\\/\\\/lepatriotebenin.com\\\/index.php\\\/2025\\\/10\\\/29\\\/crise-securitaire-washington-exhorte-ses-citoyens-a-quitter-le-mali\\\/\"},\"wordCount\":269,\"commentCount\":0,\"image\":{\"@id\":\"https:\\\/\\\/lepatriotebenin.com\\\/index.php\\\/2025\\\/10\\\/29\\\/crise-securitaire-washington-exhorte-ses-citoyens-a-quitter-le-mali\\\/#primaryimage\"},\"thumbnailUrl\":\"https:\\\/\\\/lepatriotebenin.com\\\/wp-content\\\/uploads\\\/2025\\\/10\\\/crise.jpg\",\"articleSection\":[\"Afrique\"],\"inLanguage\":\"fr-FR\",\"potentialAction\":[{\"@type\":\"CommentAction\",\"name\":\"Comment\",\"target\":[\"https:\\\/\\\/lepatriotebenin.com\\\/index.php\\\/2025\\\/10\\\/29\\\/crise-securitaire-washington-exhorte-ses-citoyens-a-quitter-le-mali\\\/#respond\"]}]},{\"@type\":\"WebPage\",\"@id\":\"https:\\\/\\\/lepatriotebenin.com\\\/index.php\\\/2025\\\/10\\\/29\\\/crise-securitaire-washington-exhorte-ses-citoyens-a-quitter-le-mali\\\/\",\"url\":\"https:\\\/\\\/lepatriotebenin.com\\\/index.php\\\/2025\\\/10\\\/29\\\/crise-securitaire-washington-exhorte-ses-citoyens-a-quitter-le-mali\\\/\",\"name\":\"Crise s\u00e9curitaire : Washington exhorte ses citoyens \u00e0 quitter le Mali - Le Patriote\",\"isPartOf\":{\"@id\":\"https:\\\/\\\/lepatriotebenin.com\\\/#website\"},\"primaryImageOfPage\":{\"@id\":\"https:\\\/\\\/lepatriotebenin.com\\\/index.php\\\/2025\\\/10\\\/29\\\/crise-securitaire-washington-exhorte-ses-citoyens-a-quitter-le-mali\\\/#primaryimage\"},\"image\":{\"@id\":\"https:\\\/\\\/lepatriotebenin.com\\\/index.php\\\/2025\\\/10\\\/29\\\/crise-securitaire-washington-exhorte-ses-citoyens-a-quitter-le-mali\\\/#primaryimage\"},\"thumbnailUrl\":\"https:\\\/\\\/lepatriotebenin.com\\\/wp-content\\\/uploads\\\/2025\\\/10\\\/crise.jpg\",\"datePublished\":\"2025-10-29T20:25:18+00:00\",\"author\":{\"@id\":\"https:\\\/\\\/lepatriotebenin.com\\\/#\\\/schema\\\/person\\\/2e7709b9c9cc313e452d1136af61690f\"},\"breadcrumb\":{\"@id\":\"https:\\\/\\\/lepatriotebenin.com\\\/index.php\\\/2025\\\/10\\\/29\\\/crise-securitaire-washington-exhorte-ses-citoyens-a-quitter-le-mali\\\/#breadcrumb\"},\"inLanguage\":\"fr-FR\",\"potentialAction\":[{\"@type\":\"ReadAction\",\"target\":[\"https:\\\/\\\/lepatriotebenin.com\\\/index.php\\\/2025\\\/10\\\/29\\\/crise-securitaire-washington-exhorte-ses-citoyens-a-quitter-le-mali\\\/\"]}]},{\"@type\":\"ImageObject\",\"inLanguage\":\"fr-FR\",\"@id\":\"https:\\\/\\\/lepatriotebenin.com\\\/index.php\\\/2025\\\/10\\\/29\\\/crise-securitaire-washington-exhorte-ses-citoyens-a-quitter-le-mali\\\/#primaryimage\",\"url\":\"https:\\\/\\\/lepatriotebenin.com\\\/wp-content\\\/uploads\\\/2025\\\/10\\\/crise.jpg\",\"contentUrl\":\"https:\\\/\\\/lepatriotebenin.com\\\/wp-content\\\/uploads\\\/2025\\\/10\\\/crise.jpg\",\"width\":944,\"height\":480},{\"@type\":\"BreadcrumbList\",\"@id\":\"https:\\\/\\\/lepatriotebenin.com\\\/index.php\\\/2025\\\/10\\\/29\\\/crise-securitaire-washington-exhorte-ses-citoyens-a-quitter-le-mali\\\/#breadcrumb\",\"itemListElement\":[{\"@type\":\"ListItem\",\"position\":1,\"name\":\"Accueil\",\"item\":\"https:\\\/\\\/lepatriotebenin.com\\\/\"},{\"@type\":\"ListItem\",\"position\":2,\"name\":\"Crise s\u00e9curitaire : Washington exhorte ses citoyens \u00e0 quitter le Mali\"}]},{\"@type\":\"WebSite\",\"@id\":\"https:\\\/\\\/lepatriotebenin.com\\\/#website\",\"url\":\"https:\\\/\\\/lepatriotebenin.com\\\/\",\"name\":\"Le Patriote\",\"description\":\"Le Patriote B\u00e9nin\",\"potentialAction\":[{\"@type\":\"SearchAction\",\"target\":{\"@type\":\"EntryPoint\",\"urlTemplate\":\"https:\\\/\\\/lepatriotebenin.com\\\/?s={search_term_string}\"},\"query-input\":{\"@type\":\"PropertyValueSpecification\",\"valueRequired\":true,\"valueName\":\"search_term_string\"}}],\"inLanguage\":\"fr-FR\"},{\"@type\":\"Person\",\"@id\":\"https:\\\/\\\/lepatriotebenin.com\\\/#\\\/schema\\\/person\\\/2e7709b9c9cc313e452d1136af61690f\",\"name\":\"Redaction\",\"image\":{\"@type\":\"ImageObject\",\"inLanguage\":\"fr-FR\",\"@id\":\"https:\\\/\\\/secure.gravatar.com\\\/avatar\\\/c4c509357859ea2ca2cbb6d8812898a73e4ef1ef9934c2e591d7e32face734d1?s=96&d=mm&r=g\",\"url\":\"https:\\\/\\\/secure.gravatar.com\\\/avatar\\\/c4c509357859ea2ca2cbb6d8812898a73e4ef1ef9934c2e591d7e32face734d1?s=96&d=mm&r=g\",\"contentUrl\":\"https:\\\/\\\/secure.gravatar.com\\\/avatar\\\/c4c509357859ea2ca2cbb6d8812898a73e4ef1ef9934c2e591d7e32face734d1?s=96&d=mm&r=g\",\"caption\":\"Redaction\"},\"url\":\"https:\\\/\\\/lepatriotebenin.com\"}]}<\/script>\n<!-- \/ Yoast SEO plugin. -->","yoast_head_json":{"title":"Crise s\u00e9curitaire : Washington exhorte ses citoyens \u00e0 quitter le Mali - Le Patriote","robots":{"index":"index","follow":"follow","max-snippet":"max-snippet:-1","max-image-preview":"max-image-preview:large","max-video-preview":"max-video-preview:-1"},"canonical":"https:\/\/lepatriotebenin.com\/index.php\/2025\/10\/29\/crise-securitaire-washington-exhorte-ses-citoyens-a-quitter-le-mali\/","og_locale":"fr_FR","og_type":"article","og_title":"Crise s\u00e9curitaire : Washington exhorte ses citoyens \u00e0 quitter le Mali - Le Patriote","og_description":"L\u2019Ambassade des Etats Unis au Mali a demand\u00e9 ce mardi une \u00e9vacuation a\u00e9rienne des Am\u00e9ricains se trouvant sur le sol malien. Cette mise en garde\u00a0 intervient dans un contexte de&hellip;","og_url":"https:\/\/lepatriotebenin.com\/index.php\/2025\/10\/29\/crise-securitaire-washington-exhorte-ses-citoyens-a-quitter-le-mali\/","og_site_name":"Le Patriote","article_published_time":"2025-10-29T20:25:18+00:00","og_image":[{"width":944,"height":480,"url":"https:\/\/lepatriotebenin.com\/wp-content\/uploads\/2025\/10\/crise.jpg","type":"image\/jpeg"}],"author":"Redaction","twitter_card":"summary_large_image","twitter_misc":{"\u00c9crit par":"Redaction","Dur\u00e9e de lecture estim\u00e9e":"2 minutes"},"schema":{"@context":"https:\/\/schema.org","@graph":[{"@type":"Article","@id":"https:\/\/lepatriotebenin.com\/index.php\/2025\/10\/29\/crise-securitaire-washington-exhorte-ses-citoyens-a-quitter-le-mali\/#article","isPartOf":{"@id":"https:\/\/lepatriotebenin.com\/index.php\/2025\/10\/29\/crise-securitaire-washington-exhorte-ses-citoyens-a-quitter-le-mali\/"},"author":{"name":"Redaction","@id":"https:\/\/lepatriotebenin.com\/#\/schema\/person\/2e7709b9c9cc313e452d1136af61690f"},"headline":"Crise s\u00e9curitaire : Washington exhorte ses citoyens \u00e0 quitter le Mali","datePublished":"2025-10-29T20:25:18+00:00","mainEntityOfPage":{"@id":"https:\/\/lepatriotebenin.com\/index.php\/2025\/10\/29\/crise-securitaire-washington-exhorte-ses-citoyens-a-quitter-le-mali\/"},"wordCount":269,"commentCount":0,"image":{"@id":"https:\/\/lepatriotebenin.com\/index.php\/2025\/10\/29\/crise-securitaire-washington-exhorte-ses-citoyens-a-quitter-le-mali\/#primaryimage"},"thumbnailUrl":"https:\/\/lepatriotebenin.com\/wp-content\/uploads\/2025\/10\/crise.jpg","articleSection":["Afrique"],"inLanguage":"fr-FR","potentialAction":[{"@type":"CommentAction","name":"Comment","target":["https:\/\/lepatriotebenin.com\/index.php\/2025\/10\/29\/crise-securitaire-washington-exhorte-ses-citoyens-a-quitter-le-mali\/#respond"]}]},{"@type":"WebPage","@id":"https:\/\/lepatriotebenin.com\/index.php\/2025\/10\/29\/crise-securitaire-washington-exhorte-ses-citoyens-a-quitter-le-mali\/","url":"https:\/\/lepatriotebenin.com\/index.php\/2025\/10\/29\/crise-securitaire-washington-exhorte-ses-citoyens-a-quitter-le-mali\/","name":"Crise s\u00e9curitaire : Washington exhorte ses citoyens \u00e0 quitter le Mali - Le Patriote","isPartOf":{"@id":"https:\/\/lepatriotebenin.com\/#website"},"primaryImageOfPage":{"@id":"https:\/\/lepatriotebenin.com\/index.php\/2025\/10\/29\/crise-securitaire-washington-exhorte-ses-citoyens-a-quitter-le-mali\/#primaryimage"},"image":{"@id":"https:\/\/lepatriotebenin.com\/index.php\/2025\/10\/29\/crise-securitaire-washington-exhorte-ses-citoyens-a-quitter-le-mali\/#primaryimage"},"thumbnailUrl":"https:\/\/lepatriotebenin.com\/wp-content\/uploads\/2025\/10\/crise.jpg","datePublished":"2025-10-29T20:25:18+00:00","author":{"@id":"https:\/\/lepatriotebenin.com\/#\/schema\/person\/2e7709b9c9cc313e452d1136af61690f"},"breadcrumb":{"@id":"https:\/\/lepatriotebenin.com\/index.php\/2025\/10\/29\/crise-securitaire-washington-exhorte-ses-citoyens-a-quitter-le-mali\/#breadcrumb"},"inLanguage":"fr-FR","potentialAction":[{"@type":"ReadAction","target":["https:\/\/lepatriotebenin.com\/index.php\/2025\/10\/29\/crise-securitaire-washington-exhorte-ses-citoyens-a-quitter-le-mali\/"]}]},{"@type":"ImageObject","inLanguage":"fr-FR","@id":"https:\/\/lepatriotebenin.com\/index.php\/2025\/10\/29\/crise-securitaire-washington-exhorte-ses-citoyens-a-quitter-le-mali\/#primaryimage","url":"https:\/\/lepatriotebenin.com\/wp-content\/uploads\/2025\/10\/crise.jpg","contentUrl":"https:\/\/lepatriotebenin.com\/wp-content\/uploads\/2025\/10\/crise.jpg","width":944,"height":480},{"@type":"BreadcrumbList","@id":"https:\/\/lepatriotebenin.com\/index.php\/2025\/10\/29\/crise-securitaire-washington-exhorte-ses-citoyens-a-quitter-le-mali\/#breadcrumb","itemListElement":[{"@type":"ListItem","position":1,"name":"Accueil","item":"https:\/\/lepatriotebenin.com\/"},{"@type":"ListItem","position":2,"name":"Crise s\u00e9curitaire : Washington exhorte ses citoyens \u00e0 quitter le Mali"}]},{"@type":"WebSite","@id":"https:\/\/lepatriotebenin.com\/#website","url":"https:\/\/lepatriotebenin.com\/","name":"Le Patriote","description":"Le Patriote B\u00e9nin","potentialAction":[{"@type":"SearchAction","target":{"@type":"EntryPoint","urlTemplate":"https:\/\/lepatriotebenin.com\/?s={search_term_string}"},"query-input":{"@type":"PropertyValueSpecification","valueRequired":true,"valueName":"search_term_string"}}],"inLanguage":"fr-FR"},{"@type":"Person","@id":"https:\/\/lepatriotebenin.com\/#\/schema\/person\/2e7709b9c9cc313e452d1136af61690f","name":"Redaction","image":{"@type":"ImageObject","inLanguage":"fr-FR","@id":"https:\/\/secure.gravatar.com\/avatar\/c4c509357859ea2ca2cbb6d8812898a73e4ef1ef9934c2e591d7e32face734d1?s=96&d=mm&r=g","url":"https:\/\/secure.gravatar.com\/avatar\/c4c509357859ea2ca2cbb6d8812898a73e4ef1ef9934c2e591d7e32face734d1?s=96&d=mm&r=g","contentUrl":"https:\/\/secure.gravatar.com\/avatar\/c4c509357859ea2ca2cbb6d8812898a73e4ef1ef9934c2e591d7e32face734d1?s=96&d=mm&r=g","caption":"Redaction"},"url":"https:\/\/lepatriotebenin.com"}]}},"_links":{"self":[{"href":"https:\/\/lepatriotebenin.com\/index.php\/wp-json\/wp\/v2\/posts\/14763","targetHints":{"allow":["GET"]}}],"collection":[{"href":"https:\/\/lepatriotebenin.com\/index.php\/wp-json\/wp\/v2\/posts"}],"about":[{"href":"https:\/\/lepatriotebenin.com\/index.php\/wp-json\/wp\/v2\/types\/post"}],"author":[{"embeddable":true,"href":"https:\/\/lepatriotebenin.com\/index.php\/wp-json\/wp\/v2\/users\/5"}],"replies":[{"embeddable":true,"href":"https:\/\/lepatriotebenin.com\/index.php\/wp-json\/wp\/v2\/comments?post=14763"}],"version-history":[{"count":1,"href":"https:\/\/lepatriotebenin.com\/index.php\/wp-json\/wp\/v2\/posts\/14763\/revisions"}],"predecessor-version":[{"id":14765,"href":"https:\/\/lepatriotebenin.com\/index.php\/wp-json\/wp\/v2\/posts\/14763\/revisions\/14765"}],"wp:featuredmedia":[{"embeddable":true,"href":"https:\/\/lepatriotebenin.com\/index.php\/wp-json\/wp\/v2\/media\/14764"}],"wp:attachment":[{"href":"https:\/\/lepatriotebenin.com\/index.php\/wp-json\/wp\/v2\/media?parent=14763"}],"wp:term":[{"taxonomy":"category","embeddable":true,"href":"https:\/\/lepatriotebenin.com\/index.php\/wp-json\/wp\/v2\/categories?post=14763"},{"taxonomy":"post_tag","embeddable":true,"href":"https:\/\/lepatriotebenin.com\/index.php\/wp-json\/wp\/v2\/tags?post=14763"}],"curies":[{"name":"wp","href":"https:\/\/api.w.org\/{rel}","templated":true}]}}