{"id":14710,"date":"2025-10-28T09:58:14","date_gmt":"2025-10-28T08:58:14","guid":{"rendered":"https:\/\/lepatriotebenin.com\/?p=14710"},"modified":"2025-10-28T09:58:14","modified_gmt":"2025-10-28T08:58:14","slug":"elimination-du-duo-des-democrates-a-la-presidentielle-2026-voici-les-arguments-avances-par-la-cour-constitutionnelle-integralite-de-la-decision-ep-25-007-du-27-octobre-2025","status":"publish","type":"post","link":"https:\/\/lepatriotebenin.com\/index.php\/2025\/10\/28\/elimination-du-duo-des-democrates-a-la-presidentielle-2026-voici-les-arguments-avances-par-la-cour-constitutionnelle-integralite-de-la-decision-ep-25-007-du-27-octobre-2025\/","title":{"rendered":"Elimination du duo des D\u00e9mocrates \u00e0 la Pr\u00e9sidentielle 2026 : voici les arguments avanc\u00e9s par  la Cour constitutionnelle, (Int\u00e9gralit\u00e9 de la d\u00e9cision EP 25-007 DU 27 OCTOBRE 2025)"},"content":{"rendered":"<p><strong><em>La Cour constitutionnelle a mis un terme au d\u00e9bat sur la participation ou non du parti \u00ab\u00a0Les D\u00e9mocrates\u00a0\u00bb, \u00e0 l\u2019\u00e9lection pr\u00e9sidentielle du 12 avril 2026 \u00e0 \u00a0travers une DECISON EP 25-007 du 27 octobre 2025.<\/em><\/strong><\/p>\n<p>La Cour constitutionnelle, dans sa d\u00e9cision \u00e0 l\u2019issue d\u2019une audience sp\u00e9ciale portant sur quatre recours d\u00e9pos\u00e9s contre la Commission \u00e9lectorale nationale autonome (CENA), a d\u00e9bout\u00e9 les requ\u00e9rants mais aussi a confirm\u00e9 les duos retenus pr\u00e9c\u00e9demment par la\u00a0 CENA, qui prendront part, \u00e0 l\u2019\u00e9lection. Voici l\u2019int\u00e9gralit\u00e9 de la d\u00e9cision des sages. Ces recours contestaient notamment le rejet de la candidature du duo du parti d\u2019opposition Les D\u00e9mocrates, \u00e9cart\u00e9 pour d\u00e9faut de parrainage. Voici l\u2019int\u00e9gralit\u00e9 de la d\u00e9cision des sages.\u00a0 <a href=\"https:\/\/lepatriotebenin.com\/wp-content\/uploads\/2025\/10\/ep25-007-du-27-10-2025.pdf\">EP25-007 du 27-10-2025<\/a><\/p>\n","protected":false},"excerpt":{"rendered":"<p>La Cour constitutionnelle a mis un terme au d\u00e9bat sur la participation ou non du parti \u00ab\u00a0Les D\u00e9mocrates\u00a0\u00bb, \u00e0 l\u2019\u00e9lection pr\u00e9sidentielle du 12 avril 2026 \u00e0 \u00a0travers une DECISON EP&hellip;<\/p>\n","protected":false},"author":6,"featured_media":14712,"comment_status":"open","ping_status":"open","sticky":false,"template":"","format":"standard","meta":{"content-type":"","om_disable_all_campaigns":false,"_monsterinsights_skip_tracking":false,"_monsterinsights_sitenote_active":false,"_monsterinsights_sitenote_note":"","_monsterinsights_sitenote_category":0,"_uf_show_specific_survey":0,"_uf_disable_surveys":false,"footnotes":""},"categories":[26],"tags":[],"class_list":["post-14710","post","type-post","status-publish","format-standard","has-post-thumbnail","hentry","category-politique"],"aioseo_notices":[],"yoast_head":"<!-- This site is optimized with the Yoast SEO plugin v27.5 - https:\/\/yoast.com\/product\/yoast-seo-wordpress\/ -->\n<title>Elimination du duo des D\u00e9mocrates \u00e0 la Pr\u00e9sidentielle 2026 : voici les arguments avanc\u00e9s par la Cour constitutionnelle, (Int\u00e9gralit\u00e9 de la d\u00e9cision EP 25-007 DU 27 OCTOBRE 2025) - Le Patriote<\/title>\n<meta name=\"robots\" content=\"index, follow, max-snippet:-1, max-image-preview:large, max-video-preview:-1\" \/>\n<link rel=\"canonical\" href=\"https:\/\/lepatriotebenin.com\/index.php\/2025\/10\/28\/elimination-du-duo-des-democrates-a-la-presidentielle-2026-voici-les-arguments-avances-par-la-cour-constitutionnelle-integralite-de-la-decision-ep-25-007-du-27-octobre-2025\/\" \/>\n<meta property=\"og:locale\" content=\"fr_FR\" \/>\n<meta property=\"og:type\" content=\"article\" \/>\n<meta property=\"og:title\" content=\"Elimination du duo des D\u00e9mocrates \u00e0 la Pr\u00e9sidentielle 2026 : voici les arguments avanc\u00e9s par la Cour constitutionnelle, (Int\u00e9gralit\u00e9 de la d\u00e9cision EP 25-007 DU 27 OCTOBRE 2025) - Le Patriote\" \/>\n<meta property=\"og:description\" content=\"La Cour constitutionnelle a mis un terme au d\u00e9bat sur la participation ou non du parti \u00ab\u00a0Les D\u00e9mocrates\u00a0\u00bb, \u00e0 l\u2019\u00e9lection pr\u00e9sidentielle du 12 avril 2026 \u00e0 \u00a0travers une DECISON EP&hellip;\" \/>\n<meta property=\"og:url\" content=\"https:\/\/lepatriotebenin.com\/index.php\/2025\/10\/28\/elimination-du-duo-des-democrates-a-la-presidentielle-2026-voici-les-arguments-avances-par-la-cour-constitutionnelle-integralite-de-la-decision-ep-25-007-du-27-octobre-2025\/\" \/>\n<meta property=\"og:site_name\" content=\"Le Patriote\" \/>\n<meta property=\"article:published_time\" content=\"2025-10-28T08:58:14+00:00\" \/>\n<meta property=\"og:image\" content=\"https:\/\/lepatriotebenin.com\/wp-content\/uploads\/2025\/10\/cour-2.jpg\" \/>\n\t<meta property=\"og:image:width\" content=\"780\" \/>\n\t<meta property=\"og:image:height\" content=\"560\" \/>\n\t<meta property=\"og:image:type\" content=\"image\/jpeg\" \/>\n<meta name=\"author\" content=\"Roland AFFANOU\" \/>\n<meta name=\"twitter:card\" content=\"summary_large_image\" \/>\n<meta name=\"twitter:label1\" content=\"\u00c9crit par\" \/>\n\t<meta name=\"twitter:data1\" content=\"Roland AFFANOU\" \/>\n\t<meta name=\"twitter:label2\" content=\"Dur\u00e9e de lecture estim\u00e9e\" \/>\n\t<meta name=\"twitter:data2\" content=\"1 minute\" \/>\n<script type=\"application\/ld+json\" class=\"yoast-schema-graph\">{\"@context\":\"https:\\\/\\\/schema.org\",\"@graph\":[{\"@type\":\"Article\",\"@id\":\"https:\\\/\\\/lepatriotebenin.com\\\/index.php\\\/2025\\\/10\\\/28\\\/elimination-du-duo-des-democrates-a-la-presidentielle-2026-voici-les-arguments-avances-par-la-cour-constitutionnelle-integralite-de-la-decision-ep-25-007-du-27-octobre-2025\\\/#article\",\"isPartOf\":{\"@id\":\"https:\\\/\\\/lepatriotebenin.com\\\/index.php\\\/2025\\\/10\\\/28\\\/elimination-du-duo-des-democrates-a-la-presidentielle-2026-voici-les-arguments-avances-par-la-cour-constitutionnelle-integralite-de-la-decision-ep-25-007-du-27-octobre-2025\\\/\"},\"author\":{\"name\":\"Roland AFFANOU\",\"@id\":\"https:\\\/\\\/lepatriotebenin.com\\\/#\\\/schema\\\/person\\\/4a9b67216c97d04045e01405c534c91f\"},\"headline\":\"Elimination du duo des D\u00e9mocrates \u00e0 la Pr\u00e9sidentielle 2026 : voici les arguments avanc\u00e9s par la Cour constitutionnelle, (Int\u00e9gralit\u00e9 de la d\u00e9cision EP 25-007 DU 27 OCTOBRE 2025)\",\"datePublished\":\"2025-10-28T08:58:14+00:00\",\"mainEntityOfPage\":{\"@id\":\"https:\\\/\\\/lepatriotebenin.com\\\/index.php\\\/2025\\\/10\\\/28\\\/elimination-du-duo-des-democrates-a-la-presidentielle-2026-voici-les-arguments-avances-par-la-cour-constitutionnelle-integralite-de-la-decision-ep-25-007-du-27-octobre-2025\\\/\"},\"wordCount\":162,\"commentCount\":0,\"image\":{\"@id\":\"https:\\\/\\\/lepatriotebenin.com\\\/index.php\\\/2025\\\/10\\\/28\\\/elimination-du-duo-des-democrates-a-la-presidentielle-2026-voici-les-arguments-avances-par-la-cour-constitutionnelle-integralite-de-la-decision-ep-25-007-du-27-octobre-2025\\\/#primaryimage\"},\"thumbnailUrl\":\"https:\\\/\\\/lepatriotebenin.com\\\/wp-content\\\/uploads\\\/2025\\\/10\\\/cour-2.jpg\",\"articleSection\":[\"Politique\"],\"inLanguage\":\"fr-FR\",\"potentialAction\":[{\"@type\":\"CommentAction\",\"name\":\"Comment\",\"target\":[\"https:\\\/\\\/lepatriotebenin.com\\\/index.php\\\/2025\\\/10\\\/28\\\/elimination-du-duo-des-democrates-a-la-presidentielle-2026-voici-les-arguments-avances-par-la-cour-constitutionnelle-integralite-de-la-decision-ep-25-007-du-27-octobre-2025\\\/#respond\"]}]},{\"@type\":\"WebPage\",\"@id\":\"https:\\\/\\\/lepatriotebenin.com\\\/index.php\\\/2025\\\/10\\\/28\\\/elimination-du-duo-des-democrates-a-la-presidentielle-2026-voici-les-arguments-avances-par-la-cour-constitutionnelle-integralite-de-la-decision-ep-25-007-du-27-octobre-2025\\\/\",\"url\":\"https:\\\/\\\/lepatriotebenin.com\\\/index.php\\\/2025\\\/10\\\/28\\\/elimination-du-duo-des-democrates-a-la-presidentielle-2026-voici-les-arguments-avances-par-la-cour-constitutionnelle-integralite-de-la-decision-ep-25-007-du-27-octobre-2025\\\/\",\"name\":\"Elimination du duo des D\u00e9mocrates \u00e0 la Pr\u00e9sidentielle 2026 : voici les arguments avanc\u00e9s par la Cour constitutionnelle, (Int\u00e9gralit\u00e9 de la d\u00e9cision EP 25-007 DU 27 OCTOBRE 2025) - Le Patriote\",\"isPartOf\":{\"@id\":\"https:\\\/\\\/lepatriotebenin.com\\\/#website\"},\"primaryImageOfPage\":{\"@id\":\"https:\\\/\\\/lepatriotebenin.com\\\/index.php\\\/2025\\\/10\\\/28\\\/elimination-du-duo-des-democrates-a-la-presidentielle-2026-voici-les-arguments-avances-par-la-cour-constitutionnelle-integralite-de-la-decision-ep-25-007-du-27-octobre-2025\\\/#primaryimage\"},\"image\":{\"@id\":\"https:\\\/\\\/lepatriotebenin.com\\\/index.php\\\/2025\\\/10\\\/28\\\/elimination-du-duo-des-democrates-a-la-presidentielle-2026-voici-les-arguments-avances-par-la-cour-constitutionnelle-integralite-de-la-decision-ep-25-007-du-27-octobre-2025\\\/#primaryimage\"},\"thumbnailUrl\":\"https:\\\/\\\/lepatriotebenin.com\\\/wp-content\\\/uploads\\\/2025\\\/10\\\/cour-2.jpg\",\"datePublished\":\"2025-10-28T08:58:14+00:00\",\"author\":{\"@id\":\"https:\\\/\\\/lepatriotebenin.com\\\/#\\\/schema\\\/person\\\/4a9b67216c97d04045e01405c534c91f\"},\"breadcrumb\":{\"@id\":\"https:\\\/\\\/lepatriotebenin.com\\\/index.php\\\/2025\\\/10\\\/28\\\/elimination-du-duo-des-democrates-a-la-presidentielle-2026-voici-les-arguments-avances-par-la-cour-constitutionnelle-integralite-de-la-decision-ep-25-007-du-27-octobre-2025\\\/#breadcrumb\"},\"inLanguage\":\"fr-FR\",\"potentialAction\":[{\"@type\":\"ReadAction\",\"target\":[\"https:\\\/\\\/lepatriotebenin.com\\\/index.php\\\/2025\\\/10\\\/28\\\/elimination-du-duo-des-democrates-a-la-presidentielle-2026-voici-les-arguments-avances-par-la-cour-constitutionnelle-integralite-de-la-decision-ep-25-007-du-27-octobre-2025\\\/\"]}]},{\"@type\":\"ImageObject\",\"inLanguage\":\"fr-FR\",\"@id\":\"https:\\\/\\\/lepatriotebenin.com\\\/index.php\\\/2025\\\/10\\\/28\\\/elimination-du-duo-des-democrates-a-la-presidentielle-2026-voici-les-arguments-avances-par-la-cour-constitutionnelle-integralite-de-la-decision-ep-25-007-du-27-octobre-2025\\\/#primaryimage\",\"url\":\"https:\\\/\\\/lepatriotebenin.com\\\/wp-content\\\/uploads\\\/2025\\\/10\\\/cour-2.jpg\",\"contentUrl\":\"https:\\\/\\\/lepatriotebenin.com\\\/wp-content\\\/uploads\\\/2025\\\/10\\\/cour-2.jpg\",\"width\":780,\"height\":560},{\"@type\":\"BreadcrumbList\",\"@id\":\"https:\\\/\\\/lepatriotebenin.com\\\/index.php\\\/2025\\\/10\\\/28\\\/elimination-du-duo-des-democrates-a-la-presidentielle-2026-voici-les-arguments-avances-par-la-cour-constitutionnelle-integralite-de-la-decision-ep-25-007-du-27-octobre-2025\\\/#breadcrumb\",\"itemListElement\":[{\"@type\":\"ListItem\",\"position\":1,\"name\":\"Accueil\",\"item\":\"https:\\\/\\\/lepatriotebenin.com\\\/\"},{\"@type\":\"ListItem\",\"position\":2,\"name\":\"Elimination du duo des D\u00e9mocrates \u00e0 la Pr\u00e9sidentielle 2026 : voici les arguments avanc\u00e9s par la Cour constitutionnelle, (Int\u00e9gralit\u00e9 de la d\u00e9cision EP 25-007 DU 27 OCTOBRE 2025)\"}]},{\"@type\":\"WebSite\",\"@id\":\"https:\\\/\\\/lepatriotebenin.com\\\/#website\",\"url\":\"https:\\\/\\\/lepatriotebenin.com\\\/\",\"name\":\"Le Patriote\",\"description\":\"Le Patriote B\u00e9nin\",\"potentialAction\":[{\"@type\":\"SearchAction\",\"target\":{\"@type\":\"EntryPoint\",\"urlTemplate\":\"https:\\\/\\\/lepatriotebenin.com\\\/?s={search_term_string}\"},\"query-input\":{\"@type\":\"PropertyValueSpecification\",\"valueRequired\":true,\"valueName\":\"search_term_string\"}}],\"inLanguage\":\"fr-FR\"},{\"@type\":\"Person\",\"@id\":\"https:\\\/\\\/lepatriotebenin.com\\\/#\\\/schema\\\/person\\\/4a9b67216c97d04045e01405c534c91f\",\"name\":\"Roland AFFANOU\",\"image\":{\"@type\":\"ImageObject\",\"inLanguage\":\"fr-FR\",\"@id\":\"https:\\\/\\\/secure.gravatar.com\\\/avatar\\\/7209d3f6d2d47ea4d0c67e14d3effb61feb10ae540a4381280c66265de5bd643?s=96&d=mm&r=g\",\"url\":\"https:\\\/\\\/secure.gravatar.com\\\/avatar\\\/7209d3f6d2d47ea4d0c67e14d3effb61feb10ae540a4381280c66265de5bd643?s=96&d=mm&r=g\",\"contentUrl\":\"https:\\\/\\\/secure.gravatar.com\\\/avatar\\\/7209d3f6d2d47ea4d0c67e14d3effb61feb10ae540a4381280c66265de5bd643?s=96&d=mm&r=g\",\"caption\":\"Roland AFFANOU\"},\"url\":\"https:\\\/\\\/lepatriotebenin.com\"}]}<\/script>\n<!-- \/ Yoast SEO plugin. -->","yoast_head_json":{"title":"Elimination du duo des D\u00e9mocrates \u00e0 la Pr\u00e9sidentielle 2026 : voici les arguments avanc\u00e9s par la Cour constitutionnelle, (Int\u00e9gralit\u00e9 de la d\u00e9cision EP 25-007 DU 27 OCTOBRE 2025) - Le Patriote","robots":{"index":"index","follow":"follow","max-snippet":"max-snippet:-1","max-image-preview":"max-image-preview:large","max-video-preview":"max-video-preview:-1"},"canonical":"https:\/\/lepatriotebenin.com\/index.php\/2025\/10\/28\/elimination-du-duo-des-democrates-a-la-presidentielle-2026-voici-les-arguments-avances-par-la-cour-constitutionnelle-integralite-de-la-decision-ep-25-007-du-27-octobre-2025\/","og_locale":"fr_FR","og_type":"article","og_title":"Elimination du duo des D\u00e9mocrates \u00e0 la Pr\u00e9sidentielle 2026 : voici les arguments avanc\u00e9s par la Cour constitutionnelle, (Int\u00e9gralit\u00e9 de la d\u00e9cision EP 25-007 DU 27 OCTOBRE 2025) - Le Patriote","og_description":"La Cour constitutionnelle a mis un terme au d\u00e9bat sur la participation ou non du parti \u00ab\u00a0Les D\u00e9mocrates\u00a0\u00bb, \u00e0 l\u2019\u00e9lection pr\u00e9sidentielle du 12 avril 2026 \u00e0 \u00a0travers une DECISON EP&hellip;","og_url":"https:\/\/lepatriotebenin.com\/index.php\/2025\/10\/28\/elimination-du-duo-des-democrates-a-la-presidentielle-2026-voici-les-arguments-avances-par-la-cour-constitutionnelle-integralite-de-la-decision-ep-25-007-du-27-octobre-2025\/","og_site_name":"Le Patriote","article_published_time":"2025-10-28T08:58:14+00:00","og_image":[{"width":780,"height":560,"url":"https:\/\/lepatriotebenin.com\/wp-content\/uploads\/2025\/10\/cour-2.jpg","type":"image\/jpeg"}],"author":"Roland AFFANOU","twitter_card":"summary_large_image","twitter_misc":{"\u00c9crit par":"Roland AFFANOU","Dur\u00e9e de lecture estim\u00e9e":"1 minute"},"schema":{"@context":"https:\/\/schema.org","@graph":[{"@type":"Article","@id":"https:\/\/lepatriotebenin.com\/index.php\/2025\/10\/28\/elimination-du-duo-des-democrates-a-la-presidentielle-2026-voici-les-arguments-avances-par-la-cour-constitutionnelle-integralite-de-la-decision-ep-25-007-du-27-octobre-2025\/#article","isPartOf":{"@id":"https:\/\/lepatriotebenin.com\/index.php\/2025\/10\/28\/elimination-du-duo-des-democrates-a-la-presidentielle-2026-voici-les-arguments-avances-par-la-cour-constitutionnelle-integralite-de-la-decision-ep-25-007-du-27-octobre-2025\/"},"author":{"name":"Roland AFFANOU","@id":"https:\/\/lepatriotebenin.com\/#\/schema\/person\/4a9b67216c97d04045e01405c534c91f"},"headline":"Elimination du duo des D\u00e9mocrates \u00e0 la Pr\u00e9sidentielle 2026 : voici les arguments avanc\u00e9s par la Cour constitutionnelle, (Int\u00e9gralit\u00e9 de la d\u00e9cision EP 25-007 DU 27 OCTOBRE 2025)","datePublished":"2025-10-28T08:58:14+00:00","mainEntityOfPage":{"@id":"https:\/\/lepatriotebenin.com\/index.php\/2025\/10\/28\/elimination-du-duo-des-democrates-a-la-presidentielle-2026-voici-les-arguments-avances-par-la-cour-constitutionnelle-integralite-de-la-decision-ep-25-007-du-27-octobre-2025\/"},"wordCount":162,"commentCount":0,"image":{"@id":"https:\/\/lepatriotebenin.com\/index.php\/2025\/10\/28\/elimination-du-duo-des-democrates-a-la-presidentielle-2026-voici-les-arguments-avances-par-la-cour-constitutionnelle-integralite-de-la-decision-ep-25-007-du-27-octobre-2025\/#primaryimage"},"thumbnailUrl":"https:\/\/lepatriotebenin.com\/wp-content\/uploads\/2025\/10\/cour-2.jpg","articleSection":["Politique"],"inLanguage":"fr-FR","potentialAction":[{"@type":"CommentAction","name":"Comment","target":["https:\/\/lepatriotebenin.com\/index.php\/2025\/10\/28\/elimination-du-duo-des-democrates-a-la-presidentielle-2026-voici-les-arguments-avances-par-la-cour-constitutionnelle-integralite-de-la-decision-ep-25-007-du-27-octobre-2025\/#respond"]}]},{"@type":"WebPage","@id":"https:\/\/lepatriotebenin.com\/index.php\/2025\/10\/28\/elimination-du-duo-des-democrates-a-la-presidentielle-2026-voici-les-arguments-avances-par-la-cour-constitutionnelle-integralite-de-la-decision-ep-25-007-du-27-octobre-2025\/","url":"https:\/\/lepatriotebenin.com\/index.php\/2025\/10\/28\/elimination-du-duo-des-democrates-a-la-presidentielle-2026-voici-les-arguments-avances-par-la-cour-constitutionnelle-integralite-de-la-decision-ep-25-007-du-27-octobre-2025\/","name":"Elimination du duo des D\u00e9mocrates \u00e0 la Pr\u00e9sidentielle 2026 : voici les arguments avanc\u00e9s par la Cour constitutionnelle, (Int\u00e9gralit\u00e9 de la d\u00e9cision EP 25-007 DU 27 OCTOBRE 2025) - Le Patriote","isPartOf":{"@id":"https:\/\/lepatriotebenin.com\/#website"},"primaryImageOfPage":{"@id":"https:\/\/lepatriotebenin.com\/index.php\/2025\/10\/28\/elimination-du-duo-des-democrates-a-la-presidentielle-2026-voici-les-arguments-avances-par-la-cour-constitutionnelle-integralite-de-la-decision-ep-25-007-du-27-octobre-2025\/#primaryimage"},"image":{"@id":"https:\/\/lepatriotebenin.com\/index.php\/2025\/10\/28\/elimination-du-duo-des-democrates-a-la-presidentielle-2026-voici-les-arguments-avances-par-la-cour-constitutionnelle-integralite-de-la-decision-ep-25-007-du-27-octobre-2025\/#primaryimage"},"thumbnailUrl":"https:\/\/lepatriotebenin.com\/wp-content\/uploads\/2025\/10\/cour-2.jpg","datePublished":"2025-10-28T08:58:14+00:00","author":{"@id":"https:\/\/lepatriotebenin.com\/#\/schema\/person\/4a9b67216c97d04045e01405c534c91f"},"breadcrumb":{"@id":"https:\/\/lepatriotebenin.com\/index.php\/2025\/10\/28\/elimination-du-duo-des-democrates-a-la-presidentielle-2026-voici-les-arguments-avances-par-la-cour-constitutionnelle-integralite-de-la-decision-ep-25-007-du-27-octobre-2025\/#breadcrumb"},"inLanguage":"fr-FR","potentialAction":[{"@type":"ReadAction","target":["https:\/\/lepatriotebenin.com\/index.php\/2025\/10\/28\/elimination-du-duo-des-democrates-a-la-presidentielle-2026-voici-les-arguments-avances-par-la-cour-constitutionnelle-integralite-de-la-decision-ep-25-007-du-27-octobre-2025\/"]}]},{"@type":"ImageObject","inLanguage":"fr-FR","@id":"https:\/\/lepatriotebenin.com\/index.php\/2025\/10\/28\/elimination-du-duo-des-democrates-a-la-presidentielle-2026-voici-les-arguments-avances-par-la-cour-constitutionnelle-integralite-de-la-decision-ep-25-007-du-27-octobre-2025\/#primaryimage","url":"https:\/\/lepatriotebenin.com\/wp-content\/uploads\/2025\/10\/cour-2.jpg","contentUrl":"https:\/\/lepatriotebenin.com\/wp-content\/uploads\/2025\/10\/cour-2.jpg","width":780,"height":560},{"@type":"BreadcrumbList","@id":"https:\/\/lepatriotebenin.com\/index.php\/2025\/10\/28\/elimination-du-duo-des-democrates-a-la-presidentielle-2026-voici-les-arguments-avances-par-la-cour-constitutionnelle-integralite-de-la-decision-ep-25-007-du-27-octobre-2025\/#breadcrumb","itemListElement":[{"@type":"ListItem","position":1,"name":"Accueil","item":"https:\/\/lepatriotebenin.com\/"},{"@type":"ListItem","position":2,"name":"Elimination du duo des D\u00e9mocrates \u00e0 la Pr\u00e9sidentielle 2026 : voici les arguments avanc\u00e9s par la Cour constitutionnelle, (Int\u00e9gralit\u00e9 de la d\u00e9cision EP 25-007 DU 27 OCTOBRE 2025)"}]},{"@type":"WebSite","@id":"https:\/\/lepatriotebenin.com\/#website","url":"https:\/\/lepatriotebenin.com\/","name":"Le Patriote","description":"Le Patriote B\u00e9nin","potentialAction":[{"@type":"SearchAction","target":{"@type":"EntryPoint","urlTemplate":"https:\/\/lepatriotebenin.com\/?s={search_term_string}"},"query-input":{"@type":"PropertyValueSpecification","valueRequired":true,"valueName":"search_term_string"}}],"inLanguage":"fr-FR"},{"@type":"Person","@id":"https:\/\/lepatriotebenin.com\/#\/schema\/person\/4a9b67216c97d04045e01405c534c91f","name":"Roland AFFANOU","image":{"@type":"ImageObject","inLanguage":"fr-FR","@id":"https:\/\/secure.gravatar.com\/avatar\/7209d3f6d2d47ea4d0c67e14d3effb61feb10ae540a4381280c66265de5bd643?s=96&d=mm&r=g","url":"https:\/\/secure.gravatar.com\/avatar\/7209d3f6d2d47ea4d0c67e14d3effb61feb10ae540a4381280c66265de5bd643?s=96&d=mm&r=g","contentUrl":"https:\/\/secure.gravatar.com\/avatar\/7209d3f6d2d47ea4d0c67e14d3effb61feb10ae540a4381280c66265de5bd643?s=96&d=mm&r=g","caption":"Roland AFFANOU"},"url":"https:\/\/lepatriotebenin.com"}]}},"_links":{"self":[{"href":"https:\/\/lepatriotebenin.com\/index.php\/wp-json\/wp\/v2\/posts\/14710","targetHints":{"allow":["GET"]}}],"collection":[{"href":"https:\/\/lepatriotebenin.com\/index.php\/wp-json\/wp\/v2\/posts"}],"about":[{"href":"https:\/\/lepatriotebenin.com\/index.php\/wp-json\/wp\/v2\/types\/post"}],"author":[{"embeddable":true,"href":"https:\/\/lepatriotebenin.com\/index.php\/wp-json\/wp\/v2\/users\/6"}],"replies":[{"embeddable":true,"href":"https:\/\/lepatriotebenin.com\/index.php\/wp-json\/wp\/v2\/comments?post=14710"}],"version-history":[{"count":1,"href":"https:\/\/lepatriotebenin.com\/index.php\/wp-json\/wp\/v2\/posts\/14710\/revisions"}],"predecessor-version":[{"id":14713,"href":"https:\/\/lepatriotebenin.com\/index.php\/wp-json\/wp\/v2\/posts\/14710\/revisions\/14713"}],"wp:featuredmedia":[{"embeddable":true,"href":"https:\/\/lepatriotebenin.com\/index.php\/wp-json\/wp\/v2\/media\/14712"}],"wp:attachment":[{"href":"https:\/\/lepatriotebenin.com\/index.php\/wp-json\/wp\/v2\/media?parent=14710"}],"wp:term":[{"taxonomy":"category","embeddable":true,"href":"https:\/\/lepatriotebenin.com\/index.php\/wp-json\/wp\/v2\/categories?post=14710"},{"taxonomy":"post_tag","embeddable":true,"href":"https:\/\/lepatriotebenin.com\/index.php\/wp-json\/wp\/v2\/tags?post=14710"}],"curies":[{"name":"wp","href":"https:\/\/api.w.org\/{rel}","templated":true}]}}