{"id":14705,"date":"2025-10-27T23:48:28","date_gmt":"2025-10-27T22:48:28","guid":{"rendered":"https:\/\/lepatriotebenin.com\/?p=14705"},"modified":"2025-10-27T23:50:12","modified_gmt":"2025-10-27T22:50:12","slug":"presidentielle-de-2026-la-cour-tranche-laffaire-sodjinou-et-exclut-les-ld","status":"publish","type":"post","link":"https:\/\/lepatriotebenin.com\/index.php\/2025\/10\/27\/presidentielle-de-2026-la-cour-tranche-laffaire-sodjinou-et-exclut-les-ld\/","title":{"rendered":"Pr\u00e9sidentielle de 2026 : La Cour tranche l\u2019affaire Sodjinou et exclut les LD"},"content":{"rendered":"<p>Participera ou ne participera pas\u00a0 \u00e0 la pr\u00e9sidentielle de 2026 ? Cette question qui donne de l\u2019insomnie \u00e0 toute la classe politique b\u00e9ninoise depuis quelques mois a enfin trouv\u00e9 sa r\u00e9ponse dans la soir\u00e9e\u00a0 de ce <strong>Lundi 27 octobre 2025.<\/strong> Les 7 sages de la Cour Constitutionnelle\u00a0 pr\u00e9sid\u00e9e\u00a0 par Le professeur <strong>Doroth\u00e9e Sossa\u00a0 o<\/strong>nt rendu le verdict qui malheureusement br\u00fble tout espoir de la plus grande formation politique\u00a0 de l\u2019opposition de participer \u00e0\u00a0 la pr\u00e9sidentielle tant attendue de 2026..Apr\u00e8s\u00a0 examen des recours du militant LD <strong>Karim Goundi et de l\u2019honorable Habibou Woroucoubou<\/strong> formul\u00e9s contre la Commission \u00c9lectorale Nationale Autonome\u00a0 (Cena) qui a exclu le duo candidat LD de cette \u00e9lection en publiant le 22 octobre la liste provisoire des duos candidats, la Cour Constitutionnelle a jug\u00e9\u00a0 irrecevables\u00a0 les deux recours.<\/p>\n<p>En effet, la Cena avait rejet\u00e9 le dossier du duo candidat du parti Les D\u00e9mocrates\u00a0 pour d\u00e9faut de nombre suffisant de fiche de parrainage car le tribunal de premi\u00e8re instance de Cotonou avait enjoint au parti, par d\u00e9cision, de retourner au\u00a0 d\u00e9put\u00e9 frondeur Michel Sodjinou sa fiche de parrainage r\u00e9duisant de <strong>28 \u00e0 27 l<\/strong>e nombre de fiches de parrainage des LD. Une pi\u00e8ce\u00a0 capitale pour valider le dossier du duo qui, depuis le 14 octobre s\u2019est lanc\u00e9 dans une bataille juridique \u00e0 laquelle la Cour vient mettre un point final. Autour de 20 heures, heure b\u00e9ninoise ce lundi,\u00a0 la Cour dont les d\u00e9cisions sont sans recours a rejet\u00e9 les recours \u00e9voqu\u00e9s plus haut, synonyme\u00a0 de l\u2019exclusion des LD de la pr\u00e9sidentielle parce que le duo n\u2019a pas les 28 parrains n\u00e9cessaires. Les recours jug\u00e9s irrecevables seraient d\u00e9pos\u00e9s hors d\u00e9lai. Selon les 7 sages, les requ\u00e9rants\u00a0 devraient d\u00e9poser leurs recours au plus tard le 24 octobre 2025 pour respecter le d\u00e9lai de 48 heures exig\u00e9 pour formuler le recours apr\u00e8s que la Cena ait publi\u00e9 la liste provisoire des duos candidats \u00e0\u00a0 la pr\u00e9sidentielle de 2026duRappekons \u00e0 toutes fins utiles que les deux requ\u00e9rants ont d\u00e9pos\u00e9 respectivement le 25 et le 26 octobre 2025 leurs recours.<\/p>\n<p>Ainsi, pour la troisi\u00e8me fois apr\u00e8s les l\u00e9gislatives de 2019, et la pr\u00e9sidentielle de 2021, l\u2019opposition notamment le parti Les D\u00e9mocrates\u00a0 vient d\u2019\u00eatre exclut de la comp\u00e9tition \u00e9lectorale. Les duos candidats Romuald Wadagni\u00a0 Mariam Talata et Paul Hounkp\u00e8 Judica\u00ebl\u00a0 seront seuls \u00e0\u00a0 participer\u00a0 \u00e0 la pr\u00e9sidentielle de 2026. Une pr\u00e9sidentielle d\u00e9j\u00e0 qualifi\u00e9e de match amical par les observateurs de la vie politique nationale et internationale et plus encore par l\u2019opposition qui crie \u00e0 l\u2019exclusion.<\/p>\n","protected":false},"excerpt":{"rendered":"<p>Participera ou ne participera pas\u00a0 \u00e0 la pr\u00e9sidentielle de 2026 ? Cette question qui donne de l\u2019insomnie \u00e0 toute la classe politique b\u00e9ninoise depuis quelques mois a enfin trouv\u00e9 sa&hellip;<\/p>\n","protected":false},"author":12,"featured_media":14550,"comment_status":"open","ping_status":"open","sticky":false,"template":"","format":"standard","meta":{"content-type":"","om_disable_all_campaigns":false,"_monsterinsights_skip_tracking":false,"_monsterinsights_sitenote_active":false,"_monsterinsights_sitenote_note":"","_monsterinsights_sitenote_category":0,"_uf_show_specific_survey":0,"_uf_disable_surveys":false,"footnotes":""},"categories":[26],"tags":[],"class_list":["post-14705","post","type-post","status-publish","format-standard","has-post-thumbnail","hentry","category-politique"],"aioseo_notices":[],"yoast_head":"<!-- This site is optimized with the Yoast SEO plugin v27.5 - https:\/\/yoast.com\/product\/yoast-seo-wordpress\/ -->\n<title>Pr\u00e9sidentielle de 2026 : La Cour tranche l\u2019affaire Sodjinou et exclut les LD - Le Patriote<\/title>\n<meta name=\"robots\" content=\"index, follow, max-snippet:-1, max-image-preview:large, max-video-preview:-1\" \/>\n<link rel=\"canonical\" href=\"https:\/\/lepatriotebenin.com\/index.php\/2025\/10\/27\/presidentielle-de-2026-la-cour-tranche-laffaire-sodjinou-et-exclut-les-ld\/\" \/>\n<meta property=\"og:locale\" content=\"fr_FR\" \/>\n<meta property=\"og:type\" content=\"article\" \/>\n<meta property=\"og:title\" content=\"Pr\u00e9sidentielle de 2026 : La Cour tranche l\u2019affaire Sodjinou et exclut les LD - Le Patriote\" \/>\n<meta property=\"og:description\" content=\"Participera ou ne participera pas\u00a0 \u00e0 la pr\u00e9sidentielle de 2026 ? Cette question qui donne de l\u2019insomnie \u00e0 toute la classe politique b\u00e9ninoise depuis quelques mois a enfin trouv\u00e9 sa&hellip;\" \/>\n<meta property=\"og:url\" content=\"https:\/\/lepatriotebenin.com\/index.php\/2025\/10\/27\/presidentielle-de-2026-la-cour-tranche-laffaire-sodjinou-et-exclut-les-ld\/\" \/>\n<meta property=\"og:site_name\" content=\"Le Patriote\" \/>\n<meta property=\"article:published_time\" content=\"2025-10-27T22:48:28+00:00\" \/>\n<meta property=\"article:modified_time\" content=\"2025-10-27T22:50:12+00:00\" \/>\n<meta property=\"og:image\" content=\"https:\/\/lepatriotebenin.com\/wp-content\/uploads\/2025\/10\/f7dae36574020572dc52bcfcde568e.webp\" \/>\n\t<meta property=\"og:image:width\" content=\"866\" \/>\n\t<meta property=\"og:image:height\" content=\"566\" \/>\n\t<meta property=\"og:image:type\" content=\"image\/webp\" \/>\n<meta name=\"author\" content=\"Comlan Paul ODAH\" \/>\n<meta name=\"twitter:card\" content=\"summary_large_image\" \/>\n<meta name=\"twitter:label1\" content=\"\u00c9crit par\" \/>\n\t<meta name=\"twitter:data1\" content=\"Comlan Paul ODAH\" \/>\n\t<meta name=\"twitter:label2\" content=\"Dur\u00e9e de lecture estim\u00e9e\" \/>\n\t<meta name=\"twitter:data2\" content=\"3 minutes\" \/>\n<script type=\"application\/ld+json\" class=\"yoast-schema-graph\">{\"@context\":\"https:\\\/\\\/schema.org\",\"@graph\":[{\"@type\":\"Article\",\"@id\":\"https:\\\/\\\/lepatriotebenin.com\\\/index.php\\\/2025\\\/10\\\/27\\\/presidentielle-de-2026-la-cour-tranche-laffaire-sodjinou-et-exclut-les-ld\\\/#article\",\"isPartOf\":{\"@id\":\"https:\\\/\\\/lepatriotebenin.com\\\/index.php\\\/2025\\\/10\\\/27\\\/presidentielle-de-2026-la-cour-tranche-laffaire-sodjinou-et-exclut-les-ld\\\/\"},\"author\":{\"name\":\"Comlan Paul ODAH\",\"@id\":\"https:\\\/\\\/lepatriotebenin.com\\\/#\\\/schema\\\/person\\\/6486fa44ec286eee49816deb241bcbbf\"},\"headline\":\"Pr\u00e9sidentielle de 2026 : La Cour tranche l\u2019affaire Sodjinou et exclut les LD\",\"datePublished\":\"2025-10-27T22:48:28+00:00\",\"dateModified\":\"2025-10-27T22:50:12+00:00\",\"mainEntityOfPage\":{\"@id\":\"https:\\\/\\\/lepatriotebenin.com\\\/index.php\\\/2025\\\/10\\\/27\\\/presidentielle-de-2026-la-cour-tranche-laffaire-sodjinou-et-exclut-les-ld\\\/\"},\"wordCount\":447,\"commentCount\":0,\"image\":{\"@id\":\"https:\\\/\\\/lepatriotebenin.com\\\/index.php\\\/2025\\\/10\\\/27\\\/presidentielle-de-2026-la-cour-tranche-laffaire-sodjinou-et-exclut-les-ld\\\/#primaryimage\"},\"thumbnailUrl\":\"https:\\\/\\\/lepatriotebenin.com\\\/wp-content\\\/uploads\\\/2025\\\/10\\\/f7dae36574020572dc52bcfcde568e.webp\",\"articleSection\":[\"Politique\"],\"inLanguage\":\"fr-FR\",\"potentialAction\":[{\"@type\":\"CommentAction\",\"name\":\"Comment\",\"target\":[\"https:\\\/\\\/lepatriotebenin.com\\\/index.php\\\/2025\\\/10\\\/27\\\/presidentielle-de-2026-la-cour-tranche-laffaire-sodjinou-et-exclut-les-ld\\\/#respond\"]}]},{\"@type\":\"WebPage\",\"@id\":\"https:\\\/\\\/lepatriotebenin.com\\\/index.php\\\/2025\\\/10\\\/27\\\/presidentielle-de-2026-la-cour-tranche-laffaire-sodjinou-et-exclut-les-ld\\\/\",\"url\":\"https:\\\/\\\/lepatriotebenin.com\\\/index.php\\\/2025\\\/10\\\/27\\\/presidentielle-de-2026-la-cour-tranche-laffaire-sodjinou-et-exclut-les-ld\\\/\",\"name\":\"Pr\u00e9sidentielle de 2026 : La Cour tranche l\u2019affaire Sodjinou et exclut les LD - Le Patriote\",\"isPartOf\":{\"@id\":\"https:\\\/\\\/lepatriotebenin.com\\\/#website\"},\"primaryImageOfPage\":{\"@id\":\"https:\\\/\\\/lepatriotebenin.com\\\/index.php\\\/2025\\\/10\\\/27\\\/presidentielle-de-2026-la-cour-tranche-laffaire-sodjinou-et-exclut-les-ld\\\/#primaryimage\"},\"image\":{\"@id\":\"https:\\\/\\\/lepatriotebenin.com\\\/index.php\\\/2025\\\/10\\\/27\\\/presidentielle-de-2026-la-cour-tranche-laffaire-sodjinou-et-exclut-les-ld\\\/#primaryimage\"},\"thumbnailUrl\":\"https:\\\/\\\/lepatriotebenin.com\\\/wp-content\\\/uploads\\\/2025\\\/10\\\/f7dae36574020572dc52bcfcde568e.webp\",\"datePublished\":\"2025-10-27T22:48:28+00:00\",\"dateModified\":\"2025-10-27T22:50:12+00:00\",\"author\":{\"@id\":\"https:\\\/\\\/lepatriotebenin.com\\\/#\\\/schema\\\/person\\\/6486fa44ec286eee49816deb241bcbbf\"},\"breadcrumb\":{\"@id\":\"https:\\\/\\\/lepatriotebenin.com\\\/index.php\\\/2025\\\/10\\\/27\\\/presidentielle-de-2026-la-cour-tranche-laffaire-sodjinou-et-exclut-les-ld\\\/#breadcrumb\"},\"inLanguage\":\"fr-FR\",\"potentialAction\":[{\"@type\":\"ReadAction\",\"target\":[\"https:\\\/\\\/lepatriotebenin.com\\\/index.php\\\/2025\\\/10\\\/27\\\/presidentielle-de-2026-la-cour-tranche-laffaire-sodjinou-et-exclut-les-ld\\\/\"]}]},{\"@type\":\"ImageObject\",\"inLanguage\":\"fr-FR\",\"@id\":\"https:\\\/\\\/lepatriotebenin.com\\\/index.php\\\/2025\\\/10\\\/27\\\/presidentielle-de-2026-la-cour-tranche-laffaire-sodjinou-et-exclut-les-ld\\\/#primaryimage\",\"url\":\"https:\\\/\\\/lepatriotebenin.com\\\/wp-content\\\/uploads\\\/2025\\\/10\\\/f7dae36574020572dc52bcfcde568e.webp\",\"contentUrl\":\"https:\\\/\\\/lepatriotebenin.com\\\/wp-content\\\/uploads\\\/2025\\\/10\\\/f7dae36574020572dc52bcfcde568e.webp\",\"width\":866,\"height\":566},{\"@type\":\"BreadcrumbList\",\"@id\":\"https:\\\/\\\/lepatriotebenin.com\\\/index.php\\\/2025\\\/10\\\/27\\\/presidentielle-de-2026-la-cour-tranche-laffaire-sodjinou-et-exclut-les-ld\\\/#breadcrumb\",\"itemListElement\":[{\"@type\":\"ListItem\",\"position\":1,\"name\":\"Accueil\",\"item\":\"https:\\\/\\\/lepatriotebenin.com\\\/\"},{\"@type\":\"ListItem\",\"position\":2,\"name\":\"Pr\u00e9sidentielle de 2026 : La Cour tranche l\u2019affaire Sodjinou et exclut les LD\"}]},{\"@type\":\"WebSite\",\"@id\":\"https:\\\/\\\/lepatriotebenin.com\\\/#website\",\"url\":\"https:\\\/\\\/lepatriotebenin.com\\\/\",\"name\":\"Le Patriote\",\"description\":\"Le Patriote B\u00e9nin\",\"potentialAction\":[{\"@type\":\"SearchAction\",\"target\":{\"@type\":\"EntryPoint\",\"urlTemplate\":\"https:\\\/\\\/lepatriotebenin.com\\\/?s={search_term_string}\"},\"query-input\":{\"@type\":\"PropertyValueSpecification\",\"valueRequired\":true,\"valueName\":\"search_term_string\"}}],\"inLanguage\":\"fr-FR\"},{\"@type\":\"Person\",\"@id\":\"https:\\\/\\\/lepatriotebenin.com\\\/#\\\/schema\\\/person\\\/6486fa44ec286eee49816deb241bcbbf\",\"name\":\"Comlan Paul ODAH\",\"image\":{\"@type\":\"ImageObject\",\"inLanguage\":\"fr-FR\",\"@id\":\"https:\\\/\\\/secure.gravatar.com\\\/avatar\\\/c45cf8a86d3cde8c562d63858f4ea8947664bd10708ad75990c2938897d9dbe1?s=96&d=mm&r=g\",\"url\":\"https:\\\/\\\/secure.gravatar.com\\\/avatar\\\/c45cf8a86d3cde8c562d63858f4ea8947664bd10708ad75990c2938897d9dbe1?s=96&d=mm&r=g\",\"contentUrl\":\"https:\\\/\\\/secure.gravatar.com\\\/avatar\\\/c45cf8a86d3cde8c562d63858f4ea8947664bd10708ad75990c2938897d9dbe1?s=96&d=mm&r=g\",\"caption\":\"Comlan Paul ODAH\"},\"url\":\"https:\\\/\\\/lepatriotebenin.com\"}]}<\/script>\n<!-- \/ Yoast SEO plugin. -->","yoast_head_json":{"title":"Pr\u00e9sidentielle de 2026 : La Cour tranche l\u2019affaire Sodjinou et exclut les LD - Le Patriote","robots":{"index":"index","follow":"follow","max-snippet":"max-snippet:-1","max-image-preview":"max-image-preview:large","max-video-preview":"max-video-preview:-1"},"canonical":"https:\/\/lepatriotebenin.com\/index.php\/2025\/10\/27\/presidentielle-de-2026-la-cour-tranche-laffaire-sodjinou-et-exclut-les-ld\/","og_locale":"fr_FR","og_type":"article","og_title":"Pr\u00e9sidentielle de 2026 : La Cour tranche l\u2019affaire Sodjinou et exclut les LD - Le Patriote","og_description":"Participera ou ne participera pas\u00a0 \u00e0 la pr\u00e9sidentielle de 2026 ? Cette question qui donne de l\u2019insomnie \u00e0 toute la classe politique b\u00e9ninoise depuis quelques mois a enfin trouv\u00e9 sa&hellip;","og_url":"https:\/\/lepatriotebenin.com\/index.php\/2025\/10\/27\/presidentielle-de-2026-la-cour-tranche-laffaire-sodjinou-et-exclut-les-ld\/","og_site_name":"Le Patriote","article_published_time":"2025-10-27T22:48:28+00:00","article_modified_time":"2025-10-27T22:50:12+00:00","og_image":[{"width":866,"height":566,"url":"https:\/\/lepatriotebenin.com\/wp-content\/uploads\/2025\/10\/f7dae36574020572dc52bcfcde568e.webp","type":"image\/webp"}],"author":"Comlan Paul ODAH","twitter_card":"summary_large_image","twitter_misc":{"\u00c9crit par":"Comlan Paul ODAH","Dur\u00e9e de lecture estim\u00e9e":"3 minutes"},"schema":{"@context":"https:\/\/schema.org","@graph":[{"@type":"Article","@id":"https:\/\/lepatriotebenin.com\/index.php\/2025\/10\/27\/presidentielle-de-2026-la-cour-tranche-laffaire-sodjinou-et-exclut-les-ld\/#article","isPartOf":{"@id":"https:\/\/lepatriotebenin.com\/index.php\/2025\/10\/27\/presidentielle-de-2026-la-cour-tranche-laffaire-sodjinou-et-exclut-les-ld\/"},"author":{"name":"Comlan Paul ODAH","@id":"https:\/\/lepatriotebenin.com\/#\/schema\/person\/6486fa44ec286eee49816deb241bcbbf"},"headline":"Pr\u00e9sidentielle de 2026 : La Cour tranche l\u2019affaire Sodjinou et exclut les LD","datePublished":"2025-10-27T22:48:28+00:00","dateModified":"2025-10-27T22:50:12+00:00","mainEntityOfPage":{"@id":"https:\/\/lepatriotebenin.com\/index.php\/2025\/10\/27\/presidentielle-de-2026-la-cour-tranche-laffaire-sodjinou-et-exclut-les-ld\/"},"wordCount":447,"commentCount":0,"image":{"@id":"https:\/\/lepatriotebenin.com\/index.php\/2025\/10\/27\/presidentielle-de-2026-la-cour-tranche-laffaire-sodjinou-et-exclut-les-ld\/#primaryimage"},"thumbnailUrl":"https:\/\/lepatriotebenin.com\/wp-content\/uploads\/2025\/10\/f7dae36574020572dc52bcfcde568e.webp","articleSection":["Politique"],"inLanguage":"fr-FR","potentialAction":[{"@type":"CommentAction","name":"Comment","target":["https:\/\/lepatriotebenin.com\/index.php\/2025\/10\/27\/presidentielle-de-2026-la-cour-tranche-laffaire-sodjinou-et-exclut-les-ld\/#respond"]}]},{"@type":"WebPage","@id":"https:\/\/lepatriotebenin.com\/index.php\/2025\/10\/27\/presidentielle-de-2026-la-cour-tranche-laffaire-sodjinou-et-exclut-les-ld\/","url":"https:\/\/lepatriotebenin.com\/index.php\/2025\/10\/27\/presidentielle-de-2026-la-cour-tranche-laffaire-sodjinou-et-exclut-les-ld\/","name":"Pr\u00e9sidentielle de 2026 : La Cour tranche l\u2019affaire Sodjinou et exclut les LD - Le Patriote","isPartOf":{"@id":"https:\/\/lepatriotebenin.com\/#website"},"primaryImageOfPage":{"@id":"https:\/\/lepatriotebenin.com\/index.php\/2025\/10\/27\/presidentielle-de-2026-la-cour-tranche-laffaire-sodjinou-et-exclut-les-ld\/#primaryimage"},"image":{"@id":"https:\/\/lepatriotebenin.com\/index.php\/2025\/10\/27\/presidentielle-de-2026-la-cour-tranche-laffaire-sodjinou-et-exclut-les-ld\/#primaryimage"},"thumbnailUrl":"https:\/\/lepatriotebenin.com\/wp-content\/uploads\/2025\/10\/f7dae36574020572dc52bcfcde568e.webp","datePublished":"2025-10-27T22:48:28+00:00","dateModified":"2025-10-27T22:50:12+00:00","author":{"@id":"https:\/\/lepatriotebenin.com\/#\/schema\/person\/6486fa44ec286eee49816deb241bcbbf"},"breadcrumb":{"@id":"https:\/\/lepatriotebenin.com\/index.php\/2025\/10\/27\/presidentielle-de-2026-la-cour-tranche-laffaire-sodjinou-et-exclut-les-ld\/#breadcrumb"},"inLanguage":"fr-FR","potentialAction":[{"@type":"ReadAction","target":["https:\/\/lepatriotebenin.com\/index.php\/2025\/10\/27\/presidentielle-de-2026-la-cour-tranche-laffaire-sodjinou-et-exclut-les-ld\/"]}]},{"@type":"ImageObject","inLanguage":"fr-FR","@id":"https:\/\/lepatriotebenin.com\/index.php\/2025\/10\/27\/presidentielle-de-2026-la-cour-tranche-laffaire-sodjinou-et-exclut-les-ld\/#primaryimage","url":"https:\/\/lepatriotebenin.com\/wp-content\/uploads\/2025\/10\/f7dae36574020572dc52bcfcde568e.webp","contentUrl":"https:\/\/lepatriotebenin.com\/wp-content\/uploads\/2025\/10\/f7dae36574020572dc52bcfcde568e.webp","width":866,"height":566},{"@type":"BreadcrumbList","@id":"https:\/\/lepatriotebenin.com\/index.php\/2025\/10\/27\/presidentielle-de-2026-la-cour-tranche-laffaire-sodjinou-et-exclut-les-ld\/#breadcrumb","itemListElement":[{"@type":"ListItem","position":1,"name":"Accueil","item":"https:\/\/lepatriotebenin.com\/"},{"@type":"ListItem","position":2,"name":"Pr\u00e9sidentielle de 2026 : La Cour tranche l\u2019affaire Sodjinou et exclut les LD"}]},{"@type":"WebSite","@id":"https:\/\/lepatriotebenin.com\/#website","url":"https:\/\/lepatriotebenin.com\/","name":"Le Patriote","description":"Le Patriote B\u00e9nin","potentialAction":[{"@type":"SearchAction","target":{"@type":"EntryPoint","urlTemplate":"https:\/\/lepatriotebenin.com\/?s={search_term_string}"},"query-input":{"@type":"PropertyValueSpecification","valueRequired":true,"valueName":"search_term_string"}}],"inLanguage":"fr-FR"},{"@type":"Person","@id":"https:\/\/lepatriotebenin.com\/#\/schema\/person\/6486fa44ec286eee49816deb241bcbbf","name":"Comlan Paul ODAH","image":{"@type":"ImageObject","inLanguage":"fr-FR","@id":"https:\/\/secure.gravatar.com\/avatar\/c45cf8a86d3cde8c562d63858f4ea8947664bd10708ad75990c2938897d9dbe1?s=96&d=mm&r=g","url":"https:\/\/secure.gravatar.com\/avatar\/c45cf8a86d3cde8c562d63858f4ea8947664bd10708ad75990c2938897d9dbe1?s=96&d=mm&r=g","contentUrl":"https:\/\/secure.gravatar.com\/avatar\/c45cf8a86d3cde8c562d63858f4ea8947664bd10708ad75990c2938897d9dbe1?s=96&d=mm&r=g","caption":"Comlan Paul ODAH"},"url":"https:\/\/lepatriotebenin.com"}]}},"_links":{"self":[{"href":"https:\/\/lepatriotebenin.com\/index.php\/wp-json\/wp\/v2\/posts\/14705","targetHints":{"allow":["GET"]}}],"collection":[{"href":"https:\/\/lepatriotebenin.com\/index.php\/wp-json\/wp\/v2\/posts"}],"about":[{"href":"https:\/\/lepatriotebenin.com\/index.php\/wp-json\/wp\/v2\/types\/post"}],"author":[{"embeddable":true,"href":"https:\/\/lepatriotebenin.com\/index.php\/wp-json\/wp\/v2\/users\/12"}],"replies":[{"embeddable":true,"href":"https:\/\/lepatriotebenin.com\/index.php\/wp-json\/wp\/v2\/comments?post=14705"}],"version-history":[{"count":1,"href":"https:\/\/lepatriotebenin.com\/index.php\/wp-json\/wp\/v2\/posts\/14705\/revisions"}],"predecessor-version":[{"id":14706,"href":"https:\/\/lepatriotebenin.com\/index.php\/wp-json\/wp\/v2\/posts\/14705\/revisions\/14706"}],"wp:featuredmedia":[{"embeddable":true,"href":"https:\/\/lepatriotebenin.com\/index.php\/wp-json\/wp\/v2\/media\/14550"}],"wp:attachment":[{"href":"https:\/\/lepatriotebenin.com\/index.php\/wp-json\/wp\/v2\/media?parent=14705"}],"wp:term":[{"taxonomy":"category","embeddable":true,"href":"https:\/\/lepatriotebenin.com\/index.php\/wp-json\/wp\/v2\/categories?post=14705"},{"taxonomy":"post_tag","embeddable":true,"href":"https:\/\/lepatriotebenin.com\/index.php\/wp-json\/wp\/v2\/tags?post=14705"}],"curies":[{"name":"wp","href":"https:\/\/api.w.org\/{rel}","templated":true}]}}