{"id":14645,"date":"2025-10-26T22:05:13","date_gmt":"2025-10-26T21:05:13","guid":{"rendered":"https:\/\/lepatriotebenin.com\/?p=14645"},"modified":"2025-10-26T22:06:21","modified_gmt":"2025-10-26T21:06:21","slug":"presidentielle-2026-voici-le-recours-de-karmou-goundi-contre-la-cena","status":"publish","type":"post","link":"https:\/\/lepatriotebenin.com\/index.php\/2025\/10\/26\/presidentielle-2026-voici-le-recours-de-karmou-goundi-contre-la-cena\/","title":{"rendered":"Pr\u00e9sidentielle 2026 : Voici le recours de Karimou Goundi contre la CENA"},"content":{"rendered":"<p>Le\u00a0 parti\u00a0 Les\u00a0 D\u00e9mocrates\u00a0 par le biais entre\u00a0 autres\u00a0 de\u00a0<strong> Karimou Goundi<\/strong> a d\u00e9pos\u00e9\u00a0 le<strong> dimanche\u00a0 26 octobre 2025<\/strong>\u00a0 un recours\u00a0 contre la Commission Electorale Nationale\u00a0 Autonome ( CENA). Ce recours est \u00a0\u00a0intitul\u00e9\u00a0: \u00ab\u00a0Recours\u00a0 en d\u00e9claration d\u2019inconstitutionnalit\u00e9 du nombre de \u00a0parrainages requis par \u00a0la Commission Electorale Nationale\u00a0 Autonome (CENA). Lire \u00a0l\u2019int\u00e9gralit\u00e9 de\u00a0 son recours.<\/p>\n<p><img fetchpriority=\"high\" decoding=\"async\" class=\"alignnone size-medium wp-image-14646\" src=\"https:\/\/lepatriotebenin.com\/wp-content\/uploads\/2025\/10\/karim-205x300.jpg\" alt=\"\" width=\"205\" height=\"300\" srcset=\"https:\/\/lepatriotebenin.com\/wp-content\/uploads\/2025\/10\/karim-205x300.jpg 205w, https:\/\/lepatriotebenin.com\/wp-content\/uploads\/2025\/10\/karim-700x1024.jpg 700w, https:\/\/lepatriotebenin.com\/wp-content\/uploads\/2025\/10\/karim-585x856.jpg 585w, https:\/\/lepatriotebenin.com\/wp-content\/uploads\/2025\/10\/karim.jpg 720w\" sizes=\"(max-width: 205px) 100vw, 205px\" \/><img decoding=\"async\" class=\"alignnone size-medium wp-image-14647\" src=\"https:\/\/lepatriotebenin.com\/wp-content\/uploads\/2025\/10\/karim-1-169x300.jpg\" alt=\"\" width=\"169\" height=\"300\" srcset=\"https:\/\/lepatriotebenin.com\/wp-content\/uploads\/2025\/10\/karim-1-169x300.jpg 169w, https:\/\/lepatriotebenin.com\/wp-content\/uploads\/2025\/10\/karim-1-576x1024.jpg 576w, https:\/\/lepatriotebenin.com\/wp-content\/uploads\/2025\/10\/karim-1-585x1041.jpg 585w, https:\/\/lepatriotebenin.com\/wp-content\/uploads\/2025\/10\/karim-1.jpg 607w\" sizes=\"(max-width: 169px) 100vw, 169px\" \/><img decoding=\"async\" class=\"alignnone size-medium wp-image-14648\" src=\"https:\/\/lepatriotebenin.com\/wp-content\/uploads\/2025\/10\/karim-2-169x300.jpg\" alt=\"\" width=\"169\" height=\"300\" srcset=\"https:\/\/lepatriotebenin.com\/wp-content\/uploads\/2025\/10\/karim-2-169x300.jpg 169w, https:\/\/lepatriotebenin.com\/wp-content\/uploads\/2025\/10\/karim-2-576x1024.jpg 576w, https:\/\/lepatriotebenin.com\/wp-content\/uploads\/2025\/10\/karim-2-585x1041.jpg 585w, https:\/\/lepatriotebenin.com\/wp-content\/uploads\/2025\/10\/karim-2.jpg 607w\" sizes=\"(max-width: 169px) 100vw, 169px\" \/><\/p>\n<p>&nbsp;<\/p>\n<p>&nbsp;<\/p>\n","protected":false},"excerpt":{"rendered":"<p>Le\u00a0 parti\u00a0 Les\u00a0 D\u00e9mocrates\u00a0 par le biais entre\u00a0 autres\u00a0 de\u00a0 Karimou Goundi a d\u00e9pos\u00e9\u00a0 le dimanche\u00a0 26 octobre 2025\u00a0 un recours\u00a0 contre la Commission Electorale Nationale\u00a0 Autonome ( CENA). Ce&hellip;<\/p>\n","protected":false},"author":6,"featured_media":14649,"comment_status":"open","ping_status":"open","sticky":false,"template":"","format":"standard","meta":{"content-type":"","om_disable_all_campaigns":false,"_monsterinsights_skip_tracking":false,"_monsterinsights_sitenote_active":false,"_monsterinsights_sitenote_note":"","_monsterinsights_sitenote_category":0,"_uf_show_specific_survey":0,"_uf_disable_surveys":false,"footnotes":""},"categories":[26],"tags":[],"class_list":["post-14645","post","type-post","status-publish","format-standard","has-post-thumbnail","hentry","category-politique"],"aioseo_notices":[],"yoast_head":"<!-- This site is optimized with the Yoast SEO plugin v27.5 - https:\/\/yoast.com\/product\/yoast-seo-wordpress\/ -->\n<title>Pr\u00e9sidentielle 2026 : Voici le recours de Karimou Goundi contre la CENA - Le Patriote<\/title>\n<meta name=\"robots\" content=\"index, follow, max-snippet:-1, max-image-preview:large, max-video-preview:-1\" \/>\n<link rel=\"canonical\" href=\"https:\/\/lepatriotebenin.com\/index.php\/2025\/10\/26\/presidentielle-2026-voici-le-recours-de-karmou-goundi-contre-la-cena\/\" \/>\n<meta property=\"og:locale\" content=\"fr_FR\" \/>\n<meta property=\"og:type\" content=\"article\" \/>\n<meta property=\"og:title\" content=\"Pr\u00e9sidentielle 2026 : Voici le recours de Karimou Goundi contre la CENA - Le Patriote\" \/>\n<meta property=\"og:description\" content=\"Le\u00a0 parti\u00a0 Les\u00a0 D\u00e9mocrates\u00a0 par le biais entre\u00a0 autres\u00a0 de\u00a0 Karimou Goundi a d\u00e9pos\u00e9\u00a0 le dimanche\u00a0 26 octobre 2025\u00a0 un recours\u00a0 contre la Commission Electorale Nationale\u00a0 Autonome ( CENA). Ce&hellip;\" \/>\n<meta property=\"og:url\" content=\"https:\/\/lepatriotebenin.com\/index.php\/2025\/10\/26\/presidentielle-2026-voici-le-recours-de-karmou-goundi-contre-la-cena\/\" \/>\n<meta property=\"og:site_name\" content=\"Le Patriote\" \/>\n<meta property=\"article:published_time\" content=\"2025-10-26T21:05:13+00:00\" \/>\n<meta property=\"article:modified_time\" content=\"2025-10-26T21:06:21+00:00\" \/>\n<meta property=\"og:image\" content=\"https:\/\/lepatriotebenin.com\/wp-content\/uploads\/2025\/10\/karim-goundi.jpg\" \/>\n\t<meta property=\"og:image:width\" content=\"940\" \/>\n\t<meta property=\"og:image:height\" content=\"939\" \/>\n\t<meta property=\"og:image:type\" content=\"image\/jpeg\" \/>\n<meta name=\"author\" content=\"Roland AFFANOU\" \/>\n<meta name=\"twitter:card\" content=\"summary_large_image\" \/>\n<meta name=\"twitter:label1\" content=\"\u00c9crit par\" \/>\n\t<meta name=\"twitter:data1\" content=\"Roland AFFANOU\" \/>\n\t<meta name=\"twitter:label2\" content=\"Dur\u00e9e de lecture estim\u00e9e\" \/>\n\t<meta name=\"twitter:data2\" content=\"2 minutes\" \/>\n<script type=\"application\/ld+json\" class=\"yoast-schema-graph\">{\"@context\":\"https:\\\/\\\/schema.org\",\"@graph\":[{\"@type\":\"Article\",\"@id\":\"https:\\\/\\\/lepatriotebenin.com\\\/index.php\\\/2025\\\/10\\\/26\\\/presidentielle-2026-voici-le-recours-de-karmou-goundi-contre-la-cena\\\/#article\",\"isPartOf\":{\"@id\":\"https:\\\/\\\/lepatriotebenin.com\\\/index.php\\\/2025\\\/10\\\/26\\\/presidentielle-2026-voici-le-recours-de-karmou-goundi-contre-la-cena\\\/\"},\"author\":{\"name\":\"Roland AFFANOU\",\"@id\":\"https:\\\/\\\/lepatriotebenin.com\\\/#\\\/schema\\\/person\\\/4a9b67216c97d04045e01405c534c91f\"},\"headline\":\"Pr\u00e9sidentielle 2026 : Voici le recours de Karimou Goundi contre la CENA\",\"datePublished\":\"2025-10-26T21:05:13+00:00\",\"dateModified\":\"2025-10-26T21:06:21+00:00\",\"mainEntityOfPage\":{\"@id\":\"https:\\\/\\\/lepatriotebenin.com\\\/index.php\\\/2025\\\/10\\\/26\\\/presidentielle-2026-voici-le-recours-de-karmou-goundi-contre-la-cena\\\/\"},\"wordCount\":70,\"commentCount\":1,\"image\":{\"@id\":\"https:\\\/\\\/lepatriotebenin.com\\\/index.php\\\/2025\\\/10\\\/26\\\/presidentielle-2026-voici-le-recours-de-karmou-goundi-contre-la-cena\\\/#primaryimage\"},\"thumbnailUrl\":\"https:\\\/\\\/lepatriotebenin.com\\\/wp-content\\\/uploads\\\/2025\\\/10\\\/karim-goundi.jpg\",\"articleSection\":[\"Politique\"],\"inLanguage\":\"fr-FR\",\"potentialAction\":[{\"@type\":\"CommentAction\",\"name\":\"Comment\",\"target\":[\"https:\\\/\\\/lepatriotebenin.com\\\/index.php\\\/2025\\\/10\\\/26\\\/presidentielle-2026-voici-le-recours-de-karmou-goundi-contre-la-cena\\\/#respond\"]}]},{\"@type\":\"WebPage\",\"@id\":\"https:\\\/\\\/lepatriotebenin.com\\\/index.php\\\/2025\\\/10\\\/26\\\/presidentielle-2026-voici-le-recours-de-karmou-goundi-contre-la-cena\\\/\",\"url\":\"https:\\\/\\\/lepatriotebenin.com\\\/index.php\\\/2025\\\/10\\\/26\\\/presidentielle-2026-voici-le-recours-de-karmou-goundi-contre-la-cena\\\/\",\"name\":\"Pr\u00e9sidentielle 2026 : Voici le recours de Karimou Goundi contre la CENA - Le Patriote\",\"isPartOf\":{\"@id\":\"https:\\\/\\\/lepatriotebenin.com\\\/#website\"},\"primaryImageOfPage\":{\"@id\":\"https:\\\/\\\/lepatriotebenin.com\\\/index.php\\\/2025\\\/10\\\/26\\\/presidentielle-2026-voici-le-recours-de-karmou-goundi-contre-la-cena\\\/#primaryimage\"},\"image\":{\"@id\":\"https:\\\/\\\/lepatriotebenin.com\\\/index.php\\\/2025\\\/10\\\/26\\\/presidentielle-2026-voici-le-recours-de-karmou-goundi-contre-la-cena\\\/#primaryimage\"},\"thumbnailUrl\":\"https:\\\/\\\/lepatriotebenin.com\\\/wp-content\\\/uploads\\\/2025\\\/10\\\/karim-goundi.jpg\",\"datePublished\":\"2025-10-26T21:05:13+00:00\",\"dateModified\":\"2025-10-26T21:06:21+00:00\",\"author\":{\"@id\":\"https:\\\/\\\/lepatriotebenin.com\\\/#\\\/schema\\\/person\\\/4a9b67216c97d04045e01405c534c91f\"},\"breadcrumb\":{\"@id\":\"https:\\\/\\\/lepatriotebenin.com\\\/index.php\\\/2025\\\/10\\\/26\\\/presidentielle-2026-voici-le-recours-de-karmou-goundi-contre-la-cena\\\/#breadcrumb\"},\"inLanguage\":\"fr-FR\",\"potentialAction\":[{\"@type\":\"ReadAction\",\"target\":[\"https:\\\/\\\/lepatriotebenin.com\\\/index.php\\\/2025\\\/10\\\/26\\\/presidentielle-2026-voici-le-recours-de-karmou-goundi-contre-la-cena\\\/\"]}]},{\"@type\":\"ImageObject\",\"inLanguage\":\"fr-FR\",\"@id\":\"https:\\\/\\\/lepatriotebenin.com\\\/index.php\\\/2025\\\/10\\\/26\\\/presidentielle-2026-voici-le-recours-de-karmou-goundi-contre-la-cena\\\/#primaryimage\",\"url\":\"https:\\\/\\\/lepatriotebenin.com\\\/wp-content\\\/uploads\\\/2025\\\/10\\\/karim-goundi.jpg\",\"contentUrl\":\"https:\\\/\\\/lepatriotebenin.com\\\/wp-content\\\/uploads\\\/2025\\\/10\\\/karim-goundi.jpg\",\"width\":940,\"height\":939},{\"@type\":\"BreadcrumbList\",\"@id\":\"https:\\\/\\\/lepatriotebenin.com\\\/index.php\\\/2025\\\/10\\\/26\\\/presidentielle-2026-voici-le-recours-de-karmou-goundi-contre-la-cena\\\/#breadcrumb\",\"itemListElement\":[{\"@type\":\"ListItem\",\"position\":1,\"name\":\"Accueil\",\"item\":\"https:\\\/\\\/lepatriotebenin.com\\\/\"},{\"@type\":\"ListItem\",\"position\":2,\"name\":\"Pr\u00e9sidentielle 2026 : Voici le recours de Karimou Goundi contre la CENA\"}]},{\"@type\":\"WebSite\",\"@id\":\"https:\\\/\\\/lepatriotebenin.com\\\/#website\",\"url\":\"https:\\\/\\\/lepatriotebenin.com\\\/\",\"name\":\"Le Patriote\",\"description\":\"Le Patriote B\u00e9nin\",\"potentialAction\":[{\"@type\":\"SearchAction\",\"target\":{\"@type\":\"EntryPoint\",\"urlTemplate\":\"https:\\\/\\\/lepatriotebenin.com\\\/?s={search_term_string}\"},\"query-input\":{\"@type\":\"PropertyValueSpecification\",\"valueRequired\":true,\"valueName\":\"search_term_string\"}}],\"inLanguage\":\"fr-FR\"},{\"@type\":\"Person\",\"@id\":\"https:\\\/\\\/lepatriotebenin.com\\\/#\\\/schema\\\/person\\\/4a9b67216c97d04045e01405c534c91f\",\"name\":\"Roland AFFANOU\",\"image\":{\"@type\":\"ImageObject\",\"inLanguage\":\"fr-FR\",\"@id\":\"https:\\\/\\\/secure.gravatar.com\\\/avatar\\\/7209d3f6d2d47ea4d0c67e14d3effb61feb10ae540a4381280c66265de5bd643?s=96&d=mm&r=g\",\"url\":\"https:\\\/\\\/secure.gravatar.com\\\/avatar\\\/7209d3f6d2d47ea4d0c67e14d3effb61feb10ae540a4381280c66265de5bd643?s=96&d=mm&r=g\",\"contentUrl\":\"https:\\\/\\\/secure.gravatar.com\\\/avatar\\\/7209d3f6d2d47ea4d0c67e14d3effb61feb10ae540a4381280c66265de5bd643?s=96&d=mm&r=g\",\"caption\":\"Roland AFFANOU\"},\"url\":\"https:\\\/\\\/lepatriotebenin.com\"}]}<\/script>\n<!-- \/ Yoast SEO plugin. -->","yoast_head_json":{"title":"Pr\u00e9sidentielle 2026 : Voici le recours de Karimou Goundi contre la CENA - Le Patriote","robots":{"index":"index","follow":"follow","max-snippet":"max-snippet:-1","max-image-preview":"max-image-preview:large","max-video-preview":"max-video-preview:-1"},"canonical":"https:\/\/lepatriotebenin.com\/index.php\/2025\/10\/26\/presidentielle-2026-voici-le-recours-de-karmou-goundi-contre-la-cena\/","og_locale":"fr_FR","og_type":"article","og_title":"Pr\u00e9sidentielle 2026 : Voici le recours de Karimou Goundi contre la CENA - Le Patriote","og_description":"Le\u00a0 parti\u00a0 Les\u00a0 D\u00e9mocrates\u00a0 par le biais entre\u00a0 autres\u00a0 de\u00a0 Karimou Goundi a d\u00e9pos\u00e9\u00a0 le dimanche\u00a0 26 octobre 2025\u00a0 un recours\u00a0 contre la Commission Electorale Nationale\u00a0 Autonome ( CENA). Ce&hellip;","og_url":"https:\/\/lepatriotebenin.com\/index.php\/2025\/10\/26\/presidentielle-2026-voici-le-recours-de-karmou-goundi-contre-la-cena\/","og_site_name":"Le Patriote","article_published_time":"2025-10-26T21:05:13+00:00","article_modified_time":"2025-10-26T21:06:21+00:00","og_image":[{"width":940,"height":939,"url":"https:\/\/lepatriotebenin.com\/wp-content\/uploads\/2025\/10\/karim-goundi.jpg","type":"image\/jpeg"}],"author":"Roland AFFANOU","twitter_card":"summary_large_image","twitter_misc":{"\u00c9crit par":"Roland AFFANOU","Dur\u00e9e de lecture estim\u00e9e":"2 minutes"},"schema":{"@context":"https:\/\/schema.org","@graph":[{"@type":"Article","@id":"https:\/\/lepatriotebenin.com\/index.php\/2025\/10\/26\/presidentielle-2026-voici-le-recours-de-karmou-goundi-contre-la-cena\/#article","isPartOf":{"@id":"https:\/\/lepatriotebenin.com\/index.php\/2025\/10\/26\/presidentielle-2026-voici-le-recours-de-karmou-goundi-contre-la-cena\/"},"author":{"name":"Roland AFFANOU","@id":"https:\/\/lepatriotebenin.com\/#\/schema\/person\/4a9b67216c97d04045e01405c534c91f"},"headline":"Pr\u00e9sidentielle 2026 : Voici le recours de Karimou Goundi contre la CENA","datePublished":"2025-10-26T21:05:13+00:00","dateModified":"2025-10-26T21:06:21+00:00","mainEntityOfPage":{"@id":"https:\/\/lepatriotebenin.com\/index.php\/2025\/10\/26\/presidentielle-2026-voici-le-recours-de-karmou-goundi-contre-la-cena\/"},"wordCount":70,"commentCount":1,"image":{"@id":"https:\/\/lepatriotebenin.com\/index.php\/2025\/10\/26\/presidentielle-2026-voici-le-recours-de-karmou-goundi-contre-la-cena\/#primaryimage"},"thumbnailUrl":"https:\/\/lepatriotebenin.com\/wp-content\/uploads\/2025\/10\/karim-goundi.jpg","articleSection":["Politique"],"inLanguage":"fr-FR","potentialAction":[{"@type":"CommentAction","name":"Comment","target":["https:\/\/lepatriotebenin.com\/index.php\/2025\/10\/26\/presidentielle-2026-voici-le-recours-de-karmou-goundi-contre-la-cena\/#respond"]}]},{"@type":"WebPage","@id":"https:\/\/lepatriotebenin.com\/index.php\/2025\/10\/26\/presidentielle-2026-voici-le-recours-de-karmou-goundi-contre-la-cena\/","url":"https:\/\/lepatriotebenin.com\/index.php\/2025\/10\/26\/presidentielle-2026-voici-le-recours-de-karmou-goundi-contre-la-cena\/","name":"Pr\u00e9sidentielle 2026 : Voici le recours de Karimou Goundi contre la CENA - Le Patriote","isPartOf":{"@id":"https:\/\/lepatriotebenin.com\/#website"},"primaryImageOfPage":{"@id":"https:\/\/lepatriotebenin.com\/index.php\/2025\/10\/26\/presidentielle-2026-voici-le-recours-de-karmou-goundi-contre-la-cena\/#primaryimage"},"image":{"@id":"https:\/\/lepatriotebenin.com\/index.php\/2025\/10\/26\/presidentielle-2026-voici-le-recours-de-karmou-goundi-contre-la-cena\/#primaryimage"},"thumbnailUrl":"https:\/\/lepatriotebenin.com\/wp-content\/uploads\/2025\/10\/karim-goundi.jpg","datePublished":"2025-10-26T21:05:13+00:00","dateModified":"2025-10-26T21:06:21+00:00","author":{"@id":"https:\/\/lepatriotebenin.com\/#\/schema\/person\/4a9b67216c97d04045e01405c534c91f"},"breadcrumb":{"@id":"https:\/\/lepatriotebenin.com\/index.php\/2025\/10\/26\/presidentielle-2026-voici-le-recours-de-karmou-goundi-contre-la-cena\/#breadcrumb"},"inLanguage":"fr-FR","potentialAction":[{"@type":"ReadAction","target":["https:\/\/lepatriotebenin.com\/index.php\/2025\/10\/26\/presidentielle-2026-voici-le-recours-de-karmou-goundi-contre-la-cena\/"]}]},{"@type":"ImageObject","inLanguage":"fr-FR","@id":"https:\/\/lepatriotebenin.com\/index.php\/2025\/10\/26\/presidentielle-2026-voici-le-recours-de-karmou-goundi-contre-la-cena\/#primaryimage","url":"https:\/\/lepatriotebenin.com\/wp-content\/uploads\/2025\/10\/karim-goundi.jpg","contentUrl":"https:\/\/lepatriotebenin.com\/wp-content\/uploads\/2025\/10\/karim-goundi.jpg","width":940,"height":939},{"@type":"BreadcrumbList","@id":"https:\/\/lepatriotebenin.com\/index.php\/2025\/10\/26\/presidentielle-2026-voici-le-recours-de-karmou-goundi-contre-la-cena\/#breadcrumb","itemListElement":[{"@type":"ListItem","position":1,"name":"Accueil","item":"https:\/\/lepatriotebenin.com\/"},{"@type":"ListItem","position":2,"name":"Pr\u00e9sidentielle 2026 : Voici le recours de Karimou Goundi contre la CENA"}]},{"@type":"WebSite","@id":"https:\/\/lepatriotebenin.com\/#website","url":"https:\/\/lepatriotebenin.com\/","name":"Le Patriote","description":"Le Patriote B\u00e9nin","potentialAction":[{"@type":"SearchAction","target":{"@type":"EntryPoint","urlTemplate":"https:\/\/lepatriotebenin.com\/?s={search_term_string}"},"query-input":{"@type":"PropertyValueSpecification","valueRequired":true,"valueName":"search_term_string"}}],"inLanguage":"fr-FR"},{"@type":"Person","@id":"https:\/\/lepatriotebenin.com\/#\/schema\/person\/4a9b67216c97d04045e01405c534c91f","name":"Roland AFFANOU","image":{"@type":"ImageObject","inLanguage":"fr-FR","@id":"https:\/\/secure.gravatar.com\/avatar\/7209d3f6d2d47ea4d0c67e14d3effb61feb10ae540a4381280c66265de5bd643?s=96&d=mm&r=g","url":"https:\/\/secure.gravatar.com\/avatar\/7209d3f6d2d47ea4d0c67e14d3effb61feb10ae540a4381280c66265de5bd643?s=96&d=mm&r=g","contentUrl":"https:\/\/secure.gravatar.com\/avatar\/7209d3f6d2d47ea4d0c67e14d3effb61feb10ae540a4381280c66265de5bd643?s=96&d=mm&r=g","caption":"Roland AFFANOU"},"url":"https:\/\/lepatriotebenin.com"}]}},"_links":{"self":[{"href":"https:\/\/lepatriotebenin.com\/index.php\/wp-json\/wp\/v2\/posts\/14645","targetHints":{"allow":["GET"]}}],"collection":[{"href":"https:\/\/lepatriotebenin.com\/index.php\/wp-json\/wp\/v2\/posts"}],"about":[{"href":"https:\/\/lepatriotebenin.com\/index.php\/wp-json\/wp\/v2\/types\/post"}],"author":[{"embeddable":true,"href":"https:\/\/lepatriotebenin.com\/index.php\/wp-json\/wp\/v2\/users\/6"}],"replies":[{"embeddable":true,"href":"https:\/\/lepatriotebenin.com\/index.php\/wp-json\/wp\/v2\/comments?post=14645"}],"version-history":[{"count":2,"href":"https:\/\/lepatriotebenin.com\/index.php\/wp-json\/wp\/v2\/posts\/14645\/revisions"}],"predecessor-version":[{"id":14651,"href":"https:\/\/lepatriotebenin.com\/index.php\/wp-json\/wp\/v2\/posts\/14645\/revisions\/14651"}],"wp:featuredmedia":[{"embeddable":true,"href":"https:\/\/lepatriotebenin.com\/index.php\/wp-json\/wp\/v2\/media\/14649"}],"wp:attachment":[{"href":"https:\/\/lepatriotebenin.com\/index.php\/wp-json\/wp\/v2\/media?parent=14645"}],"wp:term":[{"taxonomy":"category","embeddable":true,"href":"https:\/\/lepatriotebenin.com\/index.php\/wp-json\/wp\/v2\/categories?post=14645"},{"taxonomy":"post_tag","embeddable":true,"href":"https:\/\/lepatriotebenin.com\/index.php\/wp-json\/wp\/v2\/tags?post=14645"}],"curies":[{"name":"wp","href":"https:\/\/api.w.org\/{rel}","templated":true}]}}