{"id":14640,"date":"2025-10-26T21:19:48","date_gmt":"2025-10-26T20:19:48","guid":{"rendered":"https:\/\/lepatriotebenin.com\/?p=14640"},"modified":"2025-10-26T21:19:48","modified_gmt":"2025-10-26T20:19:48","slug":"examination-de-5-recours-lies-a-la-presidentielle-de-2026-la-cour-constitutionnelle-en-audience-speciale-ce-lundi","status":"publish","type":"post","link":"https:\/\/lepatriotebenin.com\/index.php\/2025\/10\/26\/examination-de-5-recours-lies-a-la-presidentielle-de-2026-la-cour-constitutionnelle-en-audience-speciale-ce-lundi\/","title":{"rendered":"Examination de 5 recours li\u00e9s \u00e0 la pr\u00e9sidentielle de 2026 : La  Cour constitutionnelle en audience sp\u00e9ciale ce lundi"},"content":{"rendered":"<p>La\u00a0 Cour constitutionnelle du B\u00e9nin sera en audience sp\u00e9ciale ce <strong>lundi 27 octobre\u00a0 2025<\/strong> \u00e0\u00a0 10h\u00a0 \u00e0 Cotonou pour examiner cinq dossiers de recours li\u00e9s \u00e0 la pr\u00e9sidentielle de 2026.\u00a0 Il\u00a0 s\u2019agit des recours d\u00e9pos\u00e9s par\u00a0 <strong>Nourou-Dine Saka-Saley ,Jude Bonaventure Lodjou ,Habibou Woroucoubou, le duo Renaud Agbodjo-Jude Bonaventure Lodjou et Karin Goundi.<\/strong><\/p>\n<p><img fetchpriority=\"high\" decoding=\"async\" class=\"alignnone size-medium wp-image-14641\" src=\"https:\/\/lepatriotebenin.com\/wp-content\/uploads\/2025\/10\/cour-300x212.jpg\" alt=\"\" width=\"300\" height=\"212\" srcset=\"https:\/\/lepatriotebenin.com\/wp-content\/uploads\/2025\/10\/cour-300x212.jpg 300w, https:\/\/lepatriotebenin.com\/wp-content\/uploads\/2025\/10\/cour-1024x725.jpg 1024w, https:\/\/lepatriotebenin.com\/wp-content\/uploads\/2025\/10\/cour-768x543.jpg 768w, https:\/\/lepatriotebenin.com\/wp-content\/uploads\/2025\/10\/cour-1536x1087.jpg 1536w, https:\/\/lepatriotebenin.com\/wp-content\/uploads\/2025\/10\/cour-1170x828.jpg 1170w, https:\/\/lepatriotebenin.com\/wp-content\/uploads\/2025\/10\/cour-585x414.jpg 585w, https:\/\/lepatriotebenin.com\/wp-content\/uploads\/2025\/10\/cour.jpg 1754w\" sizes=\"(max-width: 300px) 100vw, 300px\" \/><img decoding=\"async\" class=\"alignnone size-medium wp-image-14642\" src=\"https:\/\/lepatriotebenin.com\/wp-content\/uploads\/2025\/10\/cour-1-300x212.jpg\" alt=\"\" width=\"300\" height=\"212\" srcset=\"https:\/\/lepatriotebenin.com\/wp-content\/uploads\/2025\/10\/cour-1-300x212.jpg 300w, https:\/\/lepatriotebenin.com\/wp-content\/uploads\/2025\/10\/cour-1-1024x725.jpg 1024w, https:\/\/lepatriotebenin.com\/wp-content\/uploads\/2025\/10\/cour-1-768x543.jpg 768w, https:\/\/lepatriotebenin.com\/wp-content\/uploads\/2025\/10\/cour-1-1536x1087.jpg 1536w, https:\/\/lepatriotebenin.com\/wp-content\/uploads\/2025\/10\/cour-1-1170x828.jpg 1170w, https:\/\/lepatriotebenin.com\/wp-content\/uploads\/2025\/10\/cour-1-585x414.jpg 585w, https:\/\/lepatriotebenin.com\/wp-content\/uploads\/2025\/10\/cour-1.jpg 1754w\" sizes=\"(max-width: 300px) 100vw, 300px\" \/><img decoding=\"async\" class=\"alignnone size-medium wp-image-14643\" src=\"https:\/\/lepatriotebenin.com\/wp-content\/uploads\/2025\/10\/2-8-300x212.jpg\" alt=\"\" width=\"300\" height=\"212\" srcset=\"https:\/\/lepatriotebenin.com\/wp-content\/uploads\/2025\/10\/2-8-300x212.jpg 300w, https:\/\/lepatriotebenin.com\/wp-content\/uploads\/2025\/10\/2-8-1024x725.jpg 1024w, https:\/\/lepatriotebenin.com\/wp-content\/uploads\/2025\/10\/2-8-768x543.jpg 768w, https:\/\/lepatriotebenin.com\/wp-content\/uploads\/2025\/10\/2-8-1536x1087.jpg 1536w, https:\/\/lepatriotebenin.com\/wp-content\/uploads\/2025\/10\/2-8-1170x828.jpg 1170w, https:\/\/lepatriotebenin.com\/wp-content\/uploads\/2025\/10\/2-8-585x414.jpg 585w, https:\/\/lepatriotebenin.com\/wp-content\/uploads\/2025\/10\/2-8.jpg 1754w\" sizes=\"(max-width: 300px) 100vw, 300px\" \/><\/p>\n","protected":false},"excerpt":{"rendered":"<p>La\u00a0 Cour constitutionnelle du B\u00e9nin sera en audience sp\u00e9ciale ce lundi 27 octobre\u00a0 2025 \u00e0\u00a0 10h\u00a0 \u00e0 Cotonou pour examiner cinq dossiers de recours li\u00e9s \u00e0 la pr\u00e9sidentielle de 2026.\u00a0&hellip;<\/p>\n","protected":false},"author":6,"featured_media":14550,"comment_status":"open","ping_status":"open","sticky":false,"template":"","format":"standard","meta":{"content-type":"","om_disable_all_campaigns":false,"_monsterinsights_skip_tracking":false,"_monsterinsights_sitenote_active":false,"_monsterinsights_sitenote_note":"","_monsterinsights_sitenote_category":0,"_uf_show_specific_survey":0,"_uf_disable_surveys":false,"footnotes":""},"categories":[26],"tags":[],"class_list":["post-14640","post","type-post","status-publish","format-standard","has-post-thumbnail","hentry","category-politique"],"aioseo_notices":[],"yoast_head":"<!-- This site is optimized with the Yoast SEO plugin v27.5 - https:\/\/yoast.com\/product\/yoast-seo-wordpress\/ -->\n<title>Examination de 5 recours li\u00e9s \u00e0 la pr\u00e9sidentielle de 2026 : La Cour constitutionnelle en audience sp\u00e9ciale ce lundi - Le Patriote<\/title>\n<meta name=\"robots\" content=\"index, follow, max-snippet:-1, max-image-preview:large, max-video-preview:-1\" \/>\n<link rel=\"canonical\" href=\"https:\/\/lepatriotebenin.com\/index.php\/2025\/10\/26\/examination-de-5-recours-lies-a-la-presidentielle-de-2026-la-cour-constitutionnelle-en-audience-speciale-ce-lundi\/\" \/>\n<meta property=\"og:locale\" content=\"fr_FR\" \/>\n<meta property=\"og:type\" content=\"article\" \/>\n<meta property=\"og:title\" content=\"Examination de 5 recours li\u00e9s \u00e0 la pr\u00e9sidentielle de 2026 : La Cour constitutionnelle en audience sp\u00e9ciale ce lundi - Le Patriote\" \/>\n<meta property=\"og:description\" content=\"La\u00a0 Cour constitutionnelle du B\u00e9nin sera en audience sp\u00e9ciale ce lundi 27 octobre\u00a0 2025 \u00e0\u00a0 10h\u00a0 \u00e0 Cotonou pour examiner cinq dossiers de recours li\u00e9s \u00e0 la pr\u00e9sidentielle de 2026.\u00a0&hellip;\" \/>\n<meta property=\"og:url\" content=\"https:\/\/lepatriotebenin.com\/index.php\/2025\/10\/26\/examination-de-5-recours-lies-a-la-presidentielle-de-2026-la-cour-constitutionnelle-en-audience-speciale-ce-lundi\/\" \/>\n<meta property=\"og:site_name\" content=\"Le Patriote\" \/>\n<meta property=\"article:published_time\" content=\"2025-10-26T20:19:48+00:00\" \/>\n<meta property=\"og:image\" content=\"https:\/\/lepatriotebenin.com\/wp-content\/uploads\/2025\/10\/f7dae36574020572dc52bcfcde568e.webp\" \/>\n\t<meta property=\"og:image:width\" content=\"866\" \/>\n\t<meta property=\"og:image:height\" content=\"566\" \/>\n\t<meta property=\"og:image:type\" content=\"image\/webp\" \/>\n<meta name=\"author\" content=\"Roland AFFANOU\" \/>\n<meta name=\"twitter:card\" content=\"summary_large_image\" \/>\n<meta name=\"twitter:label1\" content=\"\u00c9crit par\" \/>\n\t<meta name=\"twitter:data1\" content=\"Roland AFFANOU\" \/>\n\t<meta name=\"twitter:label2\" content=\"Dur\u00e9e de lecture estim\u00e9e\" \/>\n\t<meta name=\"twitter:data2\" content=\"2 minutes\" \/>\n<script type=\"application\/ld+json\" class=\"yoast-schema-graph\">{\"@context\":\"https:\\\/\\\/schema.org\",\"@graph\":[{\"@type\":\"Article\",\"@id\":\"https:\\\/\\\/lepatriotebenin.com\\\/index.php\\\/2025\\\/10\\\/26\\\/examination-de-5-recours-lies-a-la-presidentielle-de-2026-la-cour-constitutionnelle-en-audience-speciale-ce-lundi\\\/#article\",\"isPartOf\":{\"@id\":\"https:\\\/\\\/lepatriotebenin.com\\\/index.php\\\/2025\\\/10\\\/26\\\/examination-de-5-recours-lies-a-la-presidentielle-de-2026-la-cour-constitutionnelle-en-audience-speciale-ce-lundi\\\/\"},\"author\":{\"name\":\"Roland AFFANOU\",\"@id\":\"https:\\\/\\\/lepatriotebenin.com\\\/#\\\/schema\\\/person\\\/4a9b67216c97d04045e01405c534c91f\"},\"headline\":\"Examination de 5 recours li\u00e9s \u00e0 la pr\u00e9sidentielle de 2026 : La Cour constitutionnelle en audience sp\u00e9ciale ce lundi\",\"datePublished\":\"2025-10-26T20:19:48+00:00\",\"mainEntityOfPage\":{\"@id\":\"https:\\\/\\\/lepatriotebenin.com\\\/index.php\\\/2025\\\/10\\\/26\\\/examination-de-5-recours-lies-a-la-presidentielle-de-2026-la-cour-constitutionnelle-en-audience-speciale-ce-lundi\\\/\"},\"wordCount\":71,\"commentCount\":0,\"image\":{\"@id\":\"https:\\\/\\\/lepatriotebenin.com\\\/index.php\\\/2025\\\/10\\\/26\\\/examination-de-5-recours-lies-a-la-presidentielle-de-2026-la-cour-constitutionnelle-en-audience-speciale-ce-lundi\\\/#primaryimage\"},\"thumbnailUrl\":\"https:\\\/\\\/lepatriotebenin.com\\\/wp-content\\\/uploads\\\/2025\\\/10\\\/f7dae36574020572dc52bcfcde568e.webp\",\"articleSection\":[\"Politique\"],\"inLanguage\":\"fr-FR\",\"potentialAction\":[{\"@type\":\"CommentAction\",\"name\":\"Comment\",\"target\":[\"https:\\\/\\\/lepatriotebenin.com\\\/index.php\\\/2025\\\/10\\\/26\\\/examination-de-5-recours-lies-a-la-presidentielle-de-2026-la-cour-constitutionnelle-en-audience-speciale-ce-lundi\\\/#respond\"]}]},{\"@type\":\"WebPage\",\"@id\":\"https:\\\/\\\/lepatriotebenin.com\\\/index.php\\\/2025\\\/10\\\/26\\\/examination-de-5-recours-lies-a-la-presidentielle-de-2026-la-cour-constitutionnelle-en-audience-speciale-ce-lundi\\\/\",\"url\":\"https:\\\/\\\/lepatriotebenin.com\\\/index.php\\\/2025\\\/10\\\/26\\\/examination-de-5-recours-lies-a-la-presidentielle-de-2026-la-cour-constitutionnelle-en-audience-speciale-ce-lundi\\\/\",\"name\":\"Examination de 5 recours li\u00e9s \u00e0 la pr\u00e9sidentielle de 2026 : La Cour constitutionnelle en audience sp\u00e9ciale ce lundi - Le Patriote\",\"isPartOf\":{\"@id\":\"https:\\\/\\\/lepatriotebenin.com\\\/#website\"},\"primaryImageOfPage\":{\"@id\":\"https:\\\/\\\/lepatriotebenin.com\\\/index.php\\\/2025\\\/10\\\/26\\\/examination-de-5-recours-lies-a-la-presidentielle-de-2026-la-cour-constitutionnelle-en-audience-speciale-ce-lundi\\\/#primaryimage\"},\"image\":{\"@id\":\"https:\\\/\\\/lepatriotebenin.com\\\/index.php\\\/2025\\\/10\\\/26\\\/examination-de-5-recours-lies-a-la-presidentielle-de-2026-la-cour-constitutionnelle-en-audience-speciale-ce-lundi\\\/#primaryimage\"},\"thumbnailUrl\":\"https:\\\/\\\/lepatriotebenin.com\\\/wp-content\\\/uploads\\\/2025\\\/10\\\/f7dae36574020572dc52bcfcde568e.webp\",\"datePublished\":\"2025-10-26T20:19:48+00:00\",\"author\":{\"@id\":\"https:\\\/\\\/lepatriotebenin.com\\\/#\\\/schema\\\/person\\\/4a9b67216c97d04045e01405c534c91f\"},\"breadcrumb\":{\"@id\":\"https:\\\/\\\/lepatriotebenin.com\\\/index.php\\\/2025\\\/10\\\/26\\\/examination-de-5-recours-lies-a-la-presidentielle-de-2026-la-cour-constitutionnelle-en-audience-speciale-ce-lundi\\\/#breadcrumb\"},\"inLanguage\":\"fr-FR\",\"potentialAction\":[{\"@type\":\"ReadAction\",\"target\":[\"https:\\\/\\\/lepatriotebenin.com\\\/index.php\\\/2025\\\/10\\\/26\\\/examination-de-5-recours-lies-a-la-presidentielle-de-2026-la-cour-constitutionnelle-en-audience-speciale-ce-lundi\\\/\"]}]},{\"@type\":\"ImageObject\",\"inLanguage\":\"fr-FR\",\"@id\":\"https:\\\/\\\/lepatriotebenin.com\\\/index.php\\\/2025\\\/10\\\/26\\\/examination-de-5-recours-lies-a-la-presidentielle-de-2026-la-cour-constitutionnelle-en-audience-speciale-ce-lundi\\\/#primaryimage\",\"url\":\"https:\\\/\\\/lepatriotebenin.com\\\/wp-content\\\/uploads\\\/2025\\\/10\\\/f7dae36574020572dc52bcfcde568e.webp\",\"contentUrl\":\"https:\\\/\\\/lepatriotebenin.com\\\/wp-content\\\/uploads\\\/2025\\\/10\\\/f7dae36574020572dc52bcfcde568e.webp\",\"width\":866,\"height\":566},{\"@type\":\"BreadcrumbList\",\"@id\":\"https:\\\/\\\/lepatriotebenin.com\\\/index.php\\\/2025\\\/10\\\/26\\\/examination-de-5-recours-lies-a-la-presidentielle-de-2026-la-cour-constitutionnelle-en-audience-speciale-ce-lundi\\\/#breadcrumb\",\"itemListElement\":[{\"@type\":\"ListItem\",\"position\":1,\"name\":\"Accueil\",\"item\":\"https:\\\/\\\/lepatriotebenin.com\\\/\"},{\"@type\":\"ListItem\",\"position\":2,\"name\":\"Examination de 5 recours li\u00e9s \u00e0 la pr\u00e9sidentielle de 2026 : La Cour constitutionnelle en audience sp\u00e9ciale ce lundi\"}]},{\"@type\":\"WebSite\",\"@id\":\"https:\\\/\\\/lepatriotebenin.com\\\/#website\",\"url\":\"https:\\\/\\\/lepatriotebenin.com\\\/\",\"name\":\"Le Patriote\",\"description\":\"Le Patriote B\u00e9nin\",\"potentialAction\":[{\"@type\":\"SearchAction\",\"target\":{\"@type\":\"EntryPoint\",\"urlTemplate\":\"https:\\\/\\\/lepatriotebenin.com\\\/?s={search_term_string}\"},\"query-input\":{\"@type\":\"PropertyValueSpecification\",\"valueRequired\":true,\"valueName\":\"search_term_string\"}}],\"inLanguage\":\"fr-FR\"},{\"@type\":\"Person\",\"@id\":\"https:\\\/\\\/lepatriotebenin.com\\\/#\\\/schema\\\/person\\\/4a9b67216c97d04045e01405c534c91f\",\"name\":\"Roland AFFANOU\",\"image\":{\"@type\":\"ImageObject\",\"inLanguage\":\"fr-FR\",\"@id\":\"https:\\\/\\\/secure.gravatar.com\\\/avatar\\\/7209d3f6d2d47ea4d0c67e14d3effb61feb10ae540a4381280c66265de5bd643?s=96&d=mm&r=g\",\"url\":\"https:\\\/\\\/secure.gravatar.com\\\/avatar\\\/7209d3f6d2d47ea4d0c67e14d3effb61feb10ae540a4381280c66265de5bd643?s=96&d=mm&r=g\",\"contentUrl\":\"https:\\\/\\\/secure.gravatar.com\\\/avatar\\\/7209d3f6d2d47ea4d0c67e14d3effb61feb10ae540a4381280c66265de5bd643?s=96&d=mm&r=g\",\"caption\":\"Roland AFFANOU\"},\"url\":\"https:\\\/\\\/lepatriotebenin.com\"}]}<\/script>\n<!-- \/ Yoast SEO plugin. -->","yoast_head_json":{"title":"Examination de 5 recours li\u00e9s \u00e0 la pr\u00e9sidentielle de 2026 : La Cour constitutionnelle en audience sp\u00e9ciale ce lundi - Le Patriote","robots":{"index":"index","follow":"follow","max-snippet":"max-snippet:-1","max-image-preview":"max-image-preview:large","max-video-preview":"max-video-preview:-1"},"canonical":"https:\/\/lepatriotebenin.com\/index.php\/2025\/10\/26\/examination-de-5-recours-lies-a-la-presidentielle-de-2026-la-cour-constitutionnelle-en-audience-speciale-ce-lundi\/","og_locale":"fr_FR","og_type":"article","og_title":"Examination de 5 recours li\u00e9s \u00e0 la pr\u00e9sidentielle de 2026 : La Cour constitutionnelle en audience sp\u00e9ciale ce lundi - Le Patriote","og_description":"La\u00a0 Cour constitutionnelle du B\u00e9nin sera en audience sp\u00e9ciale ce lundi 27 octobre\u00a0 2025 \u00e0\u00a0 10h\u00a0 \u00e0 Cotonou pour examiner cinq dossiers de recours li\u00e9s \u00e0 la pr\u00e9sidentielle de 2026.\u00a0&hellip;","og_url":"https:\/\/lepatriotebenin.com\/index.php\/2025\/10\/26\/examination-de-5-recours-lies-a-la-presidentielle-de-2026-la-cour-constitutionnelle-en-audience-speciale-ce-lundi\/","og_site_name":"Le Patriote","article_published_time":"2025-10-26T20:19:48+00:00","og_image":[{"width":866,"height":566,"url":"https:\/\/lepatriotebenin.com\/wp-content\/uploads\/2025\/10\/f7dae36574020572dc52bcfcde568e.webp","type":"image\/webp"}],"author":"Roland AFFANOU","twitter_card":"summary_large_image","twitter_misc":{"\u00c9crit par":"Roland AFFANOU","Dur\u00e9e de lecture estim\u00e9e":"2 minutes"},"schema":{"@context":"https:\/\/schema.org","@graph":[{"@type":"Article","@id":"https:\/\/lepatriotebenin.com\/index.php\/2025\/10\/26\/examination-de-5-recours-lies-a-la-presidentielle-de-2026-la-cour-constitutionnelle-en-audience-speciale-ce-lundi\/#article","isPartOf":{"@id":"https:\/\/lepatriotebenin.com\/index.php\/2025\/10\/26\/examination-de-5-recours-lies-a-la-presidentielle-de-2026-la-cour-constitutionnelle-en-audience-speciale-ce-lundi\/"},"author":{"name":"Roland AFFANOU","@id":"https:\/\/lepatriotebenin.com\/#\/schema\/person\/4a9b67216c97d04045e01405c534c91f"},"headline":"Examination de 5 recours li\u00e9s \u00e0 la pr\u00e9sidentielle de 2026 : La Cour constitutionnelle en audience sp\u00e9ciale ce lundi","datePublished":"2025-10-26T20:19:48+00:00","mainEntityOfPage":{"@id":"https:\/\/lepatriotebenin.com\/index.php\/2025\/10\/26\/examination-de-5-recours-lies-a-la-presidentielle-de-2026-la-cour-constitutionnelle-en-audience-speciale-ce-lundi\/"},"wordCount":71,"commentCount":0,"image":{"@id":"https:\/\/lepatriotebenin.com\/index.php\/2025\/10\/26\/examination-de-5-recours-lies-a-la-presidentielle-de-2026-la-cour-constitutionnelle-en-audience-speciale-ce-lundi\/#primaryimage"},"thumbnailUrl":"https:\/\/lepatriotebenin.com\/wp-content\/uploads\/2025\/10\/f7dae36574020572dc52bcfcde568e.webp","articleSection":["Politique"],"inLanguage":"fr-FR","potentialAction":[{"@type":"CommentAction","name":"Comment","target":["https:\/\/lepatriotebenin.com\/index.php\/2025\/10\/26\/examination-de-5-recours-lies-a-la-presidentielle-de-2026-la-cour-constitutionnelle-en-audience-speciale-ce-lundi\/#respond"]}]},{"@type":"WebPage","@id":"https:\/\/lepatriotebenin.com\/index.php\/2025\/10\/26\/examination-de-5-recours-lies-a-la-presidentielle-de-2026-la-cour-constitutionnelle-en-audience-speciale-ce-lundi\/","url":"https:\/\/lepatriotebenin.com\/index.php\/2025\/10\/26\/examination-de-5-recours-lies-a-la-presidentielle-de-2026-la-cour-constitutionnelle-en-audience-speciale-ce-lundi\/","name":"Examination de 5 recours li\u00e9s \u00e0 la pr\u00e9sidentielle de 2026 : La Cour constitutionnelle en audience sp\u00e9ciale ce lundi - Le Patriote","isPartOf":{"@id":"https:\/\/lepatriotebenin.com\/#website"},"primaryImageOfPage":{"@id":"https:\/\/lepatriotebenin.com\/index.php\/2025\/10\/26\/examination-de-5-recours-lies-a-la-presidentielle-de-2026-la-cour-constitutionnelle-en-audience-speciale-ce-lundi\/#primaryimage"},"image":{"@id":"https:\/\/lepatriotebenin.com\/index.php\/2025\/10\/26\/examination-de-5-recours-lies-a-la-presidentielle-de-2026-la-cour-constitutionnelle-en-audience-speciale-ce-lundi\/#primaryimage"},"thumbnailUrl":"https:\/\/lepatriotebenin.com\/wp-content\/uploads\/2025\/10\/f7dae36574020572dc52bcfcde568e.webp","datePublished":"2025-10-26T20:19:48+00:00","author":{"@id":"https:\/\/lepatriotebenin.com\/#\/schema\/person\/4a9b67216c97d04045e01405c534c91f"},"breadcrumb":{"@id":"https:\/\/lepatriotebenin.com\/index.php\/2025\/10\/26\/examination-de-5-recours-lies-a-la-presidentielle-de-2026-la-cour-constitutionnelle-en-audience-speciale-ce-lundi\/#breadcrumb"},"inLanguage":"fr-FR","potentialAction":[{"@type":"ReadAction","target":["https:\/\/lepatriotebenin.com\/index.php\/2025\/10\/26\/examination-de-5-recours-lies-a-la-presidentielle-de-2026-la-cour-constitutionnelle-en-audience-speciale-ce-lundi\/"]}]},{"@type":"ImageObject","inLanguage":"fr-FR","@id":"https:\/\/lepatriotebenin.com\/index.php\/2025\/10\/26\/examination-de-5-recours-lies-a-la-presidentielle-de-2026-la-cour-constitutionnelle-en-audience-speciale-ce-lundi\/#primaryimage","url":"https:\/\/lepatriotebenin.com\/wp-content\/uploads\/2025\/10\/f7dae36574020572dc52bcfcde568e.webp","contentUrl":"https:\/\/lepatriotebenin.com\/wp-content\/uploads\/2025\/10\/f7dae36574020572dc52bcfcde568e.webp","width":866,"height":566},{"@type":"BreadcrumbList","@id":"https:\/\/lepatriotebenin.com\/index.php\/2025\/10\/26\/examination-de-5-recours-lies-a-la-presidentielle-de-2026-la-cour-constitutionnelle-en-audience-speciale-ce-lundi\/#breadcrumb","itemListElement":[{"@type":"ListItem","position":1,"name":"Accueil","item":"https:\/\/lepatriotebenin.com\/"},{"@type":"ListItem","position":2,"name":"Examination de 5 recours li\u00e9s \u00e0 la pr\u00e9sidentielle de 2026 : La Cour constitutionnelle en audience sp\u00e9ciale ce lundi"}]},{"@type":"WebSite","@id":"https:\/\/lepatriotebenin.com\/#website","url":"https:\/\/lepatriotebenin.com\/","name":"Le Patriote","description":"Le Patriote B\u00e9nin","potentialAction":[{"@type":"SearchAction","target":{"@type":"EntryPoint","urlTemplate":"https:\/\/lepatriotebenin.com\/?s={search_term_string}"},"query-input":{"@type":"PropertyValueSpecification","valueRequired":true,"valueName":"search_term_string"}}],"inLanguage":"fr-FR"},{"@type":"Person","@id":"https:\/\/lepatriotebenin.com\/#\/schema\/person\/4a9b67216c97d04045e01405c534c91f","name":"Roland AFFANOU","image":{"@type":"ImageObject","inLanguage":"fr-FR","@id":"https:\/\/secure.gravatar.com\/avatar\/7209d3f6d2d47ea4d0c67e14d3effb61feb10ae540a4381280c66265de5bd643?s=96&d=mm&r=g","url":"https:\/\/secure.gravatar.com\/avatar\/7209d3f6d2d47ea4d0c67e14d3effb61feb10ae540a4381280c66265de5bd643?s=96&d=mm&r=g","contentUrl":"https:\/\/secure.gravatar.com\/avatar\/7209d3f6d2d47ea4d0c67e14d3effb61feb10ae540a4381280c66265de5bd643?s=96&d=mm&r=g","caption":"Roland AFFANOU"},"url":"https:\/\/lepatriotebenin.com"}]}},"_links":{"self":[{"href":"https:\/\/lepatriotebenin.com\/index.php\/wp-json\/wp\/v2\/posts\/14640","targetHints":{"allow":["GET"]}}],"collection":[{"href":"https:\/\/lepatriotebenin.com\/index.php\/wp-json\/wp\/v2\/posts"}],"about":[{"href":"https:\/\/lepatriotebenin.com\/index.php\/wp-json\/wp\/v2\/types\/post"}],"author":[{"embeddable":true,"href":"https:\/\/lepatriotebenin.com\/index.php\/wp-json\/wp\/v2\/users\/6"}],"replies":[{"embeddable":true,"href":"https:\/\/lepatriotebenin.com\/index.php\/wp-json\/wp\/v2\/comments?post=14640"}],"version-history":[{"count":1,"href":"https:\/\/lepatriotebenin.com\/index.php\/wp-json\/wp\/v2\/posts\/14640\/revisions"}],"predecessor-version":[{"id":14644,"href":"https:\/\/lepatriotebenin.com\/index.php\/wp-json\/wp\/v2\/posts\/14640\/revisions\/14644"}],"wp:featuredmedia":[{"embeddable":true,"href":"https:\/\/lepatriotebenin.com\/index.php\/wp-json\/wp\/v2\/media\/14550"}],"wp:attachment":[{"href":"https:\/\/lepatriotebenin.com\/index.php\/wp-json\/wp\/v2\/media?parent=14640"}],"wp:term":[{"taxonomy":"category","embeddable":true,"href":"https:\/\/lepatriotebenin.com\/index.php\/wp-json\/wp\/v2\/categories?post=14640"},{"taxonomy":"post_tag","embeddable":true,"href":"https:\/\/lepatriotebenin.com\/index.php\/wp-json\/wp\/v2\/tags?post=14640"}],"curies":[{"name":"wp","href":"https:\/\/api.w.org\/{rel}","templated":true}]}}