{"id":14538,"date":"2025-10-23T16:20:13","date_gmt":"2025-10-23T14:20:13","guid":{"rendered":"https:\/\/lepatriotebenin.com\/?p=14538"},"modified":"2025-10-23T16:20:13","modified_gmt":"2025-10-23T14:20:13","slug":"presidentielle-2026-au-benin-la-cena-publie-la-liste-provisoire-des-candidats-deux-duos-retenus","status":"publish","type":"post","link":"https:\/\/lepatriotebenin.com\/index.php\/2025\/10\/23\/presidentielle-2026-au-benin-la-cena-publie-la-liste-provisoire-des-candidats-deux-duos-retenus\/","title":{"rendered":"Pr\u00e9sidentielle 2026 au B\u00e9nin : la CENA publie la liste provisoire des candidats (deux duos retenus)"},"content":{"rendered":"<p>octobre 2025, la liste provisoire des candidats \u00e0 l&rsquo;\u00e9lection pr\u00e9sidentielle d&rsquo;avril 2026. C&rsquo;est par une d\u00e9cision sign\u00e9e de son pr\u00e9sident Sacca Lafia, en date du 22 octobre 2023, et rendue publique ce 23 octobre que la commission \u00e9lectorale publie la liste provisoire des candidats \u00e0 l&rsquo;\u00e9lection pr\u00e9sidentielle du 12 avril 2026. Sur les cinq duos de candidats ayant d\u00e9pos\u00e9 leurs dossiers de candidatures, seulement deux duos sont provisoirement valid\u00e9s. Ce sont le duo de la majorit\u00e9 pr\u00e9sidentielle compos\u00e9 de <strong>Romuald Wadagni<\/strong> (candidat \u00e0 la pr\u00e9sidence) et <strong>Mariam Talata<\/strong> (candidat \u00e0 la vice-pr\u00e9sidence) et celui du parti de l&rsquo;opposition FCBE compos\u00e9 de <strong>Paul Hounkp\u00e8<\/strong> (candidat \u00e0 la pr\u00e9sidence) et son colistier <strong>Rock Judicael Hounwanou<\/strong>.\u00a0 Les dossiers des duos de candidats sont jug\u00e9s \u00ab\u00a0complets et conformes\u00a0\u00bb par la commission \u00e9lectorale.<\/p>\n<p>Par contre, les candidatures port\u00e9es par\u00a0Anatole Jackson <strong>Prince OUINSAVI et Kaossarath Remilekoun<\/strong> A<strong>gathe BELLO,\u00a0Vignile Renaud L\u00e9andre N\u2019doufou AGBODJO et Jude Bonaventure LODJOU, ainsi que\u00a0\u00c9lisabeth AGBOSSAGA \u00e9pouse JAWAD et Boni Neto GANSARE\u00a0<\/strong>ont \u00e9t\u00e9 rejet\u00e9es pour irr\u00e9gularit\u00e9s. Les duos concern\u00e9s disposent d\u2019un d\u00e9lai de quarante-<strong>huit (48) heures<\/strong> \u00e0 compter de la notification de la d\u00e9cision pour introduire un recours devant la Cour constitutionnelle. Cette publication marque une \u00e9tape importante \u00a0du processus \u00e9lectoral en cours. La C\u00e9na avait enregistr\u00e9 cinq candidatures au terme du d\u00e9p\u00f4t des dossiers, cl\u00f4tur\u00e9 le\u00a0<strong>14 octobre 2025 \u00e0<\/strong> minuit. Apr\u00e8s v\u00e9rification formelle des pi\u00e8ces, elle a \u00e9tabli cette premi\u00e8re liste provisoire, avant la publication de la liste d\u00e9finitive pr\u00e9vue pour le<strong>\u00a031 octobre 2025.\u00a0 L<\/strong>ire\u00a0 la d\u00e9cision de la CENA<\/p>\n<p><img fetchpriority=\"high\" decoding=\"async\" class=\"alignnone size-medium wp-image-14539\" src=\"https:\/\/lepatriotebenin.com\/wp-content\/uploads\/2025\/10\/cena-2-212x300.jpg\" alt=\"\" width=\"212\" height=\"300\" srcset=\"https:\/\/lepatriotebenin.com\/wp-content\/uploads\/2025\/10\/cena-2-212x300.jpg 212w, https:\/\/lepatriotebenin.com\/wp-content\/uploads\/2025\/10\/cena-2-585x830.jpg 585w, https:\/\/lepatriotebenin.com\/wp-content\/uploads\/2025\/10\/cena-2.jpg 622w\" sizes=\"(max-width: 212px) 100vw, 212px\" \/><img decoding=\"async\" class=\"alignnone size-medium wp-image-14540\" src=\"https:\/\/lepatriotebenin.com\/wp-content\/uploads\/2025\/10\/cena-1-1-207x300.jpg\" alt=\"\" width=\"207\" height=\"300\" srcset=\"https:\/\/lepatriotebenin.com\/wp-content\/uploads\/2025\/10\/cena-1-1-207x300.jpg 207w, https:\/\/lepatriotebenin.com\/wp-content\/uploads\/2025\/10\/cena-1-1-585x847.jpg 585w, https:\/\/lepatriotebenin.com\/wp-content\/uploads\/2025\/10\/cena-1-1.jpg 606w\" sizes=\"(max-width: 207px) 100vw, 207px\" \/><img decoding=\"async\" class=\"alignnone size-medium wp-image-14541\" src=\"https:\/\/lepatriotebenin.com\/wp-content\/uploads\/2025\/10\/cean4-214x300.jpg\" alt=\"\" width=\"214\" height=\"300\" srcset=\"https:\/\/lepatriotebenin.com\/wp-content\/uploads\/2025\/10\/cean4-214x300.jpg 214w, https:\/\/lepatriotebenin.com\/wp-content\/uploads\/2025\/10\/cean4-585x822.jpg 585w, https:\/\/lepatriotebenin.com\/wp-content\/uploads\/2025\/10\/cean4.jpg 620w\" sizes=\"(max-width: 214px) 100vw, 214px\" \/><img loading=\"lazy\" decoding=\"async\" class=\"alignnone size-medium wp-image-14542\" src=\"https:\/\/lepatriotebenin.com\/wp-content\/uploads\/2025\/10\/cena-2-1-214x300.jpg\" alt=\"\" width=\"214\" height=\"300\" srcset=\"https:\/\/lepatriotebenin.com\/wp-content\/uploads\/2025\/10\/cena-2-1-214x300.jpg 214w, https:\/\/lepatriotebenin.com\/wp-content\/uploads\/2025\/10\/cena-2-1-731x1024.jpg 731w, https:\/\/lepatriotebenin.com\/wp-content\/uploads\/2025\/10\/cena-2-1-768x1076.jpg 768w, https:\/\/lepatriotebenin.com\/wp-content\/uploads\/2025\/10\/cena-2-1-585x819.jpg 585w, https:\/\/lepatriotebenin.com\/wp-content\/uploads\/2025\/10\/cena-2-1.jpg 771w\" sizes=\"(max-width: 214px) 100vw, 214px\" \/><\/p>\n","protected":false},"excerpt":{"rendered":"<p>octobre 2025, la liste provisoire des candidats \u00e0 l&rsquo;\u00e9lection pr\u00e9sidentielle d&rsquo;avril 2026. C&rsquo;est par une d\u00e9cision sign\u00e9e de son pr\u00e9sident Sacca Lafia, en date du 22 octobre 2023, et rendue&hellip;<\/p>\n","protected":false},"author":6,"featured_media":14543,"comment_status":"open","ping_status":"open","sticky":false,"template":"","format":"standard","meta":{"content-type":"","om_disable_all_campaigns":false,"_monsterinsights_skip_tracking":false,"_monsterinsights_sitenote_active":false,"_monsterinsights_sitenote_note":"","_monsterinsights_sitenote_category":0,"_uf_show_specific_survey":0,"_uf_disable_surveys":false,"footnotes":""},"categories":[26],"tags":[],"class_list":["post-14538","post","type-post","status-publish","format-standard","has-post-thumbnail","hentry","category-politique"],"aioseo_notices":[],"yoast_head":"<!-- This site is optimized with the Yoast SEO plugin v27.5 - https:\/\/yoast.com\/product\/yoast-seo-wordpress\/ -->\n<title>Pr\u00e9sidentielle 2026 au B\u00e9nin : la CENA publie la liste provisoire des candidats (deux duos retenus) - Le Patriote<\/title>\n<meta name=\"robots\" content=\"index, follow, max-snippet:-1, max-image-preview:large, max-video-preview:-1\" \/>\n<link rel=\"canonical\" href=\"https:\/\/lepatriotebenin.com\/index.php\/2025\/10\/23\/presidentielle-2026-au-benin-la-cena-publie-la-liste-provisoire-des-candidats-deux-duos-retenus\/\" \/>\n<meta property=\"og:locale\" content=\"fr_FR\" \/>\n<meta property=\"og:type\" content=\"article\" \/>\n<meta property=\"og:title\" content=\"Pr\u00e9sidentielle 2026 au B\u00e9nin : la CENA publie la liste provisoire des candidats (deux duos retenus) - Le Patriote\" \/>\n<meta property=\"og:description\" content=\"octobre 2025, la liste provisoire des candidats \u00e0 l&rsquo;\u00e9lection pr\u00e9sidentielle d&rsquo;avril 2026. C&rsquo;est par une d\u00e9cision sign\u00e9e de son pr\u00e9sident Sacca Lafia, en date du 22 octobre 2023, et rendue&hellip;\" \/>\n<meta property=\"og:url\" content=\"https:\/\/lepatriotebenin.com\/index.php\/2025\/10\/23\/presidentielle-2026-au-benin-la-cena-publie-la-liste-provisoire-des-candidats-deux-duos-retenus\/\" \/>\n<meta property=\"og:site_name\" content=\"Le Patriote\" \/>\n<meta property=\"article:published_time\" content=\"2025-10-23T14:20:13+00:00\" \/>\n<meta property=\"og:image\" content=\"https:\/\/lepatriotebenin.com\/wp-content\/uploads\/2025\/10\/entree-cena.webp\" \/>\n\t<meta property=\"og:image:width\" content=\"1200\" \/>\n\t<meta property=\"og:image:height\" content=\"675\" \/>\n\t<meta property=\"og:image:type\" content=\"image\/webp\" \/>\n<meta name=\"author\" content=\"Roland AFFANOU\" \/>\n<meta name=\"twitter:card\" content=\"summary_large_image\" \/>\n<meta name=\"twitter:label1\" content=\"\u00c9crit par\" \/>\n\t<meta name=\"twitter:data1\" content=\"Roland AFFANOU\" \/>\n\t<meta name=\"twitter:label2\" content=\"Dur\u00e9e de lecture estim\u00e9e\" \/>\n\t<meta name=\"twitter:data2\" content=\"3 minutes\" \/>\n<script type=\"application\/ld+json\" class=\"yoast-schema-graph\">{\"@context\":\"https:\\\/\\\/schema.org\",\"@graph\":[{\"@type\":\"Article\",\"@id\":\"https:\\\/\\\/lepatriotebenin.com\\\/index.php\\\/2025\\\/10\\\/23\\\/presidentielle-2026-au-benin-la-cena-publie-la-liste-provisoire-des-candidats-deux-duos-retenus\\\/#article\",\"isPartOf\":{\"@id\":\"https:\\\/\\\/lepatriotebenin.com\\\/index.php\\\/2025\\\/10\\\/23\\\/presidentielle-2026-au-benin-la-cena-publie-la-liste-provisoire-des-candidats-deux-duos-retenus\\\/\"},\"author\":{\"name\":\"Roland AFFANOU\",\"@id\":\"https:\\\/\\\/lepatriotebenin.com\\\/#\\\/schema\\\/person\\\/4a9b67216c97d04045e01405c534c91f\"},\"headline\":\"Pr\u00e9sidentielle 2026 au B\u00e9nin : la CENA publie la liste provisoire des candidats (deux duos retenus)\",\"datePublished\":\"2025-10-23T14:20:13+00:00\",\"mainEntityOfPage\":{\"@id\":\"https:\\\/\\\/lepatriotebenin.com\\\/index.php\\\/2025\\\/10\\\/23\\\/presidentielle-2026-au-benin-la-cena-publie-la-liste-provisoire-des-candidats-deux-duos-retenus\\\/\"},\"wordCount\":289,\"commentCount\":0,\"image\":{\"@id\":\"https:\\\/\\\/lepatriotebenin.com\\\/index.php\\\/2025\\\/10\\\/23\\\/presidentielle-2026-au-benin-la-cena-publie-la-liste-provisoire-des-candidats-deux-duos-retenus\\\/#primaryimage\"},\"thumbnailUrl\":\"https:\\\/\\\/lepatriotebenin.com\\\/wp-content\\\/uploads\\\/2025\\\/10\\\/entree-cena.webp\",\"articleSection\":[\"Politique\"],\"inLanguage\":\"fr-FR\",\"potentialAction\":[{\"@type\":\"CommentAction\",\"name\":\"Comment\",\"target\":[\"https:\\\/\\\/lepatriotebenin.com\\\/index.php\\\/2025\\\/10\\\/23\\\/presidentielle-2026-au-benin-la-cena-publie-la-liste-provisoire-des-candidats-deux-duos-retenus\\\/#respond\"]}]},{\"@type\":\"WebPage\",\"@id\":\"https:\\\/\\\/lepatriotebenin.com\\\/index.php\\\/2025\\\/10\\\/23\\\/presidentielle-2026-au-benin-la-cena-publie-la-liste-provisoire-des-candidats-deux-duos-retenus\\\/\",\"url\":\"https:\\\/\\\/lepatriotebenin.com\\\/index.php\\\/2025\\\/10\\\/23\\\/presidentielle-2026-au-benin-la-cena-publie-la-liste-provisoire-des-candidats-deux-duos-retenus\\\/\",\"name\":\"Pr\u00e9sidentielle 2026 au B\u00e9nin : la CENA publie la liste provisoire des candidats (deux duos retenus) - Le Patriote\",\"isPartOf\":{\"@id\":\"https:\\\/\\\/lepatriotebenin.com\\\/#website\"},\"primaryImageOfPage\":{\"@id\":\"https:\\\/\\\/lepatriotebenin.com\\\/index.php\\\/2025\\\/10\\\/23\\\/presidentielle-2026-au-benin-la-cena-publie-la-liste-provisoire-des-candidats-deux-duos-retenus\\\/#primaryimage\"},\"image\":{\"@id\":\"https:\\\/\\\/lepatriotebenin.com\\\/index.php\\\/2025\\\/10\\\/23\\\/presidentielle-2026-au-benin-la-cena-publie-la-liste-provisoire-des-candidats-deux-duos-retenus\\\/#primaryimage\"},\"thumbnailUrl\":\"https:\\\/\\\/lepatriotebenin.com\\\/wp-content\\\/uploads\\\/2025\\\/10\\\/entree-cena.webp\",\"datePublished\":\"2025-10-23T14:20:13+00:00\",\"author\":{\"@id\":\"https:\\\/\\\/lepatriotebenin.com\\\/#\\\/schema\\\/person\\\/4a9b67216c97d04045e01405c534c91f\"},\"breadcrumb\":{\"@id\":\"https:\\\/\\\/lepatriotebenin.com\\\/index.php\\\/2025\\\/10\\\/23\\\/presidentielle-2026-au-benin-la-cena-publie-la-liste-provisoire-des-candidats-deux-duos-retenus\\\/#breadcrumb\"},\"inLanguage\":\"fr-FR\",\"potentialAction\":[{\"@type\":\"ReadAction\",\"target\":[\"https:\\\/\\\/lepatriotebenin.com\\\/index.php\\\/2025\\\/10\\\/23\\\/presidentielle-2026-au-benin-la-cena-publie-la-liste-provisoire-des-candidats-deux-duos-retenus\\\/\"]}]},{\"@type\":\"ImageObject\",\"inLanguage\":\"fr-FR\",\"@id\":\"https:\\\/\\\/lepatriotebenin.com\\\/index.php\\\/2025\\\/10\\\/23\\\/presidentielle-2026-au-benin-la-cena-publie-la-liste-provisoire-des-candidats-deux-duos-retenus\\\/#primaryimage\",\"url\":\"https:\\\/\\\/lepatriotebenin.com\\\/wp-content\\\/uploads\\\/2025\\\/10\\\/entree-cena.webp\",\"contentUrl\":\"https:\\\/\\\/lepatriotebenin.com\\\/wp-content\\\/uploads\\\/2025\\\/10\\\/entree-cena.webp\",\"width\":1200,\"height\":675},{\"@type\":\"BreadcrumbList\",\"@id\":\"https:\\\/\\\/lepatriotebenin.com\\\/index.php\\\/2025\\\/10\\\/23\\\/presidentielle-2026-au-benin-la-cena-publie-la-liste-provisoire-des-candidats-deux-duos-retenus\\\/#breadcrumb\",\"itemListElement\":[{\"@type\":\"ListItem\",\"position\":1,\"name\":\"Accueil\",\"item\":\"https:\\\/\\\/lepatriotebenin.com\\\/\"},{\"@type\":\"ListItem\",\"position\":2,\"name\":\"Pr\u00e9sidentielle 2026 au B\u00e9nin : la CENA publie la liste provisoire des candidats (deux duos retenus)\"}]},{\"@type\":\"WebSite\",\"@id\":\"https:\\\/\\\/lepatriotebenin.com\\\/#website\",\"url\":\"https:\\\/\\\/lepatriotebenin.com\\\/\",\"name\":\"Le Patriote\",\"description\":\"Le Patriote B\u00e9nin\",\"potentialAction\":[{\"@type\":\"SearchAction\",\"target\":{\"@type\":\"EntryPoint\",\"urlTemplate\":\"https:\\\/\\\/lepatriotebenin.com\\\/?s={search_term_string}\"},\"query-input\":{\"@type\":\"PropertyValueSpecification\",\"valueRequired\":true,\"valueName\":\"search_term_string\"}}],\"inLanguage\":\"fr-FR\"},{\"@type\":\"Person\",\"@id\":\"https:\\\/\\\/lepatriotebenin.com\\\/#\\\/schema\\\/person\\\/4a9b67216c97d04045e01405c534c91f\",\"name\":\"Roland AFFANOU\",\"image\":{\"@type\":\"ImageObject\",\"inLanguage\":\"fr-FR\",\"@id\":\"https:\\\/\\\/secure.gravatar.com\\\/avatar\\\/7209d3f6d2d47ea4d0c67e14d3effb61feb10ae540a4381280c66265de5bd643?s=96&d=mm&r=g\",\"url\":\"https:\\\/\\\/secure.gravatar.com\\\/avatar\\\/7209d3f6d2d47ea4d0c67e14d3effb61feb10ae540a4381280c66265de5bd643?s=96&d=mm&r=g\",\"contentUrl\":\"https:\\\/\\\/secure.gravatar.com\\\/avatar\\\/7209d3f6d2d47ea4d0c67e14d3effb61feb10ae540a4381280c66265de5bd643?s=96&d=mm&r=g\",\"caption\":\"Roland AFFANOU\"},\"url\":\"https:\\\/\\\/lepatriotebenin.com\"}]}<\/script>\n<!-- \/ Yoast SEO plugin. -->","yoast_head_json":{"title":"Pr\u00e9sidentielle 2026 au B\u00e9nin : la CENA publie la liste provisoire des candidats (deux duos retenus) - Le Patriote","robots":{"index":"index","follow":"follow","max-snippet":"max-snippet:-1","max-image-preview":"max-image-preview:large","max-video-preview":"max-video-preview:-1"},"canonical":"https:\/\/lepatriotebenin.com\/index.php\/2025\/10\/23\/presidentielle-2026-au-benin-la-cena-publie-la-liste-provisoire-des-candidats-deux-duos-retenus\/","og_locale":"fr_FR","og_type":"article","og_title":"Pr\u00e9sidentielle 2026 au B\u00e9nin : la CENA publie la liste provisoire des candidats (deux duos retenus) - Le Patriote","og_description":"octobre 2025, la liste provisoire des candidats \u00e0 l&rsquo;\u00e9lection pr\u00e9sidentielle d&rsquo;avril 2026. C&rsquo;est par une d\u00e9cision sign\u00e9e de son pr\u00e9sident Sacca Lafia, en date du 22 octobre 2023, et rendue&hellip;","og_url":"https:\/\/lepatriotebenin.com\/index.php\/2025\/10\/23\/presidentielle-2026-au-benin-la-cena-publie-la-liste-provisoire-des-candidats-deux-duos-retenus\/","og_site_name":"Le Patriote","article_published_time":"2025-10-23T14:20:13+00:00","og_image":[{"width":1200,"height":675,"url":"https:\/\/lepatriotebenin.com\/wp-content\/uploads\/2025\/10\/entree-cena.webp","type":"image\/webp"}],"author":"Roland AFFANOU","twitter_card":"summary_large_image","twitter_misc":{"\u00c9crit par":"Roland AFFANOU","Dur\u00e9e de lecture estim\u00e9e":"3 minutes"},"schema":{"@context":"https:\/\/schema.org","@graph":[{"@type":"Article","@id":"https:\/\/lepatriotebenin.com\/index.php\/2025\/10\/23\/presidentielle-2026-au-benin-la-cena-publie-la-liste-provisoire-des-candidats-deux-duos-retenus\/#article","isPartOf":{"@id":"https:\/\/lepatriotebenin.com\/index.php\/2025\/10\/23\/presidentielle-2026-au-benin-la-cena-publie-la-liste-provisoire-des-candidats-deux-duos-retenus\/"},"author":{"name":"Roland AFFANOU","@id":"https:\/\/lepatriotebenin.com\/#\/schema\/person\/4a9b67216c97d04045e01405c534c91f"},"headline":"Pr\u00e9sidentielle 2026 au B\u00e9nin : la CENA publie la liste provisoire des candidats (deux duos retenus)","datePublished":"2025-10-23T14:20:13+00:00","mainEntityOfPage":{"@id":"https:\/\/lepatriotebenin.com\/index.php\/2025\/10\/23\/presidentielle-2026-au-benin-la-cena-publie-la-liste-provisoire-des-candidats-deux-duos-retenus\/"},"wordCount":289,"commentCount":0,"image":{"@id":"https:\/\/lepatriotebenin.com\/index.php\/2025\/10\/23\/presidentielle-2026-au-benin-la-cena-publie-la-liste-provisoire-des-candidats-deux-duos-retenus\/#primaryimage"},"thumbnailUrl":"https:\/\/lepatriotebenin.com\/wp-content\/uploads\/2025\/10\/entree-cena.webp","articleSection":["Politique"],"inLanguage":"fr-FR","potentialAction":[{"@type":"CommentAction","name":"Comment","target":["https:\/\/lepatriotebenin.com\/index.php\/2025\/10\/23\/presidentielle-2026-au-benin-la-cena-publie-la-liste-provisoire-des-candidats-deux-duos-retenus\/#respond"]}]},{"@type":"WebPage","@id":"https:\/\/lepatriotebenin.com\/index.php\/2025\/10\/23\/presidentielle-2026-au-benin-la-cena-publie-la-liste-provisoire-des-candidats-deux-duos-retenus\/","url":"https:\/\/lepatriotebenin.com\/index.php\/2025\/10\/23\/presidentielle-2026-au-benin-la-cena-publie-la-liste-provisoire-des-candidats-deux-duos-retenus\/","name":"Pr\u00e9sidentielle 2026 au B\u00e9nin : la CENA publie la liste provisoire des candidats (deux duos retenus) - Le Patriote","isPartOf":{"@id":"https:\/\/lepatriotebenin.com\/#website"},"primaryImageOfPage":{"@id":"https:\/\/lepatriotebenin.com\/index.php\/2025\/10\/23\/presidentielle-2026-au-benin-la-cena-publie-la-liste-provisoire-des-candidats-deux-duos-retenus\/#primaryimage"},"image":{"@id":"https:\/\/lepatriotebenin.com\/index.php\/2025\/10\/23\/presidentielle-2026-au-benin-la-cena-publie-la-liste-provisoire-des-candidats-deux-duos-retenus\/#primaryimage"},"thumbnailUrl":"https:\/\/lepatriotebenin.com\/wp-content\/uploads\/2025\/10\/entree-cena.webp","datePublished":"2025-10-23T14:20:13+00:00","author":{"@id":"https:\/\/lepatriotebenin.com\/#\/schema\/person\/4a9b67216c97d04045e01405c534c91f"},"breadcrumb":{"@id":"https:\/\/lepatriotebenin.com\/index.php\/2025\/10\/23\/presidentielle-2026-au-benin-la-cena-publie-la-liste-provisoire-des-candidats-deux-duos-retenus\/#breadcrumb"},"inLanguage":"fr-FR","potentialAction":[{"@type":"ReadAction","target":["https:\/\/lepatriotebenin.com\/index.php\/2025\/10\/23\/presidentielle-2026-au-benin-la-cena-publie-la-liste-provisoire-des-candidats-deux-duos-retenus\/"]}]},{"@type":"ImageObject","inLanguage":"fr-FR","@id":"https:\/\/lepatriotebenin.com\/index.php\/2025\/10\/23\/presidentielle-2026-au-benin-la-cena-publie-la-liste-provisoire-des-candidats-deux-duos-retenus\/#primaryimage","url":"https:\/\/lepatriotebenin.com\/wp-content\/uploads\/2025\/10\/entree-cena.webp","contentUrl":"https:\/\/lepatriotebenin.com\/wp-content\/uploads\/2025\/10\/entree-cena.webp","width":1200,"height":675},{"@type":"BreadcrumbList","@id":"https:\/\/lepatriotebenin.com\/index.php\/2025\/10\/23\/presidentielle-2026-au-benin-la-cena-publie-la-liste-provisoire-des-candidats-deux-duos-retenus\/#breadcrumb","itemListElement":[{"@type":"ListItem","position":1,"name":"Accueil","item":"https:\/\/lepatriotebenin.com\/"},{"@type":"ListItem","position":2,"name":"Pr\u00e9sidentielle 2026 au B\u00e9nin : la CENA publie la liste provisoire des candidats (deux duos retenus)"}]},{"@type":"WebSite","@id":"https:\/\/lepatriotebenin.com\/#website","url":"https:\/\/lepatriotebenin.com\/","name":"Le Patriote","description":"Le Patriote B\u00e9nin","potentialAction":[{"@type":"SearchAction","target":{"@type":"EntryPoint","urlTemplate":"https:\/\/lepatriotebenin.com\/?s={search_term_string}"},"query-input":{"@type":"PropertyValueSpecification","valueRequired":true,"valueName":"search_term_string"}}],"inLanguage":"fr-FR"},{"@type":"Person","@id":"https:\/\/lepatriotebenin.com\/#\/schema\/person\/4a9b67216c97d04045e01405c534c91f","name":"Roland AFFANOU","image":{"@type":"ImageObject","inLanguage":"fr-FR","@id":"https:\/\/secure.gravatar.com\/avatar\/7209d3f6d2d47ea4d0c67e14d3effb61feb10ae540a4381280c66265de5bd643?s=96&d=mm&r=g","url":"https:\/\/secure.gravatar.com\/avatar\/7209d3f6d2d47ea4d0c67e14d3effb61feb10ae540a4381280c66265de5bd643?s=96&d=mm&r=g","contentUrl":"https:\/\/secure.gravatar.com\/avatar\/7209d3f6d2d47ea4d0c67e14d3effb61feb10ae540a4381280c66265de5bd643?s=96&d=mm&r=g","caption":"Roland AFFANOU"},"url":"https:\/\/lepatriotebenin.com"}]}},"_links":{"self":[{"href":"https:\/\/lepatriotebenin.com\/index.php\/wp-json\/wp\/v2\/posts\/14538","targetHints":{"allow":["GET"]}}],"collection":[{"href":"https:\/\/lepatriotebenin.com\/index.php\/wp-json\/wp\/v2\/posts"}],"about":[{"href":"https:\/\/lepatriotebenin.com\/index.php\/wp-json\/wp\/v2\/types\/post"}],"author":[{"embeddable":true,"href":"https:\/\/lepatriotebenin.com\/index.php\/wp-json\/wp\/v2\/users\/6"}],"replies":[{"embeddable":true,"href":"https:\/\/lepatriotebenin.com\/index.php\/wp-json\/wp\/v2\/comments?post=14538"}],"version-history":[{"count":1,"href":"https:\/\/lepatriotebenin.com\/index.php\/wp-json\/wp\/v2\/posts\/14538\/revisions"}],"predecessor-version":[{"id":14544,"href":"https:\/\/lepatriotebenin.com\/index.php\/wp-json\/wp\/v2\/posts\/14538\/revisions\/14544"}],"wp:featuredmedia":[{"embeddable":true,"href":"https:\/\/lepatriotebenin.com\/index.php\/wp-json\/wp\/v2\/media\/14543"}],"wp:attachment":[{"href":"https:\/\/lepatriotebenin.com\/index.php\/wp-json\/wp\/v2\/media?parent=14538"}],"wp:term":[{"taxonomy":"category","embeddable":true,"href":"https:\/\/lepatriotebenin.com\/index.php\/wp-json\/wp\/v2\/categories?post=14538"},{"taxonomy":"post_tag","embeddable":true,"href":"https:\/\/lepatriotebenin.com\/index.php\/wp-json\/wp\/v2\/tags?post=14538"}],"curies":[{"name":"wp","href":"https:\/\/api.w.org\/{rel}","templated":true}]}}