{"id":14514,"date":"2025-10-22T03:43:48","date_gmt":"2025-10-22T01:43:48","guid":{"rendered":"https:\/\/lepatriotebenin.com\/?p=14514"},"modified":"2025-10-22T03:43:48","modified_gmt":"2025-10-22T01:43:48","slug":"legislatives-et-communales-du-11-janvier-2026-la-haac-ouvre-les-accreditations-aux-medias-etrangers","status":"publish","type":"post","link":"https:\/\/lepatriotebenin.com\/index.php\/2025\/10\/22\/legislatives-et-communales-du-11-janvier-2026-la-haac-ouvre-les-accreditations-aux-medias-etrangers\/","title":{"rendered":"L\u00e9gislatives et communales du 11 janvier 2026: La HAAC ouvre les accr\u00e9ditations aux m\u00e9dias \u00e9trangers"},"content":{"rendered":"<p><em><strong>En pr\u00e9lude aux \u00e9lections l\u00e9gislatives et communales pr\u00e9vues pour le 11 janvier 2026, la Haute Autorit\u00e9 de l\u2019Audiovisuel et de la Communication (HAAC) du B\u00e9nin a lanc\u00e9 le processus d\u2019accr\u00e9ditation des journalistes \u00e9trangers. Une d\u00e9marche indispensable pour garantir une couverture m\u00e9diatique internationale transparente et organis\u00e9e du scrutin.<\/strong><\/em><\/p>\n<p>La Haute Autorit\u00e9 de l\u2019Audiovisuel et de la Communication (HAAC) du B\u00e9nin a annonc\u00e9, dans un communiqu\u00e9, l\u2019ouverture officielle des accr\u00e9ditations pour les journalistes \u00e9trangers d\u00e9sireux de couvrir les \u00e9lections l\u00e9gislatives et communales du 11 janvier 2026.<\/p>\n<p>Cette initiative s\u2019inscrit dans le cadre des pr\u00e9paratifs visant \u00e0 assurer une couverture m\u00e9diatique professionnelle, \u00e9quilibr\u00e9e et respectueuse des r\u00e8gles de d\u00e9ontologie pendant la p\u00e9riode \u00e9lectorale. Selon les pr\u00e9cisions de l\u2019institution, les journalistes et correspondants \u00e9trangers devront soumettre leurs demandes exclusivement en ligne, via le site officiel de la HAAC : www.haac.bj, \u00e0 la rubrique Services \/ Accr\u00e9ditations. Les dossiers devront mentionner le nom du m\u00e9dia repr\u00e9sent\u00e9, l\u2019identit\u00e9 compl\u00e8te du journaliste, sa fonction ainsi que les coordonn\u00e9es n\u00e9cessaires pour le contact. La HAAC rappelle que la date limite pour le d\u00e9p\u00f4t des demandes est fix\u00e9e au vendredi 21 novembre 2025 \u00e0 17 heures pr\u00e9cises, d\u00e9lai de rigueur.<\/p>\n<p>Il faut noter que cette proc\u00e9dure d\u2019accr\u00e9ditation vise \u00e0 encadrer la pr\u00e9sence des m\u00e9dias internationaux sur le territoire b\u00e9ninois, tout en facilitant leur travail le jour du scrutin. Elle traduit \u00e9galement la volont\u00e9 des autorit\u00e9s b\u00e9ninoises d\u2019assurer la transparence et l\u2019ouverture du processus \u00e9lectoral, dans un climat de pluralisme m\u00e9diatique et de libre expression.<\/p>\n<p>Gildas AHOGNI<\/p>\n<p>&nbsp;<\/p>\n<p>&nbsp;<\/p>\n","protected":false},"excerpt":{"rendered":"<p>En pr\u00e9lude aux \u00e9lections l\u00e9gislatives et communales pr\u00e9vues pour le 11 janvier 2026, la Haute Autorit\u00e9 de l\u2019Audiovisuel et de la Communication (HAAC) du B\u00e9nin a lanc\u00e9 le processus d\u2019accr\u00e9ditation&hellip;<\/p>\n","protected":false},"author":5,"featured_media":14515,"comment_status":"open","ping_status":"open","sticky":false,"template":"","format":"standard","meta":{"content-type":"","om_disable_all_campaigns":false,"_monsterinsights_skip_tracking":false,"_monsterinsights_sitenote_active":false,"_monsterinsights_sitenote_note":"","_monsterinsights_sitenote_category":0,"_uf_show_specific_survey":0,"_uf_disable_surveys":false,"footnotes":""},"categories":[20],"tags":[],"class_list":["post-14514","post","type-post","status-publish","format-standard","has-post-thumbnail","hentry","category-societe"],"aioseo_notices":[],"yoast_head":"<!-- This site is optimized with the Yoast SEO plugin v27.5 - https:\/\/yoast.com\/product\/yoast-seo-wordpress\/ -->\n<title>L\u00e9gislatives et communales du 11 janvier 2026: La HAAC ouvre les accr\u00e9ditations aux m\u00e9dias \u00e9trangers - Le Patriote<\/title>\n<meta name=\"robots\" content=\"index, follow, max-snippet:-1, max-image-preview:large, max-video-preview:-1\" \/>\n<link rel=\"canonical\" href=\"https:\/\/lepatriotebenin.com\/index.php\/2025\/10\/22\/legislatives-et-communales-du-11-janvier-2026-la-haac-ouvre-les-accreditations-aux-medias-etrangers\/\" \/>\n<meta property=\"og:locale\" content=\"fr_FR\" \/>\n<meta property=\"og:type\" content=\"article\" \/>\n<meta property=\"og:title\" content=\"L\u00e9gislatives et communales du 11 janvier 2026: La HAAC ouvre les accr\u00e9ditations aux m\u00e9dias \u00e9trangers - Le Patriote\" \/>\n<meta property=\"og:description\" content=\"En pr\u00e9lude aux \u00e9lections l\u00e9gislatives et communales pr\u00e9vues pour le 11 janvier 2026, la Haute Autorit\u00e9 de l\u2019Audiovisuel et de la Communication (HAAC) du B\u00e9nin a lanc\u00e9 le processus d\u2019accr\u00e9ditation&hellip;\" \/>\n<meta property=\"og:url\" content=\"https:\/\/lepatriotebenin.com\/index.php\/2025\/10\/22\/legislatives-et-communales-du-11-janvier-2026-la-haac-ouvre-les-accreditations-aux-medias-etrangers\/\" \/>\n<meta property=\"og:site_name\" content=\"Le Patriote\" \/>\n<meta property=\"article:published_time\" content=\"2025-10-22T01:43:48+00:00\" \/>\n<meta property=\"og:image\" content=\"https:\/\/lepatriotebenin.com\/wp-content\/uploads\/2025\/10\/urne.jpg\" \/>\n\t<meta property=\"og:image:width\" content=\"1300\" \/>\n\t<meta property=\"og:image:height\" content=\"1300\" \/>\n\t<meta property=\"og:image:type\" content=\"image\/jpeg\" \/>\n<meta name=\"author\" content=\"Redaction\" \/>\n<meta name=\"twitter:card\" content=\"summary_large_image\" \/>\n<meta name=\"twitter:label1\" content=\"\u00c9crit par\" \/>\n\t<meta name=\"twitter:data1\" content=\"Redaction\" \/>\n\t<meta name=\"twitter:label2\" content=\"Dur\u00e9e de lecture estim\u00e9e\" \/>\n\t<meta name=\"twitter:data2\" content=\"2 minutes\" \/>\n<script type=\"application\/ld+json\" class=\"yoast-schema-graph\">{\"@context\":\"https:\\\/\\\/schema.org\",\"@graph\":[{\"@type\":\"Article\",\"@id\":\"https:\\\/\\\/lepatriotebenin.com\\\/index.php\\\/2025\\\/10\\\/22\\\/legislatives-et-communales-du-11-janvier-2026-la-haac-ouvre-les-accreditations-aux-medias-etrangers\\\/#article\",\"isPartOf\":{\"@id\":\"https:\\\/\\\/lepatriotebenin.com\\\/index.php\\\/2025\\\/10\\\/22\\\/legislatives-et-communales-du-11-janvier-2026-la-haac-ouvre-les-accreditations-aux-medias-etrangers\\\/\"},\"author\":{\"name\":\"Redaction\",\"@id\":\"https:\\\/\\\/lepatriotebenin.com\\\/#\\\/schema\\\/person\\\/2e7709b9c9cc313e452d1136af61690f\"},\"headline\":\"L\u00e9gislatives et communales du 11 janvier 2026: La HAAC ouvre les accr\u00e9ditations aux m\u00e9dias \u00e9trangers\",\"datePublished\":\"2025-10-22T01:43:48+00:00\",\"mainEntityOfPage\":{\"@id\":\"https:\\\/\\\/lepatriotebenin.com\\\/index.php\\\/2025\\\/10\\\/22\\\/legislatives-et-communales-du-11-janvier-2026-la-haac-ouvre-les-accreditations-aux-medias-etrangers\\\/\"},\"wordCount\":302,\"commentCount\":0,\"image\":{\"@id\":\"https:\\\/\\\/lepatriotebenin.com\\\/index.php\\\/2025\\\/10\\\/22\\\/legislatives-et-communales-du-11-janvier-2026-la-haac-ouvre-les-accreditations-aux-medias-etrangers\\\/#primaryimage\"},\"thumbnailUrl\":\"https:\\\/\\\/lepatriotebenin.com\\\/wp-content\\\/uploads\\\/2025\\\/10\\\/urne.jpg\",\"articleSection\":[\"Soci\u00e9t\u00e9\"],\"inLanguage\":\"fr-FR\",\"potentialAction\":[{\"@type\":\"CommentAction\",\"name\":\"Comment\",\"target\":[\"https:\\\/\\\/lepatriotebenin.com\\\/index.php\\\/2025\\\/10\\\/22\\\/legislatives-et-communales-du-11-janvier-2026-la-haac-ouvre-les-accreditations-aux-medias-etrangers\\\/#respond\"]}]},{\"@type\":\"WebPage\",\"@id\":\"https:\\\/\\\/lepatriotebenin.com\\\/index.php\\\/2025\\\/10\\\/22\\\/legislatives-et-communales-du-11-janvier-2026-la-haac-ouvre-les-accreditations-aux-medias-etrangers\\\/\",\"url\":\"https:\\\/\\\/lepatriotebenin.com\\\/index.php\\\/2025\\\/10\\\/22\\\/legislatives-et-communales-du-11-janvier-2026-la-haac-ouvre-les-accreditations-aux-medias-etrangers\\\/\",\"name\":\"L\u00e9gislatives et communales du 11 janvier 2026: La HAAC ouvre les accr\u00e9ditations aux m\u00e9dias \u00e9trangers - Le Patriote\",\"isPartOf\":{\"@id\":\"https:\\\/\\\/lepatriotebenin.com\\\/#website\"},\"primaryImageOfPage\":{\"@id\":\"https:\\\/\\\/lepatriotebenin.com\\\/index.php\\\/2025\\\/10\\\/22\\\/legislatives-et-communales-du-11-janvier-2026-la-haac-ouvre-les-accreditations-aux-medias-etrangers\\\/#primaryimage\"},\"image\":{\"@id\":\"https:\\\/\\\/lepatriotebenin.com\\\/index.php\\\/2025\\\/10\\\/22\\\/legislatives-et-communales-du-11-janvier-2026-la-haac-ouvre-les-accreditations-aux-medias-etrangers\\\/#primaryimage\"},\"thumbnailUrl\":\"https:\\\/\\\/lepatriotebenin.com\\\/wp-content\\\/uploads\\\/2025\\\/10\\\/urne.jpg\",\"datePublished\":\"2025-10-22T01:43:48+00:00\",\"author\":{\"@id\":\"https:\\\/\\\/lepatriotebenin.com\\\/#\\\/schema\\\/person\\\/2e7709b9c9cc313e452d1136af61690f\"},\"breadcrumb\":{\"@id\":\"https:\\\/\\\/lepatriotebenin.com\\\/index.php\\\/2025\\\/10\\\/22\\\/legislatives-et-communales-du-11-janvier-2026-la-haac-ouvre-les-accreditations-aux-medias-etrangers\\\/#breadcrumb\"},\"inLanguage\":\"fr-FR\",\"potentialAction\":[{\"@type\":\"ReadAction\",\"target\":[\"https:\\\/\\\/lepatriotebenin.com\\\/index.php\\\/2025\\\/10\\\/22\\\/legislatives-et-communales-du-11-janvier-2026-la-haac-ouvre-les-accreditations-aux-medias-etrangers\\\/\"]}]},{\"@type\":\"ImageObject\",\"inLanguage\":\"fr-FR\",\"@id\":\"https:\\\/\\\/lepatriotebenin.com\\\/index.php\\\/2025\\\/10\\\/22\\\/legislatives-et-communales-du-11-janvier-2026-la-haac-ouvre-les-accreditations-aux-medias-etrangers\\\/#primaryimage\",\"url\":\"https:\\\/\\\/lepatriotebenin.com\\\/wp-content\\\/uploads\\\/2025\\\/10\\\/urne.jpg\",\"contentUrl\":\"https:\\\/\\\/lepatriotebenin.com\\\/wp-content\\\/uploads\\\/2025\\\/10\\\/urne.jpg\",\"width\":1300,\"height\":1300},{\"@type\":\"BreadcrumbList\",\"@id\":\"https:\\\/\\\/lepatriotebenin.com\\\/index.php\\\/2025\\\/10\\\/22\\\/legislatives-et-communales-du-11-janvier-2026-la-haac-ouvre-les-accreditations-aux-medias-etrangers\\\/#breadcrumb\",\"itemListElement\":[{\"@type\":\"ListItem\",\"position\":1,\"name\":\"Accueil\",\"item\":\"https:\\\/\\\/lepatriotebenin.com\\\/\"},{\"@type\":\"ListItem\",\"position\":2,\"name\":\"L\u00e9gislatives et communales du 11 janvier 2026: La HAAC ouvre les accr\u00e9ditations aux m\u00e9dias \u00e9trangers\"}]},{\"@type\":\"WebSite\",\"@id\":\"https:\\\/\\\/lepatriotebenin.com\\\/#website\",\"url\":\"https:\\\/\\\/lepatriotebenin.com\\\/\",\"name\":\"Le Patriote\",\"description\":\"Le Patriote B\u00e9nin\",\"potentialAction\":[{\"@type\":\"SearchAction\",\"target\":{\"@type\":\"EntryPoint\",\"urlTemplate\":\"https:\\\/\\\/lepatriotebenin.com\\\/?s={search_term_string}\"},\"query-input\":{\"@type\":\"PropertyValueSpecification\",\"valueRequired\":true,\"valueName\":\"search_term_string\"}}],\"inLanguage\":\"fr-FR\"},{\"@type\":\"Person\",\"@id\":\"https:\\\/\\\/lepatriotebenin.com\\\/#\\\/schema\\\/person\\\/2e7709b9c9cc313e452d1136af61690f\",\"name\":\"Redaction\",\"image\":{\"@type\":\"ImageObject\",\"inLanguage\":\"fr-FR\",\"@id\":\"https:\\\/\\\/secure.gravatar.com\\\/avatar\\\/c4c509357859ea2ca2cbb6d8812898a73e4ef1ef9934c2e591d7e32face734d1?s=96&d=mm&r=g\",\"url\":\"https:\\\/\\\/secure.gravatar.com\\\/avatar\\\/c4c509357859ea2ca2cbb6d8812898a73e4ef1ef9934c2e591d7e32face734d1?s=96&d=mm&r=g\",\"contentUrl\":\"https:\\\/\\\/secure.gravatar.com\\\/avatar\\\/c4c509357859ea2ca2cbb6d8812898a73e4ef1ef9934c2e591d7e32face734d1?s=96&d=mm&r=g\",\"caption\":\"Redaction\"},\"url\":\"https:\\\/\\\/lepatriotebenin.com\"}]}<\/script>\n<!-- \/ Yoast SEO plugin. -->","yoast_head_json":{"title":"L\u00e9gislatives et communales du 11 janvier 2026: La HAAC ouvre les accr\u00e9ditations aux m\u00e9dias \u00e9trangers - Le Patriote","robots":{"index":"index","follow":"follow","max-snippet":"max-snippet:-1","max-image-preview":"max-image-preview:large","max-video-preview":"max-video-preview:-1"},"canonical":"https:\/\/lepatriotebenin.com\/index.php\/2025\/10\/22\/legislatives-et-communales-du-11-janvier-2026-la-haac-ouvre-les-accreditations-aux-medias-etrangers\/","og_locale":"fr_FR","og_type":"article","og_title":"L\u00e9gislatives et communales du 11 janvier 2026: La HAAC ouvre les accr\u00e9ditations aux m\u00e9dias \u00e9trangers - Le Patriote","og_description":"En pr\u00e9lude aux \u00e9lections l\u00e9gislatives et communales pr\u00e9vues pour le 11 janvier 2026, la Haute Autorit\u00e9 de l\u2019Audiovisuel et de la Communication (HAAC) du B\u00e9nin a lanc\u00e9 le processus d\u2019accr\u00e9ditation&hellip;","og_url":"https:\/\/lepatriotebenin.com\/index.php\/2025\/10\/22\/legislatives-et-communales-du-11-janvier-2026-la-haac-ouvre-les-accreditations-aux-medias-etrangers\/","og_site_name":"Le Patriote","article_published_time":"2025-10-22T01:43:48+00:00","og_image":[{"width":1300,"height":1300,"url":"https:\/\/lepatriotebenin.com\/wp-content\/uploads\/2025\/10\/urne.jpg","type":"image\/jpeg"}],"author":"Redaction","twitter_card":"summary_large_image","twitter_misc":{"\u00c9crit par":"Redaction","Dur\u00e9e de lecture estim\u00e9e":"2 minutes"},"schema":{"@context":"https:\/\/schema.org","@graph":[{"@type":"Article","@id":"https:\/\/lepatriotebenin.com\/index.php\/2025\/10\/22\/legislatives-et-communales-du-11-janvier-2026-la-haac-ouvre-les-accreditations-aux-medias-etrangers\/#article","isPartOf":{"@id":"https:\/\/lepatriotebenin.com\/index.php\/2025\/10\/22\/legislatives-et-communales-du-11-janvier-2026-la-haac-ouvre-les-accreditations-aux-medias-etrangers\/"},"author":{"name":"Redaction","@id":"https:\/\/lepatriotebenin.com\/#\/schema\/person\/2e7709b9c9cc313e452d1136af61690f"},"headline":"L\u00e9gislatives et communales du 11 janvier 2026: La HAAC ouvre les accr\u00e9ditations aux m\u00e9dias \u00e9trangers","datePublished":"2025-10-22T01:43:48+00:00","mainEntityOfPage":{"@id":"https:\/\/lepatriotebenin.com\/index.php\/2025\/10\/22\/legislatives-et-communales-du-11-janvier-2026-la-haac-ouvre-les-accreditations-aux-medias-etrangers\/"},"wordCount":302,"commentCount":0,"image":{"@id":"https:\/\/lepatriotebenin.com\/index.php\/2025\/10\/22\/legislatives-et-communales-du-11-janvier-2026-la-haac-ouvre-les-accreditations-aux-medias-etrangers\/#primaryimage"},"thumbnailUrl":"https:\/\/lepatriotebenin.com\/wp-content\/uploads\/2025\/10\/urne.jpg","articleSection":["Soci\u00e9t\u00e9"],"inLanguage":"fr-FR","potentialAction":[{"@type":"CommentAction","name":"Comment","target":["https:\/\/lepatriotebenin.com\/index.php\/2025\/10\/22\/legislatives-et-communales-du-11-janvier-2026-la-haac-ouvre-les-accreditations-aux-medias-etrangers\/#respond"]}]},{"@type":"WebPage","@id":"https:\/\/lepatriotebenin.com\/index.php\/2025\/10\/22\/legislatives-et-communales-du-11-janvier-2026-la-haac-ouvre-les-accreditations-aux-medias-etrangers\/","url":"https:\/\/lepatriotebenin.com\/index.php\/2025\/10\/22\/legislatives-et-communales-du-11-janvier-2026-la-haac-ouvre-les-accreditations-aux-medias-etrangers\/","name":"L\u00e9gislatives et communales du 11 janvier 2026: La HAAC ouvre les accr\u00e9ditations aux m\u00e9dias \u00e9trangers - Le Patriote","isPartOf":{"@id":"https:\/\/lepatriotebenin.com\/#website"},"primaryImageOfPage":{"@id":"https:\/\/lepatriotebenin.com\/index.php\/2025\/10\/22\/legislatives-et-communales-du-11-janvier-2026-la-haac-ouvre-les-accreditations-aux-medias-etrangers\/#primaryimage"},"image":{"@id":"https:\/\/lepatriotebenin.com\/index.php\/2025\/10\/22\/legislatives-et-communales-du-11-janvier-2026-la-haac-ouvre-les-accreditations-aux-medias-etrangers\/#primaryimage"},"thumbnailUrl":"https:\/\/lepatriotebenin.com\/wp-content\/uploads\/2025\/10\/urne.jpg","datePublished":"2025-10-22T01:43:48+00:00","author":{"@id":"https:\/\/lepatriotebenin.com\/#\/schema\/person\/2e7709b9c9cc313e452d1136af61690f"},"breadcrumb":{"@id":"https:\/\/lepatriotebenin.com\/index.php\/2025\/10\/22\/legislatives-et-communales-du-11-janvier-2026-la-haac-ouvre-les-accreditations-aux-medias-etrangers\/#breadcrumb"},"inLanguage":"fr-FR","potentialAction":[{"@type":"ReadAction","target":["https:\/\/lepatriotebenin.com\/index.php\/2025\/10\/22\/legislatives-et-communales-du-11-janvier-2026-la-haac-ouvre-les-accreditations-aux-medias-etrangers\/"]}]},{"@type":"ImageObject","inLanguage":"fr-FR","@id":"https:\/\/lepatriotebenin.com\/index.php\/2025\/10\/22\/legislatives-et-communales-du-11-janvier-2026-la-haac-ouvre-les-accreditations-aux-medias-etrangers\/#primaryimage","url":"https:\/\/lepatriotebenin.com\/wp-content\/uploads\/2025\/10\/urne.jpg","contentUrl":"https:\/\/lepatriotebenin.com\/wp-content\/uploads\/2025\/10\/urne.jpg","width":1300,"height":1300},{"@type":"BreadcrumbList","@id":"https:\/\/lepatriotebenin.com\/index.php\/2025\/10\/22\/legislatives-et-communales-du-11-janvier-2026-la-haac-ouvre-les-accreditations-aux-medias-etrangers\/#breadcrumb","itemListElement":[{"@type":"ListItem","position":1,"name":"Accueil","item":"https:\/\/lepatriotebenin.com\/"},{"@type":"ListItem","position":2,"name":"L\u00e9gislatives et communales du 11 janvier 2026: La HAAC ouvre les accr\u00e9ditations aux m\u00e9dias \u00e9trangers"}]},{"@type":"WebSite","@id":"https:\/\/lepatriotebenin.com\/#website","url":"https:\/\/lepatriotebenin.com\/","name":"Le Patriote","description":"Le Patriote B\u00e9nin","potentialAction":[{"@type":"SearchAction","target":{"@type":"EntryPoint","urlTemplate":"https:\/\/lepatriotebenin.com\/?s={search_term_string}"},"query-input":{"@type":"PropertyValueSpecification","valueRequired":true,"valueName":"search_term_string"}}],"inLanguage":"fr-FR"},{"@type":"Person","@id":"https:\/\/lepatriotebenin.com\/#\/schema\/person\/2e7709b9c9cc313e452d1136af61690f","name":"Redaction","image":{"@type":"ImageObject","inLanguage":"fr-FR","@id":"https:\/\/secure.gravatar.com\/avatar\/c4c509357859ea2ca2cbb6d8812898a73e4ef1ef9934c2e591d7e32face734d1?s=96&d=mm&r=g","url":"https:\/\/secure.gravatar.com\/avatar\/c4c509357859ea2ca2cbb6d8812898a73e4ef1ef9934c2e591d7e32face734d1?s=96&d=mm&r=g","contentUrl":"https:\/\/secure.gravatar.com\/avatar\/c4c509357859ea2ca2cbb6d8812898a73e4ef1ef9934c2e591d7e32face734d1?s=96&d=mm&r=g","caption":"Redaction"},"url":"https:\/\/lepatriotebenin.com"}]}},"_links":{"self":[{"href":"https:\/\/lepatriotebenin.com\/index.php\/wp-json\/wp\/v2\/posts\/14514","targetHints":{"allow":["GET"]}}],"collection":[{"href":"https:\/\/lepatriotebenin.com\/index.php\/wp-json\/wp\/v2\/posts"}],"about":[{"href":"https:\/\/lepatriotebenin.com\/index.php\/wp-json\/wp\/v2\/types\/post"}],"author":[{"embeddable":true,"href":"https:\/\/lepatriotebenin.com\/index.php\/wp-json\/wp\/v2\/users\/5"}],"replies":[{"embeddable":true,"href":"https:\/\/lepatriotebenin.com\/index.php\/wp-json\/wp\/v2\/comments?post=14514"}],"version-history":[{"count":1,"href":"https:\/\/lepatriotebenin.com\/index.php\/wp-json\/wp\/v2\/posts\/14514\/revisions"}],"predecessor-version":[{"id":14516,"href":"https:\/\/lepatriotebenin.com\/index.php\/wp-json\/wp\/v2\/posts\/14514\/revisions\/14516"}],"wp:featuredmedia":[{"embeddable":true,"href":"https:\/\/lepatriotebenin.com\/index.php\/wp-json\/wp\/v2\/media\/14515"}],"wp:attachment":[{"href":"https:\/\/lepatriotebenin.com\/index.php\/wp-json\/wp\/v2\/media?parent=14514"}],"wp:term":[{"taxonomy":"category","embeddable":true,"href":"https:\/\/lepatriotebenin.com\/index.php\/wp-json\/wp\/v2\/categories?post=14514"},{"taxonomy":"post_tag","embeddable":true,"href":"https:\/\/lepatriotebenin.com\/index.php\/wp-json\/wp\/v2\/tags?post=14514"}],"curies":[{"name":"wp","href":"https:\/\/api.w.org\/{rel}","templated":true}]}}