{"id":14511,"date":"2025-10-22T03:37:04","date_gmt":"2025-10-22T01:37:04","guid":{"rendered":"https:\/\/lepatriotebenin.com\/?p=14511"},"modified":"2025-10-22T03:37:04","modified_gmt":"2025-10-22T01:37:04","slug":"communales-de-janvier-2026-wabi-nouatinla-force-tranquille-de-l-up-r-dans-le-4eme-arrondissement-de-porto-novo","status":"publish","type":"post","link":"https:\/\/lepatriotebenin.com\/index.php\/2025\/10\/22\/communales-de-janvier-2026-wabi-nouatinla-force-tranquille-de-l-up-r-dans-le-4eme-arrondissement-de-porto-novo\/","title":{"rendered":"Communales de Janvier 2026 : Wabi Nouatin,la force tranquille de l\u2019 UP-R dans le 4\u00e8me arrondissement  de Porto-Novo"},"content":{"rendered":"<p>&nbsp;<\/p>\n<p>Jeune leader actif depuis plusieurs ann\u00e9es au sein du parti Union progressiste le Renouveau, Wabi Nouatin est l\u2019un des profils id\u00e9al pour une large victoire de la mouvance aux \u00e9lections communales de janvier 2026 \u00e0 Porto-Novo plus pr\u00e9cis\u00e9ment dans le 4\u00e8me arrondissement. Celui qui porte plusieurs casquettes politiques et\u00a0 candidat malheureux aux communales de 2020 r\u00eave grand. Passionn\u00e9 depuis le jeune \u00e2ge par les questions li\u00e9es \u00e0 la gestion de la cit\u00e9 et \u00e0 la politique, il d\u00e9bute sa vie de militantisme aux c\u00f4t\u00e9s du Parti pour un renouveau d\u00e9mocratique de Adrien Houngb\u00e9dji \u00e0 Dodji, un arrondissement situ\u00e9 dans la capitale administrative du B\u00e9nin. Au sein de la formation politique de l&rsquo;arc en ciel ou encore \u00ab\u00a0tchoco-tchoco\u00a0\u00bb, il mouilla le maillot pour une \u00e9crasante victoire de son parti lors des joutes \u00e9lectorales notamment les \u00e9lections communales dans la cit\u00e9 aux trois noms. Il \u00e9tait un jeune leader tr\u00e8s admir\u00e9 pour son dynamisme, son engagement et sa disponibilit\u00e9 pour l&rsquo;animation de la vie politique du parti.<\/p>\n<p>Apr\u00e8s la r\u00e9forme du syst\u00e8me partisan et suite \u00e0 la fusion du Parti du renouveau d\u00e9mocratique (Prd) et l&rsquo;Union progressiste qui donne l&rsquo;Union progressiste le Renouveau, le jeune leader, Wabi Nouatin prit alors la r\u00e9solution de rejoindre la vague jaune dirig\u00e9e par Joseph Djogb\u00e9nou. Quelques temps apr\u00e8s son adh\u00e9sion officielle \u00e0 l&rsquo;Union progressiste le Renouveau, il r\u00e9ussit \u00e0 s&rsquo;imposer et \u00e0 faire parler de lui. Il devient tr\u00e8s vite populaire et se fait conna\u00eetre de tous les hauts responsables du parti \u00e0 Porto-Novo et dans sa circonscription \u00e9lectorale. Il gagne la confiance de l&rsquo;actuel locataire de la mairie de Porto-Novo qui n&rsquo;a pas h\u00e9sit\u00e9 \u00e0 l&rsquo;int\u00e9grer dans son proche entourage pour une grande victoire du grand bloc \u00e0 l&rsquo;issue des \u00e9lections communales de 2020. Il a \u00e9t\u00e9 m\u00eame candidat dans le 4\u00e8me arrondissement, mais n&rsquo;a pas pu tirer son \u00e9pingle du jeu. Wabi Nouatin fait partie de cette cat\u00e9gorie de jeunes qui pensent que la couche juv\u00e9nile doit \u00eatre associ\u00e9e \u00e0 tout processus de d\u00e9veloppement.<\/p>\n<p>Pour cela, celui qui soutient mordicus les actions du gouvernement et b\u00e9n\u00e9ficie de la grande consid\u00e9ration et de l&rsquo;attention particuli\u00e8re de Louis\u00a0 Vlavonou, le pr\u00e9sident de l&rsquo;Assembl\u00e9e nationale, pense que pour une large victoire de l&rsquo;Union progressiste le Renouveau pour les prochaines \u00e9lections municipales de Janvier 2026, il est primordial de respecter la ligne directrice du parti avec le respect du quota fix\u00e9 pour la candidature des jeunes en dehors de tout esprit d&rsquo;affinit\u00e9, de proximit\u00e9, de copinage, de guerre de clans ou de favoritisme. Pour Wabi Nouatin, les responsables doivent faire confiance aux jeunes populaires qui ont toujours \u0153uvr\u00e9 pour les grandes victoires du parti et qui font de lui la plus grande formation politique de la mouvance au B\u00e9nin. Nourrissant de grandes ambitions politiques, Wabi Nouatin qui est un instituteur a la ferme conviction que son \u00e9lection en qualit\u00e9 de conseiller municipal de la ville de Porto-Novo lui permettra d&rsquo;apporter sa pierre \u00e0 la construction de l&rsquo;\u00e9difice. Cela, \u00e0 travers sa participation aux d\u00e9bats constructifs pouvant contribuer au d\u00e9veloppement de sa ville, au bien-\u00eatre de sa population, au bien-\u00eatre de la jeunesse et des femmes. Il fera des propositions pour att\u00e9nuer voire \u00e9liminer les souffrances des jeunes et des mamans. Wabi Nouatin r\u00eave d&rsquo;un Porto-Novo grand gr\u00e2ce \u00e0 l&rsquo;union de tous ses fils et filles. Avec Wabi Nouatin, la cit\u00e9 aux trois noms va retrouver ses lettres de noblesse et sera in\u00e9luctablement sur la route du d\u00e9veloppement.<\/p>\n<p><strong>\u00a0Mohamed Y\u00e8kini<\/strong><\/p>\n","protected":false},"excerpt":{"rendered":"<p>&nbsp; Jeune leader actif depuis plusieurs ann\u00e9es au sein du parti Union progressiste le Renouveau, Wabi Nouatin est l\u2019un des profils id\u00e9al pour une large victoire de la mouvance aux&hellip;<\/p>\n","protected":false},"author":5,"featured_media":14512,"comment_status":"open","ping_status":"open","sticky":false,"template":"","format":"standard","meta":{"content-type":"","om_disable_all_campaigns":false,"_monsterinsights_skip_tracking":false,"_monsterinsights_sitenote_active":false,"_monsterinsights_sitenote_note":"","_monsterinsights_sitenote_category":0,"_uf_show_specific_survey":0,"_uf_disable_surveys":false,"footnotes":""},"categories":[26],"tags":[],"class_list":["post-14511","post","type-post","status-publish","format-standard","has-post-thumbnail","hentry","category-politique"],"aioseo_notices":[],"yoast_head":"<!-- This site is optimized with the Yoast SEO plugin v27.5 - https:\/\/yoast.com\/product\/yoast-seo-wordpress\/ -->\n<title>Communales de Janvier 2026 : Wabi Nouatin,la force tranquille de l\u2019 UP-R dans le 4\u00e8me arrondissement de Porto-Novo - Le Patriote<\/title>\n<meta name=\"robots\" content=\"index, follow, max-snippet:-1, max-image-preview:large, max-video-preview:-1\" \/>\n<link rel=\"canonical\" href=\"https:\/\/lepatriotebenin.com\/index.php\/2025\/10\/22\/communales-de-janvier-2026-wabi-nouatinla-force-tranquille-de-l-up-r-dans-le-4eme-arrondissement-de-porto-novo\/\" \/>\n<meta property=\"og:locale\" content=\"fr_FR\" \/>\n<meta property=\"og:type\" content=\"article\" \/>\n<meta property=\"og:title\" content=\"Communales de Janvier 2026 : Wabi Nouatin,la force tranquille de l\u2019 UP-R dans le 4\u00e8me arrondissement de Porto-Novo - Le Patriote\" \/>\n<meta property=\"og:description\" content=\"&nbsp; Jeune leader actif depuis plusieurs ann\u00e9es au sein du parti Union progressiste le Renouveau, Wabi Nouatin est l\u2019un des profils id\u00e9al pour une large victoire de la mouvance aux&hellip;\" \/>\n<meta property=\"og:url\" content=\"https:\/\/lepatriotebenin.com\/index.php\/2025\/10\/22\/communales-de-janvier-2026-wabi-nouatinla-force-tranquille-de-l-up-r-dans-le-4eme-arrondissement-de-porto-novo\/\" \/>\n<meta property=\"og:site_name\" content=\"Le Patriote\" \/>\n<meta property=\"article:published_time\" content=\"2025-10-22T01:37:04+00:00\" \/>\n<meta property=\"og:image\" content=\"https:\/\/lepatriotebenin.com\/wp-content\/uploads\/2025\/10\/communales.jpg\" \/>\n\t<meta property=\"og:image:width\" content=\"859\" \/>\n\t<meta property=\"og:image:height\" content=\"1080\" \/>\n\t<meta property=\"og:image:type\" content=\"image\/jpeg\" \/>\n<meta name=\"author\" content=\"Redaction\" \/>\n<meta name=\"twitter:card\" content=\"summary_large_image\" \/>\n<meta name=\"twitter:label1\" content=\"\u00c9crit par\" \/>\n\t<meta name=\"twitter:data1\" content=\"Redaction\" \/>\n\t<meta name=\"twitter:label2\" content=\"Dur\u00e9e de lecture estim\u00e9e\" \/>\n\t<meta name=\"twitter:data2\" content=\"4 minutes\" \/>\n<script type=\"application\/ld+json\" class=\"yoast-schema-graph\">{\"@context\":\"https:\\\/\\\/schema.org\",\"@graph\":[{\"@type\":\"Article\",\"@id\":\"https:\\\/\\\/lepatriotebenin.com\\\/index.php\\\/2025\\\/10\\\/22\\\/communales-de-janvier-2026-wabi-nouatinla-force-tranquille-de-l-up-r-dans-le-4eme-arrondissement-de-porto-novo\\\/#article\",\"isPartOf\":{\"@id\":\"https:\\\/\\\/lepatriotebenin.com\\\/index.php\\\/2025\\\/10\\\/22\\\/communales-de-janvier-2026-wabi-nouatinla-force-tranquille-de-l-up-r-dans-le-4eme-arrondissement-de-porto-novo\\\/\"},\"author\":{\"name\":\"Redaction\",\"@id\":\"https:\\\/\\\/lepatriotebenin.com\\\/#\\\/schema\\\/person\\\/2e7709b9c9cc313e452d1136af61690f\"},\"headline\":\"Communales de Janvier 2026 : Wabi Nouatin,la force tranquille de l\u2019 UP-R dans le 4\u00e8me arrondissement de Porto-Novo\",\"datePublished\":\"2025-10-22T01:37:04+00:00\",\"mainEntityOfPage\":{\"@id\":\"https:\\\/\\\/lepatriotebenin.com\\\/index.php\\\/2025\\\/10\\\/22\\\/communales-de-janvier-2026-wabi-nouatinla-force-tranquille-de-l-up-r-dans-le-4eme-arrondissement-de-porto-novo\\\/\"},\"wordCount\":639,\"commentCount\":0,\"image\":{\"@id\":\"https:\\\/\\\/lepatriotebenin.com\\\/index.php\\\/2025\\\/10\\\/22\\\/communales-de-janvier-2026-wabi-nouatinla-force-tranquille-de-l-up-r-dans-le-4eme-arrondissement-de-porto-novo\\\/#primaryimage\"},\"thumbnailUrl\":\"https:\\\/\\\/lepatriotebenin.com\\\/wp-content\\\/uploads\\\/2025\\\/10\\\/communales.jpg\",\"articleSection\":[\"Politique\"],\"inLanguage\":\"fr-FR\",\"potentialAction\":[{\"@type\":\"CommentAction\",\"name\":\"Comment\",\"target\":[\"https:\\\/\\\/lepatriotebenin.com\\\/index.php\\\/2025\\\/10\\\/22\\\/communales-de-janvier-2026-wabi-nouatinla-force-tranquille-de-l-up-r-dans-le-4eme-arrondissement-de-porto-novo\\\/#respond\"]}]},{\"@type\":\"WebPage\",\"@id\":\"https:\\\/\\\/lepatriotebenin.com\\\/index.php\\\/2025\\\/10\\\/22\\\/communales-de-janvier-2026-wabi-nouatinla-force-tranquille-de-l-up-r-dans-le-4eme-arrondissement-de-porto-novo\\\/\",\"url\":\"https:\\\/\\\/lepatriotebenin.com\\\/index.php\\\/2025\\\/10\\\/22\\\/communales-de-janvier-2026-wabi-nouatinla-force-tranquille-de-l-up-r-dans-le-4eme-arrondissement-de-porto-novo\\\/\",\"name\":\"Communales de Janvier 2026 : Wabi Nouatin,la force tranquille de l\u2019 UP-R dans le 4\u00e8me arrondissement de Porto-Novo - Le Patriote\",\"isPartOf\":{\"@id\":\"https:\\\/\\\/lepatriotebenin.com\\\/#website\"},\"primaryImageOfPage\":{\"@id\":\"https:\\\/\\\/lepatriotebenin.com\\\/index.php\\\/2025\\\/10\\\/22\\\/communales-de-janvier-2026-wabi-nouatinla-force-tranquille-de-l-up-r-dans-le-4eme-arrondissement-de-porto-novo\\\/#primaryimage\"},\"image\":{\"@id\":\"https:\\\/\\\/lepatriotebenin.com\\\/index.php\\\/2025\\\/10\\\/22\\\/communales-de-janvier-2026-wabi-nouatinla-force-tranquille-de-l-up-r-dans-le-4eme-arrondissement-de-porto-novo\\\/#primaryimage\"},\"thumbnailUrl\":\"https:\\\/\\\/lepatriotebenin.com\\\/wp-content\\\/uploads\\\/2025\\\/10\\\/communales.jpg\",\"datePublished\":\"2025-10-22T01:37:04+00:00\",\"author\":{\"@id\":\"https:\\\/\\\/lepatriotebenin.com\\\/#\\\/schema\\\/person\\\/2e7709b9c9cc313e452d1136af61690f\"},\"breadcrumb\":{\"@id\":\"https:\\\/\\\/lepatriotebenin.com\\\/index.php\\\/2025\\\/10\\\/22\\\/communales-de-janvier-2026-wabi-nouatinla-force-tranquille-de-l-up-r-dans-le-4eme-arrondissement-de-porto-novo\\\/#breadcrumb\"},\"inLanguage\":\"fr-FR\",\"potentialAction\":[{\"@type\":\"ReadAction\",\"target\":[\"https:\\\/\\\/lepatriotebenin.com\\\/index.php\\\/2025\\\/10\\\/22\\\/communales-de-janvier-2026-wabi-nouatinla-force-tranquille-de-l-up-r-dans-le-4eme-arrondissement-de-porto-novo\\\/\"]}]},{\"@type\":\"ImageObject\",\"inLanguage\":\"fr-FR\",\"@id\":\"https:\\\/\\\/lepatriotebenin.com\\\/index.php\\\/2025\\\/10\\\/22\\\/communales-de-janvier-2026-wabi-nouatinla-force-tranquille-de-l-up-r-dans-le-4eme-arrondissement-de-porto-novo\\\/#primaryimage\",\"url\":\"https:\\\/\\\/lepatriotebenin.com\\\/wp-content\\\/uploads\\\/2025\\\/10\\\/communales.jpg\",\"contentUrl\":\"https:\\\/\\\/lepatriotebenin.com\\\/wp-content\\\/uploads\\\/2025\\\/10\\\/communales.jpg\",\"width\":859,\"height\":1080},{\"@type\":\"BreadcrumbList\",\"@id\":\"https:\\\/\\\/lepatriotebenin.com\\\/index.php\\\/2025\\\/10\\\/22\\\/communales-de-janvier-2026-wabi-nouatinla-force-tranquille-de-l-up-r-dans-le-4eme-arrondissement-de-porto-novo\\\/#breadcrumb\",\"itemListElement\":[{\"@type\":\"ListItem\",\"position\":1,\"name\":\"Accueil\",\"item\":\"https:\\\/\\\/lepatriotebenin.com\\\/\"},{\"@type\":\"ListItem\",\"position\":2,\"name\":\"Communales de Janvier 2026 : Wabi Nouatin,la force tranquille de l\u2019 UP-R dans le 4\u00e8me arrondissement de Porto-Novo\"}]},{\"@type\":\"WebSite\",\"@id\":\"https:\\\/\\\/lepatriotebenin.com\\\/#website\",\"url\":\"https:\\\/\\\/lepatriotebenin.com\\\/\",\"name\":\"Le Patriote\",\"description\":\"Le Patriote B\u00e9nin\",\"potentialAction\":[{\"@type\":\"SearchAction\",\"target\":{\"@type\":\"EntryPoint\",\"urlTemplate\":\"https:\\\/\\\/lepatriotebenin.com\\\/?s={search_term_string}\"},\"query-input\":{\"@type\":\"PropertyValueSpecification\",\"valueRequired\":true,\"valueName\":\"search_term_string\"}}],\"inLanguage\":\"fr-FR\"},{\"@type\":\"Person\",\"@id\":\"https:\\\/\\\/lepatriotebenin.com\\\/#\\\/schema\\\/person\\\/2e7709b9c9cc313e452d1136af61690f\",\"name\":\"Redaction\",\"image\":{\"@type\":\"ImageObject\",\"inLanguage\":\"fr-FR\",\"@id\":\"https:\\\/\\\/secure.gravatar.com\\\/avatar\\\/c4c509357859ea2ca2cbb6d8812898a73e4ef1ef9934c2e591d7e32face734d1?s=96&d=mm&r=g\",\"url\":\"https:\\\/\\\/secure.gravatar.com\\\/avatar\\\/c4c509357859ea2ca2cbb6d8812898a73e4ef1ef9934c2e591d7e32face734d1?s=96&d=mm&r=g\",\"contentUrl\":\"https:\\\/\\\/secure.gravatar.com\\\/avatar\\\/c4c509357859ea2ca2cbb6d8812898a73e4ef1ef9934c2e591d7e32face734d1?s=96&d=mm&r=g\",\"caption\":\"Redaction\"},\"url\":\"https:\\\/\\\/lepatriotebenin.com\"}]}<\/script>\n<!-- \/ Yoast SEO plugin. -->","yoast_head_json":{"title":"Communales de Janvier 2026 : Wabi Nouatin,la force tranquille de l\u2019 UP-R dans le 4\u00e8me arrondissement de Porto-Novo - Le Patriote","robots":{"index":"index","follow":"follow","max-snippet":"max-snippet:-1","max-image-preview":"max-image-preview:large","max-video-preview":"max-video-preview:-1"},"canonical":"https:\/\/lepatriotebenin.com\/index.php\/2025\/10\/22\/communales-de-janvier-2026-wabi-nouatinla-force-tranquille-de-l-up-r-dans-le-4eme-arrondissement-de-porto-novo\/","og_locale":"fr_FR","og_type":"article","og_title":"Communales de Janvier 2026 : Wabi Nouatin,la force tranquille de l\u2019 UP-R dans le 4\u00e8me arrondissement de Porto-Novo - Le Patriote","og_description":"&nbsp; Jeune leader actif depuis plusieurs ann\u00e9es au sein du parti Union progressiste le Renouveau, Wabi Nouatin est l\u2019un des profils id\u00e9al pour une large victoire de la mouvance aux&hellip;","og_url":"https:\/\/lepatriotebenin.com\/index.php\/2025\/10\/22\/communales-de-janvier-2026-wabi-nouatinla-force-tranquille-de-l-up-r-dans-le-4eme-arrondissement-de-porto-novo\/","og_site_name":"Le Patriote","article_published_time":"2025-10-22T01:37:04+00:00","og_image":[{"width":859,"height":1080,"url":"https:\/\/lepatriotebenin.com\/wp-content\/uploads\/2025\/10\/communales.jpg","type":"image\/jpeg"}],"author":"Redaction","twitter_card":"summary_large_image","twitter_misc":{"\u00c9crit par":"Redaction","Dur\u00e9e de lecture estim\u00e9e":"4 minutes"},"schema":{"@context":"https:\/\/schema.org","@graph":[{"@type":"Article","@id":"https:\/\/lepatriotebenin.com\/index.php\/2025\/10\/22\/communales-de-janvier-2026-wabi-nouatinla-force-tranquille-de-l-up-r-dans-le-4eme-arrondissement-de-porto-novo\/#article","isPartOf":{"@id":"https:\/\/lepatriotebenin.com\/index.php\/2025\/10\/22\/communales-de-janvier-2026-wabi-nouatinla-force-tranquille-de-l-up-r-dans-le-4eme-arrondissement-de-porto-novo\/"},"author":{"name":"Redaction","@id":"https:\/\/lepatriotebenin.com\/#\/schema\/person\/2e7709b9c9cc313e452d1136af61690f"},"headline":"Communales de Janvier 2026 : Wabi Nouatin,la force tranquille de l\u2019 UP-R dans le 4\u00e8me arrondissement de Porto-Novo","datePublished":"2025-10-22T01:37:04+00:00","mainEntityOfPage":{"@id":"https:\/\/lepatriotebenin.com\/index.php\/2025\/10\/22\/communales-de-janvier-2026-wabi-nouatinla-force-tranquille-de-l-up-r-dans-le-4eme-arrondissement-de-porto-novo\/"},"wordCount":639,"commentCount":0,"image":{"@id":"https:\/\/lepatriotebenin.com\/index.php\/2025\/10\/22\/communales-de-janvier-2026-wabi-nouatinla-force-tranquille-de-l-up-r-dans-le-4eme-arrondissement-de-porto-novo\/#primaryimage"},"thumbnailUrl":"https:\/\/lepatriotebenin.com\/wp-content\/uploads\/2025\/10\/communales.jpg","articleSection":["Politique"],"inLanguage":"fr-FR","potentialAction":[{"@type":"CommentAction","name":"Comment","target":["https:\/\/lepatriotebenin.com\/index.php\/2025\/10\/22\/communales-de-janvier-2026-wabi-nouatinla-force-tranquille-de-l-up-r-dans-le-4eme-arrondissement-de-porto-novo\/#respond"]}]},{"@type":"WebPage","@id":"https:\/\/lepatriotebenin.com\/index.php\/2025\/10\/22\/communales-de-janvier-2026-wabi-nouatinla-force-tranquille-de-l-up-r-dans-le-4eme-arrondissement-de-porto-novo\/","url":"https:\/\/lepatriotebenin.com\/index.php\/2025\/10\/22\/communales-de-janvier-2026-wabi-nouatinla-force-tranquille-de-l-up-r-dans-le-4eme-arrondissement-de-porto-novo\/","name":"Communales de Janvier 2026 : Wabi Nouatin,la force tranquille de l\u2019 UP-R dans le 4\u00e8me arrondissement de Porto-Novo - Le Patriote","isPartOf":{"@id":"https:\/\/lepatriotebenin.com\/#website"},"primaryImageOfPage":{"@id":"https:\/\/lepatriotebenin.com\/index.php\/2025\/10\/22\/communales-de-janvier-2026-wabi-nouatinla-force-tranquille-de-l-up-r-dans-le-4eme-arrondissement-de-porto-novo\/#primaryimage"},"image":{"@id":"https:\/\/lepatriotebenin.com\/index.php\/2025\/10\/22\/communales-de-janvier-2026-wabi-nouatinla-force-tranquille-de-l-up-r-dans-le-4eme-arrondissement-de-porto-novo\/#primaryimage"},"thumbnailUrl":"https:\/\/lepatriotebenin.com\/wp-content\/uploads\/2025\/10\/communales.jpg","datePublished":"2025-10-22T01:37:04+00:00","author":{"@id":"https:\/\/lepatriotebenin.com\/#\/schema\/person\/2e7709b9c9cc313e452d1136af61690f"},"breadcrumb":{"@id":"https:\/\/lepatriotebenin.com\/index.php\/2025\/10\/22\/communales-de-janvier-2026-wabi-nouatinla-force-tranquille-de-l-up-r-dans-le-4eme-arrondissement-de-porto-novo\/#breadcrumb"},"inLanguage":"fr-FR","potentialAction":[{"@type":"ReadAction","target":["https:\/\/lepatriotebenin.com\/index.php\/2025\/10\/22\/communales-de-janvier-2026-wabi-nouatinla-force-tranquille-de-l-up-r-dans-le-4eme-arrondissement-de-porto-novo\/"]}]},{"@type":"ImageObject","inLanguage":"fr-FR","@id":"https:\/\/lepatriotebenin.com\/index.php\/2025\/10\/22\/communales-de-janvier-2026-wabi-nouatinla-force-tranquille-de-l-up-r-dans-le-4eme-arrondissement-de-porto-novo\/#primaryimage","url":"https:\/\/lepatriotebenin.com\/wp-content\/uploads\/2025\/10\/communales.jpg","contentUrl":"https:\/\/lepatriotebenin.com\/wp-content\/uploads\/2025\/10\/communales.jpg","width":859,"height":1080},{"@type":"BreadcrumbList","@id":"https:\/\/lepatriotebenin.com\/index.php\/2025\/10\/22\/communales-de-janvier-2026-wabi-nouatinla-force-tranquille-de-l-up-r-dans-le-4eme-arrondissement-de-porto-novo\/#breadcrumb","itemListElement":[{"@type":"ListItem","position":1,"name":"Accueil","item":"https:\/\/lepatriotebenin.com\/"},{"@type":"ListItem","position":2,"name":"Communales de Janvier 2026 : Wabi Nouatin,la force tranquille de l\u2019 UP-R dans le 4\u00e8me arrondissement de Porto-Novo"}]},{"@type":"WebSite","@id":"https:\/\/lepatriotebenin.com\/#website","url":"https:\/\/lepatriotebenin.com\/","name":"Le Patriote","description":"Le Patriote B\u00e9nin","potentialAction":[{"@type":"SearchAction","target":{"@type":"EntryPoint","urlTemplate":"https:\/\/lepatriotebenin.com\/?s={search_term_string}"},"query-input":{"@type":"PropertyValueSpecification","valueRequired":true,"valueName":"search_term_string"}}],"inLanguage":"fr-FR"},{"@type":"Person","@id":"https:\/\/lepatriotebenin.com\/#\/schema\/person\/2e7709b9c9cc313e452d1136af61690f","name":"Redaction","image":{"@type":"ImageObject","inLanguage":"fr-FR","@id":"https:\/\/secure.gravatar.com\/avatar\/c4c509357859ea2ca2cbb6d8812898a73e4ef1ef9934c2e591d7e32face734d1?s=96&d=mm&r=g","url":"https:\/\/secure.gravatar.com\/avatar\/c4c509357859ea2ca2cbb6d8812898a73e4ef1ef9934c2e591d7e32face734d1?s=96&d=mm&r=g","contentUrl":"https:\/\/secure.gravatar.com\/avatar\/c4c509357859ea2ca2cbb6d8812898a73e4ef1ef9934c2e591d7e32face734d1?s=96&d=mm&r=g","caption":"Redaction"},"url":"https:\/\/lepatriotebenin.com"}]}},"_links":{"self":[{"href":"https:\/\/lepatriotebenin.com\/index.php\/wp-json\/wp\/v2\/posts\/14511","targetHints":{"allow":["GET"]}}],"collection":[{"href":"https:\/\/lepatriotebenin.com\/index.php\/wp-json\/wp\/v2\/posts"}],"about":[{"href":"https:\/\/lepatriotebenin.com\/index.php\/wp-json\/wp\/v2\/types\/post"}],"author":[{"embeddable":true,"href":"https:\/\/lepatriotebenin.com\/index.php\/wp-json\/wp\/v2\/users\/5"}],"replies":[{"embeddable":true,"href":"https:\/\/lepatriotebenin.com\/index.php\/wp-json\/wp\/v2\/comments?post=14511"}],"version-history":[{"count":1,"href":"https:\/\/lepatriotebenin.com\/index.php\/wp-json\/wp\/v2\/posts\/14511\/revisions"}],"predecessor-version":[{"id":14513,"href":"https:\/\/lepatriotebenin.com\/index.php\/wp-json\/wp\/v2\/posts\/14511\/revisions\/14513"}],"wp:featuredmedia":[{"embeddable":true,"href":"https:\/\/lepatriotebenin.com\/index.php\/wp-json\/wp\/v2\/media\/14512"}],"wp:attachment":[{"href":"https:\/\/lepatriotebenin.com\/index.php\/wp-json\/wp\/v2\/media?parent=14511"}],"wp:term":[{"taxonomy":"category","embeddable":true,"href":"https:\/\/lepatriotebenin.com\/index.php\/wp-json\/wp\/v2\/categories?post=14511"},{"taxonomy":"post_tag","embeddable":true,"href":"https:\/\/lepatriotebenin.com\/index.php\/wp-json\/wp\/v2\/tags?post=14511"}],"curies":[{"name":"wp","href":"https:\/\/api.w.org\/{rel}","templated":true}]}}