{"id":14493,"date":"2025-10-22T03:12:51","date_gmt":"2025-10-22T01:12:51","guid":{"rendered":"https:\/\/lepatriotebenin.com\/?p=14493"},"modified":"2025-10-22T03:12:51","modified_gmt":"2025-10-22T01:12:51","slug":"resultats-provisoires-de-lelection-presidentielle-au-cameroun-paul-biya-en-tete-avec-5366-des-voix","status":"publish","type":"post","link":"https:\/\/lepatriotebenin.com\/index.php\/2025\/10\/22\/resultats-provisoires-de-lelection-presidentielle-au-cameroun-paul-biya-en-tete-avec-5366-des-voix\/","title":{"rendered":"R\u00e9sultats provisoires de l&rsquo;\u00e9lection pr\u00e9sidentielle au Cameroun : Paul Biya en t\u00eate avec 53,66 des voix"},"content":{"rendered":"<p><em><strong>Le pr\u00e9sident sortant Paul Biya arrive en t\u00eate du scrutin pr\u00e9sidentiel du 12 octobre 2025 avec 53,66 % des suffrages, selon les r\u00e9sultats provisoires publi\u00e9s ce mardi par la Commission nationale de recensement g\u00e9n\u00e9ral des votes.<\/strong><\/em><\/p>\n<p>\u00c0 92 ans, l\u2019homme fort de Yaound\u00e9, au pouvoir depuis 1982, semble s&rsquo;\u00e9terniser. \u00c0 l&rsquo;issue de l&rsquo;\u00e9lection pr\u00e9sidentielle, il totalise 53,66% des suffrages exprim\u00e9s. Il obtient ainsi un nouveau mandat, en attendant la validation officielle des r\u00e9sultats par le Conseil constitutionnel.<\/p>\n<p>Mais cette proclamation suscite de vives contestations. Le principal adversaire de Paul Biya, Issa Tchiroma Bakary, rejette cat\u00e9goriquement les chiffres annonc\u00e9s par la commission nationale. Il d\u00e9nonce de \u00ab graves irr\u00e9gularit\u00e9s \u00bb qui, selon lui, ont entach\u00e9 la sinc\u00e9rit\u00e9 du scrutin. S\u2019appuyant sur les donn\u00e9es recueillies par son propre dispositif de surveillance, il affirme \u00eatre arriv\u00e9 en t\u00eate avec pr\u00e8s de 60 % des voix.<\/p>\n<p>Dans un contexte d\u00e9j\u00e0 empreint de d\u00e9fiance envers les institutions \u00e9lectorales, cette remise en cause ravive les tensions. Le candidat appelle \u00e0 un audit ind\u00e9pendant du vote, pendant que ses partisans exigent \u00ab la v\u00e9rit\u00e9 des urnes \u00bb. Le Conseil constitutionnel est d\u00e9sormais attendu pour d\u00e9partager les camps, alors que le doute plane sur la l\u00e9gitimit\u00e9 du scrutin et l\u2019avenir politique du pays.<\/p>\n<p>La communaut\u00e9 internationale, tout en saluant la participation des \u00e9lecteurs, appelle au calme et \u00e0 la transparence dans la phase de proclamation d\u00e9finitive des r\u00e9sultats. Le Conseil constitutionnel dispose d\u00e9sormais d\u2019un d\u00e9lai de quinze jours pour confirmer ou infirmer ces chiffres, d\u00e9terminants pour l\u2019avenir politique du Cameroun.<\/p>\n<p>Gildas AHOGNI<\/p>\n","protected":false},"excerpt":{"rendered":"<p>Le pr\u00e9sident sortant Paul Biya arrive en t\u00eate du scrutin pr\u00e9sidentiel du 12 octobre 2025 avec 53,66 % des suffrages, selon les r\u00e9sultats provisoires publi\u00e9s ce mardi par la Commission&hellip;<\/p>\n","protected":false},"author":5,"featured_media":14494,"comment_status":"open","ping_status":"open","sticky":false,"template":"","format":"standard","meta":{"content-type":"","om_disable_all_campaigns":false,"_monsterinsights_skip_tracking":false,"_monsterinsights_sitenote_active":false,"_monsterinsights_sitenote_note":"","_monsterinsights_sitenote_category":0,"_uf_show_specific_survey":0,"_uf_disable_surveys":false,"footnotes":""},"categories":[26],"tags":[],"class_list":["post-14493","post","type-post","status-publish","format-standard","has-post-thumbnail","hentry","category-politique"],"aioseo_notices":[],"yoast_head":"<!-- This site is optimized with the Yoast SEO plugin v27.5 - https:\/\/yoast.com\/product\/yoast-seo-wordpress\/ -->\n<title>R\u00e9sultats provisoires de l&#039;\u00e9lection pr\u00e9sidentielle au Cameroun : Paul Biya en t\u00eate avec 53,66 des voix - Le Patriote<\/title>\n<meta name=\"robots\" content=\"index, follow, max-snippet:-1, max-image-preview:large, max-video-preview:-1\" \/>\n<link rel=\"canonical\" href=\"https:\/\/lepatriotebenin.com\/index.php\/2025\/10\/22\/resultats-provisoires-de-lelection-presidentielle-au-cameroun-paul-biya-en-tete-avec-5366-des-voix\/\" \/>\n<meta property=\"og:locale\" content=\"fr_FR\" \/>\n<meta property=\"og:type\" content=\"article\" \/>\n<meta property=\"og:title\" content=\"R\u00e9sultats provisoires de l&#039;\u00e9lection pr\u00e9sidentielle au Cameroun : Paul Biya en t\u00eate avec 53,66 des voix - Le Patriote\" \/>\n<meta property=\"og:description\" content=\"Le pr\u00e9sident sortant Paul Biya arrive en t\u00eate du scrutin pr\u00e9sidentiel du 12 octobre 2025 avec 53,66 % des suffrages, selon les r\u00e9sultats provisoires publi\u00e9s ce mardi par la Commission&hellip;\" \/>\n<meta property=\"og:url\" content=\"https:\/\/lepatriotebenin.com\/index.php\/2025\/10\/22\/resultats-provisoires-de-lelection-presidentielle-au-cameroun-paul-biya-en-tete-avec-5366-des-voix\/\" \/>\n<meta property=\"og:site_name\" content=\"Le Patriote\" \/>\n<meta property=\"article:published_time\" content=\"2025-10-22T01:12:51+00:00\" \/>\n<meta property=\"og:image\" content=\"https:\/\/lepatriotebenin.com\/wp-content\/uploads\/2025\/10\/e1468ba0-862a-11ef-9329-f30486eb2a33-jpg.webp\" \/>\n\t<meta property=\"og:image:width\" content=\"1536\" \/>\n\t<meta property=\"og:image:height\" content=\"863\" \/>\n\t<meta property=\"og:image:type\" content=\"image\/webp\" \/>\n<meta name=\"author\" content=\"Redaction\" \/>\n<meta name=\"twitter:card\" content=\"summary_large_image\" \/>\n<meta name=\"twitter:label1\" content=\"\u00c9crit par\" \/>\n\t<meta name=\"twitter:data1\" content=\"Redaction\" \/>\n\t<meta name=\"twitter:label2\" content=\"Dur\u00e9e de lecture estim\u00e9e\" \/>\n\t<meta name=\"twitter:data2\" content=\"2 minutes\" \/>\n<script type=\"application\/ld+json\" class=\"yoast-schema-graph\">{\"@context\":\"https:\\\/\\\/schema.org\",\"@graph\":[{\"@type\":\"Article\",\"@id\":\"https:\\\/\\\/lepatriotebenin.com\\\/index.php\\\/2025\\\/10\\\/22\\\/resultats-provisoires-de-lelection-presidentielle-au-cameroun-paul-biya-en-tete-avec-5366-des-voix\\\/#article\",\"isPartOf\":{\"@id\":\"https:\\\/\\\/lepatriotebenin.com\\\/index.php\\\/2025\\\/10\\\/22\\\/resultats-provisoires-de-lelection-presidentielle-au-cameroun-paul-biya-en-tete-avec-5366-des-voix\\\/\"},\"author\":{\"name\":\"Redaction\",\"@id\":\"https:\\\/\\\/lepatriotebenin.com\\\/#\\\/schema\\\/person\\\/2e7709b9c9cc313e452d1136af61690f\"},\"headline\":\"R\u00e9sultats provisoires de l&rsquo;\u00e9lection pr\u00e9sidentielle au Cameroun : Paul Biya en t\u00eate avec 53,66 des voix\",\"datePublished\":\"2025-10-22T01:12:51+00:00\",\"mainEntityOfPage\":{\"@id\":\"https:\\\/\\\/lepatriotebenin.com\\\/index.php\\\/2025\\\/10\\\/22\\\/resultats-provisoires-de-lelection-presidentielle-au-cameroun-paul-biya-en-tete-avec-5366-des-voix\\\/\"},\"wordCount\":294,\"commentCount\":0,\"image\":{\"@id\":\"https:\\\/\\\/lepatriotebenin.com\\\/index.php\\\/2025\\\/10\\\/22\\\/resultats-provisoires-de-lelection-presidentielle-au-cameroun-paul-biya-en-tete-avec-5366-des-voix\\\/#primaryimage\"},\"thumbnailUrl\":\"https:\\\/\\\/lepatriotebenin.com\\\/wp-content\\\/uploads\\\/2025\\\/10\\\/e1468ba0-862a-11ef-9329-f30486eb2a33-jpg.webp\",\"articleSection\":[\"Politique\"],\"inLanguage\":\"fr-FR\",\"potentialAction\":[{\"@type\":\"CommentAction\",\"name\":\"Comment\",\"target\":[\"https:\\\/\\\/lepatriotebenin.com\\\/index.php\\\/2025\\\/10\\\/22\\\/resultats-provisoires-de-lelection-presidentielle-au-cameroun-paul-biya-en-tete-avec-5366-des-voix\\\/#respond\"]}]},{\"@type\":\"WebPage\",\"@id\":\"https:\\\/\\\/lepatriotebenin.com\\\/index.php\\\/2025\\\/10\\\/22\\\/resultats-provisoires-de-lelection-presidentielle-au-cameroun-paul-biya-en-tete-avec-5366-des-voix\\\/\",\"url\":\"https:\\\/\\\/lepatriotebenin.com\\\/index.php\\\/2025\\\/10\\\/22\\\/resultats-provisoires-de-lelection-presidentielle-au-cameroun-paul-biya-en-tete-avec-5366-des-voix\\\/\",\"name\":\"R\u00e9sultats provisoires de l'\u00e9lection pr\u00e9sidentielle au Cameroun : Paul Biya en t\u00eate avec 53,66 des voix - Le Patriote\",\"isPartOf\":{\"@id\":\"https:\\\/\\\/lepatriotebenin.com\\\/#website\"},\"primaryImageOfPage\":{\"@id\":\"https:\\\/\\\/lepatriotebenin.com\\\/index.php\\\/2025\\\/10\\\/22\\\/resultats-provisoires-de-lelection-presidentielle-au-cameroun-paul-biya-en-tete-avec-5366-des-voix\\\/#primaryimage\"},\"image\":{\"@id\":\"https:\\\/\\\/lepatriotebenin.com\\\/index.php\\\/2025\\\/10\\\/22\\\/resultats-provisoires-de-lelection-presidentielle-au-cameroun-paul-biya-en-tete-avec-5366-des-voix\\\/#primaryimage\"},\"thumbnailUrl\":\"https:\\\/\\\/lepatriotebenin.com\\\/wp-content\\\/uploads\\\/2025\\\/10\\\/e1468ba0-862a-11ef-9329-f30486eb2a33-jpg.webp\",\"datePublished\":\"2025-10-22T01:12:51+00:00\",\"author\":{\"@id\":\"https:\\\/\\\/lepatriotebenin.com\\\/#\\\/schema\\\/person\\\/2e7709b9c9cc313e452d1136af61690f\"},\"breadcrumb\":{\"@id\":\"https:\\\/\\\/lepatriotebenin.com\\\/index.php\\\/2025\\\/10\\\/22\\\/resultats-provisoires-de-lelection-presidentielle-au-cameroun-paul-biya-en-tete-avec-5366-des-voix\\\/#breadcrumb\"},\"inLanguage\":\"fr-FR\",\"potentialAction\":[{\"@type\":\"ReadAction\",\"target\":[\"https:\\\/\\\/lepatriotebenin.com\\\/index.php\\\/2025\\\/10\\\/22\\\/resultats-provisoires-de-lelection-presidentielle-au-cameroun-paul-biya-en-tete-avec-5366-des-voix\\\/\"]}]},{\"@type\":\"ImageObject\",\"inLanguage\":\"fr-FR\",\"@id\":\"https:\\\/\\\/lepatriotebenin.com\\\/index.php\\\/2025\\\/10\\\/22\\\/resultats-provisoires-de-lelection-presidentielle-au-cameroun-paul-biya-en-tete-avec-5366-des-voix\\\/#primaryimage\",\"url\":\"https:\\\/\\\/lepatriotebenin.com\\\/wp-content\\\/uploads\\\/2025\\\/10\\\/e1468ba0-862a-11ef-9329-f30486eb2a33-jpg.webp\",\"contentUrl\":\"https:\\\/\\\/lepatriotebenin.com\\\/wp-content\\\/uploads\\\/2025\\\/10\\\/e1468ba0-862a-11ef-9329-f30486eb2a33-jpg.webp\",\"width\":1536,\"height\":863},{\"@type\":\"BreadcrumbList\",\"@id\":\"https:\\\/\\\/lepatriotebenin.com\\\/index.php\\\/2025\\\/10\\\/22\\\/resultats-provisoires-de-lelection-presidentielle-au-cameroun-paul-biya-en-tete-avec-5366-des-voix\\\/#breadcrumb\",\"itemListElement\":[{\"@type\":\"ListItem\",\"position\":1,\"name\":\"Accueil\",\"item\":\"https:\\\/\\\/lepatriotebenin.com\\\/\"},{\"@type\":\"ListItem\",\"position\":2,\"name\":\"R\u00e9sultats provisoires de l&rsquo;\u00e9lection pr\u00e9sidentielle au Cameroun : Paul Biya en t\u00eate avec 53,66 des voix\"}]},{\"@type\":\"WebSite\",\"@id\":\"https:\\\/\\\/lepatriotebenin.com\\\/#website\",\"url\":\"https:\\\/\\\/lepatriotebenin.com\\\/\",\"name\":\"Le Patriote\",\"description\":\"Le Patriote B\u00e9nin\",\"potentialAction\":[{\"@type\":\"SearchAction\",\"target\":{\"@type\":\"EntryPoint\",\"urlTemplate\":\"https:\\\/\\\/lepatriotebenin.com\\\/?s={search_term_string}\"},\"query-input\":{\"@type\":\"PropertyValueSpecification\",\"valueRequired\":true,\"valueName\":\"search_term_string\"}}],\"inLanguage\":\"fr-FR\"},{\"@type\":\"Person\",\"@id\":\"https:\\\/\\\/lepatriotebenin.com\\\/#\\\/schema\\\/person\\\/2e7709b9c9cc313e452d1136af61690f\",\"name\":\"Redaction\",\"image\":{\"@type\":\"ImageObject\",\"inLanguage\":\"fr-FR\",\"@id\":\"https:\\\/\\\/secure.gravatar.com\\\/avatar\\\/c4c509357859ea2ca2cbb6d8812898a73e4ef1ef9934c2e591d7e32face734d1?s=96&d=mm&r=g\",\"url\":\"https:\\\/\\\/secure.gravatar.com\\\/avatar\\\/c4c509357859ea2ca2cbb6d8812898a73e4ef1ef9934c2e591d7e32face734d1?s=96&d=mm&r=g\",\"contentUrl\":\"https:\\\/\\\/secure.gravatar.com\\\/avatar\\\/c4c509357859ea2ca2cbb6d8812898a73e4ef1ef9934c2e591d7e32face734d1?s=96&d=mm&r=g\",\"caption\":\"Redaction\"},\"url\":\"https:\\\/\\\/lepatriotebenin.com\"}]}<\/script>\n<!-- \/ Yoast SEO plugin. -->","yoast_head_json":{"title":"R\u00e9sultats provisoires de l'\u00e9lection pr\u00e9sidentielle au Cameroun : Paul Biya en t\u00eate avec 53,66 des voix - Le Patriote","robots":{"index":"index","follow":"follow","max-snippet":"max-snippet:-1","max-image-preview":"max-image-preview:large","max-video-preview":"max-video-preview:-1"},"canonical":"https:\/\/lepatriotebenin.com\/index.php\/2025\/10\/22\/resultats-provisoires-de-lelection-presidentielle-au-cameroun-paul-biya-en-tete-avec-5366-des-voix\/","og_locale":"fr_FR","og_type":"article","og_title":"R\u00e9sultats provisoires de l'\u00e9lection pr\u00e9sidentielle au Cameroun : Paul Biya en t\u00eate avec 53,66 des voix - Le Patriote","og_description":"Le pr\u00e9sident sortant Paul Biya arrive en t\u00eate du scrutin pr\u00e9sidentiel du 12 octobre 2025 avec 53,66 % des suffrages, selon les r\u00e9sultats provisoires publi\u00e9s ce mardi par la Commission&hellip;","og_url":"https:\/\/lepatriotebenin.com\/index.php\/2025\/10\/22\/resultats-provisoires-de-lelection-presidentielle-au-cameroun-paul-biya-en-tete-avec-5366-des-voix\/","og_site_name":"Le Patriote","article_published_time":"2025-10-22T01:12:51+00:00","og_image":[{"width":1536,"height":863,"url":"https:\/\/lepatriotebenin.com\/wp-content\/uploads\/2025\/10\/e1468ba0-862a-11ef-9329-f30486eb2a33-jpg.webp","type":"image\/webp"}],"author":"Redaction","twitter_card":"summary_large_image","twitter_misc":{"\u00c9crit par":"Redaction","Dur\u00e9e de lecture estim\u00e9e":"2 minutes"},"schema":{"@context":"https:\/\/schema.org","@graph":[{"@type":"Article","@id":"https:\/\/lepatriotebenin.com\/index.php\/2025\/10\/22\/resultats-provisoires-de-lelection-presidentielle-au-cameroun-paul-biya-en-tete-avec-5366-des-voix\/#article","isPartOf":{"@id":"https:\/\/lepatriotebenin.com\/index.php\/2025\/10\/22\/resultats-provisoires-de-lelection-presidentielle-au-cameroun-paul-biya-en-tete-avec-5366-des-voix\/"},"author":{"name":"Redaction","@id":"https:\/\/lepatriotebenin.com\/#\/schema\/person\/2e7709b9c9cc313e452d1136af61690f"},"headline":"R\u00e9sultats provisoires de l&rsquo;\u00e9lection pr\u00e9sidentielle au Cameroun : Paul Biya en t\u00eate avec 53,66 des voix","datePublished":"2025-10-22T01:12:51+00:00","mainEntityOfPage":{"@id":"https:\/\/lepatriotebenin.com\/index.php\/2025\/10\/22\/resultats-provisoires-de-lelection-presidentielle-au-cameroun-paul-biya-en-tete-avec-5366-des-voix\/"},"wordCount":294,"commentCount":0,"image":{"@id":"https:\/\/lepatriotebenin.com\/index.php\/2025\/10\/22\/resultats-provisoires-de-lelection-presidentielle-au-cameroun-paul-biya-en-tete-avec-5366-des-voix\/#primaryimage"},"thumbnailUrl":"https:\/\/lepatriotebenin.com\/wp-content\/uploads\/2025\/10\/e1468ba0-862a-11ef-9329-f30486eb2a33-jpg.webp","articleSection":["Politique"],"inLanguage":"fr-FR","potentialAction":[{"@type":"CommentAction","name":"Comment","target":["https:\/\/lepatriotebenin.com\/index.php\/2025\/10\/22\/resultats-provisoires-de-lelection-presidentielle-au-cameroun-paul-biya-en-tete-avec-5366-des-voix\/#respond"]}]},{"@type":"WebPage","@id":"https:\/\/lepatriotebenin.com\/index.php\/2025\/10\/22\/resultats-provisoires-de-lelection-presidentielle-au-cameroun-paul-biya-en-tete-avec-5366-des-voix\/","url":"https:\/\/lepatriotebenin.com\/index.php\/2025\/10\/22\/resultats-provisoires-de-lelection-presidentielle-au-cameroun-paul-biya-en-tete-avec-5366-des-voix\/","name":"R\u00e9sultats provisoires de l'\u00e9lection pr\u00e9sidentielle au Cameroun : Paul Biya en t\u00eate avec 53,66 des voix - Le Patriote","isPartOf":{"@id":"https:\/\/lepatriotebenin.com\/#website"},"primaryImageOfPage":{"@id":"https:\/\/lepatriotebenin.com\/index.php\/2025\/10\/22\/resultats-provisoires-de-lelection-presidentielle-au-cameroun-paul-biya-en-tete-avec-5366-des-voix\/#primaryimage"},"image":{"@id":"https:\/\/lepatriotebenin.com\/index.php\/2025\/10\/22\/resultats-provisoires-de-lelection-presidentielle-au-cameroun-paul-biya-en-tete-avec-5366-des-voix\/#primaryimage"},"thumbnailUrl":"https:\/\/lepatriotebenin.com\/wp-content\/uploads\/2025\/10\/e1468ba0-862a-11ef-9329-f30486eb2a33-jpg.webp","datePublished":"2025-10-22T01:12:51+00:00","author":{"@id":"https:\/\/lepatriotebenin.com\/#\/schema\/person\/2e7709b9c9cc313e452d1136af61690f"},"breadcrumb":{"@id":"https:\/\/lepatriotebenin.com\/index.php\/2025\/10\/22\/resultats-provisoires-de-lelection-presidentielle-au-cameroun-paul-biya-en-tete-avec-5366-des-voix\/#breadcrumb"},"inLanguage":"fr-FR","potentialAction":[{"@type":"ReadAction","target":["https:\/\/lepatriotebenin.com\/index.php\/2025\/10\/22\/resultats-provisoires-de-lelection-presidentielle-au-cameroun-paul-biya-en-tete-avec-5366-des-voix\/"]}]},{"@type":"ImageObject","inLanguage":"fr-FR","@id":"https:\/\/lepatriotebenin.com\/index.php\/2025\/10\/22\/resultats-provisoires-de-lelection-presidentielle-au-cameroun-paul-biya-en-tete-avec-5366-des-voix\/#primaryimage","url":"https:\/\/lepatriotebenin.com\/wp-content\/uploads\/2025\/10\/e1468ba0-862a-11ef-9329-f30486eb2a33-jpg.webp","contentUrl":"https:\/\/lepatriotebenin.com\/wp-content\/uploads\/2025\/10\/e1468ba0-862a-11ef-9329-f30486eb2a33-jpg.webp","width":1536,"height":863},{"@type":"BreadcrumbList","@id":"https:\/\/lepatriotebenin.com\/index.php\/2025\/10\/22\/resultats-provisoires-de-lelection-presidentielle-au-cameroun-paul-biya-en-tete-avec-5366-des-voix\/#breadcrumb","itemListElement":[{"@type":"ListItem","position":1,"name":"Accueil","item":"https:\/\/lepatriotebenin.com\/"},{"@type":"ListItem","position":2,"name":"R\u00e9sultats provisoires de l&rsquo;\u00e9lection pr\u00e9sidentielle au Cameroun : Paul Biya en t\u00eate avec 53,66 des voix"}]},{"@type":"WebSite","@id":"https:\/\/lepatriotebenin.com\/#website","url":"https:\/\/lepatriotebenin.com\/","name":"Le Patriote","description":"Le Patriote B\u00e9nin","potentialAction":[{"@type":"SearchAction","target":{"@type":"EntryPoint","urlTemplate":"https:\/\/lepatriotebenin.com\/?s={search_term_string}"},"query-input":{"@type":"PropertyValueSpecification","valueRequired":true,"valueName":"search_term_string"}}],"inLanguage":"fr-FR"},{"@type":"Person","@id":"https:\/\/lepatriotebenin.com\/#\/schema\/person\/2e7709b9c9cc313e452d1136af61690f","name":"Redaction","image":{"@type":"ImageObject","inLanguage":"fr-FR","@id":"https:\/\/secure.gravatar.com\/avatar\/c4c509357859ea2ca2cbb6d8812898a73e4ef1ef9934c2e591d7e32face734d1?s=96&d=mm&r=g","url":"https:\/\/secure.gravatar.com\/avatar\/c4c509357859ea2ca2cbb6d8812898a73e4ef1ef9934c2e591d7e32face734d1?s=96&d=mm&r=g","contentUrl":"https:\/\/secure.gravatar.com\/avatar\/c4c509357859ea2ca2cbb6d8812898a73e4ef1ef9934c2e591d7e32face734d1?s=96&d=mm&r=g","caption":"Redaction"},"url":"https:\/\/lepatriotebenin.com"}]}},"_links":{"self":[{"href":"https:\/\/lepatriotebenin.com\/index.php\/wp-json\/wp\/v2\/posts\/14493","targetHints":{"allow":["GET"]}}],"collection":[{"href":"https:\/\/lepatriotebenin.com\/index.php\/wp-json\/wp\/v2\/posts"}],"about":[{"href":"https:\/\/lepatriotebenin.com\/index.php\/wp-json\/wp\/v2\/types\/post"}],"author":[{"embeddable":true,"href":"https:\/\/lepatriotebenin.com\/index.php\/wp-json\/wp\/v2\/users\/5"}],"replies":[{"embeddable":true,"href":"https:\/\/lepatriotebenin.com\/index.php\/wp-json\/wp\/v2\/comments?post=14493"}],"version-history":[{"count":1,"href":"https:\/\/lepatriotebenin.com\/index.php\/wp-json\/wp\/v2\/posts\/14493\/revisions"}],"predecessor-version":[{"id":14495,"href":"https:\/\/lepatriotebenin.com\/index.php\/wp-json\/wp\/v2\/posts\/14493\/revisions\/14495"}],"wp:featuredmedia":[{"embeddable":true,"href":"https:\/\/lepatriotebenin.com\/index.php\/wp-json\/wp\/v2\/media\/14494"}],"wp:attachment":[{"href":"https:\/\/lepatriotebenin.com\/index.php\/wp-json\/wp\/v2\/media?parent=14493"}],"wp:term":[{"taxonomy":"category","embeddable":true,"href":"https:\/\/lepatriotebenin.com\/index.php\/wp-json\/wp\/v2\/categories?post=14493"},{"taxonomy":"post_tag","embeddable":true,"href":"https:\/\/lepatriotebenin.com\/index.php\/wp-json\/wp\/v2\/tags?post=14493"}],"curies":[{"name":"wp","href":"https:\/\/api.w.org\/{rel}","templated":true}]}}