{"id":14490,"date":"2025-10-22T03:09:36","date_gmt":"2025-10-22T01:09:36","guid":{"rendered":"https:\/\/lepatriotebenin.com\/?p=14490"},"modified":"2025-10-22T03:09:36","modified_gmt":"2025-10-22T01:09:36","slug":"niger-tiani-sollicite-laide-des-eleves-pour-renforcer-leconomie","status":"publish","type":"post","link":"https:\/\/lepatriotebenin.com\/index.php\/2025\/10\/22\/niger-tiani-sollicite-laide-des-eleves-pour-renforcer-leconomie\/","title":{"rendered":"Niger : Tiani sollicite l&rsquo;aide des \u00e9l\u00e8ves pour renforcer l&rsquo;\u00e9conomie"},"content":{"rendered":"<p><strong><em>Pour cette rentr\u00e9e acad\u00e9mique 2025-2026, l&rsquo;\u00c9tat nig\u00e9rien a instaurer une contribution volontaire de 100 francs aux \u00e9l\u00e8ves. Cette politique \u00e9conomique s&rsquo;inspire d&rsquo;une volont\u00e9 des autorit\u00e9s nig\u00e9riennes \u00e0 multiplier des initiatives pour trouver de l\u2019argent suite \u00e0 la crise financi\u00e8re que traverse le pays.<\/em><\/strong><\/p>\n<p>Lanc\u00e9e \u00e0 l\u2019occasion de la rentr\u00e9e scolaire, l\u2019op\u00e9ration \u00ab 100 francs pour la patrie, un geste pour l\u2019avenir \u00bb invite chaque \u00e9l\u00e8ve \u00e0 verser 100 FCFA pour soutenir les finances publiques. Officiellement, cette contribution \u00ab volontaire \u00bb vise \u00e0 renforcer la solidarit\u00e9 nationale et \u00e0 financer les d\u00e9penses li\u00e9es \u00e0 la s\u00e9curit\u00e9 et \u00e0 l\u2019\u00e9ducation.<\/p>\n<p>Depuis le coup d\u2019\u00c9tat de juillet 2023, le Niger peine \u00e0 se relever \u00e9conomiquement. Les sanctions de la CEDEAO et la suspension de plusieurs aides internationales ont n\u00e9gativement impact\u00e9 les caisses de l\u2019\u00c9tat. Pour y faire face, le gouvernement du g\u00e9n\u00e9ral Abdourahmane Tiani multiplie les solutions locales, m\u00eame si parfois elles sont controvers\u00e9es.<\/p>\n<p>Sur le terrain, la mesure ne fait pas l\u2019unanimit\u00e9. Certains enseignants d\u00e9noncent des retards de salaire et jugent ironique qu\u2019on demande de l\u2019argent aux \u00e9l\u00e8ves alors que les fonctionnaires attendent toujours d\u2019\u00eatre pay\u00e9s. D\u2019autres y voient un simple geste patriotique dans un contexte difficile.<\/p>\n<p>Mais malgr\u00e9 les tensions, le r\u00e9gime militaire tente de garder le cap. En attendant une lev\u00e9e compl\u00e8te des sanctions r\u00e9gionales, Niamey continue de miser sur l\u2019autofinancement et la mobilisation populaire pour maintenir les services de base.<\/p>\n<p><strong>Ez\u00e9chiel Dagb\u00e9gnon PADONOU<\/strong><\/p>\n<p>&nbsp;<\/p>\n","protected":false},"excerpt":{"rendered":"<p>Pour cette rentr\u00e9e acad\u00e9mique 2025-2026, l&rsquo;\u00c9tat nig\u00e9rien a instaurer une contribution volontaire de 100 francs aux \u00e9l\u00e8ves. Cette politique \u00e9conomique s&rsquo;inspire d&rsquo;une volont\u00e9 des autorit\u00e9s nig\u00e9riennes \u00e0 multiplier des initiatives&hellip;<\/p>\n","protected":false},"author":5,"featured_media":14491,"comment_status":"open","ping_status":"open","sticky":false,"template":"","format":"standard","meta":{"content-type":"","om_disable_all_campaigns":false,"_monsterinsights_skip_tracking":false,"_monsterinsights_sitenote_active":false,"_monsterinsights_sitenote_note":"","_monsterinsights_sitenote_category":0,"_uf_show_specific_survey":0,"_uf_disable_surveys":false,"footnotes":""},"categories":[20],"tags":[],"class_list":["post-14490","post","type-post","status-publish","format-standard","has-post-thumbnail","hentry","category-societe"],"aioseo_notices":[],"yoast_head":"<!-- This site is optimized with the Yoast SEO plugin v27.5 - https:\/\/yoast.com\/product\/yoast-seo-wordpress\/ -->\n<title>Niger : Tiani sollicite l&#039;aide des \u00e9l\u00e8ves pour renforcer l&#039;\u00e9conomie - Le Patriote<\/title>\n<meta name=\"robots\" content=\"index, follow, max-snippet:-1, max-image-preview:large, max-video-preview:-1\" \/>\n<link rel=\"canonical\" href=\"https:\/\/lepatriotebenin.com\/index.php\/2025\/10\/22\/niger-tiani-sollicite-laide-des-eleves-pour-renforcer-leconomie\/\" \/>\n<meta property=\"og:locale\" content=\"fr_FR\" \/>\n<meta property=\"og:type\" content=\"article\" \/>\n<meta property=\"og:title\" content=\"Niger : Tiani sollicite l&#039;aide des \u00e9l\u00e8ves pour renforcer l&#039;\u00e9conomie - Le Patriote\" \/>\n<meta property=\"og:description\" content=\"Pour cette rentr\u00e9e acad\u00e9mique 2025-2026, l&rsquo;\u00c9tat nig\u00e9rien a instaurer une contribution volontaire de 100 francs aux \u00e9l\u00e8ves. Cette politique \u00e9conomique s&rsquo;inspire d&rsquo;une volont\u00e9 des autorit\u00e9s nig\u00e9riennes \u00e0 multiplier des initiatives&hellip;\" \/>\n<meta property=\"og:url\" content=\"https:\/\/lepatriotebenin.com\/index.php\/2025\/10\/22\/niger-tiani-sollicite-laide-des-eleves-pour-renforcer-leconomie\/\" \/>\n<meta property=\"og:site_name\" content=\"Le Patriote\" \/>\n<meta property=\"article:published_time\" content=\"2025-10-22T01:09:36+00:00\" \/>\n<meta property=\"og:image\" content=\"https:\/\/lepatriotebenin.com\/wp-content\/uploads\/2025\/10\/niger.jpg\" \/>\n\t<meta property=\"og:image:width\" content=\"960\" \/>\n\t<meta property=\"og:image:height\" content=\"540\" \/>\n\t<meta property=\"og:image:type\" content=\"image\/jpeg\" \/>\n<meta name=\"author\" content=\"Redaction\" \/>\n<meta name=\"twitter:card\" content=\"summary_large_image\" \/>\n<meta name=\"twitter:label1\" content=\"\u00c9crit par\" \/>\n\t<meta name=\"twitter:data1\" content=\"Redaction\" \/>\n\t<meta name=\"twitter:label2\" content=\"Dur\u00e9e de lecture estim\u00e9e\" \/>\n\t<meta name=\"twitter:data2\" content=\"2 minutes\" \/>\n<script type=\"application\/ld+json\" class=\"yoast-schema-graph\">{\"@context\":\"https:\\\/\\\/schema.org\",\"@graph\":[{\"@type\":\"Article\",\"@id\":\"https:\\\/\\\/lepatriotebenin.com\\\/index.php\\\/2025\\\/10\\\/22\\\/niger-tiani-sollicite-laide-des-eleves-pour-renforcer-leconomie\\\/#article\",\"isPartOf\":{\"@id\":\"https:\\\/\\\/lepatriotebenin.com\\\/index.php\\\/2025\\\/10\\\/22\\\/niger-tiani-sollicite-laide-des-eleves-pour-renforcer-leconomie\\\/\"},\"author\":{\"name\":\"Redaction\",\"@id\":\"https:\\\/\\\/lepatriotebenin.com\\\/#\\\/schema\\\/person\\\/2e7709b9c9cc313e452d1136af61690f\"},\"headline\":\"Niger : Tiani sollicite l&rsquo;aide des \u00e9l\u00e8ves pour renforcer l&rsquo;\u00e9conomie\",\"datePublished\":\"2025-10-22T01:09:36+00:00\",\"mainEntityOfPage\":{\"@id\":\"https:\\\/\\\/lepatriotebenin.com\\\/index.php\\\/2025\\\/10\\\/22\\\/niger-tiani-sollicite-laide-des-eleves-pour-renforcer-leconomie\\\/\"},\"wordCount\":274,\"commentCount\":0,\"image\":{\"@id\":\"https:\\\/\\\/lepatriotebenin.com\\\/index.php\\\/2025\\\/10\\\/22\\\/niger-tiani-sollicite-laide-des-eleves-pour-renforcer-leconomie\\\/#primaryimage\"},\"thumbnailUrl\":\"https:\\\/\\\/lepatriotebenin.com\\\/wp-content\\\/uploads\\\/2025\\\/10\\\/niger.jpg\",\"articleSection\":[\"Soci\u00e9t\u00e9\"],\"inLanguage\":\"fr-FR\",\"potentialAction\":[{\"@type\":\"CommentAction\",\"name\":\"Comment\",\"target\":[\"https:\\\/\\\/lepatriotebenin.com\\\/index.php\\\/2025\\\/10\\\/22\\\/niger-tiani-sollicite-laide-des-eleves-pour-renforcer-leconomie\\\/#respond\"]}]},{\"@type\":\"WebPage\",\"@id\":\"https:\\\/\\\/lepatriotebenin.com\\\/index.php\\\/2025\\\/10\\\/22\\\/niger-tiani-sollicite-laide-des-eleves-pour-renforcer-leconomie\\\/\",\"url\":\"https:\\\/\\\/lepatriotebenin.com\\\/index.php\\\/2025\\\/10\\\/22\\\/niger-tiani-sollicite-laide-des-eleves-pour-renforcer-leconomie\\\/\",\"name\":\"Niger : Tiani sollicite l'aide des \u00e9l\u00e8ves pour renforcer l'\u00e9conomie - Le Patriote\",\"isPartOf\":{\"@id\":\"https:\\\/\\\/lepatriotebenin.com\\\/#website\"},\"primaryImageOfPage\":{\"@id\":\"https:\\\/\\\/lepatriotebenin.com\\\/index.php\\\/2025\\\/10\\\/22\\\/niger-tiani-sollicite-laide-des-eleves-pour-renforcer-leconomie\\\/#primaryimage\"},\"image\":{\"@id\":\"https:\\\/\\\/lepatriotebenin.com\\\/index.php\\\/2025\\\/10\\\/22\\\/niger-tiani-sollicite-laide-des-eleves-pour-renforcer-leconomie\\\/#primaryimage\"},\"thumbnailUrl\":\"https:\\\/\\\/lepatriotebenin.com\\\/wp-content\\\/uploads\\\/2025\\\/10\\\/niger.jpg\",\"datePublished\":\"2025-10-22T01:09:36+00:00\",\"author\":{\"@id\":\"https:\\\/\\\/lepatriotebenin.com\\\/#\\\/schema\\\/person\\\/2e7709b9c9cc313e452d1136af61690f\"},\"breadcrumb\":{\"@id\":\"https:\\\/\\\/lepatriotebenin.com\\\/index.php\\\/2025\\\/10\\\/22\\\/niger-tiani-sollicite-laide-des-eleves-pour-renforcer-leconomie\\\/#breadcrumb\"},\"inLanguage\":\"fr-FR\",\"potentialAction\":[{\"@type\":\"ReadAction\",\"target\":[\"https:\\\/\\\/lepatriotebenin.com\\\/index.php\\\/2025\\\/10\\\/22\\\/niger-tiani-sollicite-laide-des-eleves-pour-renforcer-leconomie\\\/\"]}]},{\"@type\":\"ImageObject\",\"inLanguage\":\"fr-FR\",\"@id\":\"https:\\\/\\\/lepatriotebenin.com\\\/index.php\\\/2025\\\/10\\\/22\\\/niger-tiani-sollicite-laide-des-eleves-pour-renforcer-leconomie\\\/#primaryimage\",\"url\":\"https:\\\/\\\/lepatriotebenin.com\\\/wp-content\\\/uploads\\\/2025\\\/10\\\/niger.jpg\",\"contentUrl\":\"https:\\\/\\\/lepatriotebenin.com\\\/wp-content\\\/uploads\\\/2025\\\/10\\\/niger.jpg\",\"width\":960,\"height\":540},{\"@type\":\"BreadcrumbList\",\"@id\":\"https:\\\/\\\/lepatriotebenin.com\\\/index.php\\\/2025\\\/10\\\/22\\\/niger-tiani-sollicite-laide-des-eleves-pour-renforcer-leconomie\\\/#breadcrumb\",\"itemListElement\":[{\"@type\":\"ListItem\",\"position\":1,\"name\":\"Accueil\",\"item\":\"https:\\\/\\\/lepatriotebenin.com\\\/\"},{\"@type\":\"ListItem\",\"position\":2,\"name\":\"Niger : Tiani sollicite l&rsquo;aide des \u00e9l\u00e8ves pour renforcer l&rsquo;\u00e9conomie\"}]},{\"@type\":\"WebSite\",\"@id\":\"https:\\\/\\\/lepatriotebenin.com\\\/#website\",\"url\":\"https:\\\/\\\/lepatriotebenin.com\\\/\",\"name\":\"Le Patriote\",\"description\":\"Le Patriote B\u00e9nin\",\"potentialAction\":[{\"@type\":\"SearchAction\",\"target\":{\"@type\":\"EntryPoint\",\"urlTemplate\":\"https:\\\/\\\/lepatriotebenin.com\\\/?s={search_term_string}\"},\"query-input\":{\"@type\":\"PropertyValueSpecification\",\"valueRequired\":true,\"valueName\":\"search_term_string\"}}],\"inLanguage\":\"fr-FR\"},{\"@type\":\"Person\",\"@id\":\"https:\\\/\\\/lepatriotebenin.com\\\/#\\\/schema\\\/person\\\/2e7709b9c9cc313e452d1136af61690f\",\"name\":\"Redaction\",\"image\":{\"@type\":\"ImageObject\",\"inLanguage\":\"fr-FR\",\"@id\":\"https:\\\/\\\/secure.gravatar.com\\\/avatar\\\/c4c509357859ea2ca2cbb6d8812898a73e4ef1ef9934c2e591d7e32face734d1?s=96&d=mm&r=g\",\"url\":\"https:\\\/\\\/secure.gravatar.com\\\/avatar\\\/c4c509357859ea2ca2cbb6d8812898a73e4ef1ef9934c2e591d7e32face734d1?s=96&d=mm&r=g\",\"contentUrl\":\"https:\\\/\\\/secure.gravatar.com\\\/avatar\\\/c4c509357859ea2ca2cbb6d8812898a73e4ef1ef9934c2e591d7e32face734d1?s=96&d=mm&r=g\",\"caption\":\"Redaction\"},\"url\":\"https:\\\/\\\/lepatriotebenin.com\"}]}<\/script>\n<!-- \/ Yoast SEO plugin. -->","yoast_head_json":{"title":"Niger : Tiani sollicite l'aide des \u00e9l\u00e8ves pour renforcer l'\u00e9conomie - Le Patriote","robots":{"index":"index","follow":"follow","max-snippet":"max-snippet:-1","max-image-preview":"max-image-preview:large","max-video-preview":"max-video-preview:-1"},"canonical":"https:\/\/lepatriotebenin.com\/index.php\/2025\/10\/22\/niger-tiani-sollicite-laide-des-eleves-pour-renforcer-leconomie\/","og_locale":"fr_FR","og_type":"article","og_title":"Niger : Tiani sollicite l'aide des \u00e9l\u00e8ves pour renforcer l'\u00e9conomie - Le Patriote","og_description":"Pour cette rentr\u00e9e acad\u00e9mique 2025-2026, l&rsquo;\u00c9tat nig\u00e9rien a instaurer une contribution volontaire de 100 francs aux \u00e9l\u00e8ves. Cette politique \u00e9conomique s&rsquo;inspire d&rsquo;une volont\u00e9 des autorit\u00e9s nig\u00e9riennes \u00e0 multiplier des initiatives&hellip;","og_url":"https:\/\/lepatriotebenin.com\/index.php\/2025\/10\/22\/niger-tiani-sollicite-laide-des-eleves-pour-renforcer-leconomie\/","og_site_name":"Le Patriote","article_published_time":"2025-10-22T01:09:36+00:00","og_image":[{"width":960,"height":540,"url":"https:\/\/lepatriotebenin.com\/wp-content\/uploads\/2025\/10\/niger.jpg","type":"image\/jpeg"}],"author":"Redaction","twitter_card":"summary_large_image","twitter_misc":{"\u00c9crit par":"Redaction","Dur\u00e9e de lecture estim\u00e9e":"2 minutes"},"schema":{"@context":"https:\/\/schema.org","@graph":[{"@type":"Article","@id":"https:\/\/lepatriotebenin.com\/index.php\/2025\/10\/22\/niger-tiani-sollicite-laide-des-eleves-pour-renforcer-leconomie\/#article","isPartOf":{"@id":"https:\/\/lepatriotebenin.com\/index.php\/2025\/10\/22\/niger-tiani-sollicite-laide-des-eleves-pour-renforcer-leconomie\/"},"author":{"name":"Redaction","@id":"https:\/\/lepatriotebenin.com\/#\/schema\/person\/2e7709b9c9cc313e452d1136af61690f"},"headline":"Niger : Tiani sollicite l&rsquo;aide des \u00e9l\u00e8ves pour renforcer l&rsquo;\u00e9conomie","datePublished":"2025-10-22T01:09:36+00:00","mainEntityOfPage":{"@id":"https:\/\/lepatriotebenin.com\/index.php\/2025\/10\/22\/niger-tiani-sollicite-laide-des-eleves-pour-renforcer-leconomie\/"},"wordCount":274,"commentCount":0,"image":{"@id":"https:\/\/lepatriotebenin.com\/index.php\/2025\/10\/22\/niger-tiani-sollicite-laide-des-eleves-pour-renforcer-leconomie\/#primaryimage"},"thumbnailUrl":"https:\/\/lepatriotebenin.com\/wp-content\/uploads\/2025\/10\/niger.jpg","articleSection":["Soci\u00e9t\u00e9"],"inLanguage":"fr-FR","potentialAction":[{"@type":"CommentAction","name":"Comment","target":["https:\/\/lepatriotebenin.com\/index.php\/2025\/10\/22\/niger-tiani-sollicite-laide-des-eleves-pour-renforcer-leconomie\/#respond"]}]},{"@type":"WebPage","@id":"https:\/\/lepatriotebenin.com\/index.php\/2025\/10\/22\/niger-tiani-sollicite-laide-des-eleves-pour-renforcer-leconomie\/","url":"https:\/\/lepatriotebenin.com\/index.php\/2025\/10\/22\/niger-tiani-sollicite-laide-des-eleves-pour-renforcer-leconomie\/","name":"Niger : Tiani sollicite l'aide des \u00e9l\u00e8ves pour renforcer l'\u00e9conomie - Le Patriote","isPartOf":{"@id":"https:\/\/lepatriotebenin.com\/#website"},"primaryImageOfPage":{"@id":"https:\/\/lepatriotebenin.com\/index.php\/2025\/10\/22\/niger-tiani-sollicite-laide-des-eleves-pour-renforcer-leconomie\/#primaryimage"},"image":{"@id":"https:\/\/lepatriotebenin.com\/index.php\/2025\/10\/22\/niger-tiani-sollicite-laide-des-eleves-pour-renforcer-leconomie\/#primaryimage"},"thumbnailUrl":"https:\/\/lepatriotebenin.com\/wp-content\/uploads\/2025\/10\/niger.jpg","datePublished":"2025-10-22T01:09:36+00:00","author":{"@id":"https:\/\/lepatriotebenin.com\/#\/schema\/person\/2e7709b9c9cc313e452d1136af61690f"},"breadcrumb":{"@id":"https:\/\/lepatriotebenin.com\/index.php\/2025\/10\/22\/niger-tiani-sollicite-laide-des-eleves-pour-renforcer-leconomie\/#breadcrumb"},"inLanguage":"fr-FR","potentialAction":[{"@type":"ReadAction","target":["https:\/\/lepatriotebenin.com\/index.php\/2025\/10\/22\/niger-tiani-sollicite-laide-des-eleves-pour-renforcer-leconomie\/"]}]},{"@type":"ImageObject","inLanguage":"fr-FR","@id":"https:\/\/lepatriotebenin.com\/index.php\/2025\/10\/22\/niger-tiani-sollicite-laide-des-eleves-pour-renforcer-leconomie\/#primaryimage","url":"https:\/\/lepatriotebenin.com\/wp-content\/uploads\/2025\/10\/niger.jpg","contentUrl":"https:\/\/lepatriotebenin.com\/wp-content\/uploads\/2025\/10\/niger.jpg","width":960,"height":540},{"@type":"BreadcrumbList","@id":"https:\/\/lepatriotebenin.com\/index.php\/2025\/10\/22\/niger-tiani-sollicite-laide-des-eleves-pour-renforcer-leconomie\/#breadcrumb","itemListElement":[{"@type":"ListItem","position":1,"name":"Accueil","item":"https:\/\/lepatriotebenin.com\/"},{"@type":"ListItem","position":2,"name":"Niger : Tiani sollicite l&rsquo;aide des \u00e9l\u00e8ves pour renforcer l&rsquo;\u00e9conomie"}]},{"@type":"WebSite","@id":"https:\/\/lepatriotebenin.com\/#website","url":"https:\/\/lepatriotebenin.com\/","name":"Le Patriote","description":"Le Patriote B\u00e9nin","potentialAction":[{"@type":"SearchAction","target":{"@type":"EntryPoint","urlTemplate":"https:\/\/lepatriotebenin.com\/?s={search_term_string}"},"query-input":{"@type":"PropertyValueSpecification","valueRequired":true,"valueName":"search_term_string"}}],"inLanguage":"fr-FR"},{"@type":"Person","@id":"https:\/\/lepatriotebenin.com\/#\/schema\/person\/2e7709b9c9cc313e452d1136af61690f","name":"Redaction","image":{"@type":"ImageObject","inLanguage":"fr-FR","@id":"https:\/\/secure.gravatar.com\/avatar\/c4c509357859ea2ca2cbb6d8812898a73e4ef1ef9934c2e591d7e32face734d1?s=96&d=mm&r=g","url":"https:\/\/secure.gravatar.com\/avatar\/c4c509357859ea2ca2cbb6d8812898a73e4ef1ef9934c2e591d7e32face734d1?s=96&d=mm&r=g","contentUrl":"https:\/\/secure.gravatar.com\/avatar\/c4c509357859ea2ca2cbb6d8812898a73e4ef1ef9934c2e591d7e32face734d1?s=96&d=mm&r=g","caption":"Redaction"},"url":"https:\/\/lepatriotebenin.com"}]}},"_links":{"self":[{"href":"https:\/\/lepatriotebenin.com\/index.php\/wp-json\/wp\/v2\/posts\/14490","targetHints":{"allow":["GET"]}}],"collection":[{"href":"https:\/\/lepatriotebenin.com\/index.php\/wp-json\/wp\/v2\/posts"}],"about":[{"href":"https:\/\/lepatriotebenin.com\/index.php\/wp-json\/wp\/v2\/types\/post"}],"author":[{"embeddable":true,"href":"https:\/\/lepatriotebenin.com\/index.php\/wp-json\/wp\/v2\/users\/5"}],"replies":[{"embeddable":true,"href":"https:\/\/lepatriotebenin.com\/index.php\/wp-json\/wp\/v2\/comments?post=14490"}],"version-history":[{"count":1,"href":"https:\/\/lepatriotebenin.com\/index.php\/wp-json\/wp\/v2\/posts\/14490\/revisions"}],"predecessor-version":[{"id":14492,"href":"https:\/\/lepatriotebenin.com\/index.php\/wp-json\/wp\/v2\/posts\/14490\/revisions\/14492"}],"wp:featuredmedia":[{"embeddable":true,"href":"https:\/\/lepatriotebenin.com\/index.php\/wp-json\/wp\/v2\/media\/14491"}],"wp:attachment":[{"href":"https:\/\/lepatriotebenin.com\/index.php\/wp-json\/wp\/v2\/media?parent=14490"}],"wp:term":[{"taxonomy":"category","embeddable":true,"href":"https:\/\/lepatriotebenin.com\/index.php\/wp-json\/wp\/v2\/categories?post=14490"},{"taxonomy":"post_tag","embeddable":true,"href":"https:\/\/lepatriotebenin.com\/index.php\/wp-json\/wp\/v2\/tags?post=14490"}],"curies":[{"name":"wp","href":"https:\/\/api.w.org\/{rel}","templated":true}]}}