{"id":14487,"date":"2025-10-22T03:07:11","date_gmt":"2025-10-22T01:07:11","guid":{"rendered":"https:\/\/lepatriotebenin.com\/?p=14487"},"modified":"2025-10-22T03:07:11","modified_gmt":"2025-10-22T01:07:11","slug":"japon-sanae-takaichi-devient-officiellement-la-premiere-femme-premier-ministre-du-pays","status":"publish","type":"post","link":"https:\/\/lepatriotebenin.com\/index.php\/2025\/10\/22\/japon-sanae-takaichi-devient-officiellement-la-premiere-femme-premier-ministre-du-pays\/","title":{"rendered":"Japon : Sanae Takaichi devient officiellement la premi\u00e8re femme Premier ministre du pays"},"content":{"rendered":"<p><em><strong>Ce 21 octobre 2025, Sanae Takaichi vient d\u2019\u00eatre \u00e9lue Premier ministre du Japon, ouvrant un nouveau chapitre politique. Son profil \u00e0 droite et ses positions fermes sur la Chine et Ta\u00efwan suscitent des r\u00e9actions en Asie.<\/strong><\/em><\/p>\n<p>Sanae Takaichi est devenue la premi\u00e8re femme \u00e0 occuper le poste de Premier ministre du Japon, un \u00e9v\u00e9nement historique dans un pays jusqu\u2019ici domin\u00e9 par des hommes. Ce succ\u00e8s marque aussi un virage vers la droite pour le pays, l\u2019\u00e9lue \u00e9tant r\u00e9put\u00e9e conservatrice et nationaliste.<\/p>\n<p>Cette \u00e9lection intervient apr\u00e8s 237 voix obtenues \u00e0 la Chambre basse, puis un vote favorable similaire dans la Chambre haute. Elle s\u2019appuie sur une coalition entre le Parti lib\u00e9ral-d\u00e9mocrate (LDP) et le parti de droite Japan Innovation Party (Ishin). Toutefois, cette alliance ne lui conf\u00e8re pas imm\u00e9diatement une majorit\u00e9 absolue. Elle devra n\u00e9gocier avec d\u2019autres partis pour asseoir la stabilit\u00e9 de son gouvernement<\/p>\n<p>Du c\u00f4t\u00e9 de la Chine, la r\u00e9action officielle reste mesur\u00e9e. Selon un article du South China Morning Post, P\u00e9kin a d\u00e9clar\u00e9 que cela relevait de \u00ab la politique int\u00e9rieure japonaise \u00bb, tout en appelant Tokyo \u00e0 respecter ses engagements historiques sur Ta\u00efwan et l\u2019Histoire. Un sondage japonais r\u00e9v\u00e9lait d\u00e9j\u00e0 qu\u2019environ 53,6 % des personnes interrog\u00e9es s\u2019attendaient \u00e0 un refroidissement des relations nippo-chinoises sous son mandat. Concernant la Ta\u00efwan, celle-ci s\u2019est dite pr\u00eate \u00e0 collaborer avec le nouveau gouvernement \u00e0 travers un message de f\u00e9licitations transmis par le pr\u00e9sident Lai\u202fChing\u2011te.<\/p>\n<p>M\u00eame si l\u2019histoire enregistre son entr\u00e9e \u00e0 la t\u00eate du gouvernement, le nouveau mandat de Takaichi ne d\u00e9marre pas sans obstacles. Elle h\u00e9rite d\u2019une coalition fragile, d\u2019une \u00e9conomie affect\u00e9e par l\u2019inflation et d\u2019un yen affaibli. Les voisins et partenaires internationaux restent attentifs \u00e0 son approche diplomatique et au ton que prendra le Japon.<\/p>\n<p><strong>Ez\u00e9chiel Dagb\u00e9gnon PADONOU<\/strong><\/p>\n<p>&nbsp;<\/p>\n","protected":false},"excerpt":{"rendered":"<p>Ce 21 octobre 2025, Sanae Takaichi vient d\u2019\u00eatre \u00e9lue Premier ministre du Japon, ouvrant un nouveau chapitre politique. Son profil \u00e0 droite et ses positions fermes sur la Chine et&hellip;<\/p>\n","protected":false},"author":5,"featured_media":14488,"comment_status":"open","ping_status":"open","sticky":false,"template":"","format":"standard","meta":{"content-type":"","om_disable_all_campaigns":false,"_monsterinsights_skip_tracking":false,"_monsterinsights_sitenote_active":false,"_monsterinsights_sitenote_note":"","_monsterinsights_sitenote_category":0,"_uf_show_specific_survey":0,"_uf_disable_surveys":false,"footnotes":""},"categories":[26],"tags":[],"class_list":["post-14487","post","type-post","status-publish","format-standard","has-post-thumbnail","hentry","category-politique"],"aioseo_notices":[],"yoast_head":"<!-- This site is optimized with the Yoast SEO plugin v27.5 - https:\/\/yoast.com\/product\/yoast-seo-wordpress\/ -->\n<title>Japon : Sanae Takaichi devient officiellement la premi\u00e8re femme Premier ministre du pays - Le Patriote<\/title>\n<meta name=\"robots\" content=\"index, follow, max-snippet:-1, max-image-preview:large, max-video-preview:-1\" \/>\n<link rel=\"canonical\" href=\"https:\/\/lepatriotebenin.com\/index.php\/2025\/10\/22\/japon-sanae-takaichi-devient-officiellement-la-premiere-femme-premier-ministre-du-pays\/\" \/>\n<meta property=\"og:locale\" content=\"fr_FR\" \/>\n<meta property=\"og:type\" content=\"article\" \/>\n<meta property=\"og:title\" content=\"Japon : Sanae Takaichi devient officiellement la premi\u00e8re femme Premier ministre du pays - Le Patriote\" \/>\n<meta property=\"og:description\" content=\"Ce 21 octobre 2025, Sanae Takaichi vient d\u2019\u00eatre \u00e9lue Premier ministre du Japon, ouvrant un nouveau chapitre politique. Son profil \u00e0 droite et ses positions fermes sur la Chine et&hellip;\" \/>\n<meta property=\"og:url\" content=\"https:\/\/lepatriotebenin.com\/index.php\/2025\/10\/22\/japon-sanae-takaichi-devient-officiellement-la-premiere-femme-premier-ministre-du-pays\/\" \/>\n<meta property=\"og:site_name\" content=\"Le Patriote\" \/>\n<meta property=\"article:published_time\" content=\"2025-10-22T01:07:11+00:00\" \/>\n<meta property=\"og:image\" content=\"https:\/\/lepatriotebenin.com\/wp-content\/uploads\/2025\/10\/japon-1.jpg\" \/>\n\t<meta property=\"og:image:width\" content=\"1080\" \/>\n\t<meta property=\"og:image:height\" content=\"607\" \/>\n\t<meta property=\"og:image:type\" content=\"image\/jpeg\" \/>\n<meta name=\"author\" content=\"Redaction\" \/>\n<meta name=\"twitter:card\" content=\"summary_large_image\" \/>\n<meta name=\"twitter:label1\" content=\"\u00c9crit par\" \/>\n\t<meta name=\"twitter:data1\" content=\"Redaction\" \/>\n\t<meta name=\"twitter:label2\" content=\"Dur\u00e9e de lecture estim\u00e9e\" \/>\n\t<meta name=\"twitter:data2\" content=\"2 minutes\" \/>\n<script type=\"application\/ld+json\" class=\"yoast-schema-graph\">{\"@context\":\"https:\\\/\\\/schema.org\",\"@graph\":[{\"@type\":\"Article\",\"@id\":\"https:\\\/\\\/lepatriotebenin.com\\\/index.php\\\/2025\\\/10\\\/22\\\/japon-sanae-takaichi-devient-officiellement-la-premiere-femme-premier-ministre-du-pays\\\/#article\",\"isPartOf\":{\"@id\":\"https:\\\/\\\/lepatriotebenin.com\\\/index.php\\\/2025\\\/10\\\/22\\\/japon-sanae-takaichi-devient-officiellement-la-premiere-femme-premier-ministre-du-pays\\\/\"},\"author\":{\"name\":\"Redaction\",\"@id\":\"https:\\\/\\\/lepatriotebenin.com\\\/#\\\/schema\\\/person\\\/2e7709b9c9cc313e452d1136af61690f\"},\"headline\":\"Japon : Sanae Takaichi devient officiellement la premi\u00e8re femme Premier ministre du pays\",\"datePublished\":\"2025-10-22T01:07:11+00:00\",\"mainEntityOfPage\":{\"@id\":\"https:\\\/\\\/lepatriotebenin.com\\\/index.php\\\/2025\\\/10\\\/22\\\/japon-sanae-takaichi-devient-officiellement-la-premiere-femme-premier-ministre-du-pays\\\/\"},\"wordCount\":339,\"commentCount\":0,\"image\":{\"@id\":\"https:\\\/\\\/lepatriotebenin.com\\\/index.php\\\/2025\\\/10\\\/22\\\/japon-sanae-takaichi-devient-officiellement-la-premiere-femme-premier-ministre-du-pays\\\/#primaryimage\"},\"thumbnailUrl\":\"https:\\\/\\\/lepatriotebenin.com\\\/wp-content\\\/uploads\\\/2025\\\/10\\\/japon-1.jpg\",\"articleSection\":[\"Politique\"],\"inLanguage\":\"fr-FR\",\"potentialAction\":[{\"@type\":\"CommentAction\",\"name\":\"Comment\",\"target\":[\"https:\\\/\\\/lepatriotebenin.com\\\/index.php\\\/2025\\\/10\\\/22\\\/japon-sanae-takaichi-devient-officiellement-la-premiere-femme-premier-ministre-du-pays\\\/#respond\"]}]},{\"@type\":\"WebPage\",\"@id\":\"https:\\\/\\\/lepatriotebenin.com\\\/index.php\\\/2025\\\/10\\\/22\\\/japon-sanae-takaichi-devient-officiellement-la-premiere-femme-premier-ministre-du-pays\\\/\",\"url\":\"https:\\\/\\\/lepatriotebenin.com\\\/index.php\\\/2025\\\/10\\\/22\\\/japon-sanae-takaichi-devient-officiellement-la-premiere-femme-premier-ministre-du-pays\\\/\",\"name\":\"Japon : Sanae Takaichi devient officiellement la premi\u00e8re femme Premier ministre du pays - Le Patriote\",\"isPartOf\":{\"@id\":\"https:\\\/\\\/lepatriotebenin.com\\\/#website\"},\"primaryImageOfPage\":{\"@id\":\"https:\\\/\\\/lepatriotebenin.com\\\/index.php\\\/2025\\\/10\\\/22\\\/japon-sanae-takaichi-devient-officiellement-la-premiere-femme-premier-ministre-du-pays\\\/#primaryimage\"},\"image\":{\"@id\":\"https:\\\/\\\/lepatriotebenin.com\\\/index.php\\\/2025\\\/10\\\/22\\\/japon-sanae-takaichi-devient-officiellement-la-premiere-femme-premier-ministre-du-pays\\\/#primaryimage\"},\"thumbnailUrl\":\"https:\\\/\\\/lepatriotebenin.com\\\/wp-content\\\/uploads\\\/2025\\\/10\\\/japon-1.jpg\",\"datePublished\":\"2025-10-22T01:07:11+00:00\",\"author\":{\"@id\":\"https:\\\/\\\/lepatriotebenin.com\\\/#\\\/schema\\\/person\\\/2e7709b9c9cc313e452d1136af61690f\"},\"breadcrumb\":{\"@id\":\"https:\\\/\\\/lepatriotebenin.com\\\/index.php\\\/2025\\\/10\\\/22\\\/japon-sanae-takaichi-devient-officiellement-la-premiere-femme-premier-ministre-du-pays\\\/#breadcrumb\"},\"inLanguage\":\"fr-FR\",\"potentialAction\":[{\"@type\":\"ReadAction\",\"target\":[\"https:\\\/\\\/lepatriotebenin.com\\\/index.php\\\/2025\\\/10\\\/22\\\/japon-sanae-takaichi-devient-officiellement-la-premiere-femme-premier-ministre-du-pays\\\/\"]}]},{\"@type\":\"ImageObject\",\"inLanguage\":\"fr-FR\",\"@id\":\"https:\\\/\\\/lepatriotebenin.com\\\/index.php\\\/2025\\\/10\\\/22\\\/japon-sanae-takaichi-devient-officiellement-la-premiere-femme-premier-ministre-du-pays\\\/#primaryimage\",\"url\":\"https:\\\/\\\/lepatriotebenin.com\\\/wp-content\\\/uploads\\\/2025\\\/10\\\/japon-1.jpg\",\"contentUrl\":\"https:\\\/\\\/lepatriotebenin.com\\\/wp-content\\\/uploads\\\/2025\\\/10\\\/japon-1.jpg\",\"width\":1080,\"height\":607},{\"@type\":\"BreadcrumbList\",\"@id\":\"https:\\\/\\\/lepatriotebenin.com\\\/index.php\\\/2025\\\/10\\\/22\\\/japon-sanae-takaichi-devient-officiellement-la-premiere-femme-premier-ministre-du-pays\\\/#breadcrumb\",\"itemListElement\":[{\"@type\":\"ListItem\",\"position\":1,\"name\":\"Accueil\",\"item\":\"https:\\\/\\\/lepatriotebenin.com\\\/\"},{\"@type\":\"ListItem\",\"position\":2,\"name\":\"Japon : Sanae Takaichi devient officiellement la premi\u00e8re femme Premier ministre du pays\"}]},{\"@type\":\"WebSite\",\"@id\":\"https:\\\/\\\/lepatriotebenin.com\\\/#website\",\"url\":\"https:\\\/\\\/lepatriotebenin.com\\\/\",\"name\":\"Le Patriote\",\"description\":\"Le Patriote B\u00e9nin\",\"potentialAction\":[{\"@type\":\"SearchAction\",\"target\":{\"@type\":\"EntryPoint\",\"urlTemplate\":\"https:\\\/\\\/lepatriotebenin.com\\\/?s={search_term_string}\"},\"query-input\":{\"@type\":\"PropertyValueSpecification\",\"valueRequired\":true,\"valueName\":\"search_term_string\"}}],\"inLanguage\":\"fr-FR\"},{\"@type\":\"Person\",\"@id\":\"https:\\\/\\\/lepatriotebenin.com\\\/#\\\/schema\\\/person\\\/2e7709b9c9cc313e452d1136af61690f\",\"name\":\"Redaction\",\"image\":{\"@type\":\"ImageObject\",\"inLanguage\":\"fr-FR\",\"@id\":\"https:\\\/\\\/secure.gravatar.com\\\/avatar\\\/c4c509357859ea2ca2cbb6d8812898a73e4ef1ef9934c2e591d7e32face734d1?s=96&d=mm&r=g\",\"url\":\"https:\\\/\\\/secure.gravatar.com\\\/avatar\\\/c4c509357859ea2ca2cbb6d8812898a73e4ef1ef9934c2e591d7e32face734d1?s=96&d=mm&r=g\",\"contentUrl\":\"https:\\\/\\\/secure.gravatar.com\\\/avatar\\\/c4c509357859ea2ca2cbb6d8812898a73e4ef1ef9934c2e591d7e32face734d1?s=96&d=mm&r=g\",\"caption\":\"Redaction\"},\"url\":\"https:\\\/\\\/lepatriotebenin.com\"}]}<\/script>\n<!-- \/ Yoast SEO plugin. -->","yoast_head_json":{"title":"Japon : Sanae Takaichi devient officiellement la premi\u00e8re femme Premier ministre du pays - Le Patriote","robots":{"index":"index","follow":"follow","max-snippet":"max-snippet:-1","max-image-preview":"max-image-preview:large","max-video-preview":"max-video-preview:-1"},"canonical":"https:\/\/lepatriotebenin.com\/index.php\/2025\/10\/22\/japon-sanae-takaichi-devient-officiellement-la-premiere-femme-premier-ministre-du-pays\/","og_locale":"fr_FR","og_type":"article","og_title":"Japon : Sanae Takaichi devient officiellement la premi\u00e8re femme Premier ministre du pays - Le Patriote","og_description":"Ce 21 octobre 2025, Sanae Takaichi vient d\u2019\u00eatre \u00e9lue Premier ministre du Japon, ouvrant un nouveau chapitre politique. Son profil \u00e0 droite et ses positions fermes sur la Chine et&hellip;","og_url":"https:\/\/lepatriotebenin.com\/index.php\/2025\/10\/22\/japon-sanae-takaichi-devient-officiellement-la-premiere-femme-premier-ministre-du-pays\/","og_site_name":"Le Patriote","article_published_time":"2025-10-22T01:07:11+00:00","og_image":[{"width":1080,"height":607,"url":"https:\/\/lepatriotebenin.com\/wp-content\/uploads\/2025\/10\/japon-1.jpg","type":"image\/jpeg"}],"author":"Redaction","twitter_card":"summary_large_image","twitter_misc":{"\u00c9crit par":"Redaction","Dur\u00e9e de lecture estim\u00e9e":"2 minutes"},"schema":{"@context":"https:\/\/schema.org","@graph":[{"@type":"Article","@id":"https:\/\/lepatriotebenin.com\/index.php\/2025\/10\/22\/japon-sanae-takaichi-devient-officiellement-la-premiere-femme-premier-ministre-du-pays\/#article","isPartOf":{"@id":"https:\/\/lepatriotebenin.com\/index.php\/2025\/10\/22\/japon-sanae-takaichi-devient-officiellement-la-premiere-femme-premier-ministre-du-pays\/"},"author":{"name":"Redaction","@id":"https:\/\/lepatriotebenin.com\/#\/schema\/person\/2e7709b9c9cc313e452d1136af61690f"},"headline":"Japon : Sanae Takaichi devient officiellement la premi\u00e8re femme Premier ministre du pays","datePublished":"2025-10-22T01:07:11+00:00","mainEntityOfPage":{"@id":"https:\/\/lepatriotebenin.com\/index.php\/2025\/10\/22\/japon-sanae-takaichi-devient-officiellement-la-premiere-femme-premier-ministre-du-pays\/"},"wordCount":339,"commentCount":0,"image":{"@id":"https:\/\/lepatriotebenin.com\/index.php\/2025\/10\/22\/japon-sanae-takaichi-devient-officiellement-la-premiere-femme-premier-ministre-du-pays\/#primaryimage"},"thumbnailUrl":"https:\/\/lepatriotebenin.com\/wp-content\/uploads\/2025\/10\/japon-1.jpg","articleSection":["Politique"],"inLanguage":"fr-FR","potentialAction":[{"@type":"CommentAction","name":"Comment","target":["https:\/\/lepatriotebenin.com\/index.php\/2025\/10\/22\/japon-sanae-takaichi-devient-officiellement-la-premiere-femme-premier-ministre-du-pays\/#respond"]}]},{"@type":"WebPage","@id":"https:\/\/lepatriotebenin.com\/index.php\/2025\/10\/22\/japon-sanae-takaichi-devient-officiellement-la-premiere-femme-premier-ministre-du-pays\/","url":"https:\/\/lepatriotebenin.com\/index.php\/2025\/10\/22\/japon-sanae-takaichi-devient-officiellement-la-premiere-femme-premier-ministre-du-pays\/","name":"Japon : Sanae Takaichi devient officiellement la premi\u00e8re femme Premier ministre du pays - Le Patriote","isPartOf":{"@id":"https:\/\/lepatriotebenin.com\/#website"},"primaryImageOfPage":{"@id":"https:\/\/lepatriotebenin.com\/index.php\/2025\/10\/22\/japon-sanae-takaichi-devient-officiellement-la-premiere-femme-premier-ministre-du-pays\/#primaryimage"},"image":{"@id":"https:\/\/lepatriotebenin.com\/index.php\/2025\/10\/22\/japon-sanae-takaichi-devient-officiellement-la-premiere-femme-premier-ministre-du-pays\/#primaryimage"},"thumbnailUrl":"https:\/\/lepatriotebenin.com\/wp-content\/uploads\/2025\/10\/japon-1.jpg","datePublished":"2025-10-22T01:07:11+00:00","author":{"@id":"https:\/\/lepatriotebenin.com\/#\/schema\/person\/2e7709b9c9cc313e452d1136af61690f"},"breadcrumb":{"@id":"https:\/\/lepatriotebenin.com\/index.php\/2025\/10\/22\/japon-sanae-takaichi-devient-officiellement-la-premiere-femme-premier-ministre-du-pays\/#breadcrumb"},"inLanguage":"fr-FR","potentialAction":[{"@type":"ReadAction","target":["https:\/\/lepatriotebenin.com\/index.php\/2025\/10\/22\/japon-sanae-takaichi-devient-officiellement-la-premiere-femme-premier-ministre-du-pays\/"]}]},{"@type":"ImageObject","inLanguage":"fr-FR","@id":"https:\/\/lepatriotebenin.com\/index.php\/2025\/10\/22\/japon-sanae-takaichi-devient-officiellement-la-premiere-femme-premier-ministre-du-pays\/#primaryimage","url":"https:\/\/lepatriotebenin.com\/wp-content\/uploads\/2025\/10\/japon-1.jpg","contentUrl":"https:\/\/lepatriotebenin.com\/wp-content\/uploads\/2025\/10\/japon-1.jpg","width":1080,"height":607},{"@type":"BreadcrumbList","@id":"https:\/\/lepatriotebenin.com\/index.php\/2025\/10\/22\/japon-sanae-takaichi-devient-officiellement-la-premiere-femme-premier-ministre-du-pays\/#breadcrumb","itemListElement":[{"@type":"ListItem","position":1,"name":"Accueil","item":"https:\/\/lepatriotebenin.com\/"},{"@type":"ListItem","position":2,"name":"Japon : Sanae Takaichi devient officiellement la premi\u00e8re femme Premier ministre du pays"}]},{"@type":"WebSite","@id":"https:\/\/lepatriotebenin.com\/#website","url":"https:\/\/lepatriotebenin.com\/","name":"Le Patriote","description":"Le Patriote B\u00e9nin","potentialAction":[{"@type":"SearchAction","target":{"@type":"EntryPoint","urlTemplate":"https:\/\/lepatriotebenin.com\/?s={search_term_string}"},"query-input":{"@type":"PropertyValueSpecification","valueRequired":true,"valueName":"search_term_string"}}],"inLanguage":"fr-FR"},{"@type":"Person","@id":"https:\/\/lepatriotebenin.com\/#\/schema\/person\/2e7709b9c9cc313e452d1136af61690f","name":"Redaction","image":{"@type":"ImageObject","inLanguage":"fr-FR","@id":"https:\/\/secure.gravatar.com\/avatar\/c4c509357859ea2ca2cbb6d8812898a73e4ef1ef9934c2e591d7e32face734d1?s=96&d=mm&r=g","url":"https:\/\/secure.gravatar.com\/avatar\/c4c509357859ea2ca2cbb6d8812898a73e4ef1ef9934c2e591d7e32face734d1?s=96&d=mm&r=g","contentUrl":"https:\/\/secure.gravatar.com\/avatar\/c4c509357859ea2ca2cbb6d8812898a73e4ef1ef9934c2e591d7e32face734d1?s=96&d=mm&r=g","caption":"Redaction"},"url":"https:\/\/lepatriotebenin.com"}]}},"_links":{"self":[{"href":"https:\/\/lepatriotebenin.com\/index.php\/wp-json\/wp\/v2\/posts\/14487","targetHints":{"allow":["GET"]}}],"collection":[{"href":"https:\/\/lepatriotebenin.com\/index.php\/wp-json\/wp\/v2\/posts"}],"about":[{"href":"https:\/\/lepatriotebenin.com\/index.php\/wp-json\/wp\/v2\/types\/post"}],"author":[{"embeddable":true,"href":"https:\/\/lepatriotebenin.com\/index.php\/wp-json\/wp\/v2\/users\/5"}],"replies":[{"embeddable":true,"href":"https:\/\/lepatriotebenin.com\/index.php\/wp-json\/wp\/v2\/comments?post=14487"}],"version-history":[{"count":1,"href":"https:\/\/lepatriotebenin.com\/index.php\/wp-json\/wp\/v2\/posts\/14487\/revisions"}],"predecessor-version":[{"id":14489,"href":"https:\/\/lepatriotebenin.com\/index.php\/wp-json\/wp\/v2\/posts\/14487\/revisions\/14489"}],"wp:featuredmedia":[{"embeddable":true,"href":"https:\/\/lepatriotebenin.com\/index.php\/wp-json\/wp\/v2\/media\/14488"}],"wp:attachment":[{"href":"https:\/\/lepatriotebenin.com\/index.php\/wp-json\/wp\/v2\/media?parent=14487"}],"wp:term":[{"taxonomy":"category","embeddable":true,"href":"https:\/\/lepatriotebenin.com\/index.php\/wp-json\/wp\/v2\/categories?post=14487"},{"taxonomy":"post_tag","embeddable":true,"href":"https:\/\/lepatriotebenin.com\/index.php\/wp-json\/wp\/v2\/tags?post=14487"}],"curies":[{"name":"wp","href":"https:\/\/api.w.org\/{rel}","templated":true}]}}