{"id":14464,"date":"2025-10-20T12:08:01","date_gmt":"2025-10-20T10:08:01","guid":{"rendered":"https:\/\/lepatriotebenin.com\/?p=14464"},"modified":"2025-10-20T12:08:01","modified_gmt":"2025-10-20T10:08:01","slug":"pere-arnaud-eric-aguenounon-la-situation-politique-en-france-est-une-belle-lecon-de-democratie","status":"publish","type":"post","link":"https:\/\/lepatriotebenin.com\/index.php\/2025\/10\/20\/pere-arnaud-eric-aguenounon-la-situation-politique-en-france-est-une-belle-lecon-de-democratie\/","title":{"rendered":"P\u00e8re Arnaud Eric Agu\u00e9nounon : \u00ab La situation politique en France est une belle le\u00e7on de d\u00e9mocratie \u00bb"},"content":{"rendered":"<p><strong><em>Le P\u00e8re Arnaud \u00e9ric Agu\u00e9nounon, essayiste et philosophe politique, analyse dans cette interview les causes profondes de l\u2019instabilit\u00e9 politique en France, la strat\u00e9gie du pr\u00e9sident Emmanuel Macron et la probabilit\u00e9 pour la stabilit\u00e9 de son Gouvernement et sa conduite des affaires jusqu\u2019en 2027.<\/em><\/strong><\/p>\n<p><em>La Croix du B\u00e9nin<\/em>\u00a0: <strong><em>Comment appr\u00e9ciez-vous la situation politique nationale qui pr\u00e9vaut depuis un moment en France marqu\u00e9e par l\u2019instabilit\u00e9 du Gouvernement avec des d\u00e9missions r\u00e9p\u00e9titives de Premiers ministres\u00a0?<\/em><\/strong><\/p>\n<p><strong><em>\u00a0<\/em><\/strong><\/p>\n<p><strong>P\u00e8re Arnaud \u00e9ric Agu\u00e9nounon<\/strong>\u00a0: La situation politique en France est une belle le\u00e7on de d\u00e9mocratie et un cas pratique d\u2019\u00e9tudes politiques. Elle pose la probl\u00e9matique de l\u2019accession et de la gestion du pouvoir politique. Le pr\u00e9sident Emmanuel Macron est un jeune homme politique, brillant, talentueux et strat\u00e8ge. Il a pu conqu\u00e9rir le pouvoir gr\u00e2ce \u00e0 <em>En marche\u00a0!<\/em>, le mouvement qu\u2019il a fond\u00e9 en 2016 apr\u00e8s avoir d\u00e9missionn\u00e9 du second Gouvernement de Manuel Valls, et pris ses distances avec le pr\u00e9sident Fran\u00e7ois Hollande. Il s\u2019est creus\u00e9 un sillon politique en mettant sur pied un paradigme ni gauche ni droite. Certains l\u2019avaient m\u00eame qualifi\u00e9 de traitre parce qu\u2019il \u00e9tait un proche collaborateur du pr\u00e9sident Hollande qui l\u2019a nomm\u00e9 Secr\u00e9taire g\u00e9n\u00e9ral adjoint de son cabinet en 2012, et ministre de l\u2019\u00c9conomie, de l\u2019Industrie et du Num\u00e9rique en 2014. Il a d\u00e9missionn\u00e9 de son poste pour s\u2019occuper de son parti tout en profitant de l\u2019impopularit\u00e9 du pr\u00e9sident Hollande.\u00a0 C\u2019\u00e9tait une erreur politique de la part de celui-ci de ne pas se pr\u00e9senter \u00e0 l\u2019\u00e9lection pr\u00e9sidentielle de 2017 puisque les sondages ne traduisent pas toujours la r\u00e9alit\u00e9 du r\u00e9el politique.<\/p>\n<p>Arriv\u00e9 au pouvoir, le pr\u00e9sident Macron s\u2019est confront\u00e9 \u00e0 la r\u00e9alit\u00e9 de sa gestion. Premi\u00e8rement, il vient d\u2019un milieu financier, ayant travaill\u00e9 dans une grande banque comme <em>Rothschild &amp; Cie<\/em>. Il conna\u00eet tr\u00e8s bien le milieu des capitaux qui l\u2019a financ\u00e9. Il devrait y avoir alors un retour d\u2019ascenseur. Ce qui s\u2019est r\u00e9v\u00e9l\u00e9 par la suppression de l\u2019imp\u00f4t sur les fortunes en 2017 remplac\u00e9 par l\u2019imp\u00f4t sur la fortune immobili\u00e8re d\u00e8s 2018. Il s\u2019est montr\u00e9 tr\u00e8s intelligent, astucieux et p\u00e9dagogue en cr\u00e9ant une porte d\u2019ouverture vers la droite. Lui qui n\u2019\u00e9tait au d\u00e9part ni de droite, ni de gauche, a commenc\u00e9 par appliquer une politique de droite.<\/p>\n<p>Le talon d\u2019Achille d\u2019Emmanuel Macron r\u00e9side dans la condescendance. Il para\u00eet hors sol, d\u00e9tach\u00e9 du peuple parfois. Le deuxi\u00e8me \u00e9l\u00e9ment, c\u2019est qu\u2019il est trop s\u00fbr de ses calculs. Troisi\u00e8mement, il aime prendre des risques. \u00e0 ces trois faiblesses s\u2019ajoute le contexte de la Covid-19 que la France a travers\u00e9. Le monde entier a senti l\u2019\u00e9preuve de ce temps dans la barbe d\u2019Edouard Philippe, une barbe qui a blanchi au fil des jours. Ensuite, il y a le mouvement des \u00ab\u00a0Gilets jaune\u00a0\u00bb, une contestation sociale difficilement r\u00e9gl\u00e9e par le pr\u00e9sident Macron. Face \u00e0 ces talons d\u2019Achille intrins\u00e8ques \u00e0 sa politique et les facteurs de l\u2019\u00e9preuve du pouvoir et du temps, il savait qu\u2019il devrait assumer la d\u00e9mocratie. On ne joue pas avec elle surtout dans les pays de grande tradition d\u00e9mocratique.<\/p>\n<p>Dans le cas de la situation politique actuelle, l\u2019impopularit\u00e9 politique du pr\u00e9sident fran\u00e7ais est aussi li\u00e9e aux facteurs conjoncturels\u00a0: la guerre en Ukraine, le conflit isra\u00e9lo-palestinien, la conjoncture \u00e9conomique mondiale. Malgr\u00e9 ces facteurs, il faut noter que les grandes entreprises fran\u00e7aises prosp\u00e8rent, la vie \u00e9conomique va \u00e0 son rythme normal avec le monde du travail. Il faut faire remarquer que le pr\u00e9sident Macron fait montre de courage dans la mesure o\u00f9 il a su mettre \u00e0 l\u2019\u00e9preuve sa politique et sa majorit\u00e9 lors des \u00e9lections europ\u00e9ennes de 2024. Sa strat\u00e9gie visait \u00e0 montrer que le Front national et le Rassemblement national ne peuvent pas progresser puisque les Fran\u00e7ais ne sont pas des extr\u00e9mistes. Cette ambiance qui a amen\u00e9 \u00e0 la dissolution du Parlement et aux \u00e9lections l\u00e9gislatives n\u2019avait pas requis l\u2019assentiment de son ancien Premier ministre et pr\u00e9sident du groupe parlementaire <em>Ensemble pour la R\u00e9publique<\/em>, Gabriel Attal.<\/p>\n<p>De ce point de vue, le pr\u00e9sident Macron est courageux mais pr\u00e9tentieux. Il voulait d\u2019abord que la population sorte nombreuse pour aller voter. Les r\u00e9sultats ont r\u00e9v\u00e9l\u00e9 plusieurs entit\u00e9s au Parlement\u00a0: le <em>Rassemblement national<\/em> (124 d\u00e9put\u00e9s), <em>Ensemble pour la R\u00e9publique<\/em> (93), <em>La France insoumise<\/em> (71), <em>Parti socialiste<\/em> (66), <em>Droite\u00a0r\u00e9publicaine<\/em> (47), <em>Ecologiste et social<\/em> (38), <em>Les D\u00e9mocrates<\/em> (36), etc. Malheureusement, <em>En Marche\u00a0!<\/em> n\u2019a pas obtenu la majorit\u00e9 des si\u00e8ges et aucun parti n\u2019avait \u00e0 lui seul lev\u00e9 288 si\u00e8ges sur les 577 du Parlement fran\u00e7ais. Il fallait faire des regroupements. Ayant \u00e9tudi\u00e9 la sph\u00e8re politique fran\u00e7aise, il a jou\u00e9 sur les clivages pour ne pas nommer un Premier ministre de gauche. Il a m\u00eame nomm\u00e9 Fran\u00e7ois Bayrou comme Premier ministre, centriste, qui est son alli\u00e9. Cette nomination n\u2019\u00e9tait pas du go\u00fbt du Rassemblement national. Mais le pr\u00e9sident Macron est rest\u00e9 cantonn\u00e9 sur sa position. Ce faisant, il prend beaucoup de risques qui pourraient conduire \u00e0 sa destitution. Car il est aujourd\u2019hui tr\u00e8s difficile de rassurer de la stabilit\u00e9 du Gouvernement actuel form\u00e9 par le Premier ministre S\u00e9bastien Lecornu, \u00e0 nouveau nomm\u00e9.<\/p>\n<p><strong><em>Selon vous, quel pourrait \u00eatre l\u2019impact de cette situation sur les relations avec les pays francophones\u00a0?<\/em><\/strong><\/p>\n<p>Le premier impact, c\u2019est que certains dirigeants des pays francophones notamment d\u2019Afrique pourraient continuer de se moquer de la d\u00e9mocratie. Ils peuvent partir de la r\u00e9alit\u00e9 fran\u00e7aise pour conclure que la d\u00e9mocratie est incompatible avec nos r\u00e9alit\u00e9s endog\u00e8nes. Et qu\u2019il vaut mieux opter pour la dictature. Cela pourrait trouver un \u00e9cho favorable aupr\u00e8s d\u2019une certaine audience dans la mesure o\u00f9 certains chefs d\u2019Etat en Afrique n\u2019accepteraient\u00a0 jamais que leur Parlement soit en opposition \u00e0 leur ligne politique. La r\u00e9alit\u00e9 du B\u00e9nin est encore pr\u00e9sente dans les esprits avec les pr\u00e9sidents Nic\u00e9phore Dieudonn\u00e9 Soglo, Mathieu K\u00e9r\u00e9kou, Thomas Boni Yayi et plus r\u00e9cemment, Patrice Talon.<\/p>\n<p>On oublie souvent que le socle de la d\u00e9mocratie est la dynamique parlementaire. Ce qui se passe dans l\u2019Hexagone est l\u2019expression d\u2019une vitalit\u00e9 d\u00e9mocratique et non d\u2019un chaos d\u00e9mocratique. En face, il y a un pr\u00e9sident de la R\u00e9publique qui passe par ruse et strat\u00e9gie pour se maintenir. Cependant,\u00a0 il cherche la petite porte de dialogue tout en refusant de faire la politique de ses vis-\u00e0-vis de la gauche. Ce qui fait que le Gouvernement de S\u00e9bastien Lecornu a fait beaucoup plus de place aux acteurs de la soci\u00e9t\u00e9 civile, aux technocrates qu\u2019aux politiciens. C\u2019est le signe que le pr\u00e9sident Macron ne souhaite pas avoir dans son Gouvernement des collaborateurs ou des politiciens qui utilisent cette fen\u00eatre pour battre campagne pour l\u2019\u00e9lection pr\u00e9sidentielle de 2027.<\/p>\n<p>Les pays francophones d\u2019Afrique doivent rester dans la perspective que la d\u00e9mocratie est une \u00e9cole de formation citoyenne et de vie politique engag\u00e9e. Il est tr\u00e8s important que nous entrions dans cette culture d\u00e9mocratique bien incarn\u00e9e. La d\u00e9mocratie est une porte \u00e9troite qu\u2019il faut passer tout en prenant l\u2019engagement de respecter les r\u00e8gles \u00e9tablies. C\u2019est dommage que sur le Continent africain, une famille reste au pouvoir pendant deux ou trois d\u00e9cennies ou encore plus. Il y a d\u2019autres intelligences qui peuvent apporter leurs pierres \u00e0 l\u2019\u00e9dification de la Nation. Tout ce que le pr\u00e9sident b\u00e9ninois r\u00e9alise est beau. N\u00e9anmoins, on peut le faire sans qu\u2019il y ait des exil\u00e9s, des emprisonnements politiques ou des tueries en \u00e9vitant les restrictions des libert\u00e9s civiles et politiques. Mon espoir c\u2019est que les \u00e9lections prochaines au B\u00e9nin se d\u00e9roulent dans la paix, la justice, la qui\u00e9tude, et qu\u2019elles soient ouvertes \u00e0 tous, \u00e9quitables et inclusives. C\u2019est aussi ma pri\u00e8re pour la C\u00f4te d\u2019Ivoire et les autres pays d&rsquo;Afrique. Il faut que le regard du politique africain s\u2019ouvre vers une r\u00e9alit\u00e9 que la Doctrine sociale de l\u2019\u00e9glise annonce\u00a0: la vie politique est le sommet de la charit\u00e9.<\/p>\n<p>La politique est le rel\u00e8vement d\u2019un peuple et non sa soumission. Il ne s\u2019agit pas d\u2019\u00e9craser mais de servir dignement, avec noblesse et grandeur, en priorisant absolument l\u2019int\u00e9r\u00eat g\u00e9n\u00e9ral.<\/p>\n<p><strong><em>Le pr\u00e9sident Emmanuel Macron est accus\u00e9 d\u2019\u00eatre \u00e0 l\u2019origine de la crise que traverse son pays. Comment voyez-vous l\u2019issue\u00a0?<\/em><\/strong><\/p>\n<p>La crise actuelle remonte \u00e0 beaucoup d\u2019ann\u00e9es en arri\u00e8re. La question de la dette en France est \u00e9galement pr\u00e9gnante aux \u00e9tats-Unis. Tous les pays sont endett\u00e9s. Il vaut mieux se pencher sur les m\u00e9canismes de l\u2019acquisition et du paiement (remboursement) de la dette surtout que la vie devenant de plus en plus ch\u00e8re, il est difficile pour les citoyens d\u2019assurer les charges. La France ou l\u2019Europe n\u2019est pas un eldorado. Il y r\u00e8gne aussi la mis\u00e8re, et de grande mis\u00e8re. Si la crise politique ne se r\u00e8gle pas, les citoyens iront dans la rue. La col\u00e8re sociale va prendre de l\u2019ampleur. Ce qui peut conduire, si on n\u2019y prend garde, \u00e0 une nouvelle R\u00e9volution en France.<\/p>\n<p>Cependant, il faut humblement reconna\u00eetre que la politique ne peut pas r\u00e9gler tous les probl\u00e8mes de la soci\u00e9t\u00e9. Le politique pense qu\u2019il suffit que la gauche soit au pouvoir pour que les choses s\u2019am\u00e9liorent. Ou qu\u2019il suffit que le Rassemblement\u00a0 National soit \u00e0 l\u2019Elys\u00e9e pour que les Fran\u00e7ais aient une meilleure condition sociale. Non\u00a0! Ce n\u2019est pas aussi facile. Il s\u2019agit d\u2019une question centrale et transversale qui concerne toutes les familles, les m\u00e9nages, les associations, le monde rural, les entreprises. Et donc, il y a n\u00e9cessit\u00e9 d\u2019un dialogue global et d\u2019un travail d\u2019ensemble.<\/p>\n<p><strong>Source : <em>La Croix du B\u00e9nin<\/em>\u00a0<\/strong><\/p>\n","protected":false},"excerpt":{"rendered":"<p>Le P\u00e8re Arnaud \u00e9ric Agu\u00e9nounon, essayiste et philosophe politique, analyse dans cette interview les causes profondes de l\u2019instabilit\u00e9 politique en France, la strat\u00e9gie du pr\u00e9sident Emmanuel Macron et la probabilit\u00e9&hellip;<\/p>\n","protected":false},"author":5,"featured_media":14465,"comment_status":"open","ping_status":"open","sticky":false,"template":"","format":"standard","meta":{"content-type":"","om_disable_all_campaigns":false,"_monsterinsights_skip_tracking":false,"_monsterinsights_sitenote_active":false,"_monsterinsights_sitenote_note":"","_monsterinsights_sitenote_category":0,"_uf_show_specific_survey":0,"_uf_disable_surveys":false,"footnotes":""},"categories":[26],"tags":[],"class_list":["post-14464","post","type-post","status-publish","format-standard","has-post-thumbnail","hentry","category-politique"],"aioseo_notices":[],"yoast_head":"<!-- This site is optimized with the Yoast SEO plugin v27.5 - https:\/\/yoast.com\/product\/yoast-seo-wordpress\/ -->\n<title>P\u00e8re Arnaud Eric Agu\u00e9nounon : \u00ab La situation politique en France est une belle le\u00e7on de d\u00e9mocratie \u00bb - Le Patriote<\/title>\n<meta name=\"robots\" content=\"index, follow, max-snippet:-1, max-image-preview:large, max-video-preview:-1\" \/>\n<link rel=\"canonical\" href=\"https:\/\/lepatriotebenin.com\/index.php\/2025\/10\/20\/pere-arnaud-eric-aguenounon-la-situation-politique-en-france-est-une-belle-lecon-de-democratie\/\" \/>\n<meta property=\"og:locale\" content=\"fr_FR\" \/>\n<meta property=\"og:type\" content=\"article\" \/>\n<meta property=\"og:title\" content=\"P\u00e8re Arnaud Eric Agu\u00e9nounon : \u00ab La situation politique en France est une belle le\u00e7on de d\u00e9mocratie \u00bb - Le Patriote\" \/>\n<meta property=\"og:description\" content=\"Le P\u00e8re Arnaud \u00e9ric Agu\u00e9nounon, essayiste et philosophe politique, analyse dans cette interview les causes profondes de l\u2019instabilit\u00e9 politique en France, la strat\u00e9gie du pr\u00e9sident Emmanuel Macron et la probabilit\u00e9&hellip;\" \/>\n<meta property=\"og:url\" content=\"https:\/\/lepatriotebenin.com\/index.php\/2025\/10\/20\/pere-arnaud-eric-aguenounon-la-situation-politique-en-france-est-une-belle-lecon-de-democratie\/\" \/>\n<meta property=\"og:site_name\" content=\"Le Patriote\" \/>\n<meta property=\"article:published_time\" content=\"2025-10-20T10:08:01+00:00\" \/>\n<meta property=\"og:image\" content=\"https:\/\/lepatriotebenin.com\/wp-content\/uploads\/2025\/10\/aguenounon-pere.jpg\" \/>\n\t<meta property=\"og:image:width\" content=\"1200\" \/>\n\t<meta property=\"og:image:height\" content=\"675\" \/>\n\t<meta property=\"og:image:type\" content=\"image\/jpeg\" \/>\n<meta name=\"author\" content=\"Redaction\" \/>\n<meta name=\"twitter:card\" content=\"summary_large_image\" \/>\n<meta name=\"twitter:label1\" content=\"\u00c9crit par\" \/>\n\t<meta name=\"twitter:data1\" content=\"Redaction\" \/>\n\t<meta name=\"twitter:label2\" content=\"Dur\u00e9e de lecture estim\u00e9e\" \/>\n\t<meta name=\"twitter:data2\" content=\"8 minutes\" \/>\n<script type=\"application\/ld+json\" class=\"yoast-schema-graph\">{\"@context\":\"https:\\\/\\\/schema.org\",\"@graph\":[{\"@type\":\"Article\",\"@id\":\"https:\\\/\\\/lepatriotebenin.com\\\/index.php\\\/2025\\\/10\\\/20\\\/pere-arnaud-eric-aguenounon-la-situation-politique-en-france-est-une-belle-lecon-de-democratie\\\/#article\",\"isPartOf\":{\"@id\":\"https:\\\/\\\/lepatriotebenin.com\\\/index.php\\\/2025\\\/10\\\/20\\\/pere-arnaud-eric-aguenounon-la-situation-politique-en-france-est-une-belle-lecon-de-democratie\\\/\"},\"author\":{\"name\":\"Redaction\",\"@id\":\"https:\\\/\\\/lepatriotebenin.com\\\/#\\\/schema\\\/person\\\/2e7709b9c9cc313e452d1136af61690f\"},\"headline\":\"P\u00e8re Arnaud Eric Agu\u00e9nounon : \u00ab La situation politique en France est une belle le\u00e7on de d\u00e9mocratie \u00bb\",\"datePublished\":\"2025-10-20T10:08:01+00:00\",\"mainEntityOfPage\":{\"@id\":\"https:\\\/\\\/lepatriotebenin.com\\\/index.php\\\/2025\\\/10\\\/20\\\/pere-arnaud-eric-aguenounon-la-situation-politique-en-france-est-une-belle-lecon-de-democratie\\\/\"},\"wordCount\":1774,\"commentCount\":0,\"image\":{\"@id\":\"https:\\\/\\\/lepatriotebenin.com\\\/index.php\\\/2025\\\/10\\\/20\\\/pere-arnaud-eric-aguenounon-la-situation-politique-en-france-est-une-belle-lecon-de-democratie\\\/#primaryimage\"},\"thumbnailUrl\":\"https:\\\/\\\/lepatriotebenin.com\\\/wp-content\\\/uploads\\\/2025\\\/10\\\/aguenounon-pere.jpg\",\"articleSection\":[\"Politique\"],\"inLanguage\":\"fr-FR\",\"potentialAction\":[{\"@type\":\"CommentAction\",\"name\":\"Comment\",\"target\":[\"https:\\\/\\\/lepatriotebenin.com\\\/index.php\\\/2025\\\/10\\\/20\\\/pere-arnaud-eric-aguenounon-la-situation-politique-en-france-est-une-belle-lecon-de-democratie\\\/#respond\"]}]},{\"@type\":\"WebPage\",\"@id\":\"https:\\\/\\\/lepatriotebenin.com\\\/index.php\\\/2025\\\/10\\\/20\\\/pere-arnaud-eric-aguenounon-la-situation-politique-en-france-est-une-belle-lecon-de-democratie\\\/\",\"url\":\"https:\\\/\\\/lepatriotebenin.com\\\/index.php\\\/2025\\\/10\\\/20\\\/pere-arnaud-eric-aguenounon-la-situation-politique-en-france-est-une-belle-lecon-de-democratie\\\/\",\"name\":\"P\u00e8re Arnaud Eric Agu\u00e9nounon : \u00ab La situation politique en France est une belle le\u00e7on de d\u00e9mocratie \u00bb - Le Patriote\",\"isPartOf\":{\"@id\":\"https:\\\/\\\/lepatriotebenin.com\\\/#website\"},\"primaryImageOfPage\":{\"@id\":\"https:\\\/\\\/lepatriotebenin.com\\\/index.php\\\/2025\\\/10\\\/20\\\/pere-arnaud-eric-aguenounon-la-situation-politique-en-france-est-une-belle-lecon-de-democratie\\\/#primaryimage\"},\"image\":{\"@id\":\"https:\\\/\\\/lepatriotebenin.com\\\/index.php\\\/2025\\\/10\\\/20\\\/pere-arnaud-eric-aguenounon-la-situation-politique-en-france-est-une-belle-lecon-de-democratie\\\/#primaryimage\"},\"thumbnailUrl\":\"https:\\\/\\\/lepatriotebenin.com\\\/wp-content\\\/uploads\\\/2025\\\/10\\\/aguenounon-pere.jpg\",\"datePublished\":\"2025-10-20T10:08:01+00:00\",\"author\":{\"@id\":\"https:\\\/\\\/lepatriotebenin.com\\\/#\\\/schema\\\/person\\\/2e7709b9c9cc313e452d1136af61690f\"},\"breadcrumb\":{\"@id\":\"https:\\\/\\\/lepatriotebenin.com\\\/index.php\\\/2025\\\/10\\\/20\\\/pere-arnaud-eric-aguenounon-la-situation-politique-en-france-est-une-belle-lecon-de-democratie\\\/#breadcrumb\"},\"inLanguage\":\"fr-FR\",\"potentialAction\":[{\"@type\":\"ReadAction\",\"target\":[\"https:\\\/\\\/lepatriotebenin.com\\\/index.php\\\/2025\\\/10\\\/20\\\/pere-arnaud-eric-aguenounon-la-situation-politique-en-france-est-une-belle-lecon-de-democratie\\\/\"]}]},{\"@type\":\"ImageObject\",\"inLanguage\":\"fr-FR\",\"@id\":\"https:\\\/\\\/lepatriotebenin.com\\\/index.php\\\/2025\\\/10\\\/20\\\/pere-arnaud-eric-aguenounon-la-situation-politique-en-france-est-une-belle-lecon-de-democratie\\\/#primaryimage\",\"url\":\"https:\\\/\\\/lepatriotebenin.com\\\/wp-content\\\/uploads\\\/2025\\\/10\\\/aguenounon-pere.jpg\",\"contentUrl\":\"https:\\\/\\\/lepatriotebenin.com\\\/wp-content\\\/uploads\\\/2025\\\/10\\\/aguenounon-pere.jpg\",\"width\":1200,\"height\":675},{\"@type\":\"BreadcrumbList\",\"@id\":\"https:\\\/\\\/lepatriotebenin.com\\\/index.php\\\/2025\\\/10\\\/20\\\/pere-arnaud-eric-aguenounon-la-situation-politique-en-france-est-une-belle-lecon-de-democratie\\\/#breadcrumb\",\"itemListElement\":[{\"@type\":\"ListItem\",\"position\":1,\"name\":\"Accueil\",\"item\":\"https:\\\/\\\/lepatriotebenin.com\\\/\"},{\"@type\":\"ListItem\",\"position\":2,\"name\":\"P\u00e8re Arnaud Eric Agu\u00e9nounon : \u00ab La situation politique en France est une belle le\u00e7on de d\u00e9mocratie \u00bb\"}]},{\"@type\":\"WebSite\",\"@id\":\"https:\\\/\\\/lepatriotebenin.com\\\/#website\",\"url\":\"https:\\\/\\\/lepatriotebenin.com\\\/\",\"name\":\"Le Patriote\",\"description\":\"Le Patriote B\u00e9nin\",\"potentialAction\":[{\"@type\":\"SearchAction\",\"target\":{\"@type\":\"EntryPoint\",\"urlTemplate\":\"https:\\\/\\\/lepatriotebenin.com\\\/?s={search_term_string}\"},\"query-input\":{\"@type\":\"PropertyValueSpecification\",\"valueRequired\":true,\"valueName\":\"search_term_string\"}}],\"inLanguage\":\"fr-FR\"},{\"@type\":\"Person\",\"@id\":\"https:\\\/\\\/lepatriotebenin.com\\\/#\\\/schema\\\/person\\\/2e7709b9c9cc313e452d1136af61690f\",\"name\":\"Redaction\",\"image\":{\"@type\":\"ImageObject\",\"inLanguage\":\"fr-FR\",\"@id\":\"https:\\\/\\\/secure.gravatar.com\\\/avatar\\\/c4c509357859ea2ca2cbb6d8812898a73e4ef1ef9934c2e591d7e32face734d1?s=96&d=mm&r=g\",\"url\":\"https:\\\/\\\/secure.gravatar.com\\\/avatar\\\/c4c509357859ea2ca2cbb6d8812898a73e4ef1ef9934c2e591d7e32face734d1?s=96&d=mm&r=g\",\"contentUrl\":\"https:\\\/\\\/secure.gravatar.com\\\/avatar\\\/c4c509357859ea2ca2cbb6d8812898a73e4ef1ef9934c2e591d7e32face734d1?s=96&d=mm&r=g\",\"caption\":\"Redaction\"},\"url\":\"https:\\\/\\\/lepatriotebenin.com\"}]}<\/script>\n<!-- \/ Yoast SEO plugin. -->","yoast_head_json":{"title":"P\u00e8re Arnaud Eric Agu\u00e9nounon : \u00ab La situation politique en France est une belle le\u00e7on de d\u00e9mocratie \u00bb - Le Patriote","robots":{"index":"index","follow":"follow","max-snippet":"max-snippet:-1","max-image-preview":"max-image-preview:large","max-video-preview":"max-video-preview:-1"},"canonical":"https:\/\/lepatriotebenin.com\/index.php\/2025\/10\/20\/pere-arnaud-eric-aguenounon-la-situation-politique-en-france-est-une-belle-lecon-de-democratie\/","og_locale":"fr_FR","og_type":"article","og_title":"P\u00e8re Arnaud Eric Agu\u00e9nounon : \u00ab La situation politique en France est une belle le\u00e7on de d\u00e9mocratie \u00bb - Le Patriote","og_description":"Le P\u00e8re Arnaud \u00e9ric Agu\u00e9nounon, essayiste et philosophe politique, analyse dans cette interview les causes profondes de l\u2019instabilit\u00e9 politique en France, la strat\u00e9gie du pr\u00e9sident Emmanuel Macron et la probabilit\u00e9&hellip;","og_url":"https:\/\/lepatriotebenin.com\/index.php\/2025\/10\/20\/pere-arnaud-eric-aguenounon-la-situation-politique-en-france-est-une-belle-lecon-de-democratie\/","og_site_name":"Le Patriote","article_published_time":"2025-10-20T10:08:01+00:00","og_image":[{"width":1200,"height":675,"url":"https:\/\/lepatriotebenin.com\/wp-content\/uploads\/2025\/10\/aguenounon-pere.jpg","type":"image\/jpeg"}],"author":"Redaction","twitter_card":"summary_large_image","twitter_misc":{"\u00c9crit par":"Redaction","Dur\u00e9e de lecture estim\u00e9e":"8 minutes"},"schema":{"@context":"https:\/\/schema.org","@graph":[{"@type":"Article","@id":"https:\/\/lepatriotebenin.com\/index.php\/2025\/10\/20\/pere-arnaud-eric-aguenounon-la-situation-politique-en-france-est-une-belle-lecon-de-democratie\/#article","isPartOf":{"@id":"https:\/\/lepatriotebenin.com\/index.php\/2025\/10\/20\/pere-arnaud-eric-aguenounon-la-situation-politique-en-france-est-une-belle-lecon-de-democratie\/"},"author":{"name":"Redaction","@id":"https:\/\/lepatriotebenin.com\/#\/schema\/person\/2e7709b9c9cc313e452d1136af61690f"},"headline":"P\u00e8re Arnaud Eric Agu\u00e9nounon : \u00ab La situation politique en France est une belle le\u00e7on de d\u00e9mocratie \u00bb","datePublished":"2025-10-20T10:08:01+00:00","mainEntityOfPage":{"@id":"https:\/\/lepatriotebenin.com\/index.php\/2025\/10\/20\/pere-arnaud-eric-aguenounon-la-situation-politique-en-france-est-une-belle-lecon-de-democratie\/"},"wordCount":1774,"commentCount":0,"image":{"@id":"https:\/\/lepatriotebenin.com\/index.php\/2025\/10\/20\/pere-arnaud-eric-aguenounon-la-situation-politique-en-france-est-une-belle-lecon-de-democratie\/#primaryimage"},"thumbnailUrl":"https:\/\/lepatriotebenin.com\/wp-content\/uploads\/2025\/10\/aguenounon-pere.jpg","articleSection":["Politique"],"inLanguage":"fr-FR","potentialAction":[{"@type":"CommentAction","name":"Comment","target":["https:\/\/lepatriotebenin.com\/index.php\/2025\/10\/20\/pere-arnaud-eric-aguenounon-la-situation-politique-en-france-est-une-belle-lecon-de-democratie\/#respond"]}]},{"@type":"WebPage","@id":"https:\/\/lepatriotebenin.com\/index.php\/2025\/10\/20\/pere-arnaud-eric-aguenounon-la-situation-politique-en-france-est-une-belle-lecon-de-democratie\/","url":"https:\/\/lepatriotebenin.com\/index.php\/2025\/10\/20\/pere-arnaud-eric-aguenounon-la-situation-politique-en-france-est-une-belle-lecon-de-democratie\/","name":"P\u00e8re Arnaud Eric Agu\u00e9nounon : \u00ab La situation politique en France est une belle le\u00e7on de d\u00e9mocratie \u00bb - Le Patriote","isPartOf":{"@id":"https:\/\/lepatriotebenin.com\/#website"},"primaryImageOfPage":{"@id":"https:\/\/lepatriotebenin.com\/index.php\/2025\/10\/20\/pere-arnaud-eric-aguenounon-la-situation-politique-en-france-est-une-belle-lecon-de-democratie\/#primaryimage"},"image":{"@id":"https:\/\/lepatriotebenin.com\/index.php\/2025\/10\/20\/pere-arnaud-eric-aguenounon-la-situation-politique-en-france-est-une-belle-lecon-de-democratie\/#primaryimage"},"thumbnailUrl":"https:\/\/lepatriotebenin.com\/wp-content\/uploads\/2025\/10\/aguenounon-pere.jpg","datePublished":"2025-10-20T10:08:01+00:00","author":{"@id":"https:\/\/lepatriotebenin.com\/#\/schema\/person\/2e7709b9c9cc313e452d1136af61690f"},"breadcrumb":{"@id":"https:\/\/lepatriotebenin.com\/index.php\/2025\/10\/20\/pere-arnaud-eric-aguenounon-la-situation-politique-en-france-est-une-belle-lecon-de-democratie\/#breadcrumb"},"inLanguage":"fr-FR","potentialAction":[{"@type":"ReadAction","target":["https:\/\/lepatriotebenin.com\/index.php\/2025\/10\/20\/pere-arnaud-eric-aguenounon-la-situation-politique-en-france-est-une-belle-lecon-de-democratie\/"]}]},{"@type":"ImageObject","inLanguage":"fr-FR","@id":"https:\/\/lepatriotebenin.com\/index.php\/2025\/10\/20\/pere-arnaud-eric-aguenounon-la-situation-politique-en-france-est-une-belle-lecon-de-democratie\/#primaryimage","url":"https:\/\/lepatriotebenin.com\/wp-content\/uploads\/2025\/10\/aguenounon-pere.jpg","contentUrl":"https:\/\/lepatriotebenin.com\/wp-content\/uploads\/2025\/10\/aguenounon-pere.jpg","width":1200,"height":675},{"@type":"BreadcrumbList","@id":"https:\/\/lepatriotebenin.com\/index.php\/2025\/10\/20\/pere-arnaud-eric-aguenounon-la-situation-politique-en-france-est-une-belle-lecon-de-democratie\/#breadcrumb","itemListElement":[{"@type":"ListItem","position":1,"name":"Accueil","item":"https:\/\/lepatriotebenin.com\/"},{"@type":"ListItem","position":2,"name":"P\u00e8re Arnaud Eric Agu\u00e9nounon : \u00ab La situation politique en France est une belle le\u00e7on de d\u00e9mocratie \u00bb"}]},{"@type":"WebSite","@id":"https:\/\/lepatriotebenin.com\/#website","url":"https:\/\/lepatriotebenin.com\/","name":"Le Patriote","description":"Le Patriote B\u00e9nin","potentialAction":[{"@type":"SearchAction","target":{"@type":"EntryPoint","urlTemplate":"https:\/\/lepatriotebenin.com\/?s={search_term_string}"},"query-input":{"@type":"PropertyValueSpecification","valueRequired":true,"valueName":"search_term_string"}}],"inLanguage":"fr-FR"},{"@type":"Person","@id":"https:\/\/lepatriotebenin.com\/#\/schema\/person\/2e7709b9c9cc313e452d1136af61690f","name":"Redaction","image":{"@type":"ImageObject","inLanguage":"fr-FR","@id":"https:\/\/secure.gravatar.com\/avatar\/c4c509357859ea2ca2cbb6d8812898a73e4ef1ef9934c2e591d7e32face734d1?s=96&d=mm&r=g","url":"https:\/\/secure.gravatar.com\/avatar\/c4c509357859ea2ca2cbb6d8812898a73e4ef1ef9934c2e591d7e32face734d1?s=96&d=mm&r=g","contentUrl":"https:\/\/secure.gravatar.com\/avatar\/c4c509357859ea2ca2cbb6d8812898a73e4ef1ef9934c2e591d7e32face734d1?s=96&d=mm&r=g","caption":"Redaction"},"url":"https:\/\/lepatriotebenin.com"}]}},"_links":{"self":[{"href":"https:\/\/lepatriotebenin.com\/index.php\/wp-json\/wp\/v2\/posts\/14464","targetHints":{"allow":["GET"]}}],"collection":[{"href":"https:\/\/lepatriotebenin.com\/index.php\/wp-json\/wp\/v2\/posts"}],"about":[{"href":"https:\/\/lepatriotebenin.com\/index.php\/wp-json\/wp\/v2\/types\/post"}],"author":[{"embeddable":true,"href":"https:\/\/lepatriotebenin.com\/index.php\/wp-json\/wp\/v2\/users\/5"}],"replies":[{"embeddable":true,"href":"https:\/\/lepatriotebenin.com\/index.php\/wp-json\/wp\/v2\/comments?post=14464"}],"version-history":[{"count":1,"href":"https:\/\/lepatriotebenin.com\/index.php\/wp-json\/wp\/v2\/posts\/14464\/revisions"}],"predecessor-version":[{"id":14466,"href":"https:\/\/lepatriotebenin.com\/index.php\/wp-json\/wp\/v2\/posts\/14464\/revisions\/14466"}],"wp:featuredmedia":[{"embeddable":true,"href":"https:\/\/lepatriotebenin.com\/index.php\/wp-json\/wp\/v2\/media\/14465"}],"wp:attachment":[{"href":"https:\/\/lepatriotebenin.com\/index.php\/wp-json\/wp\/v2\/media?parent=14464"}],"wp:term":[{"taxonomy":"category","embeddable":true,"href":"https:\/\/lepatriotebenin.com\/index.php\/wp-json\/wp\/v2\/categories?post=14464"},{"taxonomy":"post_tag","embeddable":true,"href":"https:\/\/lepatriotebenin.com\/index.php\/wp-json\/wp\/v2\/tags?post=14464"}],"curies":[{"name":"wp","href":"https:\/\/api.w.org\/{rel}","templated":true}]}}