{"id":14460,"date":"2025-10-20T04:50:31","date_gmt":"2025-10-20T02:50:31","guid":{"rendered":"https:\/\/lepatriotebenin.com\/?p=14460"},"modified":"2025-10-20T04:50:31","modified_gmt":"2025-10-20T02:50:31","slug":"editorial-sodjinou-pardon","status":"publish","type":"post","link":"https:\/\/lepatriotebenin.com\/index.php\/2025\/10\/20\/editorial-sodjinou-pardon\/","title":{"rendered":"Editorial : Sodjinou, pardon\u2026"},"content":{"rendered":"<p>S\u2019il devrait porter un nom, le m\u00e9lodrame qui se joue actuellement sur la sc\u00e8ne politique au B\u00e9nin pourrait bien \u00eatre\u00a0: \u00ab\u00a0Les vraies couleurs de la traitrise\u00a0\u00bb. Il r\u00e9v\u00e8le un personnage singulier, acteur et metteur en sc\u00e8ne d\u2019une com\u00e9die politique d\u2019inspiration diabolique \u00e9crite de vieille date par les soins d\u2019un auteur visiblement dou\u00e9 pour la r\u00e9daction des sc\u00e9narii des films d\u2019horreur et les thrillers de mauvais suspenses.<\/p>\n<p>En une semaine, il est pass\u00e9 du statut du d\u00e9put\u00e9 anonyme \u00e0 celui de l\u2019homme politique le plus c\u00e9l\u00e8bre de la R\u00e9publique. Mais \u00ab\u00a0Tristement c\u00e9l\u00e8bre\u00a0\u00bb comme un certain H\u00e9rostrate qui incendia le temple d\u2019Art\u00e9mis \u00e0 Delphes. Tristement c\u00e9l\u00e8bre pour la gravit\u00e9 de l\u2019acte qu\u2019il a pos\u00e9 et qui restera ind\u00e9l\u00e9bile dans la m\u00e9moire collective comme l\u2019une des plus grandes traitrises politiques de notre temps.<\/p>\n<p>Le lundi 13 octobre, alors que le parti Les D\u00e9mocrates s\u2019appr\u00eatait \u00e0 valider le choix de son duo pr\u00e9sidentiel en Conseil National, la toile s\u2019enflamme par une action en justice du d\u00e9put\u00e9 contre son parti et surtout contre son pr\u00e9sident Boni Yayi. Les petits mercenaires de la toile, emport\u00e9s dans une agitation fr\u00e9n\u00e9tique brandissent \u00e0 l\u2019image d\u2019autres valets de la communication pr\u00e9sidentielle un exploit d\u2019huissier qui enjoint au pr\u00e9sident Yayi de lui retourner sa fiche de parrainage. A peine a-t-on eu le temps de supporter les douleurs du premier coup qu\u2019un second est assen\u00e9 dans le dos \u00e0 Boni Yayi. En effet, un courrier sur la toile via les m\u00eames r\u00e9seaux o\u00f9 il d\u00e9nonce le choix fait par le parti. Son choix \u00e0 lui serait diff\u00e9rent\u00a0: Eric Hound\u00e9t\u00e9 ou rien. Jusque-l\u00e0, on le croyait \u00eatre sinc\u00e8re dans son choix bien que l\u2019on y voyait d\u00e9j\u00e0 une position extr\u00e9miste, \u00e9go\u00efste et surtout opportuniste. En effet, il n\u2019a jamais exprim\u00e9 auparavant au sein du parti une appr\u00e9hension quelconque ou son opposition \u00e0 un choix autre que celui du vice-Pr\u00e9sident. Mais comme la traitrise ne reste pas cach\u00e9e pendant longtemps, le d\u00e9put\u00e9 frondeur finit par se d\u00e9voiler.<\/p>\n<p>Il sera introuvable jusqu\u2019au d\u00e9p\u00f4t de dossier et pendant les trois jours donn\u00e9s au parti par la CENA pour compl\u00e8ter les pi\u00e8ces manquantes de leur dossier. Les supplications, les sollicitudes, les appels, les d\u00e9placements, les pri\u00e8res profondes et les demandes de pardon venant des responsables du parti, des militants et des citoyens lambda n\u2019ont pas r\u00e9ussi \u00e0 ramener ce pr\u00e9tendu\u00a0\u00e9lu du peuple \u00e0 la raison. Il continuait toujours de revendiquer son fameux choix rationnel au d\u00e9triment autrement de celui du parti.<\/p>\n<p>Alors que le parti se pr\u00e9pare \u00e0 d\u00e9fendre le parrainage annul\u00e9 par la CENA, le d\u00e9put\u00e9 revient \u00e0 la charge avec une d\u00e9claration enregistr\u00e9e dans un endroit tenu secret devant un prompteur qui lui donnait une aisance de lecture. L\u2019image n\u2019\u00e9tait sign\u00e9e et aucun m\u00e9dia officiel n\u2019\u00e9tait pr\u00e9sent \u00e0 cette myst\u00e9rieuse conf\u00e9rence de presse.<\/p>\n<p>On comprend bien que le \u00ab\u00a0soutien non n\u00e9gociable\u00a0\u00bb \u00e0 son coll\u00e8gue d\u00e9put\u00e9 Eric Hound\u00e9t\u00e9 n\u2019\u00e9tait qu\u2019un alibi. Le d\u00e9put\u00e9 va bien d\u00e9voiler ses ambitions cette fois-ci\u00a0: emp\u00eacher le parti d\u2019aller \u00e0 l\u2019\u00e9lection pr\u00e9sidentielle mais plus grave, cr\u00e9er une implosion dans le parti.<\/p>\n<p>Quelques incoh\u00e9rences et contre-v\u00e9rit\u00e9s sont flagrantes. Il affirme par exemple que son parti a falsifi\u00e9 sa fiche de parrainage. Comment et par quel moyen, le d\u00e9put\u00e9 a pu savoir, sans voir, que sa fiche de parrainage est falsifi\u00e9e\u00a0? Sur quels \u00e9l\u00e9ments se base-t-il pour affirmer d\u2019embl\u00e9e que le parti ne participera \u00e0 l\u2019\u00e9lection pr\u00e9sidentielle\u00a0?\u00a0 C\u2019est ainsi qu\u2019il s\u2019est aussi lanc\u00e9 dans des affirmations d\u00e9nu\u00e9es de toute v\u00e9rit\u00e9. Pour lui, Me Renaud Agbodjo, pourtant d\u00e9sign\u00e9 \u00e0 un Conseil National du parti apr\u00e8s un processus transparent est un candidat impos\u00e9 par Boni Yayi avec pour seul m\u00e9rite d\u2019\u00eatre de Sav\u00e8 et d\u2019\u00eatre le neveu de ce dernier. Ainsi donc, \u00e0 l\u2019\u00e9coute, tous ceux qui sont originaires de Sav\u00e8 sont des parents de l\u2019ex-pr\u00e9sident. Renaud Agbodjo, jeune et brillant avocat qui a d\u00e9fendu presque tous les leaders politiques pers\u00e9cut\u00e9s par le r\u00e9gime ces derni\u00e8res ann\u00e9es n\u2019a aucun m\u00e9rite pour candidater autre que le fait qu\u2019il soit originaire de Sav\u00e8. Le d\u00e9put\u00e9 n\u2019a malheureux jamais d\u00e9montr\u00e9 le lien avunculaire avec Boni Yayi qu\u2019il d\u00e9nonce. Il d\u00e9nonce \u00e9trangement le manque de d\u00e9mocratie dans le parti. Dans sa d\u00e9mocratie, son choix \u00e0 lui devrait s\u2019imposer \u00e0 tous les 27 d\u00e9put\u00e9s restants et \u00e0 tout le Conseil national du parti.<\/p>\n<p>Apr\u00e8s deux d\u00e9clarations, les ambitions du d\u00e9put\u00e9 sont claires\u00a0: emp\u00eacher le parti de participer \u00e0 l\u2019\u00e9lection pr\u00e9sidentielle et faire imploser le parti n\u2019a jamais \u00e9t\u00e9 d\u00e9montr\u00e9 par le d\u00e9put\u00e9.<\/p>\n<p>Le comble de cette tragi-com\u00e9die est que le traitre appara\u00eet tout d\u00e9contract\u00e9 \u00e0 la t\u00e9l\u00e9 avec les armes avec lesquels il aura poignard\u00e9 son ma\u00eetre dans le dos. Path\u00e9tique.<\/p>\n<p>La trahison vient souvent de ceux en qui on a souvent foi car ils connaissent nos forces et nos faiblesses.<\/p>\n<p>L\u2019histoire et la post\u00e9rit\u00e9 retiendront en tout cas retiendra ce nom<\/p>\n","protected":false},"excerpt":{"rendered":"<p>S\u2019il devrait porter un nom, le m\u00e9lodrame qui se joue actuellement sur la sc\u00e8ne politique au B\u00e9nin pourrait bien \u00eatre\u00a0: \u00ab\u00a0Les vraies couleurs de la traitrise\u00a0\u00bb. Il r\u00e9v\u00e8le un personnage&hellip;<\/p>\n","protected":false},"author":2,"featured_media":14416,"comment_status":"open","ping_status":"open","sticky":false,"template":"","format":"standard","meta":{"content-type":"","om_disable_all_campaigns":false,"_monsterinsights_skip_tracking":false,"_monsterinsights_sitenote_active":false,"_monsterinsights_sitenote_note":"","_monsterinsights_sitenote_category":0,"_uf_show_specific_survey":0,"_uf_disable_surveys":false,"footnotes":""},"categories":[26],"tags":[],"class_list":["post-14460","post","type-post","status-publish","format-standard","has-post-thumbnail","hentry","category-politique"],"aioseo_notices":[],"yoast_head":"<!-- This site is optimized with the Yoast SEO plugin v27.5 - https:\/\/yoast.com\/product\/yoast-seo-wordpress\/ -->\n<title>Editorial : Sodjinou, pardon\u2026 - Le Patriote<\/title>\n<meta name=\"robots\" content=\"index, follow, max-snippet:-1, max-image-preview:large, max-video-preview:-1\" \/>\n<link rel=\"canonical\" href=\"https:\/\/lepatriotebenin.com\/index.php\/2025\/10\/20\/editorial-sodjinou-pardon\/\" \/>\n<meta property=\"og:locale\" content=\"fr_FR\" \/>\n<meta property=\"og:type\" content=\"article\" \/>\n<meta property=\"og:title\" content=\"Editorial : Sodjinou, pardon\u2026 - Le Patriote\" \/>\n<meta property=\"og:description\" content=\"S\u2019il devrait porter un nom, le m\u00e9lodrame qui se joue actuellement sur la sc\u00e8ne politique au B\u00e9nin pourrait bien \u00eatre\u00a0: \u00ab\u00a0Les vraies couleurs de la traitrise\u00a0\u00bb. Il r\u00e9v\u00e8le un personnage&hellip;\" \/>\n<meta property=\"og:url\" content=\"https:\/\/lepatriotebenin.com\/index.php\/2025\/10\/20\/editorial-sodjinou-pardon\/\" \/>\n<meta property=\"og:site_name\" content=\"Le Patriote\" \/>\n<meta property=\"article:published_time\" content=\"2025-10-20T02:50:31+00:00\" \/>\n<meta property=\"og:image\" content=\"https:\/\/lepatriotebenin.com\/wp-content\/uploads\/2025\/10\/he-sodjinou.webp\" \/>\n\t<meta property=\"og:image:width\" content=\"1200\" \/>\n\t<meta property=\"og:image:height\" content=\"675\" \/>\n\t<meta property=\"og:image:type\" content=\"image\/webp\" \/>\n<meta name=\"author\" content=\"Marcel ZOUMENOU\" \/>\n<meta name=\"twitter:card\" content=\"summary_large_image\" \/>\n<meta name=\"twitter:label1\" content=\"\u00c9crit par\" \/>\n\t<meta name=\"twitter:data1\" content=\"Marcel ZOUMENOU\" \/>\n\t<meta name=\"twitter:label2\" content=\"Dur\u00e9e de lecture estim\u00e9e\" \/>\n\t<meta name=\"twitter:data2\" content=\"5 minutes\" \/>\n<script type=\"application\/ld+json\" class=\"yoast-schema-graph\">{\"@context\":\"https:\\\/\\\/schema.org\",\"@graph\":[{\"@type\":\"Article\",\"@id\":\"https:\\\/\\\/lepatriotebenin.com\\\/index.php\\\/2025\\\/10\\\/20\\\/editorial-sodjinou-pardon\\\/#article\",\"isPartOf\":{\"@id\":\"https:\\\/\\\/lepatriotebenin.com\\\/index.php\\\/2025\\\/10\\\/20\\\/editorial-sodjinou-pardon\\\/\"},\"author\":{\"name\":\"Marcel ZOUMENOU\",\"@id\":\"https:\\\/\\\/lepatriotebenin.com\\\/#\\\/schema\\\/person\\\/bc185387219a73c6f2f8698114720c49\"},\"headline\":\"Editorial : Sodjinou, pardon\u2026\",\"datePublished\":\"2025-10-20T02:50:31+00:00\",\"mainEntityOfPage\":{\"@id\":\"https:\\\/\\\/lepatriotebenin.com\\\/index.php\\\/2025\\\/10\\\/20\\\/editorial-sodjinou-pardon\\\/\"},\"wordCount\":936,\"commentCount\":0,\"image\":{\"@id\":\"https:\\\/\\\/lepatriotebenin.com\\\/index.php\\\/2025\\\/10\\\/20\\\/editorial-sodjinou-pardon\\\/#primaryimage\"},\"thumbnailUrl\":\"https:\\\/\\\/lepatriotebenin.com\\\/wp-content\\\/uploads\\\/2025\\\/10\\\/he-sodjinou.webp\",\"articleSection\":[\"Politique\"],\"inLanguage\":\"fr-FR\",\"potentialAction\":[{\"@type\":\"CommentAction\",\"name\":\"Comment\",\"target\":[\"https:\\\/\\\/lepatriotebenin.com\\\/index.php\\\/2025\\\/10\\\/20\\\/editorial-sodjinou-pardon\\\/#respond\"]}]},{\"@type\":\"WebPage\",\"@id\":\"https:\\\/\\\/lepatriotebenin.com\\\/index.php\\\/2025\\\/10\\\/20\\\/editorial-sodjinou-pardon\\\/\",\"url\":\"https:\\\/\\\/lepatriotebenin.com\\\/index.php\\\/2025\\\/10\\\/20\\\/editorial-sodjinou-pardon\\\/\",\"name\":\"Editorial : Sodjinou, pardon\u2026 - Le Patriote\",\"isPartOf\":{\"@id\":\"https:\\\/\\\/lepatriotebenin.com\\\/#website\"},\"primaryImageOfPage\":{\"@id\":\"https:\\\/\\\/lepatriotebenin.com\\\/index.php\\\/2025\\\/10\\\/20\\\/editorial-sodjinou-pardon\\\/#primaryimage\"},\"image\":{\"@id\":\"https:\\\/\\\/lepatriotebenin.com\\\/index.php\\\/2025\\\/10\\\/20\\\/editorial-sodjinou-pardon\\\/#primaryimage\"},\"thumbnailUrl\":\"https:\\\/\\\/lepatriotebenin.com\\\/wp-content\\\/uploads\\\/2025\\\/10\\\/he-sodjinou.webp\",\"datePublished\":\"2025-10-20T02:50:31+00:00\",\"author\":{\"@id\":\"https:\\\/\\\/lepatriotebenin.com\\\/#\\\/schema\\\/person\\\/bc185387219a73c6f2f8698114720c49\"},\"breadcrumb\":{\"@id\":\"https:\\\/\\\/lepatriotebenin.com\\\/index.php\\\/2025\\\/10\\\/20\\\/editorial-sodjinou-pardon\\\/#breadcrumb\"},\"inLanguage\":\"fr-FR\",\"potentialAction\":[{\"@type\":\"ReadAction\",\"target\":[\"https:\\\/\\\/lepatriotebenin.com\\\/index.php\\\/2025\\\/10\\\/20\\\/editorial-sodjinou-pardon\\\/\"]}]},{\"@type\":\"ImageObject\",\"inLanguage\":\"fr-FR\",\"@id\":\"https:\\\/\\\/lepatriotebenin.com\\\/index.php\\\/2025\\\/10\\\/20\\\/editorial-sodjinou-pardon\\\/#primaryimage\",\"url\":\"https:\\\/\\\/lepatriotebenin.com\\\/wp-content\\\/uploads\\\/2025\\\/10\\\/he-sodjinou.webp\",\"contentUrl\":\"https:\\\/\\\/lepatriotebenin.com\\\/wp-content\\\/uploads\\\/2025\\\/10\\\/he-sodjinou.webp\",\"width\":1200,\"height\":675},{\"@type\":\"BreadcrumbList\",\"@id\":\"https:\\\/\\\/lepatriotebenin.com\\\/index.php\\\/2025\\\/10\\\/20\\\/editorial-sodjinou-pardon\\\/#breadcrumb\",\"itemListElement\":[{\"@type\":\"ListItem\",\"position\":1,\"name\":\"Accueil\",\"item\":\"https:\\\/\\\/lepatriotebenin.com\\\/\"},{\"@type\":\"ListItem\",\"position\":2,\"name\":\"Editorial : Sodjinou, pardon\u2026\"}]},{\"@type\":\"WebSite\",\"@id\":\"https:\\\/\\\/lepatriotebenin.com\\\/#website\",\"url\":\"https:\\\/\\\/lepatriotebenin.com\\\/\",\"name\":\"Le Patriote\",\"description\":\"Le Patriote B\u00e9nin\",\"potentialAction\":[{\"@type\":\"SearchAction\",\"target\":{\"@type\":\"EntryPoint\",\"urlTemplate\":\"https:\\\/\\\/lepatriotebenin.com\\\/?s={search_term_string}\"},\"query-input\":{\"@type\":\"PropertyValueSpecification\",\"valueRequired\":true,\"valueName\":\"search_term_string\"}}],\"inLanguage\":\"fr-FR\"},{\"@type\":\"Person\",\"@id\":\"https:\\\/\\\/lepatriotebenin.com\\\/#\\\/schema\\\/person\\\/bc185387219a73c6f2f8698114720c49\",\"name\":\"Marcel ZOUMENOU\",\"image\":{\"@type\":\"ImageObject\",\"inLanguage\":\"fr-FR\",\"@id\":\"https:\\\/\\\/secure.gravatar.com\\\/avatar\\\/55e60188ee1ca2050a14675489f7856c575861edc734548164d100bdb6565472?s=96&d=mm&r=g\",\"url\":\"https:\\\/\\\/secure.gravatar.com\\\/avatar\\\/55e60188ee1ca2050a14675489f7856c575861edc734548164d100bdb6565472?s=96&d=mm&r=g\",\"contentUrl\":\"https:\\\/\\\/secure.gravatar.com\\\/avatar\\\/55e60188ee1ca2050a14675489f7856c575861edc734548164d100bdb6565472?s=96&d=mm&r=g\",\"caption\":\"Marcel ZOUMENOU\"},\"url\":\"https:\\\/\\\/lepatriotebenin.com\"}]}<\/script>\n<!-- \/ Yoast SEO plugin. -->","yoast_head_json":{"title":"Editorial : Sodjinou, pardon\u2026 - Le Patriote","robots":{"index":"index","follow":"follow","max-snippet":"max-snippet:-1","max-image-preview":"max-image-preview:large","max-video-preview":"max-video-preview:-1"},"canonical":"https:\/\/lepatriotebenin.com\/index.php\/2025\/10\/20\/editorial-sodjinou-pardon\/","og_locale":"fr_FR","og_type":"article","og_title":"Editorial : Sodjinou, pardon\u2026 - Le Patriote","og_description":"S\u2019il devrait porter un nom, le m\u00e9lodrame qui se joue actuellement sur la sc\u00e8ne politique au B\u00e9nin pourrait bien \u00eatre\u00a0: \u00ab\u00a0Les vraies couleurs de la traitrise\u00a0\u00bb. Il r\u00e9v\u00e8le un personnage&hellip;","og_url":"https:\/\/lepatriotebenin.com\/index.php\/2025\/10\/20\/editorial-sodjinou-pardon\/","og_site_name":"Le Patriote","article_published_time":"2025-10-20T02:50:31+00:00","og_image":[{"width":1200,"height":675,"url":"https:\/\/lepatriotebenin.com\/wp-content\/uploads\/2025\/10\/he-sodjinou.webp","type":"image\/webp"}],"author":"Marcel ZOUMENOU","twitter_card":"summary_large_image","twitter_misc":{"\u00c9crit par":"Marcel ZOUMENOU","Dur\u00e9e de lecture estim\u00e9e":"5 minutes"},"schema":{"@context":"https:\/\/schema.org","@graph":[{"@type":"Article","@id":"https:\/\/lepatriotebenin.com\/index.php\/2025\/10\/20\/editorial-sodjinou-pardon\/#article","isPartOf":{"@id":"https:\/\/lepatriotebenin.com\/index.php\/2025\/10\/20\/editorial-sodjinou-pardon\/"},"author":{"name":"Marcel ZOUMENOU","@id":"https:\/\/lepatriotebenin.com\/#\/schema\/person\/bc185387219a73c6f2f8698114720c49"},"headline":"Editorial : Sodjinou, pardon\u2026","datePublished":"2025-10-20T02:50:31+00:00","mainEntityOfPage":{"@id":"https:\/\/lepatriotebenin.com\/index.php\/2025\/10\/20\/editorial-sodjinou-pardon\/"},"wordCount":936,"commentCount":0,"image":{"@id":"https:\/\/lepatriotebenin.com\/index.php\/2025\/10\/20\/editorial-sodjinou-pardon\/#primaryimage"},"thumbnailUrl":"https:\/\/lepatriotebenin.com\/wp-content\/uploads\/2025\/10\/he-sodjinou.webp","articleSection":["Politique"],"inLanguage":"fr-FR","potentialAction":[{"@type":"CommentAction","name":"Comment","target":["https:\/\/lepatriotebenin.com\/index.php\/2025\/10\/20\/editorial-sodjinou-pardon\/#respond"]}]},{"@type":"WebPage","@id":"https:\/\/lepatriotebenin.com\/index.php\/2025\/10\/20\/editorial-sodjinou-pardon\/","url":"https:\/\/lepatriotebenin.com\/index.php\/2025\/10\/20\/editorial-sodjinou-pardon\/","name":"Editorial : Sodjinou, pardon\u2026 - Le Patriote","isPartOf":{"@id":"https:\/\/lepatriotebenin.com\/#website"},"primaryImageOfPage":{"@id":"https:\/\/lepatriotebenin.com\/index.php\/2025\/10\/20\/editorial-sodjinou-pardon\/#primaryimage"},"image":{"@id":"https:\/\/lepatriotebenin.com\/index.php\/2025\/10\/20\/editorial-sodjinou-pardon\/#primaryimage"},"thumbnailUrl":"https:\/\/lepatriotebenin.com\/wp-content\/uploads\/2025\/10\/he-sodjinou.webp","datePublished":"2025-10-20T02:50:31+00:00","author":{"@id":"https:\/\/lepatriotebenin.com\/#\/schema\/person\/bc185387219a73c6f2f8698114720c49"},"breadcrumb":{"@id":"https:\/\/lepatriotebenin.com\/index.php\/2025\/10\/20\/editorial-sodjinou-pardon\/#breadcrumb"},"inLanguage":"fr-FR","potentialAction":[{"@type":"ReadAction","target":["https:\/\/lepatriotebenin.com\/index.php\/2025\/10\/20\/editorial-sodjinou-pardon\/"]}]},{"@type":"ImageObject","inLanguage":"fr-FR","@id":"https:\/\/lepatriotebenin.com\/index.php\/2025\/10\/20\/editorial-sodjinou-pardon\/#primaryimage","url":"https:\/\/lepatriotebenin.com\/wp-content\/uploads\/2025\/10\/he-sodjinou.webp","contentUrl":"https:\/\/lepatriotebenin.com\/wp-content\/uploads\/2025\/10\/he-sodjinou.webp","width":1200,"height":675},{"@type":"BreadcrumbList","@id":"https:\/\/lepatriotebenin.com\/index.php\/2025\/10\/20\/editorial-sodjinou-pardon\/#breadcrumb","itemListElement":[{"@type":"ListItem","position":1,"name":"Accueil","item":"https:\/\/lepatriotebenin.com\/"},{"@type":"ListItem","position":2,"name":"Editorial : Sodjinou, pardon\u2026"}]},{"@type":"WebSite","@id":"https:\/\/lepatriotebenin.com\/#website","url":"https:\/\/lepatriotebenin.com\/","name":"Le Patriote","description":"Le Patriote B\u00e9nin","potentialAction":[{"@type":"SearchAction","target":{"@type":"EntryPoint","urlTemplate":"https:\/\/lepatriotebenin.com\/?s={search_term_string}"},"query-input":{"@type":"PropertyValueSpecification","valueRequired":true,"valueName":"search_term_string"}}],"inLanguage":"fr-FR"},{"@type":"Person","@id":"https:\/\/lepatriotebenin.com\/#\/schema\/person\/bc185387219a73c6f2f8698114720c49","name":"Marcel ZOUMENOU","image":{"@type":"ImageObject","inLanguage":"fr-FR","@id":"https:\/\/secure.gravatar.com\/avatar\/55e60188ee1ca2050a14675489f7856c575861edc734548164d100bdb6565472?s=96&d=mm&r=g","url":"https:\/\/secure.gravatar.com\/avatar\/55e60188ee1ca2050a14675489f7856c575861edc734548164d100bdb6565472?s=96&d=mm&r=g","contentUrl":"https:\/\/secure.gravatar.com\/avatar\/55e60188ee1ca2050a14675489f7856c575861edc734548164d100bdb6565472?s=96&d=mm&r=g","caption":"Marcel ZOUMENOU"},"url":"https:\/\/lepatriotebenin.com"}]}},"_links":{"self":[{"href":"https:\/\/lepatriotebenin.com\/index.php\/wp-json\/wp\/v2\/posts\/14460","targetHints":{"allow":["GET"]}}],"collection":[{"href":"https:\/\/lepatriotebenin.com\/index.php\/wp-json\/wp\/v2\/posts"}],"about":[{"href":"https:\/\/lepatriotebenin.com\/index.php\/wp-json\/wp\/v2\/types\/post"}],"author":[{"embeddable":true,"href":"https:\/\/lepatriotebenin.com\/index.php\/wp-json\/wp\/v2\/users\/2"}],"replies":[{"embeddable":true,"href":"https:\/\/lepatriotebenin.com\/index.php\/wp-json\/wp\/v2\/comments?post=14460"}],"version-history":[{"count":1,"href":"https:\/\/lepatriotebenin.com\/index.php\/wp-json\/wp\/v2\/posts\/14460\/revisions"}],"predecessor-version":[{"id":14461,"href":"https:\/\/lepatriotebenin.com\/index.php\/wp-json\/wp\/v2\/posts\/14460\/revisions\/14461"}],"wp:featuredmedia":[{"embeddable":true,"href":"https:\/\/lepatriotebenin.com\/index.php\/wp-json\/wp\/v2\/media\/14416"}],"wp:attachment":[{"href":"https:\/\/lepatriotebenin.com\/index.php\/wp-json\/wp\/v2\/media?parent=14460"}],"wp:term":[{"taxonomy":"category","embeddable":true,"href":"https:\/\/lepatriotebenin.com\/index.php\/wp-json\/wp\/v2\/categories?post=14460"},{"taxonomy":"post_tag","embeddable":true,"href":"https:\/\/lepatriotebenin.com\/index.php\/wp-json\/wp\/v2\/tags?post=14460"}],"curies":[{"name":"wp","href":"https:\/\/api.w.org\/{rel}","templated":true}]}}