{"id":14454,"date":"2025-10-20T04:36:02","date_gmt":"2025-10-20T02:36:02","guid":{"rendered":"https:\/\/lepatriotebenin.com\/?p=14454"},"modified":"2025-10-20T04:36:02","modified_gmt":"2025-10-20T02:36:02","slug":"landry-adelakoun-notre-pays-a-besoin-dun-rearmement-moral","status":"publish","type":"post","link":"https:\/\/lepatriotebenin.com\/index.php\/2025\/10\/20\/landry-adelakoun-notre-pays-a-besoin-dun-rearmement-moral\/","title":{"rendered":"Landry  Ad\u00e9lakoun :  \u00ab Notre pays  a besoin d\u2019un r\u00e9armement moral \u00bb"},"content":{"rendered":"<p>Ils nous ont dit ici que la r\u00e9forme du syst\u00e8me partisan visait \u00e0 avoir des partis politiques forts. Librement et contre vents et mar\u00e9es, ils ont tout mis dans les mains des partis politiques.<\/p>\n<p>Voil\u00e0 maintenant un seul individu bloque tout un parti politique \u00e0 qui il demande de faire sa volont\u00e9 \u00e0 lui. Il refuse l&rsquo;imposition d&rsquo;un homme, mais impose sa volont\u00e9 \u00e0 tout un parti politique et \u00e0 une bonne partie du peuple. Il appelle cela la d\u00e9mocratie. Il feint de ne pas comprendre que c&rsquo;est plut\u00f4t du chantage.<\/p>\n<p>Et il y a des gens dans ce pays pour soutenir cela, au nom de la politique. Les ennemis de la comp\u00e9tition, rassur\u00e9s de ne pouvoir rien gagner \u00e0 la loyale dans ce pays, applaudissent le sc\u00e9nario. Ils sont habitu\u00e9s \u00e0 gagner sans comp\u00e9tir. \ud835\udc03&rsquo;\ud835\udc1a\ud835\udc22\ud835\udc25\ud835\udc25\ud835\udc1e\ud835\udc2e\ud835\udc2b\ud835\udc2c, \u00e0 \ud835\udc2a\ud835\udc2e\ud835\udc22 \ud835\udc29\ud835\udc2b\ud835\udc28\ud835\udc1f\ud835\udc22\ud835\udc2d\ud835\udc1e \ud835\udc25\ud835\udc1e \ud835\udc1c\ud835\udc2b\ud835\udc22\ud835\udc26\ud835\udc1e ? C&rsquo;est la seule question qui vaille m\u00eame si la m\u00e9thode est connue.<\/p>\n<p>Peut-\u00eatre qu&rsquo;on devra tous commencer par \u00e9viter, par tous les moyens, la comp\u00e9tition. La mode, c&rsquo;est la promotion des contre-valeurs, l&rsquo;\u00e9closion des m\u00e9thodes d&rsquo;une autre \u00e9poque, l&rsquo;utilisation de pi\u00e8tres personnages \u00e0 des fins obscures et d\u00e9stabilisatrices. La haute d\u00e9linquance semble avoir de beaux jours devant elle.<\/p>\n<p>\ud835\udc0d\ud835\udc28\ud835\udc2d\ud835\udc2b\ud835\udc1e \ud835\udc29\ud835\udc1a\ud835\udc32\ud835\udc2c \ud835\udc1a \ud835\udc1f\ud835\udc28\ud835\udc2b\ud835\udc2d\ud835\udc1e\ud835\udc26\ud835\udc1e\ud835\udc27\ud835\udc2d \ud835\udc1b\ud835\udc1e\ud835\udc2c\ud835\udc28\ud835\udc22\ud835\udc27 \ud835\udc1d&rsquo;\ud835\udc2e\ud835\udc27 \ud835\udc2b\u00e9\ud835\udc1a\ud835\udc2b\ud835\udc26\ud835\udc1e\ud835\udc26\ud835\udc1e\ud835\udc27\ud835\udc2d \ud835\udc26\ud835\udc28\ud835\udc2b\ud835\udc1a\ud835\udc25 \ud835\udc1e\ud835\udc2d \u00e9\ud835\udc2d\ud835\udc21\ud835\udc22\ud835\udc2a\ud835\udc2e\ud835\udc1e \ud835\udc1e\ud835\udc2d \ud835\udc1d&rsquo;\ud835\udc2e\ud835\udc27\ud835\udc1e \ud835\udc1d\u00e9\ud835\udc25\ud835\udc22\ud835\udc2f\ud835\udc2b\ud835\udc1a\ud835\udc27\ud835\udc1c\ud835\udc1e \ud835\udc2c\ud835\udc29\ud835\udc22\ud835\udc2b\ud835\udc22\ud835\udc2d\ud835\udc2e\ud835\udc1e\ud835\udc25\ud835\udc25\ud835\udc1e.<\/p>\n","protected":false},"excerpt":{"rendered":"<p>Ils nous ont dit ici que la r\u00e9forme du syst\u00e8me partisan visait \u00e0 avoir des partis politiques forts. Librement et contre vents et mar\u00e9es, ils ont tout mis dans les&hellip;<\/p>\n","protected":false},"author":5,"featured_media":14455,"comment_status":"open","ping_status":"open","sticky":false,"template":"","format":"standard","meta":{"content-type":"","om_disable_all_campaigns":false,"_monsterinsights_skip_tracking":false,"_monsterinsights_sitenote_active":false,"_monsterinsights_sitenote_note":"","_monsterinsights_sitenote_category":0,"_uf_show_specific_survey":0,"_uf_disable_surveys":false,"footnotes":""},"categories":[26],"tags":[],"class_list":["post-14454","post","type-post","status-publish","format-standard","has-post-thumbnail","hentry","category-politique"],"aioseo_notices":[],"yoast_head":"<!-- This site is optimized with the Yoast SEO plugin v27.5 - https:\/\/yoast.com\/product\/yoast-seo-wordpress\/ -->\n<title>Landry Ad\u00e9lakoun : \u00ab Notre pays a besoin d\u2019un r\u00e9armement moral \u00bb - Le Patriote<\/title>\n<meta name=\"robots\" content=\"index, follow, max-snippet:-1, max-image-preview:large, max-video-preview:-1\" \/>\n<link rel=\"canonical\" href=\"https:\/\/lepatriotebenin.com\/index.php\/2025\/10\/20\/landry-adelakoun-notre-pays-a-besoin-dun-rearmement-moral\/\" \/>\n<meta property=\"og:locale\" content=\"fr_FR\" \/>\n<meta property=\"og:type\" content=\"article\" \/>\n<meta property=\"og:title\" content=\"Landry Ad\u00e9lakoun : \u00ab Notre pays a besoin d\u2019un r\u00e9armement moral \u00bb - Le Patriote\" \/>\n<meta property=\"og:description\" content=\"Ils nous ont dit ici que la r\u00e9forme du syst\u00e8me partisan visait \u00e0 avoir des partis politiques forts. Librement et contre vents et mar\u00e9es, ils ont tout mis dans les&hellip;\" \/>\n<meta property=\"og:url\" content=\"https:\/\/lepatriotebenin.com\/index.php\/2025\/10\/20\/landry-adelakoun-notre-pays-a-besoin-dun-rearmement-moral\/\" \/>\n<meta property=\"og:site_name\" content=\"Le Patriote\" \/>\n<meta property=\"article:published_time\" content=\"2025-10-20T02:36:02+00:00\" \/>\n<meta property=\"og:image\" content=\"https:\/\/lepatriotebenin.com\/wp-content\/uploads\/2025\/10\/landry-angelo-adelakoun.jpg\" \/>\n\t<meta property=\"og:image:width\" content=\"663\" \/>\n\t<meta property=\"og:image:height\" content=\"994\" \/>\n\t<meta property=\"og:image:type\" content=\"image\/jpeg\" \/>\n<meta name=\"author\" content=\"Redaction\" \/>\n<meta name=\"twitter:card\" content=\"summary_large_image\" \/>\n<meta name=\"twitter:label1\" content=\"\u00c9crit par\" \/>\n\t<meta name=\"twitter:data1\" content=\"Redaction\" \/>\n\t<meta name=\"twitter:label2\" content=\"Dur\u00e9e de lecture estim\u00e9e\" \/>\n\t<meta name=\"twitter:data2\" content=\"2 minutes\" \/>\n<script type=\"application\/ld+json\" class=\"yoast-schema-graph\">{\"@context\":\"https:\\\/\\\/schema.org\",\"@graph\":[{\"@type\":\"Article\",\"@id\":\"https:\\\/\\\/lepatriotebenin.com\\\/index.php\\\/2025\\\/10\\\/20\\\/landry-adelakoun-notre-pays-a-besoin-dun-rearmement-moral\\\/#article\",\"isPartOf\":{\"@id\":\"https:\\\/\\\/lepatriotebenin.com\\\/index.php\\\/2025\\\/10\\\/20\\\/landry-adelakoun-notre-pays-a-besoin-dun-rearmement-moral\\\/\"},\"author\":{\"name\":\"Redaction\",\"@id\":\"https:\\\/\\\/lepatriotebenin.com\\\/#\\\/schema\\\/person\\\/2e7709b9c9cc313e452d1136af61690f\"},\"headline\":\"Landry Ad\u00e9lakoun : \u00ab Notre pays a besoin d\u2019un r\u00e9armement moral \u00bb\",\"datePublished\":\"2025-10-20T02:36:02+00:00\",\"mainEntityOfPage\":{\"@id\":\"https:\\\/\\\/lepatriotebenin.com\\\/index.php\\\/2025\\\/10\\\/20\\\/landry-adelakoun-notre-pays-a-besoin-dun-rearmement-moral\\\/\"},\"wordCount\":224,\"commentCount\":0,\"image\":{\"@id\":\"https:\\\/\\\/lepatriotebenin.com\\\/index.php\\\/2025\\\/10\\\/20\\\/landry-adelakoun-notre-pays-a-besoin-dun-rearmement-moral\\\/#primaryimage\"},\"thumbnailUrl\":\"https:\\\/\\\/lepatriotebenin.com\\\/wp-content\\\/uploads\\\/2025\\\/10\\\/landry-angelo-adelakoun.jpg\",\"articleSection\":[\"Politique\"],\"inLanguage\":\"fr-FR\",\"potentialAction\":[{\"@type\":\"CommentAction\",\"name\":\"Comment\",\"target\":[\"https:\\\/\\\/lepatriotebenin.com\\\/index.php\\\/2025\\\/10\\\/20\\\/landry-adelakoun-notre-pays-a-besoin-dun-rearmement-moral\\\/#respond\"]}]},{\"@type\":\"WebPage\",\"@id\":\"https:\\\/\\\/lepatriotebenin.com\\\/index.php\\\/2025\\\/10\\\/20\\\/landry-adelakoun-notre-pays-a-besoin-dun-rearmement-moral\\\/\",\"url\":\"https:\\\/\\\/lepatriotebenin.com\\\/index.php\\\/2025\\\/10\\\/20\\\/landry-adelakoun-notre-pays-a-besoin-dun-rearmement-moral\\\/\",\"name\":\"Landry Ad\u00e9lakoun : \u00ab Notre pays a besoin d\u2019un r\u00e9armement moral \u00bb - Le Patriote\",\"isPartOf\":{\"@id\":\"https:\\\/\\\/lepatriotebenin.com\\\/#website\"},\"primaryImageOfPage\":{\"@id\":\"https:\\\/\\\/lepatriotebenin.com\\\/index.php\\\/2025\\\/10\\\/20\\\/landry-adelakoun-notre-pays-a-besoin-dun-rearmement-moral\\\/#primaryimage\"},\"image\":{\"@id\":\"https:\\\/\\\/lepatriotebenin.com\\\/index.php\\\/2025\\\/10\\\/20\\\/landry-adelakoun-notre-pays-a-besoin-dun-rearmement-moral\\\/#primaryimage\"},\"thumbnailUrl\":\"https:\\\/\\\/lepatriotebenin.com\\\/wp-content\\\/uploads\\\/2025\\\/10\\\/landry-angelo-adelakoun.jpg\",\"datePublished\":\"2025-10-20T02:36:02+00:00\",\"author\":{\"@id\":\"https:\\\/\\\/lepatriotebenin.com\\\/#\\\/schema\\\/person\\\/2e7709b9c9cc313e452d1136af61690f\"},\"breadcrumb\":{\"@id\":\"https:\\\/\\\/lepatriotebenin.com\\\/index.php\\\/2025\\\/10\\\/20\\\/landry-adelakoun-notre-pays-a-besoin-dun-rearmement-moral\\\/#breadcrumb\"},\"inLanguage\":\"fr-FR\",\"potentialAction\":[{\"@type\":\"ReadAction\",\"target\":[\"https:\\\/\\\/lepatriotebenin.com\\\/index.php\\\/2025\\\/10\\\/20\\\/landry-adelakoun-notre-pays-a-besoin-dun-rearmement-moral\\\/\"]}]},{\"@type\":\"ImageObject\",\"inLanguage\":\"fr-FR\",\"@id\":\"https:\\\/\\\/lepatriotebenin.com\\\/index.php\\\/2025\\\/10\\\/20\\\/landry-adelakoun-notre-pays-a-besoin-dun-rearmement-moral\\\/#primaryimage\",\"url\":\"https:\\\/\\\/lepatriotebenin.com\\\/wp-content\\\/uploads\\\/2025\\\/10\\\/landry-angelo-adelakoun.jpg\",\"contentUrl\":\"https:\\\/\\\/lepatriotebenin.com\\\/wp-content\\\/uploads\\\/2025\\\/10\\\/landry-angelo-adelakoun.jpg\",\"width\":663,\"height\":994},{\"@type\":\"BreadcrumbList\",\"@id\":\"https:\\\/\\\/lepatriotebenin.com\\\/index.php\\\/2025\\\/10\\\/20\\\/landry-adelakoun-notre-pays-a-besoin-dun-rearmement-moral\\\/#breadcrumb\",\"itemListElement\":[{\"@type\":\"ListItem\",\"position\":1,\"name\":\"Accueil\",\"item\":\"https:\\\/\\\/lepatriotebenin.com\\\/\"},{\"@type\":\"ListItem\",\"position\":2,\"name\":\"Landry Ad\u00e9lakoun : \u00ab Notre pays a besoin d\u2019un r\u00e9armement moral \u00bb\"}]},{\"@type\":\"WebSite\",\"@id\":\"https:\\\/\\\/lepatriotebenin.com\\\/#website\",\"url\":\"https:\\\/\\\/lepatriotebenin.com\\\/\",\"name\":\"Le Patriote\",\"description\":\"Le Patriote B\u00e9nin\",\"potentialAction\":[{\"@type\":\"SearchAction\",\"target\":{\"@type\":\"EntryPoint\",\"urlTemplate\":\"https:\\\/\\\/lepatriotebenin.com\\\/?s={search_term_string}\"},\"query-input\":{\"@type\":\"PropertyValueSpecification\",\"valueRequired\":true,\"valueName\":\"search_term_string\"}}],\"inLanguage\":\"fr-FR\"},{\"@type\":\"Person\",\"@id\":\"https:\\\/\\\/lepatriotebenin.com\\\/#\\\/schema\\\/person\\\/2e7709b9c9cc313e452d1136af61690f\",\"name\":\"Redaction\",\"image\":{\"@type\":\"ImageObject\",\"inLanguage\":\"fr-FR\",\"@id\":\"https:\\\/\\\/secure.gravatar.com\\\/avatar\\\/c4c509357859ea2ca2cbb6d8812898a73e4ef1ef9934c2e591d7e32face734d1?s=96&d=mm&r=g\",\"url\":\"https:\\\/\\\/secure.gravatar.com\\\/avatar\\\/c4c509357859ea2ca2cbb6d8812898a73e4ef1ef9934c2e591d7e32face734d1?s=96&d=mm&r=g\",\"contentUrl\":\"https:\\\/\\\/secure.gravatar.com\\\/avatar\\\/c4c509357859ea2ca2cbb6d8812898a73e4ef1ef9934c2e591d7e32face734d1?s=96&d=mm&r=g\",\"caption\":\"Redaction\"},\"url\":\"https:\\\/\\\/lepatriotebenin.com\"}]}<\/script>\n<!-- \/ Yoast SEO plugin. -->","yoast_head_json":{"title":"Landry Ad\u00e9lakoun : \u00ab Notre pays a besoin d\u2019un r\u00e9armement moral \u00bb - Le Patriote","robots":{"index":"index","follow":"follow","max-snippet":"max-snippet:-1","max-image-preview":"max-image-preview:large","max-video-preview":"max-video-preview:-1"},"canonical":"https:\/\/lepatriotebenin.com\/index.php\/2025\/10\/20\/landry-adelakoun-notre-pays-a-besoin-dun-rearmement-moral\/","og_locale":"fr_FR","og_type":"article","og_title":"Landry Ad\u00e9lakoun : \u00ab Notre pays a besoin d\u2019un r\u00e9armement moral \u00bb - Le Patriote","og_description":"Ils nous ont dit ici que la r\u00e9forme du syst\u00e8me partisan visait \u00e0 avoir des partis politiques forts. Librement et contre vents et mar\u00e9es, ils ont tout mis dans les&hellip;","og_url":"https:\/\/lepatriotebenin.com\/index.php\/2025\/10\/20\/landry-adelakoun-notre-pays-a-besoin-dun-rearmement-moral\/","og_site_name":"Le Patriote","article_published_time":"2025-10-20T02:36:02+00:00","og_image":[{"width":663,"height":994,"url":"https:\/\/lepatriotebenin.com\/wp-content\/uploads\/2025\/10\/landry-angelo-adelakoun.jpg","type":"image\/jpeg"}],"author":"Redaction","twitter_card":"summary_large_image","twitter_misc":{"\u00c9crit par":"Redaction","Dur\u00e9e de lecture estim\u00e9e":"2 minutes"},"schema":{"@context":"https:\/\/schema.org","@graph":[{"@type":"Article","@id":"https:\/\/lepatriotebenin.com\/index.php\/2025\/10\/20\/landry-adelakoun-notre-pays-a-besoin-dun-rearmement-moral\/#article","isPartOf":{"@id":"https:\/\/lepatriotebenin.com\/index.php\/2025\/10\/20\/landry-adelakoun-notre-pays-a-besoin-dun-rearmement-moral\/"},"author":{"name":"Redaction","@id":"https:\/\/lepatriotebenin.com\/#\/schema\/person\/2e7709b9c9cc313e452d1136af61690f"},"headline":"Landry Ad\u00e9lakoun : \u00ab Notre pays a besoin d\u2019un r\u00e9armement moral \u00bb","datePublished":"2025-10-20T02:36:02+00:00","mainEntityOfPage":{"@id":"https:\/\/lepatriotebenin.com\/index.php\/2025\/10\/20\/landry-adelakoun-notre-pays-a-besoin-dun-rearmement-moral\/"},"wordCount":224,"commentCount":0,"image":{"@id":"https:\/\/lepatriotebenin.com\/index.php\/2025\/10\/20\/landry-adelakoun-notre-pays-a-besoin-dun-rearmement-moral\/#primaryimage"},"thumbnailUrl":"https:\/\/lepatriotebenin.com\/wp-content\/uploads\/2025\/10\/landry-angelo-adelakoun.jpg","articleSection":["Politique"],"inLanguage":"fr-FR","potentialAction":[{"@type":"CommentAction","name":"Comment","target":["https:\/\/lepatriotebenin.com\/index.php\/2025\/10\/20\/landry-adelakoun-notre-pays-a-besoin-dun-rearmement-moral\/#respond"]}]},{"@type":"WebPage","@id":"https:\/\/lepatriotebenin.com\/index.php\/2025\/10\/20\/landry-adelakoun-notre-pays-a-besoin-dun-rearmement-moral\/","url":"https:\/\/lepatriotebenin.com\/index.php\/2025\/10\/20\/landry-adelakoun-notre-pays-a-besoin-dun-rearmement-moral\/","name":"Landry Ad\u00e9lakoun : \u00ab Notre pays a besoin d\u2019un r\u00e9armement moral \u00bb - Le Patriote","isPartOf":{"@id":"https:\/\/lepatriotebenin.com\/#website"},"primaryImageOfPage":{"@id":"https:\/\/lepatriotebenin.com\/index.php\/2025\/10\/20\/landry-adelakoun-notre-pays-a-besoin-dun-rearmement-moral\/#primaryimage"},"image":{"@id":"https:\/\/lepatriotebenin.com\/index.php\/2025\/10\/20\/landry-adelakoun-notre-pays-a-besoin-dun-rearmement-moral\/#primaryimage"},"thumbnailUrl":"https:\/\/lepatriotebenin.com\/wp-content\/uploads\/2025\/10\/landry-angelo-adelakoun.jpg","datePublished":"2025-10-20T02:36:02+00:00","author":{"@id":"https:\/\/lepatriotebenin.com\/#\/schema\/person\/2e7709b9c9cc313e452d1136af61690f"},"breadcrumb":{"@id":"https:\/\/lepatriotebenin.com\/index.php\/2025\/10\/20\/landry-adelakoun-notre-pays-a-besoin-dun-rearmement-moral\/#breadcrumb"},"inLanguage":"fr-FR","potentialAction":[{"@type":"ReadAction","target":["https:\/\/lepatriotebenin.com\/index.php\/2025\/10\/20\/landry-adelakoun-notre-pays-a-besoin-dun-rearmement-moral\/"]}]},{"@type":"ImageObject","inLanguage":"fr-FR","@id":"https:\/\/lepatriotebenin.com\/index.php\/2025\/10\/20\/landry-adelakoun-notre-pays-a-besoin-dun-rearmement-moral\/#primaryimage","url":"https:\/\/lepatriotebenin.com\/wp-content\/uploads\/2025\/10\/landry-angelo-adelakoun.jpg","contentUrl":"https:\/\/lepatriotebenin.com\/wp-content\/uploads\/2025\/10\/landry-angelo-adelakoun.jpg","width":663,"height":994},{"@type":"BreadcrumbList","@id":"https:\/\/lepatriotebenin.com\/index.php\/2025\/10\/20\/landry-adelakoun-notre-pays-a-besoin-dun-rearmement-moral\/#breadcrumb","itemListElement":[{"@type":"ListItem","position":1,"name":"Accueil","item":"https:\/\/lepatriotebenin.com\/"},{"@type":"ListItem","position":2,"name":"Landry Ad\u00e9lakoun : \u00ab Notre pays a besoin d\u2019un r\u00e9armement moral \u00bb"}]},{"@type":"WebSite","@id":"https:\/\/lepatriotebenin.com\/#website","url":"https:\/\/lepatriotebenin.com\/","name":"Le Patriote","description":"Le Patriote B\u00e9nin","potentialAction":[{"@type":"SearchAction","target":{"@type":"EntryPoint","urlTemplate":"https:\/\/lepatriotebenin.com\/?s={search_term_string}"},"query-input":{"@type":"PropertyValueSpecification","valueRequired":true,"valueName":"search_term_string"}}],"inLanguage":"fr-FR"},{"@type":"Person","@id":"https:\/\/lepatriotebenin.com\/#\/schema\/person\/2e7709b9c9cc313e452d1136af61690f","name":"Redaction","image":{"@type":"ImageObject","inLanguage":"fr-FR","@id":"https:\/\/secure.gravatar.com\/avatar\/c4c509357859ea2ca2cbb6d8812898a73e4ef1ef9934c2e591d7e32face734d1?s=96&d=mm&r=g","url":"https:\/\/secure.gravatar.com\/avatar\/c4c509357859ea2ca2cbb6d8812898a73e4ef1ef9934c2e591d7e32face734d1?s=96&d=mm&r=g","contentUrl":"https:\/\/secure.gravatar.com\/avatar\/c4c509357859ea2ca2cbb6d8812898a73e4ef1ef9934c2e591d7e32face734d1?s=96&d=mm&r=g","caption":"Redaction"},"url":"https:\/\/lepatriotebenin.com"}]}},"_links":{"self":[{"href":"https:\/\/lepatriotebenin.com\/index.php\/wp-json\/wp\/v2\/posts\/14454","targetHints":{"allow":["GET"]}}],"collection":[{"href":"https:\/\/lepatriotebenin.com\/index.php\/wp-json\/wp\/v2\/posts"}],"about":[{"href":"https:\/\/lepatriotebenin.com\/index.php\/wp-json\/wp\/v2\/types\/post"}],"author":[{"embeddable":true,"href":"https:\/\/lepatriotebenin.com\/index.php\/wp-json\/wp\/v2\/users\/5"}],"replies":[{"embeddable":true,"href":"https:\/\/lepatriotebenin.com\/index.php\/wp-json\/wp\/v2\/comments?post=14454"}],"version-history":[{"count":1,"href":"https:\/\/lepatriotebenin.com\/index.php\/wp-json\/wp\/v2\/posts\/14454\/revisions"}],"predecessor-version":[{"id":14456,"href":"https:\/\/lepatriotebenin.com\/index.php\/wp-json\/wp\/v2\/posts\/14454\/revisions\/14456"}],"wp:featuredmedia":[{"embeddable":true,"href":"https:\/\/lepatriotebenin.com\/index.php\/wp-json\/wp\/v2\/media\/14455"}],"wp:attachment":[{"href":"https:\/\/lepatriotebenin.com\/index.php\/wp-json\/wp\/v2\/media?parent=14454"}],"wp:term":[{"taxonomy":"category","embeddable":true,"href":"https:\/\/lepatriotebenin.com\/index.php\/wp-json\/wp\/v2\/categories?post=14454"},{"taxonomy":"post_tag","embeddable":true,"href":"https:\/\/lepatriotebenin.com\/index.php\/wp-json\/wp\/v2\/tags?post=14454"}],"curies":[{"name":"wp","href":"https:\/\/api.w.org\/{rel}","templated":true}]}}