{"id":14451,"date":"2025-10-20T04:29:17","date_gmt":"2025-10-20T02:29:17","guid":{"rendered":"https:\/\/lepatriotebenin.com\/?p=14451"},"modified":"2025-10-20T04:29:17","modified_gmt":"2025-10-20T02:29:17","slug":"affaire-de-parrainage-entre-les-democrates-et-la-cena-les-militants-de-la-6e-exigent-transparence-et-equite","status":"publish","type":"post","link":"https:\/\/lepatriotebenin.com\/index.php\/2025\/10\/20\/affaire-de-parrainage-entre-les-democrates-et-la-cena-les-militants-de-la-6e-exigent-transparence-et-equite\/","title":{"rendered":"Affaire de parrainage entre Les D\u00e9mocrates et la CENA : Les militants de la 6\u00e8 exigent transparence et \u00e9quit\u00e9"},"content":{"rendered":"<p><strong><em>R\u00e9unis ce dimanche 19 octobre 2025 au si\u00e8ge d\u00e9partemental du parti Les D\u00e9mocrates \u00e0 Godomey, les militants de la 6\u1d49 circonscription \u00e9lectorale ont exprim\u00e9 leur vive inqui\u00e9tude face \u00e0 ce qu\u2019ils qualifient \u00ab d\u2019injustice inexplicable \u00bb. \u00c0 travers une d\u00e9claration lue par leur communicateur David Eglozoun, ils appellent \u00e0 une justice transparente et \u00e0 un processus \u00e9lectoral r\u00e9ellement inclusif.<\/em><\/strong><\/p>\n<p>Les militants du parti Les D\u00e9mocrates de la 6\u1d49 circonscription \u00e9lectorale ne d\u00e9col\u00e8rent pas. Devant la presse ce dimanche 19 octobre 2025, au si\u00e8ge d\u00e9partemental du parti, ils ont d\u00e9nonc\u00e9 avec fermet\u00e9 une injustice flagrante dans la gestion du dossier de parrainage de leur duo candidat en vue de la pr\u00e9sidentielle de 2026.<\/p>\n<p>En effet, cette rencontre a pour but d&rsquo;informer les militants de la situation actuelle du parti. \u00ab Il n\u2019est pas normal que nous soyons inform\u00e9s de la situation de notre parti par les r\u00e9seaux sociaux \u00bb, a regrett\u00e9 le communicateur David Eglozoun, porte-parole du groupe, avant d\u2019ajouter que cette rencontre visait aussi \u00e0 inviter tous les militants \u00e0 soutenir le parti ce lundi \u00e0 la Cour Constitutionnelle. Il faut noter que les militants affirment leur profonde pr\u00e9occupation face \u00e0 la tournure des \u00e9v\u00e9nements. De ce fait, ils exigent une justice totalement transparente dans l\u2019affaire opposant leur parti et le camarade Michel Sodjinou \u00e0 la Commission \u00c9lectorale Nationale Autonome (CENA). \u00ab Nous ne saurions accepter qu\u2019une m\u00eame loi s\u2019applique diff\u00e9remment \u00e0 des personnes se trouvant dans une m\u00eame situation \u00bb, ont-ils martel\u00e9.<\/p>\n<p>Appelant \u00e0 la pr\u00e9servation de la paix et de la coh\u00e9sion sociale, les militants demandent \u00ab l\u2019arr\u00eat de tout acharnement machiav\u00e9lique \u00bb contre le duo candidat du parti aux \u00e9lections pr\u00e9sidentielles. Par la m\u00eame occasion, ils interpellent la Cour constitutionnelle pour qu\u2019elle se prononce \u00ab en toute ind\u00e9pendance et impartialit\u00e9 \u00bb afin de r\u00e9tablir le parti Les D\u00e9mocrates dans ses droits l\u00e9gitimes et constitutionnels. \u00ab Nous exigeons des \u00e9lections inclusives, cr\u00e9dibles et fiables, o\u00f9 chaque voix comptera et o\u00f9 chaque citoyen pourra voter sans crainte \u00bb, conclut la d\u00e9claration.<\/p>\n<p>&nbsp;<\/p>\n<p>Gildas AHOGNI<\/p>\n<p>&nbsp;<\/p>\n<p>&nbsp;<\/p>\n","protected":false},"excerpt":{"rendered":"<p>R\u00e9unis ce dimanche 19 octobre 2025 au si\u00e8ge d\u00e9partemental du parti Les D\u00e9mocrates \u00e0 Godomey, les militants de la 6\u1d49 circonscription \u00e9lectorale ont exprim\u00e9 leur vive inqui\u00e9tude face \u00e0 ce&hellip;<\/p>\n","protected":false},"author":5,"featured_media":14452,"comment_status":"open","ping_status":"open","sticky":false,"template":"","format":"standard","meta":{"content-type":"","om_disable_all_campaigns":false,"_monsterinsights_skip_tracking":false,"_monsterinsights_sitenote_active":false,"_monsterinsights_sitenote_note":"","_monsterinsights_sitenote_category":0,"_uf_show_specific_survey":0,"_uf_disable_surveys":false,"footnotes":""},"categories":[26],"tags":[],"class_list":["post-14451","post","type-post","status-publish","format-standard","has-post-thumbnail","hentry","category-politique"],"aioseo_notices":[],"yoast_head":"<!-- This site is optimized with the Yoast SEO plugin v27.5 - https:\/\/yoast.com\/product\/yoast-seo-wordpress\/ -->\n<title>Affaire de parrainage entre Les D\u00e9mocrates et la CENA : Les militants de la 6\u00e8 exigent transparence et \u00e9quit\u00e9 - Le Patriote<\/title>\n<meta name=\"robots\" content=\"index, follow, max-snippet:-1, max-image-preview:large, max-video-preview:-1\" \/>\n<link rel=\"canonical\" href=\"https:\/\/lepatriotebenin.com\/index.php\/2025\/10\/20\/affaire-de-parrainage-entre-les-democrates-et-la-cena-les-militants-de-la-6e-exigent-transparence-et-equite\/\" \/>\n<meta property=\"og:locale\" content=\"fr_FR\" \/>\n<meta property=\"og:type\" content=\"article\" \/>\n<meta property=\"og:title\" content=\"Affaire de parrainage entre Les D\u00e9mocrates et la CENA : Les militants de la 6\u00e8 exigent transparence et \u00e9quit\u00e9 - Le Patriote\" \/>\n<meta property=\"og:description\" content=\"R\u00e9unis ce dimanche 19 octobre 2025 au si\u00e8ge d\u00e9partemental du parti Les D\u00e9mocrates \u00e0 Godomey, les militants de la 6\u1d49 circonscription \u00e9lectorale ont exprim\u00e9 leur vive inqui\u00e9tude face \u00e0 ce&hellip;\" \/>\n<meta property=\"og:url\" content=\"https:\/\/lepatriotebenin.com\/index.php\/2025\/10\/20\/affaire-de-parrainage-entre-les-democrates-et-la-cena-les-militants-de-la-6e-exigent-transparence-et-equite\/\" \/>\n<meta property=\"og:site_name\" content=\"Le Patriote\" \/>\n<meta property=\"article:published_time\" content=\"2025-10-20T02:29:17+00:00\" \/>\n<meta property=\"og:image\" content=\"https:\/\/lepatriotebenin.com\/wp-content\/uploads\/2025\/10\/ld-6e.jpg\" \/>\n\t<meta property=\"og:image:width\" content=\"1040\" \/>\n\t<meta property=\"og:image:height\" content=\"780\" \/>\n\t<meta property=\"og:image:type\" content=\"image\/jpeg\" \/>\n<meta name=\"author\" content=\"Redaction\" \/>\n<meta name=\"twitter:card\" content=\"summary_large_image\" \/>\n<meta name=\"twitter:label1\" content=\"\u00c9crit par\" \/>\n\t<meta name=\"twitter:data1\" content=\"Redaction\" \/>\n\t<meta name=\"twitter:label2\" content=\"Dur\u00e9e de lecture estim\u00e9e\" \/>\n\t<meta name=\"twitter:data2\" content=\"2 minutes\" \/>\n<script type=\"application\/ld+json\" class=\"yoast-schema-graph\">{\"@context\":\"https:\\\/\\\/schema.org\",\"@graph\":[{\"@type\":\"Article\",\"@id\":\"https:\\\/\\\/lepatriotebenin.com\\\/index.php\\\/2025\\\/10\\\/20\\\/affaire-de-parrainage-entre-les-democrates-et-la-cena-les-militants-de-la-6e-exigent-transparence-et-equite\\\/#article\",\"isPartOf\":{\"@id\":\"https:\\\/\\\/lepatriotebenin.com\\\/index.php\\\/2025\\\/10\\\/20\\\/affaire-de-parrainage-entre-les-democrates-et-la-cena-les-militants-de-la-6e-exigent-transparence-et-equite\\\/\"},\"author\":{\"name\":\"Redaction\",\"@id\":\"https:\\\/\\\/lepatriotebenin.com\\\/#\\\/schema\\\/person\\\/2e7709b9c9cc313e452d1136af61690f\"},\"headline\":\"Affaire de parrainage entre Les D\u00e9mocrates et la CENA : Les militants de la 6\u00e8 exigent transparence et \u00e9quit\u00e9\",\"datePublished\":\"2025-10-20T02:29:17+00:00\",\"mainEntityOfPage\":{\"@id\":\"https:\\\/\\\/lepatriotebenin.com\\\/index.php\\\/2025\\\/10\\\/20\\\/affaire-de-parrainage-entre-les-democrates-et-la-cena-les-militants-de-la-6e-exigent-transparence-et-equite\\\/\"},\"wordCount\":367,\"commentCount\":0,\"image\":{\"@id\":\"https:\\\/\\\/lepatriotebenin.com\\\/index.php\\\/2025\\\/10\\\/20\\\/affaire-de-parrainage-entre-les-democrates-et-la-cena-les-militants-de-la-6e-exigent-transparence-et-equite\\\/#primaryimage\"},\"thumbnailUrl\":\"https:\\\/\\\/lepatriotebenin.com\\\/wp-content\\\/uploads\\\/2025\\\/10\\\/ld-6e.jpg\",\"articleSection\":[\"Politique\"],\"inLanguage\":\"fr-FR\",\"potentialAction\":[{\"@type\":\"CommentAction\",\"name\":\"Comment\",\"target\":[\"https:\\\/\\\/lepatriotebenin.com\\\/index.php\\\/2025\\\/10\\\/20\\\/affaire-de-parrainage-entre-les-democrates-et-la-cena-les-militants-de-la-6e-exigent-transparence-et-equite\\\/#respond\"]}]},{\"@type\":\"WebPage\",\"@id\":\"https:\\\/\\\/lepatriotebenin.com\\\/index.php\\\/2025\\\/10\\\/20\\\/affaire-de-parrainage-entre-les-democrates-et-la-cena-les-militants-de-la-6e-exigent-transparence-et-equite\\\/\",\"url\":\"https:\\\/\\\/lepatriotebenin.com\\\/index.php\\\/2025\\\/10\\\/20\\\/affaire-de-parrainage-entre-les-democrates-et-la-cena-les-militants-de-la-6e-exigent-transparence-et-equite\\\/\",\"name\":\"Affaire de parrainage entre Les D\u00e9mocrates et la CENA : Les militants de la 6\u00e8 exigent transparence et \u00e9quit\u00e9 - Le Patriote\",\"isPartOf\":{\"@id\":\"https:\\\/\\\/lepatriotebenin.com\\\/#website\"},\"primaryImageOfPage\":{\"@id\":\"https:\\\/\\\/lepatriotebenin.com\\\/index.php\\\/2025\\\/10\\\/20\\\/affaire-de-parrainage-entre-les-democrates-et-la-cena-les-militants-de-la-6e-exigent-transparence-et-equite\\\/#primaryimage\"},\"image\":{\"@id\":\"https:\\\/\\\/lepatriotebenin.com\\\/index.php\\\/2025\\\/10\\\/20\\\/affaire-de-parrainage-entre-les-democrates-et-la-cena-les-militants-de-la-6e-exigent-transparence-et-equite\\\/#primaryimage\"},\"thumbnailUrl\":\"https:\\\/\\\/lepatriotebenin.com\\\/wp-content\\\/uploads\\\/2025\\\/10\\\/ld-6e.jpg\",\"datePublished\":\"2025-10-20T02:29:17+00:00\",\"author\":{\"@id\":\"https:\\\/\\\/lepatriotebenin.com\\\/#\\\/schema\\\/person\\\/2e7709b9c9cc313e452d1136af61690f\"},\"breadcrumb\":{\"@id\":\"https:\\\/\\\/lepatriotebenin.com\\\/index.php\\\/2025\\\/10\\\/20\\\/affaire-de-parrainage-entre-les-democrates-et-la-cena-les-militants-de-la-6e-exigent-transparence-et-equite\\\/#breadcrumb\"},\"inLanguage\":\"fr-FR\",\"potentialAction\":[{\"@type\":\"ReadAction\",\"target\":[\"https:\\\/\\\/lepatriotebenin.com\\\/index.php\\\/2025\\\/10\\\/20\\\/affaire-de-parrainage-entre-les-democrates-et-la-cena-les-militants-de-la-6e-exigent-transparence-et-equite\\\/\"]}]},{\"@type\":\"ImageObject\",\"inLanguage\":\"fr-FR\",\"@id\":\"https:\\\/\\\/lepatriotebenin.com\\\/index.php\\\/2025\\\/10\\\/20\\\/affaire-de-parrainage-entre-les-democrates-et-la-cena-les-militants-de-la-6e-exigent-transparence-et-equite\\\/#primaryimage\",\"url\":\"https:\\\/\\\/lepatriotebenin.com\\\/wp-content\\\/uploads\\\/2025\\\/10\\\/ld-6e.jpg\",\"contentUrl\":\"https:\\\/\\\/lepatriotebenin.com\\\/wp-content\\\/uploads\\\/2025\\\/10\\\/ld-6e.jpg\",\"width\":1040,\"height\":780},{\"@type\":\"BreadcrumbList\",\"@id\":\"https:\\\/\\\/lepatriotebenin.com\\\/index.php\\\/2025\\\/10\\\/20\\\/affaire-de-parrainage-entre-les-democrates-et-la-cena-les-militants-de-la-6e-exigent-transparence-et-equite\\\/#breadcrumb\",\"itemListElement\":[{\"@type\":\"ListItem\",\"position\":1,\"name\":\"Accueil\",\"item\":\"https:\\\/\\\/lepatriotebenin.com\\\/\"},{\"@type\":\"ListItem\",\"position\":2,\"name\":\"Affaire de parrainage entre Les D\u00e9mocrates et la CENA : Les militants de la 6\u00e8 exigent transparence et \u00e9quit\u00e9\"}]},{\"@type\":\"WebSite\",\"@id\":\"https:\\\/\\\/lepatriotebenin.com\\\/#website\",\"url\":\"https:\\\/\\\/lepatriotebenin.com\\\/\",\"name\":\"Le Patriote\",\"description\":\"Le Patriote B\u00e9nin\",\"potentialAction\":[{\"@type\":\"SearchAction\",\"target\":{\"@type\":\"EntryPoint\",\"urlTemplate\":\"https:\\\/\\\/lepatriotebenin.com\\\/?s={search_term_string}\"},\"query-input\":{\"@type\":\"PropertyValueSpecification\",\"valueRequired\":true,\"valueName\":\"search_term_string\"}}],\"inLanguage\":\"fr-FR\"},{\"@type\":\"Person\",\"@id\":\"https:\\\/\\\/lepatriotebenin.com\\\/#\\\/schema\\\/person\\\/2e7709b9c9cc313e452d1136af61690f\",\"name\":\"Redaction\",\"image\":{\"@type\":\"ImageObject\",\"inLanguage\":\"fr-FR\",\"@id\":\"https:\\\/\\\/secure.gravatar.com\\\/avatar\\\/c4c509357859ea2ca2cbb6d8812898a73e4ef1ef9934c2e591d7e32face734d1?s=96&d=mm&r=g\",\"url\":\"https:\\\/\\\/secure.gravatar.com\\\/avatar\\\/c4c509357859ea2ca2cbb6d8812898a73e4ef1ef9934c2e591d7e32face734d1?s=96&d=mm&r=g\",\"contentUrl\":\"https:\\\/\\\/secure.gravatar.com\\\/avatar\\\/c4c509357859ea2ca2cbb6d8812898a73e4ef1ef9934c2e591d7e32face734d1?s=96&d=mm&r=g\",\"caption\":\"Redaction\"},\"url\":\"https:\\\/\\\/lepatriotebenin.com\"}]}<\/script>\n<!-- \/ Yoast SEO plugin. -->","yoast_head_json":{"title":"Affaire de parrainage entre Les D\u00e9mocrates et la CENA : Les militants de la 6\u00e8 exigent transparence et \u00e9quit\u00e9 - Le Patriote","robots":{"index":"index","follow":"follow","max-snippet":"max-snippet:-1","max-image-preview":"max-image-preview:large","max-video-preview":"max-video-preview:-1"},"canonical":"https:\/\/lepatriotebenin.com\/index.php\/2025\/10\/20\/affaire-de-parrainage-entre-les-democrates-et-la-cena-les-militants-de-la-6e-exigent-transparence-et-equite\/","og_locale":"fr_FR","og_type":"article","og_title":"Affaire de parrainage entre Les D\u00e9mocrates et la CENA : Les militants de la 6\u00e8 exigent transparence et \u00e9quit\u00e9 - Le Patriote","og_description":"R\u00e9unis ce dimanche 19 octobre 2025 au si\u00e8ge d\u00e9partemental du parti Les D\u00e9mocrates \u00e0 Godomey, les militants de la 6\u1d49 circonscription \u00e9lectorale ont exprim\u00e9 leur vive inqui\u00e9tude face \u00e0 ce&hellip;","og_url":"https:\/\/lepatriotebenin.com\/index.php\/2025\/10\/20\/affaire-de-parrainage-entre-les-democrates-et-la-cena-les-militants-de-la-6e-exigent-transparence-et-equite\/","og_site_name":"Le Patriote","article_published_time":"2025-10-20T02:29:17+00:00","og_image":[{"width":1040,"height":780,"url":"https:\/\/lepatriotebenin.com\/wp-content\/uploads\/2025\/10\/ld-6e.jpg","type":"image\/jpeg"}],"author":"Redaction","twitter_card":"summary_large_image","twitter_misc":{"\u00c9crit par":"Redaction","Dur\u00e9e de lecture estim\u00e9e":"2 minutes"},"schema":{"@context":"https:\/\/schema.org","@graph":[{"@type":"Article","@id":"https:\/\/lepatriotebenin.com\/index.php\/2025\/10\/20\/affaire-de-parrainage-entre-les-democrates-et-la-cena-les-militants-de-la-6e-exigent-transparence-et-equite\/#article","isPartOf":{"@id":"https:\/\/lepatriotebenin.com\/index.php\/2025\/10\/20\/affaire-de-parrainage-entre-les-democrates-et-la-cena-les-militants-de-la-6e-exigent-transparence-et-equite\/"},"author":{"name":"Redaction","@id":"https:\/\/lepatriotebenin.com\/#\/schema\/person\/2e7709b9c9cc313e452d1136af61690f"},"headline":"Affaire de parrainage entre Les D\u00e9mocrates et la CENA : Les militants de la 6\u00e8 exigent transparence et \u00e9quit\u00e9","datePublished":"2025-10-20T02:29:17+00:00","mainEntityOfPage":{"@id":"https:\/\/lepatriotebenin.com\/index.php\/2025\/10\/20\/affaire-de-parrainage-entre-les-democrates-et-la-cena-les-militants-de-la-6e-exigent-transparence-et-equite\/"},"wordCount":367,"commentCount":0,"image":{"@id":"https:\/\/lepatriotebenin.com\/index.php\/2025\/10\/20\/affaire-de-parrainage-entre-les-democrates-et-la-cena-les-militants-de-la-6e-exigent-transparence-et-equite\/#primaryimage"},"thumbnailUrl":"https:\/\/lepatriotebenin.com\/wp-content\/uploads\/2025\/10\/ld-6e.jpg","articleSection":["Politique"],"inLanguage":"fr-FR","potentialAction":[{"@type":"CommentAction","name":"Comment","target":["https:\/\/lepatriotebenin.com\/index.php\/2025\/10\/20\/affaire-de-parrainage-entre-les-democrates-et-la-cena-les-militants-de-la-6e-exigent-transparence-et-equite\/#respond"]}]},{"@type":"WebPage","@id":"https:\/\/lepatriotebenin.com\/index.php\/2025\/10\/20\/affaire-de-parrainage-entre-les-democrates-et-la-cena-les-militants-de-la-6e-exigent-transparence-et-equite\/","url":"https:\/\/lepatriotebenin.com\/index.php\/2025\/10\/20\/affaire-de-parrainage-entre-les-democrates-et-la-cena-les-militants-de-la-6e-exigent-transparence-et-equite\/","name":"Affaire de parrainage entre Les D\u00e9mocrates et la CENA : Les militants de la 6\u00e8 exigent transparence et \u00e9quit\u00e9 - Le Patriote","isPartOf":{"@id":"https:\/\/lepatriotebenin.com\/#website"},"primaryImageOfPage":{"@id":"https:\/\/lepatriotebenin.com\/index.php\/2025\/10\/20\/affaire-de-parrainage-entre-les-democrates-et-la-cena-les-militants-de-la-6e-exigent-transparence-et-equite\/#primaryimage"},"image":{"@id":"https:\/\/lepatriotebenin.com\/index.php\/2025\/10\/20\/affaire-de-parrainage-entre-les-democrates-et-la-cena-les-militants-de-la-6e-exigent-transparence-et-equite\/#primaryimage"},"thumbnailUrl":"https:\/\/lepatriotebenin.com\/wp-content\/uploads\/2025\/10\/ld-6e.jpg","datePublished":"2025-10-20T02:29:17+00:00","author":{"@id":"https:\/\/lepatriotebenin.com\/#\/schema\/person\/2e7709b9c9cc313e452d1136af61690f"},"breadcrumb":{"@id":"https:\/\/lepatriotebenin.com\/index.php\/2025\/10\/20\/affaire-de-parrainage-entre-les-democrates-et-la-cena-les-militants-de-la-6e-exigent-transparence-et-equite\/#breadcrumb"},"inLanguage":"fr-FR","potentialAction":[{"@type":"ReadAction","target":["https:\/\/lepatriotebenin.com\/index.php\/2025\/10\/20\/affaire-de-parrainage-entre-les-democrates-et-la-cena-les-militants-de-la-6e-exigent-transparence-et-equite\/"]}]},{"@type":"ImageObject","inLanguage":"fr-FR","@id":"https:\/\/lepatriotebenin.com\/index.php\/2025\/10\/20\/affaire-de-parrainage-entre-les-democrates-et-la-cena-les-militants-de-la-6e-exigent-transparence-et-equite\/#primaryimage","url":"https:\/\/lepatriotebenin.com\/wp-content\/uploads\/2025\/10\/ld-6e.jpg","contentUrl":"https:\/\/lepatriotebenin.com\/wp-content\/uploads\/2025\/10\/ld-6e.jpg","width":1040,"height":780},{"@type":"BreadcrumbList","@id":"https:\/\/lepatriotebenin.com\/index.php\/2025\/10\/20\/affaire-de-parrainage-entre-les-democrates-et-la-cena-les-militants-de-la-6e-exigent-transparence-et-equite\/#breadcrumb","itemListElement":[{"@type":"ListItem","position":1,"name":"Accueil","item":"https:\/\/lepatriotebenin.com\/"},{"@type":"ListItem","position":2,"name":"Affaire de parrainage entre Les D\u00e9mocrates et la CENA : Les militants de la 6\u00e8 exigent transparence et \u00e9quit\u00e9"}]},{"@type":"WebSite","@id":"https:\/\/lepatriotebenin.com\/#website","url":"https:\/\/lepatriotebenin.com\/","name":"Le Patriote","description":"Le Patriote B\u00e9nin","potentialAction":[{"@type":"SearchAction","target":{"@type":"EntryPoint","urlTemplate":"https:\/\/lepatriotebenin.com\/?s={search_term_string}"},"query-input":{"@type":"PropertyValueSpecification","valueRequired":true,"valueName":"search_term_string"}}],"inLanguage":"fr-FR"},{"@type":"Person","@id":"https:\/\/lepatriotebenin.com\/#\/schema\/person\/2e7709b9c9cc313e452d1136af61690f","name":"Redaction","image":{"@type":"ImageObject","inLanguage":"fr-FR","@id":"https:\/\/secure.gravatar.com\/avatar\/c4c509357859ea2ca2cbb6d8812898a73e4ef1ef9934c2e591d7e32face734d1?s=96&d=mm&r=g","url":"https:\/\/secure.gravatar.com\/avatar\/c4c509357859ea2ca2cbb6d8812898a73e4ef1ef9934c2e591d7e32face734d1?s=96&d=mm&r=g","contentUrl":"https:\/\/secure.gravatar.com\/avatar\/c4c509357859ea2ca2cbb6d8812898a73e4ef1ef9934c2e591d7e32face734d1?s=96&d=mm&r=g","caption":"Redaction"},"url":"https:\/\/lepatriotebenin.com"}]}},"_links":{"self":[{"href":"https:\/\/lepatriotebenin.com\/index.php\/wp-json\/wp\/v2\/posts\/14451","targetHints":{"allow":["GET"]}}],"collection":[{"href":"https:\/\/lepatriotebenin.com\/index.php\/wp-json\/wp\/v2\/posts"}],"about":[{"href":"https:\/\/lepatriotebenin.com\/index.php\/wp-json\/wp\/v2\/types\/post"}],"author":[{"embeddable":true,"href":"https:\/\/lepatriotebenin.com\/index.php\/wp-json\/wp\/v2\/users\/5"}],"replies":[{"embeddable":true,"href":"https:\/\/lepatriotebenin.com\/index.php\/wp-json\/wp\/v2\/comments?post=14451"}],"version-history":[{"count":1,"href":"https:\/\/lepatriotebenin.com\/index.php\/wp-json\/wp\/v2\/posts\/14451\/revisions"}],"predecessor-version":[{"id":14453,"href":"https:\/\/lepatriotebenin.com\/index.php\/wp-json\/wp\/v2\/posts\/14451\/revisions\/14453"}],"wp:featuredmedia":[{"embeddable":true,"href":"https:\/\/lepatriotebenin.com\/index.php\/wp-json\/wp\/v2\/media\/14452"}],"wp:attachment":[{"href":"https:\/\/lepatriotebenin.com\/index.php\/wp-json\/wp\/v2\/media?parent=14451"}],"wp:term":[{"taxonomy":"category","embeddable":true,"href":"https:\/\/lepatriotebenin.com\/index.php\/wp-json\/wp\/v2\/categories?post=14451"},{"taxonomy":"post_tag","embeddable":true,"href":"https:\/\/lepatriotebenin.com\/index.php\/wp-json\/wp\/v2\/tags?post=14451"}],"curies":[{"name":"wp","href":"https:\/\/api.w.org\/{rel}","templated":true}]}}