{"id":14445,"date":"2025-10-20T04:20:57","date_gmt":"2025-10-20T02:20:57","guid":{"rendered":"https:\/\/lepatriotebenin.com\/?p=14445"},"modified":"2025-10-20T04:20:57","modified_gmt":"2025-10-20T02:20:57","slug":"benin-le-collectif-des-avocats-du-parti-les-democrates-denonce-une-connivence-entre-justice-cena-et-pouvoir","status":"publish","type":"post","link":"https:\/\/lepatriotebenin.com\/index.php\/2025\/10\/20\/benin-le-collectif-des-avocats-du-parti-les-democrates-denonce-une-connivence-entre-justice-cena-et-pouvoir\/","title":{"rendered":"B\u00e9nin : Le collectif des avocats du Parti Les D\u00e9mocrates d\u00e9nonce une connivence entre justice, CENA et pouvoir"},"content":{"rendered":"<p><strong>Communiqu\u00e9 du collectif des avocats du Parti Les D\u00e9mocrates sur la connivence programm\u00e9e et synchronis\u00e9e entre la CENA, la justice et le pouvoir de la rupture en violation des textes de la R\u00e9publique<\/strong><\/p>\n<p>Suivant ordonnance num\u00e9ro 254\/AUD-PD\/2025 du 13 octobre 2025, le Pr\u00e9sident du tribunal de premi\u00e8re instance de premi\u00e8re classe de Cotonou a statu\u00e9 comme suit :<\/p>\n<p>\u00ab ordonnons en cons\u00e9quence \u00e0 monsieur Thomas Boni YAYI es-qualit\u00e9 Pr\u00e9sident du parti Les D\u00e9mocrates et au parti politique Les D\u00e9mocrates d&rsquo;avoir \u00e0 restituer \u00e0 Michel Fran\u00e7ois Oloutoy\u00e9 SODJINOU d\u00e8s la signification de la pr\u00e9sente ordonnance aux mains de l&rsquo;huissier de justice instrumentaire le formulaire nominatif de parrainage qui lui a \u00e9t\u00e9 d\u00e9livr\u00e9 par la CENA;<\/p>\n<p>enjoignons au Pr\u00e9sident de la CENA d&rsquo;avoir \u00e0 invalider le pr\u00e9c\u00e9dent formulaire de parrainage d\u00e9livr\u00e9 au demandeur Michel Fran\u00e7ois Oloutoy\u00e9 SODJINOU et de lui en d\u00e9livrer un nouveau en cas de r\u00e9sistance de monsieur Thomas Boni YAYI es-qualit\u00e9 Pr\u00e9sident du parti Les D\u00e9mocrates et du parti politique Les D\u00e9mocrates \u00e0 lui restituer le premier formulaire. \u00bb<\/p>\n<p>&nbsp;<\/p>\n<p>Il s&rsquo;induit de cette d\u00e9cision que la CENA ne peut agir qu&rsquo;en cas de r\u00e9sistance du parti et de son Pr\u00e9sident au terme du d\u00e9lai l\u00e9gal de 8 jours pr\u00e9vu par le code de proc\u00e9dure civile aux fins d\u2019ex\u00e9cution volontaire de la d\u00e9cision par le parti politique \u00ab Les D\u00e9mocrates \u00bb.<\/p>\n<p>L&rsquo;huissier instrumentaire devait prendre des mesures dans ce d\u00e9lai\u00a0 pour rencontrer le Pr\u00e9sident d\u00e8s lors que la signification de l&rsquo;ordonnance n&rsquo;a pas \u00e9t\u00e9 faite \u00e0 personne.<\/p>\n<p>Ce n&rsquo;est qu&rsquo;en cas de refus de restituer volontairement dans le d\u00e9lai de 8 jours \u00e0 compter de la signification qu\u2019il pouvait s&rsquo;adresser \u00e0 la CENA.<\/p>\n<p>Rien de cela n&rsquo;a \u00e9t\u00e9 fait avant que la CENA ne prenne sa d\u00e9cision au petit matin du 14 octobre 2025. Il y a donc une forte suspicion de collusion frauduleuse entre SODJINOU et la CENA qui partagent curieusement le m\u00eame huissier de justice.<\/p>\n<p>Cette derni\u00e8re s&rsquo;est comport\u00e9e comme \u00e9tant la principale b\u00e9n\u00e9ficiaire de la d\u00e9cision de justice, alors qu&rsquo;il n&rsquo;en est rien.<\/p>\n<p>Ce dossier est l\u2019expression concentr\u00e9e, en quelques heures, d\u2019un v\u00e9ritable d\u00e9ni de justice, annonciateur d\u2019une grave crise politique, sociale et s\u00e9curitaire en perspective.<\/p>\n<p><strong>Cotonou, le 19 octobre 2025<\/strong><\/p>\n<p><strong>Collectif des avocats du Parti Les D\u00e9mocrates<\/strong><\/p>\n","protected":false},"excerpt":{"rendered":"<p>Communiqu\u00e9 du collectif des avocats du Parti Les D\u00e9mocrates sur la connivence programm\u00e9e et synchronis\u00e9e entre la CENA, la justice et le pouvoir de la rupture en violation des textes&hellip;<\/p>\n","protected":false},"author":5,"featured_media":14002,"comment_status":"open","ping_status":"open","sticky":false,"template":"","format":"standard","meta":{"content-type":"","om_disable_all_campaigns":false,"_monsterinsights_skip_tracking":false,"_monsterinsights_sitenote_active":false,"_monsterinsights_sitenote_note":"","_monsterinsights_sitenote_category":0,"_uf_show_specific_survey":0,"_uf_disable_surveys":false,"footnotes":""},"categories":[26],"tags":[],"class_list":["post-14445","post","type-post","status-publish","format-standard","has-post-thumbnail","hentry","category-politique"],"aioseo_notices":[],"yoast_head":"<!-- This site is optimized with the Yoast SEO plugin v27.5 - https:\/\/yoast.com\/product\/yoast-seo-wordpress\/ -->\n<title>B\u00e9nin : Le collectif des avocats du Parti Les D\u00e9mocrates d\u00e9nonce une connivence entre justice, CENA et pouvoir - Le Patriote<\/title>\n<meta name=\"robots\" content=\"index, follow, max-snippet:-1, max-image-preview:large, max-video-preview:-1\" \/>\n<link rel=\"canonical\" href=\"https:\/\/lepatriotebenin.com\/index.php\/2025\/10\/20\/benin-le-collectif-des-avocats-du-parti-les-democrates-denonce-une-connivence-entre-justice-cena-et-pouvoir\/\" \/>\n<meta property=\"og:locale\" content=\"fr_FR\" \/>\n<meta property=\"og:type\" content=\"article\" \/>\n<meta property=\"og:title\" content=\"B\u00e9nin : Le collectif des avocats du Parti Les D\u00e9mocrates d\u00e9nonce une connivence entre justice, CENA et pouvoir - Le Patriote\" \/>\n<meta property=\"og:description\" content=\"Communiqu\u00e9 du collectif des avocats du Parti Les D\u00e9mocrates sur la connivence programm\u00e9e et synchronis\u00e9e entre la CENA, la justice et le pouvoir de la rupture en violation des textes&hellip;\" \/>\n<meta property=\"og:url\" content=\"https:\/\/lepatriotebenin.com\/index.php\/2025\/10\/20\/benin-le-collectif-des-avocats-du-parti-les-democrates-denonce-une-connivence-entre-justice-cena-et-pouvoir\/\" \/>\n<meta property=\"og:site_name\" content=\"Le Patriote\" \/>\n<meta property=\"article:published_time\" content=\"2025-10-20T02:20:57+00:00\" \/>\n<meta property=\"og:image\" content=\"https:\/\/lepatriotebenin.com\/wp-content\/uploads\/2025\/10\/logo-democrates.jpg\" \/>\n\t<meta property=\"og:image:width\" content=\"600\" \/>\n\t<meta property=\"og:image:height\" content=\"646\" \/>\n\t<meta property=\"og:image:type\" content=\"image\/jpeg\" \/>\n<meta name=\"author\" content=\"Redaction\" \/>\n<meta name=\"twitter:card\" content=\"summary_large_image\" \/>\n<meta name=\"twitter:label1\" content=\"\u00c9crit par\" \/>\n\t<meta name=\"twitter:data1\" content=\"Redaction\" \/>\n\t<meta name=\"twitter:label2\" content=\"Dur\u00e9e de lecture estim\u00e9e\" \/>\n\t<meta name=\"twitter:data2\" content=\"3 minutes\" \/>\n<script type=\"application\/ld+json\" class=\"yoast-schema-graph\">{\"@context\":\"https:\\\/\\\/schema.org\",\"@graph\":[{\"@type\":\"Article\",\"@id\":\"https:\\\/\\\/lepatriotebenin.com\\\/index.php\\\/2025\\\/10\\\/20\\\/benin-le-collectif-des-avocats-du-parti-les-democrates-denonce-une-connivence-entre-justice-cena-et-pouvoir\\\/#article\",\"isPartOf\":{\"@id\":\"https:\\\/\\\/lepatriotebenin.com\\\/index.php\\\/2025\\\/10\\\/20\\\/benin-le-collectif-des-avocats-du-parti-les-democrates-denonce-une-connivence-entre-justice-cena-et-pouvoir\\\/\"},\"author\":{\"name\":\"Redaction\",\"@id\":\"https:\\\/\\\/lepatriotebenin.com\\\/#\\\/schema\\\/person\\\/2e7709b9c9cc313e452d1136af61690f\"},\"headline\":\"B\u00e9nin : Le collectif des avocats du Parti Les D\u00e9mocrates d\u00e9nonce une connivence entre justice, CENA et pouvoir\",\"datePublished\":\"2025-10-20T02:20:57+00:00\",\"mainEntityOfPage\":{\"@id\":\"https:\\\/\\\/lepatriotebenin.com\\\/index.php\\\/2025\\\/10\\\/20\\\/benin-le-collectif-des-avocats-du-parti-les-democrates-denonce-une-connivence-entre-justice-cena-et-pouvoir\\\/\"},\"wordCount\":443,\"commentCount\":0,\"image\":{\"@id\":\"https:\\\/\\\/lepatriotebenin.com\\\/index.php\\\/2025\\\/10\\\/20\\\/benin-le-collectif-des-avocats-du-parti-les-democrates-denonce-une-connivence-entre-justice-cena-et-pouvoir\\\/#primaryimage\"},\"thumbnailUrl\":\"https:\\\/\\\/lepatriotebenin.com\\\/wp-content\\\/uploads\\\/2025\\\/10\\\/logo-democrates.jpg\",\"articleSection\":[\"Politique\"],\"inLanguage\":\"fr-FR\",\"potentialAction\":[{\"@type\":\"CommentAction\",\"name\":\"Comment\",\"target\":[\"https:\\\/\\\/lepatriotebenin.com\\\/index.php\\\/2025\\\/10\\\/20\\\/benin-le-collectif-des-avocats-du-parti-les-democrates-denonce-une-connivence-entre-justice-cena-et-pouvoir\\\/#respond\"]}]},{\"@type\":\"WebPage\",\"@id\":\"https:\\\/\\\/lepatriotebenin.com\\\/index.php\\\/2025\\\/10\\\/20\\\/benin-le-collectif-des-avocats-du-parti-les-democrates-denonce-une-connivence-entre-justice-cena-et-pouvoir\\\/\",\"url\":\"https:\\\/\\\/lepatriotebenin.com\\\/index.php\\\/2025\\\/10\\\/20\\\/benin-le-collectif-des-avocats-du-parti-les-democrates-denonce-une-connivence-entre-justice-cena-et-pouvoir\\\/\",\"name\":\"B\u00e9nin : Le collectif des avocats du Parti Les D\u00e9mocrates d\u00e9nonce une connivence entre justice, CENA et pouvoir - Le Patriote\",\"isPartOf\":{\"@id\":\"https:\\\/\\\/lepatriotebenin.com\\\/#website\"},\"primaryImageOfPage\":{\"@id\":\"https:\\\/\\\/lepatriotebenin.com\\\/index.php\\\/2025\\\/10\\\/20\\\/benin-le-collectif-des-avocats-du-parti-les-democrates-denonce-une-connivence-entre-justice-cena-et-pouvoir\\\/#primaryimage\"},\"image\":{\"@id\":\"https:\\\/\\\/lepatriotebenin.com\\\/index.php\\\/2025\\\/10\\\/20\\\/benin-le-collectif-des-avocats-du-parti-les-democrates-denonce-une-connivence-entre-justice-cena-et-pouvoir\\\/#primaryimage\"},\"thumbnailUrl\":\"https:\\\/\\\/lepatriotebenin.com\\\/wp-content\\\/uploads\\\/2025\\\/10\\\/logo-democrates.jpg\",\"datePublished\":\"2025-10-20T02:20:57+00:00\",\"author\":{\"@id\":\"https:\\\/\\\/lepatriotebenin.com\\\/#\\\/schema\\\/person\\\/2e7709b9c9cc313e452d1136af61690f\"},\"breadcrumb\":{\"@id\":\"https:\\\/\\\/lepatriotebenin.com\\\/index.php\\\/2025\\\/10\\\/20\\\/benin-le-collectif-des-avocats-du-parti-les-democrates-denonce-une-connivence-entre-justice-cena-et-pouvoir\\\/#breadcrumb\"},\"inLanguage\":\"fr-FR\",\"potentialAction\":[{\"@type\":\"ReadAction\",\"target\":[\"https:\\\/\\\/lepatriotebenin.com\\\/index.php\\\/2025\\\/10\\\/20\\\/benin-le-collectif-des-avocats-du-parti-les-democrates-denonce-une-connivence-entre-justice-cena-et-pouvoir\\\/\"]}]},{\"@type\":\"ImageObject\",\"inLanguage\":\"fr-FR\",\"@id\":\"https:\\\/\\\/lepatriotebenin.com\\\/index.php\\\/2025\\\/10\\\/20\\\/benin-le-collectif-des-avocats-du-parti-les-democrates-denonce-une-connivence-entre-justice-cena-et-pouvoir\\\/#primaryimage\",\"url\":\"https:\\\/\\\/lepatriotebenin.com\\\/wp-content\\\/uploads\\\/2025\\\/10\\\/logo-democrates.jpg\",\"contentUrl\":\"https:\\\/\\\/lepatriotebenin.com\\\/wp-content\\\/uploads\\\/2025\\\/10\\\/logo-democrates.jpg\",\"width\":600,\"height\":646},{\"@type\":\"BreadcrumbList\",\"@id\":\"https:\\\/\\\/lepatriotebenin.com\\\/index.php\\\/2025\\\/10\\\/20\\\/benin-le-collectif-des-avocats-du-parti-les-democrates-denonce-une-connivence-entre-justice-cena-et-pouvoir\\\/#breadcrumb\",\"itemListElement\":[{\"@type\":\"ListItem\",\"position\":1,\"name\":\"Accueil\",\"item\":\"https:\\\/\\\/lepatriotebenin.com\\\/\"},{\"@type\":\"ListItem\",\"position\":2,\"name\":\"B\u00e9nin : Le collectif des avocats du Parti Les D\u00e9mocrates d\u00e9nonce une connivence entre justice, CENA et pouvoir\"}]},{\"@type\":\"WebSite\",\"@id\":\"https:\\\/\\\/lepatriotebenin.com\\\/#website\",\"url\":\"https:\\\/\\\/lepatriotebenin.com\\\/\",\"name\":\"Le Patriote\",\"description\":\"Le Patriote B\u00e9nin\",\"potentialAction\":[{\"@type\":\"SearchAction\",\"target\":{\"@type\":\"EntryPoint\",\"urlTemplate\":\"https:\\\/\\\/lepatriotebenin.com\\\/?s={search_term_string}\"},\"query-input\":{\"@type\":\"PropertyValueSpecification\",\"valueRequired\":true,\"valueName\":\"search_term_string\"}}],\"inLanguage\":\"fr-FR\"},{\"@type\":\"Person\",\"@id\":\"https:\\\/\\\/lepatriotebenin.com\\\/#\\\/schema\\\/person\\\/2e7709b9c9cc313e452d1136af61690f\",\"name\":\"Redaction\",\"image\":{\"@type\":\"ImageObject\",\"inLanguage\":\"fr-FR\",\"@id\":\"https:\\\/\\\/secure.gravatar.com\\\/avatar\\\/c4c509357859ea2ca2cbb6d8812898a73e4ef1ef9934c2e591d7e32face734d1?s=96&d=mm&r=g\",\"url\":\"https:\\\/\\\/secure.gravatar.com\\\/avatar\\\/c4c509357859ea2ca2cbb6d8812898a73e4ef1ef9934c2e591d7e32face734d1?s=96&d=mm&r=g\",\"contentUrl\":\"https:\\\/\\\/secure.gravatar.com\\\/avatar\\\/c4c509357859ea2ca2cbb6d8812898a73e4ef1ef9934c2e591d7e32face734d1?s=96&d=mm&r=g\",\"caption\":\"Redaction\"},\"url\":\"https:\\\/\\\/lepatriotebenin.com\"}]}<\/script>\n<!-- \/ Yoast SEO plugin. -->","yoast_head_json":{"title":"B\u00e9nin : Le collectif des avocats du Parti Les D\u00e9mocrates d\u00e9nonce une connivence entre justice, CENA et pouvoir - Le Patriote","robots":{"index":"index","follow":"follow","max-snippet":"max-snippet:-1","max-image-preview":"max-image-preview:large","max-video-preview":"max-video-preview:-1"},"canonical":"https:\/\/lepatriotebenin.com\/index.php\/2025\/10\/20\/benin-le-collectif-des-avocats-du-parti-les-democrates-denonce-une-connivence-entre-justice-cena-et-pouvoir\/","og_locale":"fr_FR","og_type":"article","og_title":"B\u00e9nin : Le collectif des avocats du Parti Les D\u00e9mocrates d\u00e9nonce une connivence entre justice, CENA et pouvoir - Le Patriote","og_description":"Communiqu\u00e9 du collectif des avocats du Parti Les D\u00e9mocrates sur la connivence programm\u00e9e et synchronis\u00e9e entre la CENA, la justice et le pouvoir de la rupture en violation des textes&hellip;","og_url":"https:\/\/lepatriotebenin.com\/index.php\/2025\/10\/20\/benin-le-collectif-des-avocats-du-parti-les-democrates-denonce-une-connivence-entre-justice-cena-et-pouvoir\/","og_site_name":"Le Patriote","article_published_time":"2025-10-20T02:20:57+00:00","og_image":[{"width":600,"height":646,"url":"https:\/\/lepatriotebenin.com\/wp-content\/uploads\/2025\/10\/logo-democrates.jpg","type":"image\/jpeg"}],"author":"Redaction","twitter_card":"summary_large_image","twitter_misc":{"\u00c9crit par":"Redaction","Dur\u00e9e de lecture estim\u00e9e":"3 minutes"},"schema":{"@context":"https:\/\/schema.org","@graph":[{"@type":"Article","@id":"https:\/\/lepatriotebenin.com\/index.php\/2025\/10\/20\/benin-le-collectif-des-avocats-du-parti-les-democrates-denonce-une-connivence-entre-justice-cena-et-pouvoir\/#article","isPartOf":{"@id":"https:\/\/lepatriotebenin.com\/index.php\/2025\/10\/20\/benin-le-collectif-des-avocats-du-parti-les-democrates-denonce-une-connivence-entre-justice-cena-et-pouvoir\/"},"author":{"name":"Redaction","@id":"https:\/\/lepatriotebenin.com\/#\/schema\/person\/2e7709b9c9cc313e452d1136af61690f"},"headline":"B\u00e9nin : Le collectif des avocats du Parti Les D\u00e9mocrates d\u00e9nonce une connivence entre justice, CENA et pouvoir","datePublished":"2025-10-20T02:20:57+00:00","mainEntityOfPage":{"@id":"https:\/\/lepatriotebenin.com\/index.php\/2025\/10\/20\/benin-le-collectif-des-avocats-du-parti-les-democrates-denonce-une-connivence-entre-justice-cena-et-pouvoir\/"},"wordCount":443,"commentCount":0,"image":{"@id":"https:\/\/lepatriotebenin.com\/index.php\/2025\/10\/20\/benin-le-collectif-des-avocats-du-parti-les-democrates-denonce-une-connivence-entre-justice-cena-et-pouvoir\/#primaryimage"},"thumbnailUrl":"https:\/\/lepatriotebenin.com\/wp-content\/uploads\/2025\/10\/logo-democrates.jpg","articleSection":["Politique"],"inLanguage":"fr-FR","potentialAction":[{"@type":"CommentAction","name":"Comment","target":["https:\/\/lepatriotebenin.com\/index.php\/2025\/10\/20\/benin-le-collectif-des-avocats-du-parti-les-democrates-denonce-une-connivence-entre-justice-cena-et-pouvoir\/#respond"]}]},{"@type":"WebPage","@id":"https:\/\/lepatriotebenin.com\/index.php\/2025\/10\/20\/benin-le-collectif-des-avocats-du-parti-les-democrates-denonce-une-connivence-entre-justice-cena-et-pouvoir\/","url":"https:\/\/lepatriotebenin.com\/index.php\/2025\/10\/20\/benin-le-collectif-des-avocats-du-parti-les-democrates-denonce-une-connivence-entre-justice-cena-et-pouvoir\/","name":"B\u00e9nin : Le collectif des avocats du Parti Les D\u00e9mocrates d\u00e9nonce une connivence entre justice, CENA et pouvoir - Le Patriote","isPartOf":{"@id":"https:\/\/lepatriotebenin.com\/#website"},"primaryImageOfPage":{"@id":"https:\/\/lepatriotebenin.com\/index.php\/2025\/10\/20\/benin-le-collectif-des-avocats-du-parti-les-democrates-denonce-une-connivence-entre-justice-cena-et-pouvoir\/#primaryimage"},"image":{"@id":"https:\/\/lepatriotebenin.com\/index.php\/2025\/10\/20\/benin-le-collectif-des-avocats-du-parti-les-democrates-denonce-une-connivence-entre-justice-cena-et-pouvoir\/#primaryimage"},"thumbnailUrl":"https:\/\/lepatriotebenin.com\/wp-content\/uploads\/2025\/10\/logo-democrates.jpg","datePublished":"2025-10-20T02:20:57+00:00","author":{"@id":"https:\/\/lepatriotebenin.com\/#\/schema\/person\/2e7709b9c9cc313e452d1136af61690f"},"breadcrumb":{"@id":"https:\/\/lepatriotebenin.com\/index.php\/2025\/10\/20\/benin-le-collectif-des-avocats-du-parti-les-democrates-denonce-une-connivence-entre-justice-cena-et-pouvoir\/#breadcrumb"},"inLanguage":"fr-FR","potentialAction":[{"@type":"ReadAction","target":["https:\/\/lepatriotebenin.com\/index.php\/2025\/10\/20\/benin-le-collectif-des-avocats-du-parti-les-democrates-denonce-une-connivence-entre-justice-cena-et-pouvoir\/"]}]},{"@type":"ImageObject","inLanguage":"fr-FR","@id":"https:\/\/lepatriotebenin.com\/index.php\/2025\/10\/20\/benin-le-collectif-des-avocats-du-parti-les-democrates-denonce-une-connivence-entre-justice-cena-et-pouvoir\/#primaryimage","url":"https:\/\/lepatriotebenin.com\/wp-content\/uploads\/2025\/10\/logo-democrates.jpg","contentUrl":"https:\/\/lepatriotebenin.com\/wp-content\/uploads\/2025\/10\/logo-democrates.jpg","width":600,"height":646},{"@type":"BreadcrumbList","@id":"https:\/\/lepatriotebenin.com\/index.php\/2025\/10\/20\/benin-le-collectif-des-avocats-du-parti-les-democrates-denonce-une-connivence-entre-justice-cena-et-pouvoir\/#breadcrumb","itemListElement":[{"@type":"ListItem","position":1,"name":"Accueil","item":"https:\/\/lepatriotebenin.com\/"},{"@type":"ListItem","position":2,"name":"B\u00e9nin : Le collectif des avocats du Parti Les D\u00e9mocrates d\u00e9nonce une connivence entre justice, CENA et pouvoir"}]},{"@type":"WebSite","@id":"https:\/\/lepatriotebenin.com\/#website","url":"https:\/\/lepatriotebenin.com\/","name":"Le Patriote","description":"Le Patriote B\u00e9nin","potentialAction":[{"@type":"SearchAction","target":{"@type":"EntryPoint","urlTemplate":"https:\/\/lepatriotebenin.com\/?s={search_term_string}"},"query-input":{"@type":"PropertyValueSpecification","valueRequired":true,"valueName":"search_term_string"}}],"inLanguage":"fr-FR"},{"@type":"Person","@id":"https:\/\/lepatriotebenin.com\/#\/schema\/person\/2e7709b9c9cc313e452d1136af61690f","name":"Redaction","image":{"@type":"ImageObject","inLanguage":"fr-FR","@id":"https:\/\/secure.gravatar.com\/avatar\/c4c509357859ea2ca2cbb6d8812898a73e4ef1ef9934c2e591d7e32face734d1?s=96&d=mm&r=g","url":"https:\/\/secure.gravatar.com\/avatar\/c4c509357859ea2ca2cbb6d8812898a73e4ef1ef9934c2e591d7e32face734d1?s=96&d=mm&r=g","contentUrl":"https:\/\/secure.gravatar.com\/avatar\/c4c509357859ea2ca2cbb6d8812898a73e4ef1ef9934c2e591d7e32face734d1?s=96&d=mm&r=g","caption":"Redaction"},"url":"https:\/\/lepatriotebenin.com"}]}},"_links":{"self":[{"href":"https:\/\/lepatriotebenin.com\/index.php\/wp-json\/wp\/v2\/posts\/14445","targetHints":{"allow":["GET"]}}],"collection":[{"href":"https:\/\/lepatriotebenin.com\/index.php\/wp-json\/wp\/v2\/posts"}],"about":[{"href":"https:\/\/lepatriotebenin.com\/index.php\/wp-json\/wp\/v2\/types\/post"}],"author":[{"embeddable":true,"href":"https:\/\/lepatriotebenin.com\/index.php\/wp-json\/wp\/v2\/users\/5"}],"replies":[{"embeddable":true,"href":"https:\/\/lepatriotebenin.com\/index.php\/wp-json\/wp\/v2\/comments?post=14445"}],"version-history":[{"count":1,"href":"https:\/\/lepatriotebenin.com\/index.php\/wp-json\/wp\/v2\/posts\/14445\/revisions"}],"predecessor-version":[{"id":14446,"href":"https:\/\/lepatriotebenin.com\/index.php\/wp-json\/wp\/v2\/posts\/14445\/revisions\/14446"}],"wp:featuredmedia":[{"embeddable":true,"href":"https:\/\/lepatriotebenin.com\/index.php\/wp-json\/wp\/v2\/media\/14002"}],"wp:attachment":[{"href":"https:\/\/lepatriotebenin.com\/index.php\/wp-json\/wp\/v2\/media?parent=14445"}],"wp:term":[{"taxonomy":"category","embeddable":true,"href":"https:\/\/lepatriotebenin.com\/index.php\/wp-json\/wp\/v2\/categories?post=14445"},{"taxonomy":"post_tag","embeddable":true,"href":"https:\/\/lepatriotebenin.com\/index.php\/wp-json\/wp\/v2\/tags?post=14445"}],"curies":[{"name":"wp","href":"https:\/\/api.w.org\/{rel}","templated":true}]}}