{"id":14443,"date":"2025-10-20T04:14:07","date_gmt":"2025-10-20T02:14:07","guid":{"rendered":"https:\/\/lepatriotebenin.com\/?p=14443"},"modified":"2025-10-20T04:14:07","modified_gmt":"2025-10-20T02:14:07","slug":"classement-fifa-coca-cola-le-benin-desormais-a-la-92eme-place","status":"publish","type":"post","link":"https:\/\/lepatriotebenin.com\/index.php\/2025\/10\/20\/classement-fifa-coca-cola-le-benin-desormais-a-la-92eme-place\/","title":{"rendered":"Classement Fifa Coca \u2013 Cola :  Le B\u00e9nin d\u00e9sormais \u00e0 la 92\u00e8me place"},"content":{"rendered":"<p>La F\u00e9d\u00e9ration internationale de Football associations (Fifa) a d\u00e9voil\u00e9, ce\u00a0 vendredi 17\u00a0 octobre 2025,\u00a0le classement Fifa Coca Cola du mois de octobre\u00a0 . Lors du pr\u00e9c\u00e9dent classement, le B\u00e9nin \u00e9tait \u00e0 la 93\u00e8me\u00a0place. Pour le classement du mois de octobre , le B\u00e9nin a gagn\u00e9\u00a0 une place et est actuellement \u00e0 la 92\u00e8me\u00a0place. Cette progression du B\u00e9nin dans le classement mondial t\u00e9moigne des efforts consentis par la s\u00e9lection nationale ces derniers mois \u00a0dans les \u00e9liminatoires du Mondial\u00a0 2026 \u2013Zone Afrique\u00a0\u00a0 Sur le plan continental, le B\u00e9nin \u00a0est\u00a0 d\u00e9sormais \u00a019\u1d49 . Il\u00a0 consolide ainsi \u00a0sa place dans \u00a0le top 20 africain.<\/p>\n<p>Sur le continent africain, la\u00a0C\u00f4te d\u2019Ivoire a progress\u00e9 \u00a0de deux places \u00a0et est 42\u00e8me\u00a0au plan mondial. Quant au\u00a0Nigeria, il a gagn\u00e9 quatre \u00a0place et \u00a0est \u00e0 la\u00a041me\u00a0place\u00a0au plan mondial. Le\u00a0S\u00e9n\u00e9gal\u00a0de son c\u00f4t\u00e9 \u00a0se maintient toujours \u00a0\u00e0 la\u00a018\u00e8me\u00a0place\u00a0sur le plan mondial.\u00a0Le\u00a0Maroc\u00a0pour sa part\u00a0 a\u00a0 chut\u00e9 d\u2019une place et est \u00a0\u00e0 la\u00a012\u00e8me position au plan mondial et\u00a01er\u00a0sur le continent.\u00a0\u00a0L\u2019\u00c9gypte a progress\u00e9 de\u00a0 trois place et est au 32\u00e8me\u00a0rang\u00a0dans le classement mondial. Quant \u00e0 l\u2019Alg\u00e9rie qui est dans le top 4 africain, elle a fait un bond de trois places\u00a0 et est \u00e0 la 35\u00e8me place.<\/p>\n<p>Sur le plan mondial, le classement est domin\u00e9 par\u00a0l\u2019Espagne .\u00a0Il est suivi respectivement de la \u00a0l\u2019Argentine \u00a0\u00a0(2\u00e8me),\u00a0de la France ( 3\u00e8me\u00a0) \u00a0\u00a0, de l\u2019\u00a0Angleterre \u00a0\u00a0( 4\u00e8me\u00a0)\u00a0 \u00a0\u00a0et du\u00a0Portugal \u00a0\u00a0( 5\u00e8me\u00a0)\u00a0 . \u00a0Quant au Br\u00e9sil qui a perdu une place , il est rel\u00e9gu\u00e9 \u00e0 la 7\u00e8me place.<\/p>\n<p>&nbsp;<\/p>\n<p>&nbsp;<\/p>\n<p>&nbsp;<\/p>\n<p>&nbsp;<\/p>\n","protected":false},"excerpt":{"rendered":"<p>La F\u00e9d\u00e9ration internationale de Football associations (Fifa) a d\u00e9voil\u00e9, ce\u00a0 vendredi 17\u00a0 octobre 2025,\u00a0le classement Fifa Coca Cola du mois de octobre\u00a0 . Lors du pr\u00e9c\u00e9dent classement, le B\u00e9nin \u00e9tait&hellip;<\/p>\n","protected":false},"author":6,"featured_media":14314,"comment_status":"open","ping_status":"open","sticky":false,"template":"","format":"standard","meta":{"content-type":"","om_disable_all_campaigns":false,"_monsterinsights_skip_tracking":false,"_monsterinsights_sitenote_active":false,"_monsterinsights_sitenote_note":"","_monsterinsights_sitenote_category":0,"_uf_show_specific_survey":0,"_uf_disable_surveys":false,"footnotes":""},"categories":[8],"tags":[],"class_list":["post-14443","post","type-post","status-publish","format-standard","has-post-thumbnail","hentry","category-sport"],"aioseo_notices":[],"yoast_head":"<!-- This site is optimized with the Yoast SEO plugin v27.5 - https:\/\/yoast.com\/product\/yoast-seo-wordpress\/ -->\n<title>Classement Fifa Coca \u2013 Cola : Le B\u00e9nin d\u00e9sormais \u00e0 la 92\u00e8me place - Le Patriote<\/title>\n<meta name=\"robots\" content=\"index, follow, max-snippet:-1, max-image-preview:large, max-video-preview:-1\" \/>\n<link rel=\"canonical\" href=\"https:\/\/lepatriotebenin.com\/index.php\/2025\/10\/20\/classement-fifa-coca-cola-le-benin-desormais-a-la-92eme-place\/\" \/>\n<meta property=\"og:locale\" content=\"fr_FR\" \/>\n<meta property=\"og:type\" content=\"article\" \/>\n<meta property=\"og:title\" content=\"Classement Fifa Coca \u2013 Cola : Le B\u00e9nin d\u00e9sormais \u00e0 la 92\u00e8me place - Le Patriote\" \/>\n<meta property=\"og:description\" content=\"La F\u00e9d\u00e9ration internationale de Football associations (Fifa) a d\u00e9voil\u00e9, ce\u00a0 vendredi 17\u00a0 octobre 2025,\u00a0le classement Fifa Coca Cola du mois de octobre\u00a0 . Lors du pr\u00e9c\u00e9dent classement, le B\u00e9nin \u00e9tait&hellip;\" \/>\n<meta property=\"og:url\" content=\"https:\/\/lepatriotebenin.com\/index.php\/2025\/10\/20\/classement-fifa-coca-cola-le-benin-desormais-a-la-92eme-place\/\" \/>\n<meta property=\"og:site_name\" content=\"Le Patriote\" \/>\n<meta property=\"article:published_time\" content=\"2025-10-20T02:14:07+00:00\" \/>\n<meta property=\"og:image\" content=\"https:\/\/lepatriotebenin.com\/wp-content\/uploads\/2025\/10\/guepards.jpg\" \/>\n\t<meta property=\"og:image:width\" content=\"850\" \/>\n\t<meta property=\"og:image:height\" content=\"560\" \/>\n\t<meta property=\"og:image:type\" content=\"image\/jpeg\" \/>\n<meta name=\"author\" content=\"Roland AFFANOU\" \/>\n<meta name=\"twitter:card\" content=\"summary_large_image\" \/>\n<meta name=\"twitter:label1\" content=\"\u00c9crit par\" \/>\n\t<meta name=\"twitter:data1\" content=\"Roland AFFANOU\" \/>\n\t<meta name=\"twitter:label2\" content=\"Dur\u00e9e de lecture estim\u00e9e\" \/>\n\t<meta name=\"twitter:data2\" content=\"2 minutes\" \/>\n<script type=\"application\/ld+json\" class=\"yoast-schema-graph\">{\"@context\":\"https:\\\/\\\/schema.org\",\"@graph\":[{\"@type\":\"Article\",\"@id\":\"https:\\\/\\\/lepatriotebenin.com\\\/index.php\\\/2025\\\/10\\\/20\\\/classement-fifa-coca-cola-le-benin-desormais-a-la-92eme-place\\\/#article\",\"isPartOf\":{\"@id\":\"https:\\\/\\\/lepatriotebenin.com\\\/index.php\\\/2025\\\/10\\\/20\\\/classement-fifa-coca-cola-le-benin-desormais-a-la-92eme-place\\\/\"},\"author\":{\"name\":\"Roland AFFANOU\",\"@id\":\"https:\\\/\\\/lepatriotebenin.com\\\/#\\\/schema\\\/person\\\/4a9b67216c97d04045e01405c534c91f\"},\"headline\":\"Classement Fifa Coca \u2013 Cola : Le B\u00e9nin d\u00e9sormais \u00e0 la 92\u00e8me place\",\"datePublished\":\"2025-10-20T02:14:07+00:00\",\"mainEntityOfPage\":{\"@id\":\"https:\\\/\\\/lepatriotebenin.com\\\/index.php\\\/2025\\\/10\\\/20\\\/classement-fifa-coca-cola-le-benin-desormais-a-la-92eme-place\\\/\"},\"wordCount\":285,\"commentCount\":0,\"image\":{\"@id\":\"https:\\\/\\\/lepatriotebenin.com\\\/index.php\\\/2025\\\/10\\\/20\\\/classement-fifa-coca-cola-le-benin-desormais-a-la-92eme-place\\\/#primaryimage\"},\"thumbnailUrl\":\"https:\\\/\\\/lepatriotebenin.com\\\/wp-content\\\/uploads\\\/2025\\\/10\\\/guepards.jpg\",\"articleSection\":[\"Sport\"],\"inLanguage\":\"fr-FR\",\"potentialAction\":[{\"@type\":\"CommentAction\",\"name\":\"Comment\",\"target\":[\"https:\\\/\\\/lepatriotebenin.com\\\/index.php\\\/2025\\\/10\\\/20\\\/classement-fifa-coca-cola-le-benin-desormais-a-la-92eme-place\\\/#respond\"]}]},{\"@type\":\"WebPage\",\"@id\":\"https:\\\/\\\/lepatriotebenin.com\\\/index.php\\\/2025\\\/10\\\/20\\\/classement-fifa-coca-cola-le-benin-desormais-a-la-92eme-place\\\/\",\"url\":\"https:\\\/\\\/lepatriotebenin.com\\\/index.php\\\/2025\\\/10\\\/20\\\/classement-fifa-coca-cola-le-benin-desormais-a-la-92eme-place\\\/\",\"name\":\"Classement Fifa Coca \u2013 Cola : Le B\u00e9nin d\u00e9sormais \u00e0 la 92\u00e8me place - Le Patriote\",\"isPartOf\":{\"@id\":\"https:\\\/\\\/lepatriotebenin.com\\\/#website\"},\"primaryImageOfPage\":{\"@id\":\"https:\\\/\\\/lepatriotebenin.com\\\/index.php\\\/2025\\\/10\\\/20\\\/classement-fifa-coca-cola-le-benin-desormais-a-la-92eme-place\\\/#primaryimage\"},\"image\":{\"@id\":\"https:\\\/\\\/lepatriotebenin.com\\\/index.php\\\/2025\\\/10\\\/20\\\/classement-fifa-coca-cola-le-benin-desormais-a-la-92eme-place\\\/#primaryimage\"},\"thumbnailUrl\":\"https:\\\/\\\/lepatriotebenin.com\\\/wp-content\\\/uploads\\\/2025\\\/10\\\/guepards.jpg\",\"datePublished\":\"2025-10-20T02:14:07+00:00\",\"author\":{\"@id\":\"https:\\\/\\\/lepatriotebenin.com\\\/#\\\/schema\\\/person\\\/4a9b67216c97d04045e01405c534c91f\"},\"breadcrumb\":{\"@id\":\"https:\\\/\\\/lepatriotebenin.com\\\/index.php\\\/2025\\\/10\\\/20\\\/classement-fifa-coca-cola-le-benin-desormais-a-la-92eme-place\\\/#breadcrumb\"},\"inLanguage\":\"fr-FR\",\"potentialAction\":[{\"@type\":\"ReadAction\",\"target\":[\"https:\\\/\\\/lepatriotebenin.com\\\/index.php\\\/2025\\\/10\\\/20\\\/classement-fifa-coca-cola-le-benin-desormais-a-la-92eme-place\\\/\"]}]},{\"@type\":\"ImageObject\",\"inLanguage\":\"fr-FR\",\"@id\":\"https:\\\/\\\/lepatriotebenin.com\\\/index.php\\\/2025\\\/10\\\/20\\\/classement-fifa-coca-cola-le-benin-desormais-a-la-92eme-place\\\/#primaryimage\",\"url\":\"https:\\\/\\\/lepatriotebenin.com\\\/wp-content\\\/uploads\\\/2025\\\/10\\\/guepards.jpg\",\"contentUrl\":\"https:\\\/\\\/lepatriotebenin.com\\\/wp-content\\\/uploads\\\/2025\\\/10\\\/guepards.jpg\",\"width\":850,\"height\":560},{\"@type\":\"BreadcrumbList\",\"@id\":\"https:\\\/\\\/lepatriotebenin.com\\\/index.php\\\/2025\\\/10\\\/20\\\/classement-fifa-coca-cola-le-benin-desormais-a-la-92eme-place\\\/#breadcrumb\",\"itemListElement\":[{\"@type\":\"ListItem\",\"position\":1,\"name\":\"Accueil\",\"item\":\"https:\\\/\\\/lepatriotebenin.com\\\/\"},{\"@type\":\"ListItem\",\"position\":2,\"name\":\"Classement Fifa Coca \u2013 Cola : Le B\u00e9nin d\u00e9sormais \u00e0 la 92\u00e8me place\"}]},{\"@type\":\"WebSite\",\"@id\":\"https:\\\/\\\/lepatriotebenin.com\\\/#website\",\"url\":\"https:\\\/\\\/lepatriotebenin.com\\\/\",\"name\":\"Le Patriote\",\"description\":\"Le Patriote B\u00e9nin\",\"potentialAction\":[{\"@type\":\"SearchAction\",\"target\":{\"@type\":\"EntryPoint\",\"urlTemplate\":\"https:\\\/\\\/lepatriotebenin.com\\\/?s={search_term_string}\"},\"query-input\":{\"@type\":\"PropertyValueSpecification\",\"valueRequired\":true,\"valueName\":\"search_term_string\"}}],\"inLanguage\":\"fr-FR\"},{\"@type\":\"Person\",\"@id\":\"https:\\\/\\\/lepatriotebenin.com\\\/#\\\/schema\\\/person\\\/4a9b67216c97d04045e01405c534c91f\",\"name\":\"Roland AFFANOU\",\"image\":{\"@type\":\"ImageObject\",\"inLanguage\":\"fr-FR\",\"@id\":\"https:\\\/\\\/secure.gravatar.com\\\/avatar\\\/7209d3f6d2d47ea4d0c67e14d3effb61feb10ae540a4381280c66265de5bd643?s=96&d=mm&r=g\",\"url\":\"https:\\\/\\\/secure.gravatar.com\\\/avatar\\\/7209d3f6d2d47ea4d0c67e14d3effb61feb10ae540a4381280c66265de5bd643?s=96&d=mm&r=g\",\"contentUrl\":\"https:\\\/\\\/secure.gravatar.com\\\/avatar\\\/7209d3f6d2d47ea4d0c67e14d3effb61feb10ae540a4381280c66265de5bd643?s=96&d=mm&r=g\",\"caption\":\"Roland AFFANOU\"},\"url\":\"https:\\\/\\\/lepatriotebenin.com\"}]}<\/script>\n<!-- \/ Yoast SEO plugin. -->","yoast_head_json":{"title":"Classement Fifa Coca \u2013 Cola : Le B\u00e9nin d\u00e9sormais \u00e0 la 92\u00e8me place - Le Patriote","robots":{"index":"index","follow":"follow","max-snippet":"max-snippet:-1","max-image-preview":"max-image-preview:large","max-video-preview":"max-video-preview:-1"},"canonical":"https:\/\/lepatriotebenin.com\/index.php\/2025\/10\/20\/classement-fifa-coca-cola-le-benin-desormais-a-la-92eme-place\/","og_locale":"fr_FR","og_type":"article","og_title":"Classement Fifa Coca \u2013 Cola : Le B\u00e9nin d\u00e9sormais \u00e0 la 92\u00e8me place - Le Patriote","og_description":"La F\u00e9d\u00e9ration internationale de Football associations (Fifa) a d\u00e9voil\u00e9, ce\u00a0 vendredi 17\u00a0 octobre 2025,\u00a0le classement Fifa Coca Cola du mois de octobre\u00a0 . Lors du pr\u00e9c\u00e9dent classement, le B\u00e9nin \u00e9tait&hellip;","og_url":"https:\/\/lepatriotebenin.com\/index.php\/2025\/10\/20\/classement-fifa-coca-cola-le-benin-desormais-a-la-92eme-place\/","og_site_name":"Le Patriote","article_published_time":"2025-10-20T02:14:07+00:00","og_image":[{"width":850,"height":560,"url":"https:\/\/lepatriotebenin.com\/wp-content\/uploads\/2025\/10\/guepards.jpg","type":"image\/jpeg"}],"author":"Roland AFFANOU","twitter_card":"summary_large_image","twitter_misc":{"\u00c9crit par":"Roland AFFANOU","Dur\u00e9e de lecture estim\u00e9e":"2 minutes"},"schema":{"@context":"https:\/\/schema.org","@graph":[{"@type":"Article","@id":"https:\/\/lepatriotebenin.com\/index.php\/2025\/10\/20\/classement-fifa-coca-cola-le-benin-desormais-a-la-92eme-place\/#article","isPartOf":{"@id":"https:\/\/lepatriotebenin.com\/index.php\/2025\/10\/20\/classement-fifa-coca-cola-le-benin-desormais-a-la-92eme-place\/"},"author":{"name":"Roland AFFANOU","@id":"https:\/\/lepatriotebenin.com\/#\/schema\/person\/4a9b67216c97d04045e01405c534c91f"},"headline":"Classement Fifa Coca \u2013 Cola : Le B\u00e9nin d\u00e9sormais \u00e0 la 92\u00e8me place","datePublished":"2025-10-20T02:14:07+00:00","mainEntityOfPage":{"@id":"https:\/\/lepatriotebenin.com\/index.php\/2025\/10\/20\/classement-fifa-coca-cola-le-benin-desormais-a-la-92eme-place\/"},"wordCount":285,"commentCount":0,"image":{"@id":"https:\/\/lepatriotebenin.com\/index.php\/2025\/10\/20\/classement-fifa-coca-cola-le-benin-desormais-a-la-92eme-place\/#primaryimage"},"thumbnailUrl":"https:\/\/lepatriotebenin.com\/wp-content\/uploads\/2025\/10\/guepards.jpg","articleSection":["Sport"],"inLanguage":"fr-FR","potentialAction":[{"@type":"CommentAction","name":"Comment","target":["https:\/\/lepatriotebenin.com\/index.php\/2025\/10\/20\/classement-fifa-coca-cola-le-benin-desormais-a-la-92eme-place\/#respond"]}]},{"@type":"WebPage","@id":"https:\/\/lepatriotebenin.com\/index.php\/2025\/10\/20\/classement-fifa-coca-cola-le-benin-desormais-a-la-92eme-place\/","url":"https:\/\/lepatriotebenin.com\/index.php\/2025\/10\/20\/classement-fifa-coca-cola-le-benin-desormais-a-la-92eme-place\/","name":"Classement Fifa Coca \u2013 Cola : Le B\u00e9nin d\u00e9sormais \u00e0 la 92\u00e8me place - Le Patriote","isPartOf":{"@id":"https:\/\/lepatriotebenin.com\/#website"},"primaryImageOfPage":{"@id":"https:\/\/lepatriotebenin.com\/index.php\/2025\/10\/20\/classement-fifa-coca-cola-le-benin-desormais-a-la-92eme-place\/#primaryimage"},"image":{"@id":"https:\/\/lepatriotebenin.com\/index.php\/2025\/10\/20\/classement-fifa-coca-cola-le-benin-desormais-a-la-92eme-place\/#primaryimage"},"thumbnailUrl":"https:\/\/lepatriotebenin.com\/wp-content\/uploads\/2025\/10\/guepards.jpg","datePublished":"2025-10-20T02:14:07+00:00","author":{"@id":"https:\/\/lepatriotebenin.com\/#\/schema\/person\/4a9b67216c97d04045e01405c534c91f"},"breadcrumb":{"@id":"https:\/\/lepatriotebenin.com\/index.php\/2025\/10\/20\/classement-fifa-coca-cola-le-benin-desormais-a-la-92eme-place\/#breadcrumb"},"inLanguage":"fr-FR","potentialAction":[{"@type":"ReadAction","target":["https:\/\/lepatriotebenin.com\/index.php\/2025\/10\/20\/classement-fifa-coca-cola-le-benin-desormais-a-la-92eme-place\/"]}]},{"@type":"ImageObject","inLanguage":"fr-FR","@id":"https:\/\/lepatriotebenin.com\/index.php\/2025\/10\/20\/classement-fifa-coca-cola-le-benin-desormais-a-la-92eme-place\/#primaryimage","url":"https:\/\/lepatriotebenin.com\/wp-content\/uploads\/2025\/10\/guepards.jpg","contentUrl":"https:\/\/lepatriotebenin.com\/wp-content\/uploads\/2025\/10\/guepards.jpg","width":850,"height":560},{"@type":"BreadcrumbList","@id":"https:\/\/lepatriotebenin.com\/index.php\/2025\/10\/20\/classement-fifa-coca-cola-le-benin-desormais-a-la-92eme-place\/#breadcrumb","itemListElement":[{"@type":"ListItem","position":1,"name":"Accueil","item":"https:\/\/lepatriotebenin.com\/"},{"@type":"ListItem","position":2,"name":"Classement Fifa Coca \u2013 Cola : Le B\u00e9nin d\u00e9sormais \u00e0 la 92\u00e8me place"}]},{"@type":"WebSite","@id":"https:\/\/lepatriotebenin.com\/#website","url":"https:\/\/lepatriotebenin.com\/","name":"Le Patriote","description":"Le Patriote B\u00e9nin","potentialAction":[{"@type":"SearchAction","target":{"@type":"EntryPoint","urlTemplate":"https:\/\/lepatriotebenin.com\/?s={search_term_string}"},"query-input":{"@type":"PropertyValueSpecification","valueRequired":true,"valueName":"search_term_string"}}],"inLanguage":"fr-FR"},{"@type":"Person","@id":"https:\/\/lepatriotebenin.com\/#\/schema\/person\/4a9b67216c97d04045e01405c534c91f","name":"Roland AFFANOU","image":{"@type":"ImageObject","inLanguage":"fr-FR","@id":"https:\/\/secure.gravatar.com\/avatar\/7209d3f6d2d47ea4d0c67e14d3effb61feb10ae540a4381280c66265de5bd643?s=96&d=mm&r=g","url":"https:\/\/secure.gravatar.com\/avatar\/7209d3f6d2d47ea4d0c67e14d3effb61feb10ae540a4381280c66265de5bd643?s=96&d=mm&r=g","contentUrl":"https:\/\/secure.gravatar.com\/avatar\/7209d3f6d2d47ea4d0c67e14d3effb61feb10ae540a4381280c66265de5bd643?s=96&d=mm&r=g","caption":"Roland AFFANOU"},"url":"https:\/\/lepatriotebenin.com"}]}},"_links":{"self":[{"href":"https:\/\/lepatriotebenin.com\/index.php\/wp-json\/wp\/v2\/posts\/14443","targetHints":{"allow":["GET"]}}],"collection":[{"href":"https:\/\/lepatriotebenin.com\/index.php\/wp-json\/wp\/v2\/posts"}],"about":[{"href":"https:\/\/lepatriotebenin.com\/index.php\/wp-json\/wp\/v2\/types\/post"}],"author":[{"embeddable":true,"href":"https:\/\/lepatriotebenin.com\/index.php\/wp-json\/wp\/v2\/users\/6"}],"replies":[{"embeddable":true,"href":"https:\/\/lepatriotebenin.com\/index.php\/wp-json\/wp\/v2\/comments?post=14443"}],"version-history":[{"count":1,"href":"https:\/\/lepatriotebenin.com\/index.php\/wp-json\/wp\/v2\/posts\/14443\/revisions"}],"predecessor-version":[{"id":14444,"href":"https:\/\/lepatriotebenin.com\/index.php\/wp-json\/wp\/v2\/posts\/14443\/revisions\/14444"}],"wp:featuredmedia":[{"embeddable":true,"href":"https:\/\/lepatriotebenin.com\/index.php\/wp-json\/wp\/v2\/media\/14314"}],"wp:attachment":[{"href":"https:\/\/lepatriotebenin.com\/index.php\/wp-json\/wp\/v2\/media?parent=14443"}],"wp:term":[{"taxonomy":"category","embeddable":true,"href":"https:\/\/lepatriotebenin.com\/index.php\/wp-json\/wp\/v2\/categories?post=14443"},{"taxonomy":"post_tag","embeddable":true,"href":"https:\/\/lepatriotebenin.com\/index.php\/wp-json\/wp\/v2\/tags?post=14443"}],"curies":[{"name":"wp","href":"https:\/\/api.w.org\/{rel}","templated":true}]}}