{"id":14440,"date":"2025-10-20T04:11:25","date_gmt":"2025-10-20T02:11:25","guid":{"rendered":"https:\/\/lepatriotebenin.com\/?p=14440"},"modified":"2025-10-20T04:11:25","modified_gmt":"2025-10-20T02:11:25","slug":"tension-croissante-dans-la-bande-de-gaza-un-fragile-cessez-le-feu-deja-mis-a-mal","status":"publish","type":"post","link":"https:\/\/lepatriotebenin.com\/index.php\/2025\/10\/20\/tension-croissante-dans-la-bande-de-gaza-un-fragile-cessez-le-feu-deja-mis-a-mal\/","title":{"rendered":"Tension croissante dans la bande de Gaza : Un fragile cessez-le-feu d\u00e9j\u00e0 mis \u00e0 mal"},"content":{"rendered":"<p><strong>Le calme obtenu il y a peu dans la bande de Gaza est aujourd\u2019hui s\u00e9rieusement fragilis\u00e9 apr\u00e8s des op\u00e9rations militaires isra\u00e9liennes dans la r\u00e9gion de Rafah. Les deux parties s\u2019accusent mutuellement, jetant une ombre sur la tr\u00eave n\u00e9goci\u00e9e.<\/strong><\/p>\n<p>L\u2019arm\u00e9e isra\u00e9lienne a annonc\u00e9 avoir men\u00e9 dimanche des frappes a\u00e9riennes dans le sud de la bande de Gaza, en riposte \u00e0 des tirs attribu\u00e9s au Hamas contre un v\u00e9hicule d\u2019ing\u00e9nierie militaire \u00e0 Rafah. Pour sa part, le mouvement islamiste a ni\u00e9 toute implication dans ces affrontements dans cette zone et affirm\u00e9 son attachement \u00e0 la tr\u00eave.<\/p>\n<p>Alors que des sources palestiniennes \u00e9voquent des frappes et des tirs nourris de la marine isra\u00e9lienne, le gouvernement de Benjamin Netanyahu met en garde : \u00ab Toute nouvelle violation sera trait\u00e9e avec force \u00bb. De son c\u00f4t\u00e9, le Hamas estime que ces all\u00e9gations servent de pr\u00e9texte \u00e0 de nouvelles op\u00e9rations isra\u00e9liennes visant \u00e0 casser la tr\u00eave.<\/p>\n<p>La fermeture du passage de Rafah par Isra\u00ebl, li\u00e9e aux n\u00e9gociations sur les corps d\u2019otages, complique l\u2019acheminement de l\u2019aide humanitaire dans la bande de Gaza. Avec plus de 47 violations document\u00e9es par l\u2019office m\u00e9diatique de Gaza depuis le d\u00e9but du cessez-le-feu, dont 38 morts et 143 bless\u00e9s, le temps presse pour emp\u00eacher l\u2019accord de se d\u00e9sagr\u00e9ger.<\/p>\n<p>L\u2019\u00e9quilibre fragile instaur\u00e9 pr\u00e8s de deux semaines seulement apr\u00e8s l\u2019entr\u00e9e en vigueur de la tr\u00eave menace de s\u2019effondrer. \u00c0 moins d\u2019un retour rapide au dialogue, la reprise des hostilit\u00e9s, d\u00e9j\u00e0 annonc\u00e9e par plusieurs observateurs, pourrait relancer un cycle de violence auquel la r\u00e9gion pensait avoir \u00e9chapp\u00e9.<\/p>\n<p><strong>Ez\u00e9chiel Dagb\u00e9gnon PADONOU<\/strong><\/p>\n<p>&nbsp;<\/p>\n","protected":false},"excerpt":{"rendered":"<p>Le calme obtenu il y a peu dans la bande de Gaza est aujourd\u2019hui s\u00e9rieusement fragilis\u00e9 apr\u00e8s des op\u00e9rations militaires isra\u00e9liennes dans la r\u00e9gion de Rafah. Les deux parties s\u2019accusent&hellip;<\/p>\n","protected":false},"author":5,"featured_media":14441,"comment_status":"open","ping_status":"open","sticky":false,"template":"","format":"standard","meta":{"content-type":"","om_disable_all_campaigns":false,"_monsterinsights_skip_tracking":false,"_monsterinsights_sitenote_active":false,"_monsterinsights_sitenote_note":"","_monsterinsights_sitenote_category":0,"_uf_show_specific_survey":0,"_uf_disable_surveys":false,"footnotes":""},"categories":[9],"tags":[],"class_list":["post-14440","post","type-post","status-publish","format-standard","has-post-thumbnail","hentry","category-uncategorized"],"aioseo_notices":[],"yoast_head":"<!-- This site is optimized with the Yoast SEO plugin v27.5 - https:\/\/yoast.com\/product\/yoast-seo-wordpress\/ -->\n<title>Tension croissante dans la bande de Gaza : Un fragile cessez-le-feu d\u00e9j\u00e0 mis \u00e0 mal - Le Patriote<\/title>\n<meta name=\"robots\" content=\"index, follow, max-snippet:-1, max-image-preview:large, max-video-preview:-1\" \/>\n<link rel=\"canonical\" href=\"https:\/\/lepatriotebenin.com\/index.php\/2025\/10\/20\/tension-croissante-dans-la-bande-de-gaza-un-fragile-cessez-le-feu-deja-mis-a-mal\/\" \/>\n<meta property=\"og:locale\" content=\"fr_FR\" \/>\n<meta property=\"og:type\" content=\"article\" \/>\n<meta property=\"og:title\" content=\"Tension croissante dans la bande de Gaza : Un fragile cessez-le-feu d\u00e9j\u00e0 mis \u00e0 mal - Le Patriote\" \/>\n<meta property=\"og:description\" content=\"Le calme obtenu il y a peu dans la bande de Gaza est aujourd\u2019hui s\u00e9rieusement fragilis\u00e9 apr\u00e8s des op\u00e9rations militaires isra\u00e9liennes dans la r\u00e9gion de Rafah. Les deux parties s\u2019accusent&hellip;\" \/>\n<meta property=\"og:url\" content=\"https:\/\/lepatriotebenin.com\/index.php\/2025\/10\/20\/tension-croissante-dans-la-bande-de-gaza-un-fragile-cessez-le-feu-deja-mis-a-mal\/\" \/>\n<meta property=\"og:site_name\" content=\"Le Patriote\" \/>\n<meta property=\"article:published_time\" content=\"2025-10-20T02:11:25+00:00\" \/>\n<meta property=\"og:image\" content=\"https:\/\/lepatriotebenin.com\/wp-content\/uploads\/2025\/10\/tension.jpg\" \/>\n\t<meta property=\"og:image:width\" content=\"500\" \/>\n\t<meta property=\"og:image:height\" content=\"400\" \/>\n\t<meta property=\"og:image:type\" content=\"image\/jpeg\" \/>\n<meta name=\"author\" content=\"Redaction\" \/>\n<meta name=\"twitter:card\" content=\"summary_large_image\" \/>\n<meta name=\"twitter:label1\" content=\"\u00c9crit par\" \/>\n\t<meta name=\"twitter:data1\" content=\"Redaction\" \/>\n\t<meta name=\"twitter:label2\" content=\"Dur\u00e9e de lecture estim\u00e9e\" \/>\n\t<meta name=\"twitter:data2\" content=\"2 minutes\" \/>\n<script type=\"application\/ld+json\" class=\"yoast-schema-graph\">{\"@context\":\"https:\\\/\\\/schema.org\",\"@graph\":[{\"@type\":\"Article\",\"@id\":\"https:\\\/\\\/lepatriotebenin.com\\\/index.php\\\/2025\\\/10\\\/20\\\/tension-croissante-dans-la-bande-de-gaza-un-fragile-cessez-le-feu-deja-mis-a-mal\\\/#article\",\"isPartOf\":{\"@id\":\"https:\\\/\\\/lepatriotebenin.com\\\/index.php\\\/2025\\\/10\\\/20\\\/tension-croissante-dans-la-bande-de-gaza-un-fragile-cessez-le-feu-deja-mis-a-mal\\\/\"},\"author\":{\"name\":\"Redaction\",\"@id\":\"https:\\\/\\\/lepatriotebenin.com\\\/#\\\/schema\\\/person\\\/2e7709b9c9cc313e452d1136af61690f\"},\"headline\":\"Tension croissante dans la bande de Gaza : Un fragile cessez-le-feu d\u00e9j\u00e0 mis \u00e0 mal\",\"datePublished\":\"2025-10-20T02:11:25+00:00\",\"mainEntityOfPage\":{\"@id\":\"https:\\\/\\\/lepatriotebenin.com\\\/index.php\\\/2025\\\/10\\\/20\\\/tension-croissante-dans-la-bande-de-gaza-un-fragile-cessez-le-feu-deja-mis-a-mal\\\/\"},\"wordCount\":314,\"commentCount\":0,\"image\":{\"@id\":\"https:\\\/\\\/lepatriotebenin.com\\\/index.php\\\/2025\\\/10\\\/20\\\/tension-croissante-dans-la-bande-de-gaza-un-fragile-cessez-le-feu-deja-mis-a-mal\\\/#primaryimage\"},\"thumbnailUrl\":\"https:\\\/\\\/lepatriotebenin.com\\\/wp-content\\\/uploads\\\/2025\\\/10\\\/tension.jpg\",\"articleSection\":[\"Uncategorized\"],\"inLanguage\":\"fr-FR\",\"potentialAction\":[{\"@type\":\"CommentAction\",\"name\":\"Comment\",\"target\":[\"https:\\\/\\\/lepatriotebenin.com\\\/index.php\\\/2025\\\/10\\\/20\\\/tension-croissante-dans-la-bande-de-gaza-un-fragile-cessez-le-feu-deja-mis-a-mal\\\/#respond\"]}]},{\"@type\":\"WebPage\",\"@id\":\"https:\\\/\\\/lepatriotebenin.com\\\/index.php\\\/2025\\\/10\\\/20\\\/tension-croissante-dans-la-bande-de-gaza-un-fragile-cessez-le-feu-deja-mis-a-mal\\\/\",\"url\":\"https:\\\/\\\/lepatriotebenin.com\\\/index.php\\\/2025\\\/10\\\/20\\\/tension-croissante-dans-la-bande-de-gaza-un-fragile-cessez-le-feu-deja-mis-a-mal\\\/\",\"name\":\"Tension croissante dans la bande de Gaza : Un fragile cessez-le-feu d\u00e9j\u00e0 mis \u00e0 mal - Le Patriote\",\"isPartOf\":{\"@id\":\"https:\\\/\\\/lepatriotebenin.com\\\/#website\"},\"primaryImageOfPage\":{\"@id\":\"https:\\\/\\\/lepatriotebenin.com\\\/index.php\\\/2025\\\/10\\\/20\\\/tension-croissante-dans-la-bande-de-gaza-un-fragile-cessez-le-feu-deja-mis-a-mal\\\/#primaryimage\"},\"image\":{\"@id\":\"https:\\\/\\\/lepatriotebenin.com\\\/index.php\\\/2025\\\/10\\\/20\\\/tension-croissante-dans-la-bande-de-gaza-un-fragile-cessez-le-feu-deja-mis-a-mal\\\/#primaryimage\"},\"thumbnailUrl\":\"https:\\\/\\\/lepatriotebenin.com\\\/wp-content\\\/uploads\\\/2025\\\/10\\\/tension.jpg\",\"datePublished\":\"2025-10-20T02:11:25+00:00\",\"author\":{\"@id\":\"https:\\\/\\\/lepatriotebenin.com\\\/#\\\/schema\\\/person\\\/2e7709b9c9cc313e452d1136af61690f\"},\"breadcrumb\":{\"@id\":\"https:\\\/\\\/lepatriotebenin.com\\\/index.php\\\/2025\\\/10\\\/20\\\/tension-croissante-dans-la-bande-de-gaza-un-fragile-cessez-le-feu-deja-mis-a-mal\\\/#breadcrumb\"},\"inLanguage\":\"fr-FR\",\"potentialAction\":[{\"@type\":\"ReadAction\",\"target\":[\"https:\\\/\\\/lepatriotebenin.com\\\/index.php\\\/2025\\\/10\\\/20\\\/tension-croissante-dans-la-bande-de-gaza-un-fragile-cessez-le-feu-deja-mis-a-mal\\\/\"]}]},{\"@type\":\"ImageObject\",\"inLanguage\":\"fr-FR\",\"@id\":\"https:\\\/\\\/lepatriotebenin.com\\\/index.php\\\/2025\\\/10\\\/20\\\/tension-croissante-dans-la-bande-de-gaza-un-fragile-cessez-le-feu-deja-mis-a-mal\\\/#primaryimage\",\"url\":\"https:\\\/\\\/lepatriotebenin.com\\\/wp-content\\\/uploads\\\/2025\\\/10\\\/tension.jpg\",\"contentUrl\":\"https:\\\/\\\/lepatriotebenin.com\\\/wp-content\\\/uploads\\\/2025\\\/10\\\/tension.jpg\",\"width\":500,\"height\":400},{\"@type\":\"BreadcrumbList\",\"@id\":\"https:\\\/\\\/lepatriotebenin.com\\\/index.php\\\/2025\\\/10\\\/20\\\/tension-croissante-dans-la-bande-de-gaza-un-fragile-cessez-le-feu-deja-mis-a-mal\\\/#breadcrumb\",\"itemListElement\":[{\"@type\":\"ListItem\",\"position\":1,\"name\":\"Accueil\",\"item\":\"https:\\\/\\\/lepatriotebenin.com\\\/\"},{\"@type\":\"ListItem\",\"position\":2,\"name\":\"Tension croissante dans la bande de Gaza : Un fragile cessez-le-feu d\u00e9j\u00e0 mis \u00e0 mal\"}]},{\"@type\":\"WebSite\",\"@id\":\"https:\\\/\\\/lepatriotebenin.com\\\/#website\",\"url\":\"https:\\\/\\\/lepatriotebenin.com\\\/\",\"name\":\"Le Patriote\",\"description\":\"Le Patriote B\u00e9nin\",\"potentialAction\":[{\"@type\":\"SearchAction\",\"target\":{\"@type\":\"EntryPoint\",\"urlTemplate\":\"https:\\\/\\\/lepatriotebenin.com\\\/?s={search_term_string}\"},\"query-input\":{\"@type\":\"PropertyValueSpecification\",\"valueRequired\":true,\"valueName\":\"search_term_string\"}}],\"inLanguage\":\"fr-FR\"},{\"@type\":\"Person\",\"@id\":\"https:\\\/\\\/lepatriotebenin.com\\\/#\\\/schema\\\/person\\\/2e7709b9c9cc313e452d1136af61690f\",\"name\":\"Redaction\",\"image\":{\"@type\":\"ImageObject\",\"inLanguage\":\"fr-FR\",\"@id\":\"https:\\\/\\\/secure.gravatar.com\\\/avatar\\\/c4c509357859ea2ca2cbb6d8812898a73e4ef1ef9934c2e591d7e32face734d1?s=96&d=mm&r=g\",\"url\":\"https:\\\/\\\/secure.gravatar.com\\\/avatar\\\/c4c509357859ea2ca2cbb6d8812898a73e4ef1ef9934c2e591d7e32face734d1?s=96&d=mm&r=g\",\"contentUrl\":\"https:\\\/\\\/secure.gravatar.com\\\/avatar\\\/c4c509357859ea2ca2cbb6d8812898a73e4ef1ef9934c2e591d7e32face734d1?s=96&d=mm&r=g\",\"caption\":\"Redaction\"},\"url\":\"https:\\\/\\\/lepatriotebenin.com\"}]}<\/script>\n<!-- \/ Yoast SEO plugin. -->","yoast_head_json":{"title":"Tension croissante dans la bande de Gaza : Un fragile cessez-le-feu d\u00e9j\u00e0 mis \u00e0 mal - Le Patriote","robots":{"index":"index","follow":"follow","max-snippet":"max-snippet:-1","max-image-preview":"max-image-preview:large","max-video-preview":"max-video-preview:-1"},"canonical":"https:\/\/lepatriotebenin.com\/index.php\/2025\/10\/20\/tension-croissante-dans-la-bande-de-gaza-un-fragile-cessez-le-feu-deja-mis-a-mal\/","og_locale":"fr_FR","og_type":"article","og_title":"Tension croissante dans la bande de Gaza : Un fragile cessez-le-feu d\u00e9j\u00e0 mis \u00e0 mal - Le Patriote","og_description":"Le calme obtenu il y a peu dans la bande de Gaza est aujourd\u2019hui s\u00e9rieusement fragilis\u00e9 apr\u00e8s des op\u00e9rations militaires isra\u00e9liennes dans la r\u00e9gion de Rafah. Les deux parties s\u2019accusent&hellip;","og_url":"https:\/\/lepatriotebenin.com\/index.php\/2025\/10\/20\/tension-croissante-dans-la-bande-de-gaza-un-fragile-cessez-le-feu-deja-mis-a-mal\/","og_site_name":"Le Patriote","article_published_time":"2025-10-20T02:11:25+00:00","og_image":[{"width":500,"height":400,"url":"https:\/\/lepatriotebenin.com\/wp-content\/uploads\/2025\/10\/tension.jpg","type":"image\/jpeg"}],"author":"Redaction","twitter_card":"summary_large_image","twitter_misc":{"\u00c9crit par":"Redaction","Dur\u00e9e de lecture estim\u00e9e":"2 minutes"},"schema":{"@context":"https:\/\/schema.org","@graph":[{"@type":"Article","@id":"https:\/\/lepatriotebenin.com\/index.php\/2025\/10\/20\/tension-croissante-dans-la-bande-de-gaza-un-fragile-cessez-le-feu-deja-mis-a-mal\/#article","isPartOf":{"@id":"https:\/\/lepatriotebenin.com\/index.php\/2025\/10\/20\/tension-croissante-dans-la-bande-de-gaza-un-fragile-cessez-le-feu-deja-mis-a-mal\/"},"author":{"name":"Redaction","@id":"https:\/\/lepatriotebenin.com\/#\/schema\/person\/2e7709b9c9cc313e452d1136af61690f"},"headline":"Tension croissante dans la bande de Gaza : Un fragile cessez-le-feu d\u00e9j\u00e0 mis \u00e0 mal","datePublished":"2025-10-20T02:11:25+00:00","mainEntityOfPage":{"@id":"https:\/\/lepatriotebenin.com\/index.php\/2025\/10\/20\/tension-croissante-dans-la-bande-de-gaza-un-fragile-cessez-le-feu-deja-mis-a-mal\/"},"wordCount":314,"commentCount":0,"image":{"@id":"https:\/\/lepatriotebenin.com\/index.php\/2025\/10\/20\/tension-croissante-dans-la-bande-de-gaza-un-fragile-cessez-le-feu-deja-mis-a-mal\/#primaryimage"},"thumbnailUrl":"https:\/\/lepatriotebenin.com\/wp-content\/uploads\/2025\/10\/tension.jpg","articleSection":["Uncategorized"],"inLanguage":"fr-FR","potentialAction":[{"@type":"CommentAction","name":"Comment","target":["https:\/\/lepatriotebenin.com\/index.php\/2025\/10\/20\/tension-croissante-dans-la-bande-de-gaza-un-fragile-cessez-le-feu-deja-mis-a-mal\/#respond"]}]},{"@type":"WebPage","@id":"https:\/\/lepatriotebenin.com\/index.php\/2025\/10\/20\/tension-croissante-dans-la-bande-de-gaza-un-fragile-cessez-le-feu-deja-mis-a-mal\/","url":"https:\/\/lepatriotebenin.com\/index.php\/2025\/10\/20\/tension-croissante-dans-la-bande-de-gaza-un-fragile-cessez-le-feu-deja-mis-a-mal\/","name":"Tension croissante dans la bande de Gaza : Un fragile cessez-le-feu d\u00e9j\u00e0 mis \u00e0 mal - Le Patriote","isPartOf":{"@id":"https:\/\/lepatriotebenin.com\/#website"},"primaryImageOfPage":{"@id":"https:\/\/lepatriotebenin.com\/index.php\/2025\/10\/20\/tension-croissante-dans-la-bande-de-gaza-un-fragile-cessez-le-feu-deja-mis-a-mal\/#primaryimage"},"image":{"@id":"https:\/\/lepatriotebenin.com\/index.php\/2025\/10\/20\/tension-croissante-dans-la-bande-de-gaza-un-fragile-cessez-le-feu-deja-mis-a-mal\/#primaryimage"},"thumbnailUrl":"https:\/\/lepatriotebenin.com\/wp-content\/uploads\/2025\/10\/tension.jpg","datePublished":"2025-10-20T02:11:25+00:00","author":{"@id":"https:\/\/lepatriotebenin.com\/#\/schema\/person\/2e7709b9c9cc313e452d1136af61690f"},"breadcrumb":{"@id":"https:\/\/lepatriotebenin.com\/index.php\/2025\/10\/20\/tension-croissante-dans-la-bande-de-gaza-un-fragile-cessez-le-feu-deja-mis-a-mal\/#breadcrumb"},"inLanguage":"fr-FR","potentialAction":[{"@type":"ReadAction","target":["https:\/\/lepatriotebenin.com\/index.php\/2025\/10\/20\/tension-croissante-dans-la-bande-de-gaza-un-fragile-cessez-le-feu-deja-mis-a-mal\/"]}]},{"@type":"ImageObject","inLanguage":"fr-FR","@id":"https:\/\/lepatriotebenin.com\/index.php\/2025\/10\/20\/tension-croissante-dans-la-bande-de-gaza-un-fragile-cessez-le-feu-deja-mis-a-mal\/#primaryimage","url":"https:\/\/lepatriotebenin.com\/wp-content\/uploads\/2025\/10\/tension.jpg","contentUrl":"https:\/\/lepatriotebenin.com\/wp-content\/uploads\/2025\/10\/tension.jpg","width":500,"height":400},{"@type":"BreadcrumbList","@id":"https:\/\/lepatriotebenin.com\/index.php\/2025\/10\/20\/tension-croissante-dans-la-bande-de-gaza-un-fragile-cessez-le-feu-deja-mis-a-mal\/#breadcrumb","itemListElement":[{"@type":"ListItem","position":1,"name":"Accueil","item":"https:\/\/lepatriotebenin.com\/"},{"@type":"ListItem","position":2,"name":"Tension croissante dans la bande de Gaza : Un fragile cessez-le-feu d\u00e9j\u00e0 mis \u00e0 mal"}]},{"@type":"WebSite","@id":"https:\/\/lepatriotebenin.com\/#website","url":"https:\/\/lepatriotebenin.com\/","name":"Le Patriote","description":"Le Patriote B\u00e9nin","potentialAction":[{"@type":"SearchAction","target":{"@type":"EntryPoint","urlTemplate":"https:\/\/lepatriotebenin.com\/?s={search_term_string}"},"query-input":{"@type":"PropertyValueSpecification","valueRequired":true,"valueName":"search_term_string"}}],"inLanguage":"fr-FR"},{"@type":"Person","@id":"https:\/\/lepatriotebenin.com\/#\/schema\/person\/2e7709b9c9cc313e452d1136af61690f","name":"Redaction","image":{"@type":"ImageObject","inLanguage":"fr-FR","@id":"https:\/\/secure.gravatar.com\/avatar\/c4c509357859ea2ca2cbb6d8812898a73e4ef1ef9934c2e591d7e32face734d1?s=96&d=mm&r=g","url":"https:\/\/secure.gravatar.com\/avatar\/c4c509357859ea2ca2cbb6d8812898a73e4ef1ef9934c2e591d7e32face734d1?s=96&d=mm&r=g","contentUrl":"https:\/\/secure.gravatar.com\/avatar\/c4c509357859ea2ca2cbb6d8812898a73e4ef1ef9934c2e591d7e32face734d1?s=96&d=mm&r=g","caption":"Redaction"},"url":"https:\/\/lepatriotebenin.com"}]}},"_links":{"self":[{"href":"https:\/\/lepatriotebenin.com\/index.php\/wp-json\/wp\/v2\/posts\/14440","targetHints":{"allow":["GET"]}}],"collection":[{"href":"https:\/\/lepatriotebenin.com\/index.php\/wp-json\/wp\/v2\/posts"}],"about":[{"href":"https:\/\/lepatriotebenin.com\/index.php\/wp-json\/wp\/v2\/types\/post"}],"author":[{"embeddable":true,"href":"https:\/\/lepatriotebenin.com\/index.php\/wp-json\/wp\/v2\/users\/5"}],"replies":[{"embeddable":true,"href":"https:\/\/lepatriotebenin.com\/index.php\/wp-json\/wp\/v2\/comments?post=14440"}],"version-history":[{"count":1,"href":"https:\/\/lepatriotebenin.com\/index.php\/wp-json\/wp\/v2\/posts\/14440\/revisions"}],"predecessor-version":[{"id":14442,"href":"https:\/\/lepatriotebenin.com\/index.php\/wp-json\/wp\/v2\/posts\/14440\/revisions\/14442"}],"wp:featuredmedia":[{"embeddable":true,"href":"https:\/\/lepatriotebenin.com\/index.php\/wp-json\/wp\/v2\/media\/14441"}],"wp:attachment":[{"href":"https:\/\/lepatriotebenin.com\/index.php\/wp-json\/wp\/v2\/media?parent=14440"}],"wp:term":[{"taxonomy":"category","embeddable":true,"href":"https:\/\/lepatriotebenin.com\/index.php\/wp-json\/wp\/v2\/categories?post=14440"},{"taxonomy":"post_tag","embeddable":true,"href":"https:\/\/lepatriotebenin.com\/index.php\/wp-json\/wp\/v2\/tags?post=14440"}],"curies":[{"name":"wp","href":"https:\/\/api.w.org\/{rel}","templated":true}]}}