{"id":14304,"date":"2025-10-14T07:32:32","date_gmt":"2025-10-14T05:32:32","guid":{"rendered":"https:\/\/lepatriotebenin.com\/?p=14304"},"modified":"2025-10-14T08:06:45","modified_gmt":"2025-10-14T06:06:45","slug":"presidentielle-2026-renaud-agbodjo-jules-lodjou-le-duo-des-democrates","status":"publish","type":"post","link":"https:\/\/lepatriotebenin.com\/index.php\/2025\/10\/14\/presidentielle-2026-renaud-agbodjo-jules-lodjou-le-duo-des-democrates\/","title":{"rendered":"Pr\u00e9sidentielle 2026 : Renaud Agbodjo-Jude Lodjou, le duo des D\u00e9mocrates"},"content":{"rendered":"<p>C\u2019est au petit matin de\u00a0 ce <strong>mardi 14 octobre 2025 \u00a0<\/strong>que la fum\u00e9e blanche est sortie\u00a0 au si\u00e8ge du parti Les D\u00e9mocrates apr\u00e8s\u00a0 le conseil national. L\u0301\u0300annonce officielle\u00a0 du duo candidat d\u00e9sign\u00e9 du parti Les D\u00e9mocrates \u00a0a \u00e9t\u00e9 annonc\u00e9e par le pr\u00e9sident de la. Commission de candidature Docteur Christophe Monsia. Il a r\u00e9v\u00e9l\u00e9 le nom de son candidat et du vice-pr\u00e9sident \u00e0 la prochaine \u00e9lection pr\u00e9sidentielle. Le porte-\u00e9tendard de la formation de l\u2019opposition dirig\u00e9e par l\u2019ancien pr\u00e9sident Boni Yayi est\u00a0: <strong>Renaud Agbodjo<\/strong> et son colistier <strong>Jude Lodjou<\/strong>.<\/p>\n<p>Il faut pr\u00e9ciser que, n\u00e9 <strong>le 17 septembre 1982<\/strong> \u00e0 Sinfra, en C\u00f4te d\u2019Ivoire, Ma\u00eetre Renaud Vignil\u00e9 Agbodjo, 43 ans, est originaire d\u2019Igbodja, un village du centre du B\u00e9nin. D\u00e8s son plus jeune \u00e2ge, cet excellent \u00e9l\u00e8ve a montr\u00e9 une passion pour le service aux autres, en se consacrant \u00e0 la d\u00e9fense des droits de la jeunesse au sein d\u2019associations comme la Jeunesse \u00c9tudiante Catholique de C\u00f4te d\u2019Ivoire et l\u2019Union des \u00c9tudiants de l\u2019Universit\u00e9 de Parakou.<\/p>\n<p>Nous y reviendrons .<\/p>\n","protected":false},"excerpt":{"rendered":"<p>C\u2019est au petit matin de\u00a0 ce mardi 14 octobre 2025 \u00a0que la fum\u00e9e blanche est sortie\u00a0 au si\u00e8ge du parti Les D\u00e9mocrates apr\u00e8s\u00a0 le conseil national. L\u0301\u0300annonce officielle\u00a0 du duo&hellip;<\/p>\n","protected":false},"author":6,"featured_media":14283,"comment_status":"open","ping_status":"open","sticky":false,"template":"","format":"standard","meta":{"content-type":"","om_disable_all_campaigns":false,"_monsterinsights_skip_tracking":false,"_monsterinsights_sitenote_active":false,"_monsterinsights_sitenote_note":"","_monsterinsights_sitenote_category":0,"_uf_show_specific_survey":0,"_uf_disable_surveys":false,"footnotes":""},"categories":[26],"tags":[],"class_list":["post-14304","post","type-post","status-publish","format-standard","has-post-thumbnail","hentry","category-politique"],"aioseo_notices":[],"yoast_head":"<!-- This site is optimized with the Yoast SEO plugin v27.5 - https:\/\/yoast.com\/product\/yoast-seo-wordpress\/ -->\n<title>Pr\u00e9sidentielle 2026 : Renaud Agbodjo-Jude Lodjou, le duo des D\u00e9mocrates - Le Patriote<\/title>\n<meta name=\"robots\" content=\"index, follow, max-snippet:-1, max-image-preview:large, max-video-preview:-1\" \/>\n<link rel=\"canonical\" href=\"https:\/\/lepatriotebenin.com\/index.php\/2025\/10\/14\/presidentielle-2026-renaud-agbodjo-jules-lodjou-le-duo-des-democrates\/\" \/>\n<meta property=\"og:locale\" content=\"fr_FR\" \/>\n<meta property=\"og:type\" content=\"article\" \/>\n<meta property=\"og:title\" content=\"Pr\u00e9sidentielle 2026 : Renaud Agbodjo-Jude Lodjou, le duo des D\u00e9mocrates - Le Patriote\" \/>\n<meta property=\"og:description\" content=\"C\u2019est au petit matin de\u00a0 ce mardi 14 octobre 2025 \u00a0que la fum\u00e9e blanche est sortie\u00a0 au si\u00e8ge du parti Les D\u00e9mocrates apr\u00e8s\u00a0 le conseil national. L\u0301\u0300annonce officielle\u00a0 du duo&hellip;\" \/>\n<meta property=\"og:url\" content=\"https:\/\/lepatriotebenin.com\/index.php\/2025\/10\/14\/presidentielle-2026-renaud-agbodjo-jules-lodjou-le-duo-des-democrates\/\" \/>\n<meta property=\"og:site_name\" content=\"Le Patriote\" \/>\n<meta property=\"article:published_time\" content=\"2025-10-14T05:32:32+00:00\" \/>\n<meta property=\"article:modified_time\" content=\"2025-10-14T06:06:45+00:00\" \/>\n<meta property=\"og:image\" content=\"https:\/\/lepatriotebenin.com\/wp-content\/uploads\/2025\/10\/agbodjo.jpg\" \/>\n\t<meta property=\"og:image:width\" content=\"716\" \/>\n\t<meta property=\"og:image:height\" content=\"720\" \/>\n\t<meta property=\"og:image:type\" content=\"image\/jpeg\" \/>\n<meta name=\"author\" content=\"Roland AFFANOU\" \/>\n<meta name=\"twitter:card\" content=\"summary_large_image\" \/>\n<meta name=\"twitter:label1\" content=\"\u00c9crit par\" \/>\n\t<meta name=\"twitter:data1\" content=\"Roland AFFANOU\" \/>\n\t<meta name=\"twitter:label2\" content=\"Dur\u00e9e de lecture estim\u00e9e\" \/>\n\t<meta name=\"twitter:data2\" content=\"2 minutes\" \/>\n<script type=\"application\/ld+json\" class=\"yoast-schema-graph\">{\"@context\":\"https:\\\/\\\/schema.org\",\"@graph\":[{\"@type\":\"Article\",\"@id\":\"https:\\\/\\\/lepatriotebenin.com\\\/index.php\\\/2025\\\/10\\\/14\\\/presidentielle-2026-renaud-agbodjo-jules-lodjou-le-duo-des-democrates\\\/#article\",\"isPartOf\":{\"@id\":\"https:\\\/\\\/lepatriotebenin.com\\\/index.php\\\/2025\\\/10\\\/14\\\/presidentielle-2026-renaud-agbodjo-jules-lodjou-le-duo-des-democrates\\\/\"},\"author\":{\"name\":\"Roland AFFANOU\",\"@id\":\"https:\\\/\\\/lepatriotebenin.com\\\/#\\\/schema\\\/person\\\/4a9b67216c97d04045e01405c534c91f\"},\"headline\":\"Pr\u00e9sidentielle 2026 : Renaud Agbodjo-Jude Lodjou, le duo des D\u00e9mocrates\",\"datePublished\":\"2025-10-14T05:32:32+00:00\",\"dateModified\":\"2025-10-14T06:06:45+00:00\",\"mainEntityOfPage\":{\"@id\":\"https:\\\/\\\/lepatriotebenin.com\\\/index.php\\\/2025\\\/10\\\/14\\\/presidentielle-2026-renaud-agbodjo-jules-lodjou-le-duo-des-democrates\\\/\"},\"wordCount\":201,\"commentCount\":0,\"image\":{\"@id\":\"https:\\\/\\\/lepatriotebenin.com\\\/index.php\\\/2025\\\/10\\\/14\\\/presidentielle-2026-renaud-agbodjo-jules-lodjou-le-duo-des-democrates\\\/#primaryimage\"},\"thumbnailUrl\":\"https:\\\/\\\/lepatriotebenin.com\\\/wp-content\\\/uploads\\\/2025\\\/10\\\/agbodjo.jpg\",\"articleSection\":[\"Politique\"],\"inLanguage\":\"fr-FR\",\"potentialAction\":[{\"@type\":\"CommentAction\",\"name\":\"Comment\",\"target\":[\"https:\\\/\\\/lepatriotebenin.com\\\/index.php\\\/2025\\\/10\\\/14\\\/presidentielle-2026-renaud-agbodjo-jules-lodjou-le-duo-des-democrates\\\/#respond\"]}]},{\"@type\":\"WebPage\",\"@id\":\"https:\\\/\\\/lepatriotebenin.com\\\/index.php\\\/2025\\\/10\\\/14\\\/presidentielle-2026-renaud-agbodjo-jules-lodjou-le-duo-des-democrates\\\/\",\"url\":\"https:\\\/\\\/lepatriotebenin.com\\\/index.php\\\/2025\\\/10\\\/14\\\/presidentielle-2026-renaud-agbodjo-jules-lodjou-le-duo-des-democrates\\\/\",\"name\":\"Pr\u00e9sidentielle 2026 : Renaud Agbodjo-Jude Lodjou, le duo des D\u00e9mocrates - Le Patriote\",\"isPartOf\":{\"@id\":\"https:\\\/\\\/lepatriotebenin.com\\\/#website\"},\"primaryImageOfPage\":{\"@id\":\"https:\\\/\\\/lepatriotebenin.com\\\/index.php\\\/2025\\\/10\\\/14\\\/presidentielle-2026-renaud-agbodjo-jules-lodjou-le-duo-des-democrates\\\/#primaryimage\"},\"image\":{\"@id\":\"https:\\\/\\\/lepatriotebenin.com\\\/index.php\\\/2025\\\/10\\\/14\\\/presidentielle-2026-renaud-agbodjo-jules-lodjou-le-duo-des-democrates\\\/#primaryimage\"},\"thumbnailUrl\":\"https:\\\/\\\/lepatriotebenin.com\\\/wp-content\\\/uploads\\\/2025\\\/10\\\/agbodjo.jpg\",\"datePublished\":\"2025-10-14T05:32:32+00:00\",\"dateModified\":\"2025-10-14T06:06:45+00:00\",\"author\":{\"@id\":\"https:\\\/\\\/lepatriotebenin.com\\\/#\\\/schema\\\/person\\\/4a9b67216c97d04045e01405c534c91f\"},\"breadcrumb\":{\"@id\":\"https:\\\/\\\/lepatriotebenin.com\\\/index.php\\\/2025\\\/10\\\/14\\\/presidentielle-2026-renaud-agbodjo-jules-lodjou-le-duo-des-democrates\\\/#breadcrumb\"},\"inLanguage\":\"fr-FR\",\"potentialAction\":[{\"@type\":\"ReadAction\",\"target\":[\"https:\\\/\\\/lepatriotebenin.com\\\/index.php\\\/2025\\\/10\\\/14\\\/presidentielle-2026-renaud-agbodjo-jules-lodjou-le-duo-des-democrates\\\/\"]}]},{\"@type\":\"ImageObject\",\"inLanguage\":\"fr-FR\",\"@id\":\"https:\\\/\\\/lepatriotebenin.com\\\/index.php\\\/2025\\\/10\\\/14\\\/presidentielle-2026-renaud-agbodjo-jules-lodjou-le-duo-des-democrates\\\/#primaryimage\",\"url\":\"https:\\\/\\\/lepatriotebenin.com\\\/wp-content\\\/uploads\\\/2025\\\/10\\\/agbodjo.jpg\",\"contentUrl\":\"https:\\\/\\\/lepatriotebenin.com\\\/wp-content\\\/uploads\\\/2025\\\/10\\\/agbodjo.jpg\",\"width\":716,\"height\":720},{\"@type\":\"BreadcrumbList\",\"@id\":\"https:\\\/\\\/lepatriotebenin.com\\\/index.php\\\/2025\\\/10\\\/14\\\/presidentielle-2026-renaud-agbodjo-jules-lodjou-le-duo-des-democrates\\\/#breadcrumb\",\"itemListElement\":[{\"@type\":\"ListItem\",\"position\":1,\"name\":\"Accueil\",\"item\":\"https:\\\/\\\/lepatriotebenin.com\\\/\"},{\"@type\":\"ListItem\",\"position\":2,\"name\":\"Pr\u00e9sidentielle 2026 : Renaud Agbodjo-Jude Lodjou, le duo des D\u00e9mocrates\"}]},{\"@type\":\"WebSite\",\"@id\":\"https:\\\/\\\/lepatriotebenin.com\\\/#website\",\"url\":\"https:\\\/\\\/lepatriotebenin.com\\\/\",\"name\":\"Le Patriote\",\"description\":\"Le Patriote B\u00e9nin\",\"potentialAction\":[{\"@type\":\"SearchAction\",\"target\":{\"@type\":\"EntryPoint\",\"urlTemplate\":\"https:\\\/\\\/lepatriotebenin.com\\\/?s={search_term_string}\"},\"query-input\":{\"@type\":\"PropertyValueSpecification\",\"valueRequired\":true,\"valueName\":\"search_term_string\"}}],\"inLanguage\":\"fr-FR\"},{\"@type\":\"Person\",\"@id\":\"https:\\\/\\\/lepatriotebenin.com\\\/#\\\/schema\\\/person\\\/4a9b67216c97d04045e01405c534c91f\",\"name\":\"Roland AFFANOU\",\"image\":{\"@type\":\"ImageObject\",\"inLanguage\":\"fr-FR\",\"@id\":\"https:\\\/\\\/secure.gravatar.com\\\/avatar\\\/7209d3f6d2d47ea4d0c67e14d3effb61feb10ae540a4381280c66265de5bd643?s=96&d=mm&r=g\",\"url\":\"https:\\\/\\\/secure.gravatar.com\\\/avatar\\\/7209d3f6d2d47ea4d0c67e14d3effb61feb10ae540a4381280c66265de5bd643?s=96&d=mm&r=g\",\"contentUrl\":\"https:\\\/\\\/secure.gravatar.com\\\/avatar\\\/7209d3f6d2d47ea4d0c67e14d3effb61feb10ae540a4381280c66265de5bd643?s=96&d=mm&r=g\",\"caption\":\"Roland AFFANOU\"},\"url\":\"https:\\\/\\\/lepatriotebenin.com\"}]}<\/script>\n<!-- \/ Yoast SEO plugin. -->","yoast_head_json":{"title":"Pr\u00e9sidentielle 2026 : Renaud Agbodjo-Jude Lodjou, le duo des D\u00e9mocrates - Le Patriote","robots":{"index":"index","follow":"follow","max-snippet":"max-snippet:-1","max-image-preview":"max-image-preview:large","max-video-preview":"max-video-preview:-1"},"canonical":"https:\/\/lepatriotebenin.com\/index.php\/2025\/10\/14\/presidentielle-2026-renaud-agbodjo-jules-lodjou-le-duo-des-democrates\/","og_locale":"fr_FR","og_type":"article","og_title":"Pr\u00e9sidentielle 2026 : Renaud Agbodjo-Jude Lodjou, le duo des D\u00e9mocrates - Le Patriote","og_description":"C\u2019est au petit matin de\u00a0 ce mardi 14 octobre 2025 \u00a0que la fum\u00e9e blanche est sortie\u00a0 au si\u00e8ge du parti Les D\u00e9mocrates apr\u00e8s\u00a0 le conseil national. L\u0301\u0300annonce officielle\u00a0 du duo&hellip;","og_url":"https:\/\/lepatriotebenin.com\/index.php\/2025\/10\/14\/presidentielle-2026-renaud-agbodjo-jules-lodjou-le-duo-des-democrates\/","og_site_name":"Le Patriote","article_published_time":"2025-10-14T05:32:32+00:00","article_modified_time":"2025-10-14T06:06:45+00:00","og_image":[{"width":716,"height":720,"url":"https:\/\/lepatriotebenin.com\/wp-content\/uploads\/2025\/10\/agbodjo.jpg","type":"image\/jpeg"}],"author":"Roland AFFANOU","twitter_card":"summary_large_image","twitter_misc":{"\u00c9crit par":"Roland AFFANOU","Dur\u00e9e de lecture estim\u00e9e":"2 minutes"},"schema":{"@context":"https:\/\/schema.org","@graph":[{"@type":"Article","@id":"https:\/\/lepatriotebenin.com\/index.php\/2025\/10\/14\/presidentielle-2026-renaud-agbodjo-jules-lodjou-le-duo-des-democrates\/#article","isPartOf":{"@id":"https:\/\/lepatriotebenin.com\/index.php\/2025\/10\/14\/presidentielle-2026-renaud-agbodjo-jules-lodjou-le-duo-des-democrates\/"},"author":{"name":"Roland AFFANOU","@id":"https:\/\/lepatriotebenin.com\/#\/schema\/person\/4a9b67216c97d04045e01405c534c91f"},"headline":"Pr\u00e9sidentielle 2026 : Renaud Agbodjo-Jude Lodjou, le duo des D\u00e9mocrates","datePublished":"2025-10-14T05:32:32+00:00","dateModified":"2025-10-14T06:06:45+00:00","mainEntityOfPage":{"@id":"https:\/\/lepatriotebenin.com\/index.php\/2025\/10\/14\/presidentielle-2026-renaud-agbodjo-jules-lodjou-le-duo-des-democrates\/"},"wordCount":201,"commentCount":0,"image":{"@id":"https:\/\/lepatriotebenin.com\/index.php\/2025\/10\/14\/presidentielle-2026-renaud-agbodjo-jules-lodjou-le-duo-des-democrates\/#primaryimage"},"thumbnailUrl":"https:\/\/lepatriotebenin.com\/wp-content\/uploads\/2025\/10\/agbodjo.jpg","articleSection":["Politique"],"inLanguage":"fr-FR","potentialAction":[{"@type":"CommentAction","name":"Comment","target":["https:\/\/lepatriotebenin.com\/index.php\/2025\/10\/14\/presidentielle-2026-renaud-agbodjo-jules-lodjou-le-duo-des-democrates\/#respond"]}]},{"@type":"WebPage","@id":"https:\/\/lepatriotebenin.com\/index.php\/2025\/10\/14\/presidentielle-2026-renaud-agbodjo-jules-lodjou-le-duo-des-democrates\/","url":"https:\/\/lepatriotebenin.com\/index.php\/2025\/10\/14\/presidentielle-2026-renaud-agbodjo-jules-lodjou-le-duo-des-democrates\/","name":"Pr\u00e9sidentielle 2026 : Renaud Agbodjo-Jude Lodjou, le duo des D\u00e9mocrates - Le Patriote","isPartOf":{"@id":"https:\/\/lepatriotebenin.com\/#website"},"primaryImageOfPage":{"@id":"https:\/\/lepatriotebenin.com\/index.php\/2025\/10\/14\/presidentielle-2026-renaud-agbodjo-jules-lodjou-le-duo-des-democrates\/#primaryimage"},"image":{"@id":"https:\/\/lepatriotebenin.com\/index.php\/2025\/10\/14\/presidentielle-2026-renaud-agbodjo-jules-lodjou-le-duo-des-democrates\/#primaryimage"},"thumbnailUrl":"https:\/\/lepatriotebenin.com\/wp-content\/uploads\/2025\/10\/agbodjo.jpg","datePublished":"2025-10-14T05:32:32+00:00","dateModified":"2025-10-14T06:06:45+00:00","author":{"@id":"https:\/\/lepatriotebenin.com\/#\/schema\/person\/4a9b67216c97d04045e01405c534c91f"},"breadcrumb":{"@id":"https:\/\/lepatriotebenin.com\/index.php\/2025\/10\/14\/presidentielle-2026-renaud-agbodjo-jules-lodjou-le-duo-des-democrates\/#breadcrumb"},"inLanguage":"fr-FR","potentialAction":[{"@type":"ReadAction","target":["https:\/\/lepatriotebenin.com\/index.php\/2025\/10\/14\/presidentielle-2026-renaud-agbodjo-jules-lodjou-le-duo-des-democrates\/"]}]},{"@type":"ImageObject","inLanguage":"fr-FR","@id":"https:\/\/lepatriotebenin.com\/index.php\/2025\/10\/14\/presidentielle-2026-renaud-agbodjo-jules-lodjou-le-duo-des-democrates\/#primaryimage","url":"https:\/\/lepatriotebenin.com\/wp-content\/uploads\/2025\/10\/agbodjo.jpg","contentUrl":"https:\/\/lepatriotebenin.com\/wp-content\/uploads\/2025\/10\/agbodjo.jpg","width":716,"height":720},{"@type":"BreadcrumbList","@id":"https:\/\/lepatriotebenin.com\/index.php\/2025\/10\/14\/presidentielle-2026-renaud-agbodjo-jules-lodjou-le-duo-des-democrates\/#breadcrumb","itemListElement":[{"@type":"ListItem","position":1,"name":"Accueil","item":"https:\/\/lepatriotebenin.com\/"},{"@type":"ListItem","position":2,"name":"Pr\u00e9sidentielle 2026 : Renaud Agbodjo-Jude Lodjou, le duo des D\u00e9mocrates"}]},{"@type":"WebSite","@id":"https:\/\/lepatriotebenin.com\/#website","url":"https:\/\/lepatriotebenin.com\/","name":"Le Patriote","description":"Le Patriote B\u00e9nin","potentialAction":[{"@type":"SearchAction","target":{"@type":"EntryPoint","urlTemplate":"https:\/\/lepatriotebenin.com\/?s={search_term_string}"},"query-input":{"@type":"PropertyValueSpecification","valueRequired":true,"valueName":"search_term_string"}}],"inLanguage":"fr-FR"},{"@type":"Person","@id":"https:\/\/lepatriotebenin.com\/#\/schema\/person\/4a9b67216c97d04045e01405c534c91f","name":"Roland AFFANOU","image":{"@type":"ImageObject","inLanguage":"fr-FR","@id":"https:\/\/secure.gravatar.com\/avatar\/7209d3f6d2d47ea4d0c67e14d3effb61feb10ae540a4381280c66265de5bd643?s=96&d=mm&r=g","url":"https:\/\/secure.gravatar.com\/avatar\/7209d3f6d2d47ea4d0c67e14d3effb61feb10ae540a4381280c66265de5bd643?s=96&d=mm&r=g","contentUrl":"https:\/\/secure.gravatar.com\/avatar\/7209d3f6d2d47ea4d0c67e14d3effb61feb10ae540a4381280c66265de5bd643?s=96&d=mm&r=g","caption":"Roland AFFANOU"},"url":"https:\/\/lepatriotebenin.com"}]}},"_links":{"self":[{"href":"https:\/\/lepatriotebenin.com\/index.php\/wp-json\/wp\/v2\/posts\/14304","targetHints":{"allow":["GET"]}}],"collection":[{"href":"https:\/\/lepatriotebenin.com\/index.php\/wp-json\/wp\/v2\/posts"}],"about":[{"href":"https:\/\/lepatriotebenin.com\/index.php\/wp-json\/wp\/v2\/types\/post"}],"author":[{"embeddable":true,"href":"https:\/\/lepatriotebenin.com\/index.php\/wp-json\/wp\/v2\/users\/6"}],"replies":[{"embeddable":true,"href":"https:\/\/lepatriotebenin.com\/index.php\/wp-json\/wp\/v2\/comments?post=14304"}],"version-history":[{"count":4,"href":"https:\/\/lepatriotebenin.com\/index.php\/wp-json\/wp\/v2\/posts\/14304\/revisions"}],"predecessor-version":[{"id":14308,"href":"https:\/\/lepatriotebenin.com\/index.php\/wp-json\/wp\/v2\/posts\/14304\/revisions\/14308"}],"wp:featuredmedia":[{"embeddable":true,"href":"https:\/\/lepatriotebenin.com\/index.php\/wp-json\/wp\/v2\/media\/14283"}],"wp:attachment":[{"href":"https:\/\/lepatriotebenin.com\/index.php\/wp-json\/wp\/v2\/media?parent=14304"}],"wp:term":[{"taxonomy":"category","embeddable":true,"href":"https:\/\/lepatriotebenin.com\/index.php\/wp-json\/wp\/v2\/categories?post=14304"},{"taxonomy":"post_tag","embeddable":true,"href":"https:\/\/lepatriotebenin.com\/index.php\/wp-json\/wp\/v2\/tags?post=14304"}],"curies":[{"name":"wp","href":"https:\/\/api.w.org\/{rel}","templated":true}]}}