{"id":14299,"date":"2025-10-13T21:58:18","date_gmt":"2025-10-13T19:58:18","guid":{"rendered":"https:\/\/lepatriotebenin.com\/?p=14299"},"modified":"2025-10-13T21:58:18","modified_gmt":"2025-10-13T19:58:18","slug":"designation-du-duo-du-parti-les-democratessituation-confuse-au-siege-de-la-formation","status":"publish","type":"post","link":"https:\/\/lepatriotebenin.com\/index.php\/2025\/10\/13\/designation-du-duo-du-parti-les-democratessituation-confuse-au-siege-de-la-formation\/","title":{"rendered":"D\u00e9signation du duo du parti Les D\u00e9mocrates:Situation confuse au si\u00e8ge de la formation"},"content":{"rendered":"<p>&nbsp;<\/p>\n<p>C&rsquo;est \u00e0 une situation peu ordinaire qu&rsquo;on assiste au si\u00e8ge de la formation politique de l&rsquo;opposition Les D\u00e9mocrates dans cette soir\u00e9e du lundi 13 octobre 2025. A quelques heures de la cl\u00f4ture des dossiers de candidatures pour la pr\u00e9sidentielle d&rsquo;avril 2026, bien malin qui pourra dire si le parti de Boni Yayi aura un duo. Et pour cause. La situation relative au parrainage du d\u00e9put\u00e9 Michel Sodjinou devient compliqu\u00e9e. Aux derni\u00e8res nouvelles, l&rsquo;\u00e9lu parlementaire de la 19\u00e8me Circonscription \u00e9lectorale a saisi le Tribunal de trancher par rapport \u00e0 la confiscation de son parrainage. Une requ\u00eate qui a \u00e9t\u00e9 jug\u00e9e recevable par les juges qui ont m\u00eame ordonn\u00e9 la restitution du parrainage \u00e0 l&rsquo;ayant droit. Face \u00e0 cette situation, il est difficile pour l&rsquo;heure voire impossible pour le parti de pr\u00e9senter un duo en raison de l&rsquo;insuffisance du nombre de parrainages qui revient \u00e0 27 au lieu des 28 demand\u00e9s<\/p>\n","protected":false},"excerpt":{"rendered":"<p>&nbsp; C&rsquo;est \u00e0 une situation peu ordinaire qu&rsquo;on assiste au si\u00e8ge de la formation politique de l&rsquo;opposition Les D\u00e9mocrates dans cette soir\u00e9e du lundi 13 octobre 2025. A quelques heures&hellip;<\/p>\n","protected":false},"author":5,"featured_media":14002,"comment_status":"open","ping_status":"open","sticky":false,"template":"","format":"standard","meta":{"content-type":"","om_disable_all_campaigns":false,"_monsterinsights_skip_tracking":false,"_monsterinsights_sitenote_active":false,"_monsterinsights_sitenote_note":"","_monsterinsights_sitenote_category":0,"_uf_show_specific_survey":0,"_uf_disable_surveys":false,"footnotes":""},"categories":[26],"tags":[],"class_list":["post-14299","post","type-post","status-publish","format-standard","has-post-thumbnail","hentry","category-politique"],"aioseo_notices":[],"yoast_head":"<!-- This site is optimized with the Yoast SEO plugin v27.5 - https:\/\/yoast.com\/product\/yoast-seo-wordpress\/ -->\n<title>D\u00e9signation du duo du parti Les D\u00e9mocrates:Situation confuse au si\u00e8ge de la formation - Le Patriote<\/title>\n<meta name=\"robots\" content=\"index, follow, max-snippet:-1, max-image-preview:large, max-video-preview:-1\" \/>\n<link rel=\"canonical\" href=\"https:\/\/lepatriotebenin.com\/index.php\/2025\/10\/13\/designation-du-duo-du-parti-les-democratessituation-confuse-au-siege-de-la-formation\/\" \/>\n<meta property=\"og:locale\" content=\"fr_FR\" \/>\n<meta property=\"og:type\" content=\"article\" \/>\n<meta property=\"og:title\" content=\"D\u00e9signation du duo du parti Les D\u00e9mocrates:Situation confuse au si\u00e8ge de la formation - Le Patriote\" \/>\n<meta property=\"og:description\" content=\"&nbsp; C&rsquo;est \u00e0 une situation peu ordinaire qu&rsquo;on assiste au si\u00e8ge de la formation politique de l&rsquo;opposition Les D\u00e9mocrates dans cette soir\u00e9e du lundi 13 octobre 2025. A quelques heures&hellip;\" \/>\n<meta property=\"og:url\" content=\"https:\/\/lepatriotebenin.com\/index.php\/2025\/10\/13\/designation-du-duo-du-parti-les-democratessituation-confuse-au-siege-de-la-formation\/\" \/>\n<meta property=\"og:site_name\" content=\"Le Patriote\" \/>\n<meta property=\"article:published_time\" content=\"2025-10-13T19:58:18+00:00\" \/>\n<meta property=\"og:image\" content=\"https:\/\/lepatriotebenin.com\/wp-content\/uploads\/2025\/10\/logo-democrates.jpg\" \/>\n\t<meta property=\"og:image:width\" content=\"600\" \/>\n\t<meta property=\"og:image:height\" content=\"646\" \/>\n\t<meta property=\"og:image:type\" content=\"image\/jpeg\" \/>\n<meta name=\"author\" content=\"Redaction\" \/>\n<meta name=\"twitter:card\" content=\"summary_large_image\" \/>\n<meta name=\"twitter:label1\" content=\"\u00c9crit par\" \/>\n\t<meta name=\"twitter:data1\" content=\"Redaction\" \/>\n\t<meta name=\"twitter:label2\" content=\"Dur\u00e9e de lecture estim\u00e9e\" \/>\n\t<meta name=\"twitter:data2\" content=\"1 minute\" \/>\n<script type=\"application\/ld+json\" class=\"yoast-schema-graph\">{\"@context\":\"https:\\\/\\\/schema.org\",\"@graph\":[{\"@type\":\"Article\",\"@id\":\"https:\\\/\\\/lepatriotebenin.com\\\/index.php\\\/2025\\\/10\\\/13\\\/designation-du-duo-du-parti-les-democratessituation-confuse-au-siege-de-la-formation\\\/#article\",\"isPartOf\":{\"@id\":\"https:\\\/\\\/lepatriotebenin.com\\\/index.php\\\/2025\\\/10\\\/13\\\/designation-du-duo-du-parti-les-democratessituation-confuse-au-siege-de-la-formation\\\/\"},\"author\":{\"name\":\"Redaction\",\"@id\":\"https:\\\/\\\/lepatriotebenin.com\\\/#\\\/schema\\\/person\\\/2e7709b9c9cc313e452d1136af61690f\"},\"headline\":\"D\u00e9signation du duo du parti Les D\u00e9mocrates:Situation confuse au si\u00e8ge de la formation\",\"datePublished\":\"2025-10-13T19:58:18+00:00\",\"mainEntityOfPage\":{\"@id\":\"https:\\\/\\\/lepatriotebenin.com\\\/index.php\\\/2025\\\/10\\\/13\\\/designation-du-duo-du-parti-les-democratessituation-confuse-au-siege-de-la-formation\\\/\"},\"wordCount\":178,\"commentCount\":0,\"image\":{\"@id\":\"https:\\\/\\\/lepatriotebenin.com\\\/index.php\\\/2025\\\/10\\\/13\\\/designation-du-duo-du-parti-les-democratessituation-confuse-au-siege-de-la-formation\\\/#primaryimage\"},\"thumbnailUrl\":\"https:\\\/\\\/lepatriotebenin.com\\\/wp-content\\\/uploads\\\/2025\\\/10\\\/logo-democrates.jpg\",\"articleSection\":[\"Politique\"],\"inLanguage\":\"fr-FR\",\"potentialAction\":[{\"@type\":\"CommentAction\",\"name\":\"Comment\",\"target\":[\"https:\\\/\\\/lepatriotebenin.com\\\/index.php\\\/2025\\\/10\\\/13\\\/designation-du-duo-du-parti-les-democratessituation-confuse-au-siege-de-la-formation\\\/#respond\"]}]},{\"@type\":\"WebPage\",\"@id\":\"https:\\\/\\\/lepatriotebenin.com\\\/index.php\\\/2025\\\/10\\\/13\\\/designation-du-duo-du-parti-les-democratessituation-confuse-au-siege-de-la-formation\\\/\",\"url\":\"https:\\\/\\\/lepatriotebenin.com\\\/index.php\\\/2025\\\/10\\\/13\\\/designation-du-duo-du-parti-les-democratessituation-confuse-au-siege-de-la-formation\\\/\",\"name\":\"D\u00e9signation du duo du parti Les D\u00e9mocrates:Situation confuse au si\u00e8ge de la formation - Le Patriote\",\"isPartOf\":{\"@id\":\"https:\\\/\\\/lepatriotebenin.com\\\/#website\"},\"primaryImageOfPage\":{\"@id\":\"https:\\\/\\\/lepatriotebenin.com\\\/index.php\\\/2025\\\/10\\\/13\\\/designation-du-duo-du-parti-les-democratessituation-confuse-au-siege-de-la-formation\\\/#primaryimage\"},\"image\":{\"@id\":\"https:\\\/\\\/lepatriotebenin.com\\\/index.php\\\/2025\\\/10\\\/13\\\/designation-du-duo-du-parti-les-democratessituation-confuse-au-siege-de-la-formation\\\/#primaryimage\"},\"thumbnailUrl\":\"https:\\\/\\\/lepatriotebenin.com\\\/wp-content\\\/uploads\\\/2025\\\/10\\\/logo-democrates.jpg\",\"datePublished\":\"2025-10-13T19:58:18+00:00\",\"author\":{\"@id\":\"https:\\\/\\\/lepatriotebenin.com\\\/#\\\/schema\\\/person\\\/2e7709b9c9cc313e452d1136af61690f\"},\"breadcrumb\":{\"@id\":\"https:\\\/\\\/lepatriotebenin.com\\\/index.php\\\/2025\\\/10\\\/13\\\/designation-du-duo-du-parti-les-democratessituation-confuse-au-siege-de-la-formation\\\/#breadcrumb\"},\"inLanguage\":\"fr-FR\",\"potentialAction\":[{\"@type\":\"ReadAction\",\"target\":[\"https:\\\/\\\/lepatriotebenin.com\\\/index.php\\\/2025\\\/10\\\/13\\\/designation-du-duo-du-parti-les-democratessituation-confuse-au-siege-de-la-formation\\\/\"]}]},{\"@type\":\"ImageObject\",\"inLanguage\":\"fr-FR\",\"@id\":\"https:\\\/\\\/lepatriotebenin.com\\\/index.php\\\/2025\\\/10\\\/13\\\/designation-du-duo-du-parti-les-democratessituation-confuse-au-siege-de-la-formation\\\/#primaryimage\",\"url\":\"https:\\\/\\\/lepatriotebenin.com\\\/wp-content\\\/uploads\\\/2025\\\/10\\\/logo-democrates.jpg\",\"contentUrl\":\"https:\\\/\\\/lepatriotebenin.com\\\/wp-content\\\/uploads\\\/2025\\\/10\\\/logo-democrates.jpg\",\"width\":600,\"height\":646},{\"@type\":\"BreadcrumbList\",\"@id\":\"https:\\\/\\\/lepatriotebenin.com\\\/index.php\\\/2025\\\/10\\\/13\\\/designation-du-duo-du-parti-les-democratessituation-confuse-au-siege-de-la-formation\\\/#breadcrumb\",\"itemListElement\":[{\"@type\":\"ListItem\",\"position\":1,\"name\":\"Accueil\",\"item\":\"https:\\\/\\\/lepatriotebenin.com\\\/\"},{\"@type\":\"ListItem\",\"position\":2,\"name\":\"D\u00e9signation du duo du parti Les D\u00e9mocrates:Situation confuse au si\u00e8ge de la formation\"}]},{\"@type\":\"WebSite\",\"@id\":\"https:\\\/\\\/lepatriotebenin.com\\\/#website\",\"url\":\"https:\\\/\\\/lepatriotebenin.com\\\/\",\"name\":\"Le Patriote\",\"description\":\"Le Patriote B\u00e9nin\",\"potentialAction\":[{\"@type\":\"SearchAction\",\"target\":{\"@type\":\"EntryPoint\",\"urlTemplate\":\"https:\\\/\\\/lepatriotebenin.com\\\/?s={search_term_string}\"},\"query-input\":{\"@type\":\"PropertyValueSpecification\",\"valueRequired\":true,\"valueName\":\"search_term_string\"}}],\"inLanguage\":\"fr-FR\"},{\"@type\":\"Person\",\"@id\":\"https:\\\/\\\/lepatriotebenin.com\\\/#\\\/schema\\\/person\\\/2e7709b9c9cc313e452d1136af61690f\",\"name\":\"Redaction\",\"image\":{\"@type\":\"ImageObject\",\"inLanguage\":\"fr-FR\",\"@id\":\"https:\\\/\\\/secure.gravatar.com\\\/avatar\\\/c4c509357859ea2ca2cbb6d8812898a73e4ef1ef9934c2e591d7e32face734d1?s=96&d=mm&r=g\",\"url\":\"https:\\\/\\\/secure.gravatar.com\\\/avatar\\\/c4c509357859ea2ca2cbb6d8812898a73e4ef1ef9934c2e591d7e32face734d1?s=96&d=mm&r=g\",\"contentUrl\":\"https:\\\/\\\/secure.gravatar.com\\\/avatar\\\/c4c509357859ea2ca2cbb6d8812898a73e4ef1ef9934c2e591d7e32face734d1?s=96&d=mm&r=g\",\"caption\":\"Redaction\"},\"url\":\"https:\\\/\\\/lepatriotebenin.com\"}]}<\/script>\n<!-- \/ Yoast SEO plugin. -->","yoast_head_json":{"title":"D\u00e9signation du duo du parti Les D\u00e9mocrates:Situation confuse au si\u00e8ge de la formation - Le Patriote","robots":{"index":"index","follow":"follow","max-snippet":"max-snippet:-1","max-image-preview":"max-image-preview:large","max-video-preview":"max-video-preview:-1"},"canonical":"https:\/\/lepatriotebenin.com\/index.php\/2025\/10\/13\/designation-du-duo-du-parti-les-democratessituation-confuse-au-siege-de-la-formation\/","og_locale":"fr_FR","og_type":"article","og_title":"D\u00e9signation du duo du parti Les D\u00e9mocrates:Situation confuse au si\u00e8ge de la formation - Le Patriote","og_description":"&nbsp; C&rsquo;est \u00e0 une situation peu ordinaire qu&rsquo;on assiste au si\u00e8ge de la formation politique de l&rsquo;opposition Les D\u00e9mocrates dans cette soir\u00e9e du lundi 13 octobre 2025. A quelques heures&hellip;","og_url":"https:\/\/lepatriotebenin.com\/index.php\/2025\/10\/13\/designation-du-duo-du-parti-les-democratessituation-confuse-au-siege-de-la-formation\/","og_site_name":"Le Patriote","article_published_time":"2025-10-13T19:58:18+00:00","og_image":[{"width":600,"height":646,"url":"https:\/\/lepatriotebenin.com\/wp-content\/uploads\/2025\/10\/logo-democrates.jpg","type":"image\/jpeg"}],"author":"Redaction","twitter_card":"summary_large_image","twitter_misc":{"\u00c9crit par":"Redaction","Dur\u00e9e de lecture estim\u00e9e":"1 minute"},"schema":{"@context":"https:\/\/schema.org","@graph":[{"@type":"Article","@id":"https:\/\/lepatriotebenin.com\/index.php\/2025\/10\/13\/designation-du-duo-du-parti-les-democratessituation-confuse-au-siege-de-la-formation\/#article","isPartOf":{"@id":"https:\/\/lepatriotebenin.com\/index.php\/2025\/10\/13\/designation-du-duo-du-parti-les-democratessituation-confuse-au-siege-de-la-formation\/"},"author":{"name":"Redaction","@id":"https:\/\/lepatriotebenin.com\/#\/schema\/person\/2e7709b9c9cc313e452d1136af61690f"},"headline":"D\u00e9signation du duo du parti Les D\u00e9mocrates:Situation confuse au si\u00e8ge de la formation","datePublished":"2025-10-13T19:58:18+00:00","mainEntityOfPage":{"@id":"https:\/\/lepatriotebenin.com\/index.php\/2025\/10\/13\/designation-du-duo-du-parti-les-democratessituation-confuse-au-siege-de-la-formation\/"},"wordCount":178,"commentCount":0,"image":{"@id":"https:\/\/lepatriotebenin.com\/index.php\/2025\/10\/13\/designation-du-duo-du-parti-les-democratessituation-confuse-au-siege-de-la-formation\/#primaryimage"},"thumbnailUrl":"https:\/\/lepatriotebenin.com\/wp-content\/uploads\/2025\/10\/logo-democrates.jpg","articleSection":["Politique"],"inLanguage":"fr-FR","potentialAction":[{"@type":"CommentAction","name":"Comment","target":["https:\/\/lepatriotebenin.com\/index.php\/2025\/10\/13\/designation-du-duo-du-parti-les-democratessituation-confuse-au-siege-de-la-formation\/#respond"]}]},{"@type":"WebPage","@id":"https:\/\/lepatriotebenin.com\/index.php\/2025\/10\/13\/designation-du-duo-du-parti-les-democratessituation-confuse-au-siege-de-la-formation\/","url":"https:\/\/lepatriotebenin.com\/index.php\/2025\/10\/13\/designation-du-duo-du-parti-les-democratessituation-confuse-au-siege-de-la-formation\/","name":"D\u00e9signation du duo du parti Les D\u00e9mocrates:Situation confuse au si\u00e8ge de la formation - Le Patriote","isPartOf":{"@id":"https:\/\/lepatriotebenin.com\/#website"},"primaryImageOfPage":{"@id":"https:\/\/lepatriotebenin.com\/index.php\/2025\/10\/13\/designation-du-duo-du-parti-les-democratessituation-confuse-au-siege-de-la-formation\/#primaryimage"},"image":{"@id":"https:\/\/lepatriotebenin.com\/index.php\/2025\/10\/13\/designation-du-duo-du-parti-les-democratessituation-confuse-au-siege-de-la-formation\/#primaryimage"},"thumbnailUrl":"https:\/\/lepatriotebenin.com\/wp-content\/uploads\/2025\/10\/logo-democrates.jpg","datePublished":"2025-10-13T19:58:18+00:00","author":{"@id":"https:\/\/lepatriotebenin.com\/#\/schema\/person\/2e7709b9c9cc313e452d1136af61690f"},"breadcrumb":{"@id":"https:\/\/lepatriotebenin.com\/index.php\/2025\/10\/13\/designation-du-duo-du-parti-les-democratessituation-confuse-au-siege-de-la-formation\/#breadcrumb"},"inLanguage":"fr-FR","potentialAction":[{"@type":"ReadAction","target":["https:\/\/lepatriotebenin.com\/index.php\/2025\/10\/13\/designation-du-duo-du-parti-les-democratessituation-confuse-au-siege-de-la-formation\/"]}]},{"@type":"ImageObject","inLanguage":"fr-FR","@id":"https:\/\/lepatriotebenin.com\/index.php\/2025\/10\/13\/designation-du-duo-du-parti-les-democratessituation-confuse-au-siege-de-la-formation\/#primaryimage","url":"https:\/\/lepatriotebenin.com\/wp-content\/uploads\/2025\/10\/logo-democrates.jpg","contentUrl":"https:\/\/lepatriotebenin.com\/wp-content\/uploads\/2025\/10\/logo-democrates.jpg","width":600,"height":646},{"@type":"BreadcrumbList","@id":"https:\/\/lepatriotebenin.com\/index.php\/2025\/10\/13\/designation-du-duo-du-parti-les-democratessituation-confuse-au-siege-de-la-formation\/#breadcrumb","itemListElement":[{"@type":"ListItem","position":1,"name":"Accueil","item":"https:\/\/lepatriotebenin.com\/"},{"@type":"ListItem","position":2,"name":"D\u00e9signation du duo du parti Les D\u00e9mocrates:Situation confuse au si\u00e8ge de la formation"}]},{"@type":"WebSite","@id":"https:\/\/lepatriotebenin.com\/#website","url":"https:\/\/lepatriotebenin.com\/","name":"Le Patriote","description":"Le Patriote B\u00e9nin","potentialAction":[{"@type":"SearchAction","target":{"@type":"EntryPoint","urlTemplate":"https:\/\/lepatriotebenin.com\/?s={search_term_string}"},"query-input":{"@type":"PropertyValueSpecification","valueRequired":true,"valueName":"search_term_string"}}],"inLanguage":"fr-FR"},{"@type":"Person","@id":"https:\/\/lepatriotebenin.com\/#\/schema\/person\/2e7709b9c9cc313e452d1136af61690f","name":"Redaction","image":{"@type":"ImageObject","inLanguage":"fr-FR","@id":"https:\/\/secure.gravatar.com\/avatar\/c4c509357859ea2ca2cbb6d8812898a73e4ef1ef9934c2e591d7e32face734d1?s=96&d=mm&r=g","url":"https:\/\/secure.gravatar.com\/avatar\/c4c509357859ea2ca2cbb6d8812898a73e4ef1ef9934c2e591d7e32face734d1?s=96&d=mm&r=g","contentUrl":"https:\/\/secure.gravatar.com\/avatar\/c4c509357859ea2ca2cbb6d8812898a73e4ef1ef9934c2e591d7e32face734d1?s=96&d=mm&r=g","caption":"Redaction"},"url":"https:\/\/lepatriotebenin.com"}]}},"_links":{"self":[{"href":"https:\/\/lepatriotebenin.com\/index.php\/wp-json\/wp\/v2\/posts\/14299","targetHints":{"allow":["GET"]}}],"collection":[{"href":"https:\/\/lepatriotebenin.com\/index.php\/wp-json\/wp\/v2\/posts"}],"about":[{"href":"https:\/\/lepatriotebenin.com\/index.php\/wp-json\/wp\/v2\/types\/post"}],"author":[{"embeddable":true,"href":"https:\/\/lepatriotebenin.com\/index.php\/wp-json\/wp\/v2\/users\/5"}],"replies":[{"embeddable":true,"href":"https:\/\/lepatriotebenin.com\/index.php\/wp-json\/wp\/v2\/comments?post=14299"}],"version-history":[{"count":1,"href":"https:\/\/lepatriotebenin.com\/index.php\/wp-json\/wp\/v2\/posts\/14299\/revisions"}],"predecessor-version":[{"id":14300,"href":"https:\/\/lepatriotebenin.com\/index.php\/wp-json\/wp\/v2\/posts\/14299\/revisions\/14300"}],"wp:featuredmedia":[{"embeddable":true,"href":"https:\/\/lepatriotebenin.com\/index.php\/wp-json\/wp\/v2\/media\/14002"}],"wp:attachment":[{"href":"https:\/\/lepatriotebenin.com\/index.php\/wp-json\/wp\/v2\/media?parent=14299"}],"wp:term":[{"taxonomy":"category","embeddable":true,"href":"https:\/\/lepatriotebenin.com\/index.php\/wp-json\/wp\/v2\/categories?post=14299"},{"taxonomy":"post_tag","embeddable":true,"href":"https:\/\/lepatriotebenin.com\/index.php\/wp-json\/wp\/v2\/tags?post=14299"}],"curies":[{"name":"wp","href":"https:\/\/api.w.org\/{rel}","templated":true}]}}