{"id":14295,"date":"2025-10-13T20:48:11","date_gmt":"2025-10-13T18:48:11","guid":{"rendered":"https:\/\/lepatriotebenin.com\/?p=14295"},"modified":"2025-10-13T20:48:11","modified_gmt":"2025-10-13T18:48:11","slug":"depot-de-candidature-pour-la-presidentielle-2026-le-duo-candidat-obtient-son-recepisse-provisoire","status":"publish","type":"post","link":"https:\/\/lepatriotebenin.com\/index.php\/2025\/10\/13\/depot-de-candidature-pour-la-presidentielle-2026-le-duo-candidat-obtient-son-recepisse-provisoire\/","title":{"rendered":"D\u00e9p\u00f4t de candidature pour la  pr\u00e9sidentielle  2026 : Le duo candidat obtient son r\u00e9c\u00e9piss\u00e9 provisoire"},"content":{"rendered":"<p>Le duo Wadagni-Talata\u00a0 a re\u00e7u ce lundi son r\u00e9c\u00e9piss\u00e9 provisoire apr\u00e8s le d\u00e9p\u00f4t de son dossier de candidature \u00e0 la Cena. Une \u00e9tape solennelle salu\u00e9e le pr\u00e9sident de la Cena et les\u00a0 partis politiques de la mouvance.<\/p>\n<p>Il sonnait environ 16 h 29, les projecteurs \u00e9taient braqu\u00e9s sur les portes de la CENA. Le duo candidat Wadagni-Talata, escort\u00e9 du ministre d\u2019\u00c9tat Abdoulaye Bio Tchan\u00e9 et du pr\u00e9sident de la Cena Sacca Lafia, a franchi l\u2019entr\u00e9e du si\u00e8ge de la Commission \u00e9lectorale nationale autonome (Cena). Quelques dizaines de minutes plus tard \u00e0 leur sortie, le pr\u00e9sident de la Cena leur a remis officiellement le r\u00e9c\u00e9piss\u00e9 provisoire de validation de leur dossier \u00e0 la tribune devant les protecteurs la presse. Dans son allocution, le pr\u00e9sident de la Cena, a salu\u00e9 la d\u00e9marche effectu\u00e9e le duo de la mouvance et esp\u00e8re que le dossier r\u00e9pondra aux normes \u00e9tablies\u00a0 par\u00a0 l&rsquo;organe \u00e9lectoral qu&rsquo;est la Cena.<\/p>\n<p><strong>La mouvance exprime son soutien<\/strong><\/p>\n<p>M\u00eame si le duo n&rsquo;a fait \u00a0aucune d\u00e9claration alors qu&rsquo;elle \u00e9tait tant attendue par la presse, il a laiss\u00e9 place aux repr\u00e9sentants des formations politiques de la mouvance pr\u00e9sidentielle port\u00e9es sa voix. Dans une d\u00e9claration lue par le ministre conseiller Romaric Ogoual\u00e9, le parti Le Bloc R\u00e9publicain a rappel\u00e9 que\u00a0 le d\u00e9p\u00f4t de candidature du duo constitue un\u00a0 \u00ab moment important de la vie d\u00e9mocratique \u00bb\u00a0 du pays. Il a soulign\u00e9 le souhait de l\u2019\u00e9quipe de respecter les r\u00e8gles du processus \u00e9lectoral et de contribuer \u00ab \u00e0 la consolidation de l\u2019\u00c9tat de droit \u00bb tout en pla\u00e7ant cette candidature \u00ab sous le signe de la continuit\u00e9 dans la stabilit\u00e9 du progr\u00e8s partag\u00e9 et du renforcement de la coh\u00e9sion nationale \u00bb.<\/p>\n<p>&nbsp;<\/p>\n<p>Orden Alladatin,\u00a0 porte-voix du parti Union Progressiste Up le Renouveau, a apport\u00e9 un ton plus passionn\u00e9 n&rsquo;a pas manqu\u00e9 de jet\u00e9 la fleur au duo Wadagni- Talata. Dans sa d\u00e9claration au nom du parti, le d\u00e9put\u00e9 a\u00a0 qualifi\u00e9 Monsieur Romuald Wadagni de \u00ab candidat de tout le B\u00e9nin \u00bb faisant le lien avec l&rsquo;effervescence qu&rsquo;a manifest\u00e9e la population aujourd&rsquo;hui. Pour lui le dossier du duo est \u00ab tr\u00e8s bien pr\u00e9par\u00e9 \u00bb et ne pourrait fait l&rsquo;objet d&rsquo;aucun refus. Le dossier est donc m\u00fbr, et la validation ne sera plus qu\u2019une formalit\u00e9. \u00ab Le duo a re\u00e7u son r\u00e9c\u00e9piss\u00e9 provisoire et nous avons l\u2019assurance que le r\u00e9c\u00e9piss\u00e9 d\u00e9finitif sera obtenu. \u00bb a-t-il martel\u00e9.<\/p>\n<p>Les repr\u00e9sentants des deux autres partis politiques de la mouvance que sont la Renaissance Nationale (Rn) et Mouvement Populaire de Lib\u00e9ration (Mpl), ont aussi r\u00e9it\u00e9r\u00e9 leur soutien \u00e0 la candidature de la mouvance pr\u00e9sidentielle. Dans leurs allocutions, les repr\u00e9sentants des\u00a0 quatre partis politiques de la mouvance ont salu\u00e9 le dispositif mis en place par la Cena et la mobilisation de la presse.\u00a0 Faut-il rappeler\u00a0 que plusieurs ministres du gouvernement ont effectu\u00e9 le d\u00e9placement afin d&rsquo;apporter leur soutien \u00e0 leur homologue ministre, d\u00e9sormais candidat \u00e0 la pr\u00e9sidentielle 2026.<\/p>\n<p>&nbsp;<\/p>\n<p>Bien que le duo ait ouvert le bal, les autres formations politiques que sont les Forces Cauris pour un B\u00e9nin \u00c9mergeant (Fcbe) et Les D\u00e9mocrates sont attendus demain, le dernier d\u00e9lai pour le d\u00e9p\u00f4t des candidatures selon le calendrier mis en place par la Cena. Dans cette journ\u00e9e d\u00e9j\u00e0 marqu\u00e9e par une forte mobilisation de la population, le duo Wadagni-Talata a pris une longueur d\u2019avance. Le v\u00e9ritable coup d\u2019envoi est d\u00e9sormais lanc\u00e9.<\/p>\n<p><strong>Ez\u00e9chiel Dagb\u00e9gnon PADONOU<\/strong><\/p>\n","protected":false},"excerpt":{"rendered":"<p>Le duo Wadagni-Talata\u00a0 a re\u00e7u ce lundi son r\u00e9c\u00e9piss\u00e9 provisoire apr\u00e8s le d\u00e9p\u00f4t de son dossier de candidature \u00e0 la Cena. Une \u00e9tape solennelle salu\u00e9e le pr\u00e9sident de la Cena&hellip;<\/p>\n","protected":false},"author":5,"featured_media":14296,"comment_status":"open","ping_status":"open","sticky":false,"template":"","format":"standard","meta":{"content-type":"","om_disable_all_campaigns":false,"_monsterinsights_skip_tracking":false,"_monsterinsights_sitenote_active":false,"_monsterinsights_sitenote_note":"","_monsterinsights_sitenote_category":0,"_uf_show_specific_survey":0,"_uf_disable_surveys":false,"footnotes":""},"categories":[26],"tags":[],"class_list":["post-14295","post","type-post","status-publish","format-standard","has-post-thumbnail","hentry","category-politique"],"aioseo_notices":[],"yoast_head":"<!-- This site is optimized with the Yoast SEO plugin v27.5 - https:\/\/yoast.com\/product\/yoast-seo-wordpress\/ -->\n<title>D\u00e9p\u00f4t de candidature pour la pr\u00e9sidentielle 2026 : Le duo candidat obtient son r\u00e9c\u00e9piss\u00e9 provisoire - Le Patriote<\/title>\n<meta name=\"robots\" content=\"index, follow, max-snippet:-1, max-image-preview:large, max-video-preview:-1\" \/>\n<link rel=\"canonical\" href=\"https:\/\/lepatriotebenin.com\/index.php\/2025\/10\/13\/depot-de-candidature-pour-la-presidentielle-2026-le-duo-candidat-obtient-son-recepisse-provisoire\/\" \/>\n<meta property=\"og:locale\" content=\"fr_FR\" \/>\n<meta property=\"og:type\" content=\"article\" \/>\n<meta property=\"og:title\" content=\"D\u00e9p\u00f4t de candidature pour la pr\u00e9sidentielle 2026 : Le duo candidat obtient son r\u00e9c\u00e9piss\u00e9 provisoire - Le Patriote\" \/>\n<meta property=\"og:description\" content=\"Le duo Wadagni-Talata\u00a0 a re\u00e7u ce lundi son r\u00e9c\u00e9piss\u00e9 provisoire apr\u00e8s le d\u00e9p\u00f4t de son dossier de candidature \u00e0 la Cena. Une \u00e9tape solennelle salu\u00e9e le pr\u00e9sident de la Cena&hellip;\" \/>\n<meta property=\"og:url\" content=\"https:\/\/lepatriotebenin.com\/index.php\/2025\/10\/13\/depot-de-candidature-pour-la-presidentielle-2026-le-duo-candidat-obtient-son-recepisse-provisoire\/\" \/>\n<meta property=\"og:site_name\" content=\"Le Patriote\" \/>\n<meta property=\"article:published_time\" content=\"2025-10-13T18:48:11+00:00\" \/>\n<meta property=\"og:image\" content=\"https:\/\/lepatriotebenin.com\/wp-content\/uploads\/2025\/10\/wadagni.jpg\" \/>\n\t<meta property=\"og:image:width\" content=\"607\" \/>\n\t<meta property=\"og:image:height\" content=\"1080\" \/>\n\t<meta property=\"og:image:type\" content=\"image\/jpeg\" \/>\n<meta name=\"author\" content=\"Redaction\" \/>\n<meta name=\"twitter:card\" content=\"summary_large_image\" \/>\n<meta name=\"twitter:label1\" content=\"\u00c9crit par\" \/>\n\t<meta name=\"twitter:data1\" content=\"Redaction\" \/>\n\t<meta name=\"twitter:label2\" content=\"Dur\u00e9e de lecture estim\u00e9e\" \/>\n\t<meta name=\"twitter:data2\" content=\"3 minutes\" \/>\n<script type=\"application\/ld+json\" class=\"yoast-schema-graph\">{\"@context\":\"https:\\\/\\\/schema.org\",\"@graph\":[{\"@type\":\"Article\",\"@id\":\"https:\\\/\\\/lepatriotebenin.com\\\/index.php\\\/2025\\\/10\\\/13\\\/depot-de-candidature-pour-la-presidentielle-2026-le-duo-candidat-obtient-son-recepisse-provisoire\\\/#article\",\"isPartOf\":{\"@id\":\"https:\\\/\\\/lepatriotebenin.com\\\/index.php\\\/2025\\\/10\\\/13\\\/depot-de-candidature-pour-la-presidentielle-2026-le-duo-candidat-obtient-son-recepisse-provisoire\\\/\"},\"author\":{\"name\":\"Redaction\",\"@id\":\"https:\\\/\\\/lepatriotebenin.com\\\/#\\\/schema\\\/person\\\/2e7709b9c9cc313e452d1136af61690f\"},\"headline\":\"D\u00e9p\u00f4t de candidature pour la pr\u00e9sidentielle 2026 : Le duo candidat obtient son r\u00e9c\u00e9piss\u00e9 provisoire\",\"datePublished\":\"2025-10-13T18:48:11+00:00\",\"mainEntityOfPage\":{\"@id\":\"https:\\\/\\\/lepatriotebenin.com\\\/index.php\\\/2025\\\/10\\\/13\\\/depot-de-candidature-pour-la-presidentielle-2026-le-duo-candidat-obtient-son-recepisse-provisoire\\\/\"},\"wordCount\":635,\"commentCount\":0,\"image\":{\"@id\":\"https:\\\/\\\/lepatriotebenin.com\\\/index.php\\\/2025\\\/10\\\/13\\\/depot-de-candidature-pour-la-presidentielle-2026-le-duo-candidat-obtient-son-recepisse-provisoire\\\/#primaryimage\"},\"thumbnailUrl\":\"https:\\\/\\\/lepatriotebenin.com\\\/wp-content\\\/uploads\\\/2025\\\/10\\\/wadagni.jpg\",\"articleSection\":[\"Politique\"],\"inLanguage\":\"fr-FR\",\"potentialAction\":[{\"@type\":\"CommentAction\",\"name\":\"Comment\",\"target\":[\"https:\\\/\\\/lepatriotebenin.com\\\/index.php\\\/2025\\\/10\\\/13\\\/depot-de-candidature-pour-la-presidentielle-2026-le-duo-candidat-obtient-son-recepisse-provisoire\\\/#respond\"]}]},{\"@type\":\"WebPage\",\"@id\":\"https:\\\/\\\/lepatriotebenin.com\\\/index.php\\\/2025\\\/10\\\/13\\\/depot-de-candidature-pour-la-presidentielle-2026-le-duo-candidat-obtient-son-recepisse-provisoire\\\/\",\"url\":\"https:\\\/\\\/lepatriotebenin.com\\\/index.php\\\/2025\\\/10\\\/13\\\/depot-de-candidature-pour-la-presidentielle-2026-le-duo-candidat-obtient-son-recepisse-provisoire\\\/\",\"name\":\"D\u00e9p\u00f4t de candidature pour la pr\u00e9sidentielle 2026 : Le duo candidat obtient son r\u00e9c\u00e9piss\u00e9 provisoire - Le Patriote\",\"isPartOf\":{\"@id\":\"https:\\\/\\\/lepatriotebenin.com\\\/#website\"},\"primaryImageOfPage\":{\"@id\":\"https:\\\/\\\/lepatriotebenin.com\\\/index.php\\\/2025\\\/10\\\/13\\\/depot-de-candidature-pour-la-presidentielle-2026-le-duo-candidat-obtient-son-recepisse-provisoire\\\/#primaryimage\"},\"image\":{\"@id\":\"https:\\\/\\\/lepatriotebenin.com\\\/index.php\\\/2025\\\/10\\\/13\\\/depot-de-candidature-pour-la-presidentielle-2026-le-duo-candidat-obtient-son-recepisse-provisoire\\\/#primaryimage\"},\"thumbnailUrl\":\"https:\\\/\\\/lepatriotebenin.com\\\/wp-content\\\/uploads\\\/2025\\\/10\\\/wadagni.jpg\",\"datePublished\":\"2025-10-13T18:48:11+00:00\",\"author\":{\"@id\":\"https:\\\/\\\/lepatriotebenin.com\\\/#\\\/schema\\\/person\\\/2e7709b9c9cc313e452d1136af61690f\"},\"breadcrumb\":{\"@id\":\"https:\\\/\\\/lepatriotebenin.com\\\/index.php\\\/2025\\\/10\\\/13\\\/depot-de-candidature-pour-la-presidentielle-2026-le-duo-candidat-obtient-son-recepisse-provisoire\\\/#breadcrumb\"},\"inLanguage\":\"fr-FR\",\"potentialAction\":[{\"@type\":\"ReadAction\",\"target\":[\"https:\\\/\\\/lepatriotebenin.com\\\/index.php\\\/2025\\\/10\\\/13\\\/depot-de-candidature-pour-la-presidentielle-2026-le-duo-candidat-obtient-son-recepisse-provisoire\\\/\"]}]},{\"@type\":\"ImageObject\",\"inLanguage\":\"fr-FR\",\"@id\":\"https:\\\/\\\/lepatriotebenin.com\\\/index.php\\\/2025\\\/10\\\/13\\\/depot-de-candidature-pour-la-presidentielle-2026-le-duo-candidat-obtient-son-recepisse-provisoire\\\/#primaryimage\",\"url\":\"https:\\\/\\\/lepatriotebenin.com\\\/wp-content\\\/uploads\\\/2025\\\/10\\\/wadagni.jpg\",\"contentUrl\":\"https:\\\/\\\/lepatriotebenin.com\\\/wp-content\\\/uploads\\\/2025\\\/10\\\/wadagni.jpg\",\"width\":607,\"height\":1080},{\"@type\":\"BreadcrumbList\",\"@id\":\"https:\\\/\\\/lepatriotebenin.com\\\/index.php\\\/2025\\\/10\\\/13\\\/depot-de-candidature-pour-la-presidentielle-2026-le-duo-candidat-obtient-son-recepisse-provisoire\\\/#breadcrumb\",\"itemListElement\":[{\"@type\":\"ListItem\",\"position\":1,\"name\":\"Accueil\",\"item\":\"https:\\\/\\\/lepatriotebenin.com\\\/\"},{\"@type\":\"ListItem\",\"position\":2,\"name\":\"D\u00e9p\u00f4t de candidature pour la pr\u00e9sidentielle 2026 : Le duo candidat obtient son r\u00e9c\u00e9piss\u00e9 provisoire\"}]},{\"@type\":\"WebSite\",\"@id\":\"https:\\\/\\\/lepatriotebenin.com\\\/#website\",\"url\":\"https:\\\/\\\/lepatriotebenin.com\\\/\",\"name\":\"Le Patriote\",\"description\":\"Le Patriote B\u00e9nin\",\"potentialAction\":[{\"@type\":\"SearchAction\",\"target\":{\"@type\":\"EntryPoint\",\"urlTemplate\":\"https:\\\/\\\/lepatriotebenin.com\\\/?s={search_term_string}\"},\"query-input\":{\"@type\":\"PropertyValueSpecification\",\"valueRequired\":true,\"valueName\":\"search_term_string\"}}],\"inLanguage\":\"fr-FR\"},{\"@type\":\"Person\",\"@id\":\"https:\\\/\\\/lepatriotebenin.com\\\/#\\\/schema\\\/person\\\/2e7709b9c9cc313e452d1136af61690f\",\"name\":\"Redaction\",\"image\":{\"@type\":\"ImageObject\",\"inLanguage\":\"fr-FR\",\"@id\":\"https:\\\/\\\/secure.gravatar.com\\\/avatar\\\/c4c509357859ea2ca2cbb6d8812898a73e4ef1ef9934c2e591d7e32face734d1?s=96&d=mm&r=g\",\"url\":\"https:\\\/\\\/secure.gravatar.com\\\/avatar\\\/c4c509357859ea2ca2cbb6d8812898a73e4ef1ef9934c2e591d7e32face734d1?s=96&d=mm&r=g\",\"contentUrl\":\"https:\\\/\\\/secure.gravatar.com\\\/avatar\\\/c4c509357859ea2ca2cbb6d8812898a73e4ef1ef9934c2e591d7e32face734d1?s=96&d=mm&r=g\",\"caption\":\"Redaction\"},\"url\":\"https:\\\/\\\/lepatriotebenin.com\"}]}<\/script>\n<!-- \/ Yoast SEO plugin. -->","yoast_head_json":{"title":"D\u00e9p\u00f4t de candidature pour la pr\u00e9sidentielle 2026 : Le duo candidat obtient son r\u00e9c\u00e9piss\u00e9 provisoire - Le Patriote","robots":{"index":"index","follow":"follow","max-snippet":"max-snippet:-1","max-image-preview":"max-image-preview:large","max-video-preview":"max-video-preview:-1"},"canonical":"https:\/\/lepatriotebenin.com\/index.php\/2025\/10\/13\/depot-de-candidature-pour-la-presidentielle-2026-le-duo-candidat-obtient-son-recepisse-provisoire\/","og_locale":"fr_FR","og_type":"article","og_title":"D\u00e9p\u00f4t de candidature pour la pr\u00e9sidentielle 2026 : Le duo candidat obtient son r\u00e9c\u00e9piss\u00e9 provisoire - Le Patriote","og_description":"Le duo Wadagni-Talata\u00a0 a re\u00e7u ce lundi son r\u00e9c\u00e9piss\u00e9 provisoire apr\u00e8s le d\u00e9p\u00f4t de son dossier de candidature \u00e0 la Cena. Une \u00e9tape solennelle salu\u00e9e le pr\u00e9sident de la Cena&hellip;","og_url":"https:\/\/lepatriotebenin.com\/index.php\/2025\/10\/13\/depot-de-candidature-pour-la-presidentielle-2026-le-duo-candidat-obtient-son-recepisse-provisoire\/","og_site_name":"Le Patriote","article_published_time":"2025-10-13T18:48:11+00:00","og_image":[{"width":607,"height":1080,"url":"https:\/\/lepatriotebenin.com\/wp-content\/uploads\/2025\/10\/wadagni.jpg","type":"image\/jpeg"}],"author":"Redaction","twitter_card":"summary_large_image","twitter_misc":{"\u00c9crit par":"Redaction","Dur\u00e9e de lecture estim\u00e9e":"3 minutes"},"schema":{"@context":"https:\/\/schema.org","@graph":[{"@type":"Article","@id":"https:\/\/lepatriotebenin.com\/index.php\/2025\/10\/13\/depot-de-candidature-pour-la-presidentielle-2026-le-duo-candidat-obtient-son-recepisse-provisoire\/#article","isPartOf":{"@id":"https:\/\/lepatriotebenin.com\/index.php\/2025\/10\/13\/depot-de-candidature-pour-la-presidentielle-2026-le-duo-candidat-obtient-son-recepisse-provisoire\/"},"author":{"name":"Redaction","@id":"https:\/\/lepatriotebenin.com\/#\/schema\/person\/2e7709b9c9cc313e452d1136af61690f"},"headline":"D\u00e9p\u00f4t de candidature pour la pr\u00e9sidentielle 2026 : Le duo candidat obtient son r\u00e9c\u00e9piss\u00e9 provisoire","datePublished":"2025-10-13T18:48:11+00:00","mainEntityOfPage":{"@id":"https:\/\/lepatriotebenin.com\/index.php\/2025\/10\/13\/depot-de-candidature-pour-la-presidentielle-2026-le-duo-candidat-obtient-son-recepisse-provisoire\/"},"wordCount":635,"commentCount":0,"image":{"@id":"https:\/\/lepatriotebenin.com\/index.php\/2025\/10\/13\/depot-de-candidature-pour-la-presidentielle-2026-le-duo-candidat-obtient-son-recepisse-provisoire\/#primaryimage"},"thumbnailUrl":"https:\/\/lepatriotebenin.com\/wp-content\/uploads\/2025\/10\/wadagni.jpg","articleSection":["Politique"],"inLanguage":"fr-FR","potentialAction":[{"@type":"CommentAction","name":"Comment","target":["https:\/\/lepatriotebenin.com\/index.php\/2025\/10\/13\/depot-de-candidature-pour-la-presidentielle-2026-le-duo-candidat-obtient-son-recepisse-provisoire\/#respond"]}]},{"@type":"WebPage","@id":"https:\/\/lepatriotebenin.com\/index.php\/2025\/10\/13\/depot-de-candidature-pour-la-presidentielle-2026-le-duo-candidat-obtient-son-recepisse-provisoire\/","url":"https:\/\/lepatriotebenin.com\/index.php\/2025\/10\/13\/depot-de-candidature-pour-la-presidentielle-2026-le-duo-candidat-obtient-son-recepisse-provisoire\/","name":"D\u00e9p\u00f4t de candidature pour la pr\u00e9sidentielle 2026 : Le duo candidat obtient son r\u00e9c\u00e9piss\u00e9 provisoire - Le Patriote","isPartOf":{"@id":"https:\/\/lepatriotebenin.com\/#website"},"primaryImageOfPage":{"@id":"https:\/\/lepatriotebenin.com\/index.php\/2025\/10\/13\/depot-de-candidature-pour-la-presidentielle-2026-le-duo-candidat-obtient-son-recepisse-provisoire\/#primaryimage"},"image":{"@id":"https:\/\/lepatriotebenin.com\/index.php\/2025\/10\/13\/depot-de-candidature-pour-la-presidentielle-2026-le-duo-candidat-obtient-son-recepisse-provisoire\/#primaryimage"},"thumbnailUrl":"https:\/\/lepatriotebenin.com\/wp-content\/uploads\/2025\/10\/wadagni.jpg","datePublished":"2025-10-13T18:48:11+00:00","author":{"@id":"https:\/\/lepatriotebenin.com\/#\/schema\/person\/2e7709b9c9cc313e452d1136af61690f"},"breadcrumb":{"@id":"https:\/\/lepatriotebenin.com\/index.php\/2025\/10\/13\/depot-de-candidature-pour-la-presidentielle-2026-le-duo-candidat-obtient-son-recepisse-provisoire\/#breadcrumb"},"inLanguage":"fr-FR","potentialAction":[{"@type":"ReadAction","target":["https:\/\/lepatriotebenin.com\/index.php\/2025\/10\/13\/depot-de-candidature-pour-la-presidentielle-2026-le-duo-candidat-obtient-son-recepisse-provisoire\/"]}]},{"@type":"ImageObject","inLanguage":"fr-FR","@id":"https:\/\/lepatriotebenin.com\/index.php\/2025\/10\/13\/depot-de-candidature-pour-la-presidentielle-2026-le-duo-candidat-obtient-son-recepisse-provisoire\/#primaryimage","url":"https:\/\/lepatriotebenin.com\/wp-content\/uploads\/2025\/10\/wadagni.jpg","contentUrl":"https:\/\/lepatriotebenin.com\/wp-content\/uploads\/2025\/10\/wadagni.jpg","width":607,"height":1080},{"@type":"BreadcrumbList","@id":"https:\/\/lepatriotebenin.com\/index.php\/2025\/10\/13\/depot-de-candidature-pour-la-presidentielle-2026-le-duo-candidat-obtient-son-recepisse-provisoire\/#breadcrumb","itemListElement":[{"@type":"ListItem","position":1,"name":"Accueil","item":"https:\/\/lepatriotebenin.com\/"},{"@type":"ListItem","position":2,"name":"D\u00e9p\u00f4t de candidature pour la pr\u00e9sidentielle 2026 : Le duo candidat obtient son r\u00e9c\u00e9piss\u00e9 provisoire"}]},{"@type":"WebSite","@id":"https:\/\/lepatriotebenin.com\/#website","url":"https:\/\/lepatriotebenin.com\/","name":"Le Patriote","description":"Le Patriote B\u00e9nin","potentialAction":[{"@type":"SearchAction","target":{"@type":"EntryPoint","urlTemplate":"https:\/\/lepatriotebenin.com\/?s={search_term_string}"},"query-input":{"@type":"PropertyValueSpecification","valueRequired":true,"valueName":"search_term_string"}}],"inLanguage":"fr-FR"},{"@type":"Person","@id":"https:\/\/lepatriotebenin.com\/#\/schema\/person\/2e7709b9c9cc313e452d1136af61690f","name":"Redaction","image":{"@type":"ImageObject","inLanguage":"fr-FR","@id":"https:\/\/secure.gravatar.com\/avatar\/c4c509357859ea2ca2cbb6d8812898a73e4ef1ef9934c2e591d7e32face734d1?s=96&d=mm&r=g","url":"https:\/\/secure.gravatar.com\/avatar\/c4c509357859ea2ca2cbb6d8812898a73e4ef1ef9934c2e591d7e32face734d1?s=96&d=mm&r=g","contentUrl":"https:\/\/secure.gravatar.com\/avatar\/c4c509357859ea2ca2cbb6d8812898a73e4ef1ef9934c2e591d7e32face734d1?s=96&d=mm&r=g","caption":"Redaction"},"url":"https:\/\/lepatriotebenin.com"}]}},"_links":{"self":[{"href":"https:\/\/lepatriotebenin.com\/index.php\/wp-json\/wp\/v2\/posts\/14295","targetHints":{"allow":["GET"]}}],"collection":[{"href":"https:\/\/lepatriotebenin.com\/index.php\/wp-json\/wp\/v2\/posts"}],"about":[{"href":"https:\/\/lepatriotebenin.com\/index.php\/wp-json\/wp\/v2\/types\/post"}],"author":[{"embeddable":true,"href":"https:\/\/lepatriotebenin.com\/index.php\/wp-json\/wp\/v2\/users\/5"}],"replies":[{"embeddable":true,"href":"https:\/\/lepatriotebenin.com\/index.php\/wp-json\/wp\/v2\/comments?post=14295"}],"version-history":[{"count":1,"href":"https:\/\/lepatriotebenin.com\/index.php\/wp-json\/wp\/v2\/posts\/14295\/revisions"}],"predecessor-version":[{"id":14297,"href":"https:\/\/lepatriotebenin.com\/index.php\/wp-json\/wp\/v2\/posts\/14295\/revisions\/14297"}],"wp:featuredmedia":[{"embeddable":true,"href":"https:\/\/lepatriotebenin.com\/index.php\/wp-json\/wp\/v2\/media\/14296"}],"wp:attachment":[{"href":"https:\/\/lepatriotebenin.com\/index.php\/wp-json\/wp\/v2\/media?parent=14295"}],"wp:term":[{"taxonomy":"category","embeddable":true,"href":"https:\/\/lepatriotebenin.com\/index.php\/wp-json\/wp\/v2\/categories?post=14295"},{"taxonomy":"post_tag","embeddable":true,"href":"https:\/\/lepatriotebenin.com\/index.php\/wp-json\/wp\/v2\/tags?post=14295"}],"curies":[{"name":"wp","href":"https:\/\/api.w.org\/{rel}","templated":true}]}}