{"id":14291,"date":"2025-10-13T20:33:57","date_gmt":"2025-10-13T18:33:57","guid":{"rendered":"https:\/\/lepatriotebenin.com\/?p=14291"},"modified":"2025-10-13T20:52:47","modified_gmt":"2025-10-13T18:52:47","slug":"designation-du-duo-ld-a-la-presidentielle-2026-michel-sodjonou-plombe-le-processus","status":"publish","type":"post","link":"https:\/\/lepatriotebenin.com\/index.php\/2025\/10\/13\/designation-du-duo-ld-a-la-presidentielle-2026-michel-sodjonou-plombe-le-processus\/","title":{"rendered":"D\u00e9signation du duo LD \u00e0 la pr\u00e9sidentielle 2026 : Michel Sodjinou plombe le processus"},"content":{"rendered":"<p>&nbsp;<\/p>\n<p>C\u2019est une journ\u00e9e marathon au si\u00e8ge du parti Les D\u00e9mocrates ce lundi 13 octobre 2026 dans le cadre de la d\u00e9signation du duo candidats de la formation pr\u00e9sid\u00e9e par Boni Yayi.\u00a0 Comme annonc\u00e9 dans la soir\u00e9e du samedi, le Conseil National a effectivement d\u00e9marr\u00e9 avec la pr\u00e9sence pr\u00e8s de 200 d\u00e9l\u00e9gu\u00e9s, les membres de la coordination nationale et les dirigeants du parti. L\u2019ambiance \u00e9tait tr\u00e8s festive.\u00a0 D\u00e9l\u00e9gu\u00e9s, participants, invit\u00e9s, journalistes et m\u00eames\u00a0 des curieux non invit\u00e9s au Conseil National\u00a0 report\u00e9 deux fois de suite avaient le sourire aux l\u00e8vres. Tous sans exception \u00e9taient confiants\u00a0 et rassur\u00e9s que le duo du parti de l\u2019opposition sera connu dans la journ\u00e9e.\u00a0 Pendant que les 192 d\u00e9l\u00e9gu\u00e9s et hommes des m\u00e9dias se bousculaient pour retirer leurs badges d\u2019acc\u00e8s, les curieux, militants et sympathisants\u00a0 du parti Les D\u00e9mocrates\u00a0 formaient des groupes pour supputer sur le duo de candidats qui conviendrait aux D\u00e9mocrates pour faire le poids face \u00e0 celui de la mouvance pr\u00e9sidentielle. Les d\u00e9put\u00e9s parrains \u00e9taient accueillis avec ferveur et enthousiasme ainsi que les membres de la coordination nationale du parti. Ce lundi, deux s\u00e9ances \u00e9taient \u00e0\u00a0 l\u2019ordre du jour au si\u00e8ge\u00a0 du parti dont une r\u00e9union de la coordination nationale au cours de laquelle la commission de candidature devrait pr\u00e9senter le duo et le conseil national qui\u00a0 validerait le choix du duo qui doit deposer son dossier \u00e0\u00a0 la Cena au plus tard demain mardi 14 octobre 2025 \u00e0 23h59 selon les dispositions l\u00e9gales et r\u00e9glementaires relatives aux \u00e9lections\u00a0 au B\u00e9nin.<\/p>\n<p>Mais \u00e0\u00a0 peine la coordination nationale a d\u00e9marr\u00e9 ses travaux quand la mauvaise nouvelle tomba. Un des 28 parrains manquait \u00e0\u00a0 l\u2019appel de ce grand jour de \u00a0d\u00e9signation du duo. L\u2019honorable Michel Fran\u00e7ois Sodjinou, puisque c\u2019est de lui qu\u2019il s\u2019agit, aurait selon dame rumeur envoy\u00e9 un huissier au domicile du pr\u00e9sident du parti pour retirer son parrainage. Tr\u00e8s vite,\u00a0 la nouvelle s\u2019est rependue telle une tra\u00een\u00e9e de poudre faisant suer m\u00eame\u00a0 ceux qui \u00e9taient dans la climatisation.\u00a0 \u00abQue nous arrive-t-il ? \u00bb, se demande un des\u00a0 responsables du parti qui ne s\u2019en revenait pas au regard de l\u2019enjeu qui mobilise tout le peuple b\u00e9ninois depuis des mois.<\/p>\n<p>Selon indiscr\u00e9tions qui ont fini par se confirmer, l\u2019\u00e9lu parlementaire membre du parti Les\u00a0 d\u00e9mocrates de la 19\u00e8me circonscription \u00e9lectorale conditionne son parrainage pourtant remis au pr\u00e9sident du parti de plein gr\u00e9, par le choix d\u2019un candidat pour le duo des LD.<strong> \u00ab Je ne donne pas mon parrainage si c\u2019est pour la candidature de Eric Hound\u00e9t\u00e9..\u00bb<\/strong>, aurait-il fait savoir. Tous ses portables auraient \u00e9t\u00e9 ferm\u00e9s et il aurait m\u00eame\u00a0 instruit l\u2019huissier qui devrait enfoncer le clou au-del\u00e0 de la notification jet\u00e9e au portail du pr\u00e9sident du parti \u00e0\u00a0 Cadj\u00e8houn. Depuis l\u2019annonce de cette nouvelle qui a plomb\u00e9 le processus de d\u00e9signation du duo de la plus grande formation politique de l\u2019opposition, les visages et regards sont froiss\u00e9s, les sourires forc\u00e9s\u00a0 et l\u2019espoir de tout le peuple fait son jogging sur le fil du rasoir en attendant que la situation soit\u00a0 d\u00e9cant\u00e9e par les n\u00e9gociations qui se font pour ramener le d\u00e9put\u00e9 dans les rangs. Plusieurs candidats \u00e0\u00a0 la candidature sont venus au si\u00e8ge\u00a0 alors qu\u2019autour de 14 heures, le pr\u00e9sident du parti s\u2019est retir\u00e9 pour sans doute s\u2019investir une fois encore afin d\u2019\u00e9viter au parti le naufrage..<\/p>\n<p><strong>Norbert Adjakoun <\/strong><\/p>\n","protected":false},"excerpt":{"rendered":"<p>&nbsp; C\u2019est une journ\u00e9e marathon au si\u00e8ge du parti Les D\u00e9mocrates ce lundi 13 octobre 2026 dans le cadre de la d\u00e9signation du duo candidats de la formation pr\u00e9sid\u00e9e par&hellip;<\/p>\n","protected":false},"author":5,"featured_media":14292,"comment_status":"open","ping_status":"open","sticky":false,"template":"","format":"standard","meta":{"content-type":"","om_disable_all_campaigns":false,"_monsterinsights_skip_tracking":false,"_monsterinsights_sitenote_active":false,"_monsterinsights_sitenote_note":"","_monsterinsights_sitenote_category":0,"_uf_show_specific_survey":0,"_uf_disable_surveys":false,"footnotes":""},"categories":[26],"tags":[],"class_list":["post-14291","post","type-post","status-publish","format-standard","has-post-thumbnail","hentry","category-politique"],"aioseo_notices":[],"yoast_head":"<!-- This site is optimized with the Yoast SEO plugin v27.5 - https:\/\/yoast.com\/product\/yoast-seo-wordpress\/ -->\n<title>D\u00e9signation du duo LD \u00e0 la pr\u00e9sidentielle 2026 : Michel Sodjinou plombe le processus - Le Patriote<\/title>\n<meta name=\"robots\" content=\"index, follow, max-snippet:-1, max-image-preview:large, max-video-preview:-1\" \/>\n<link rel=\"canonical\" href=\"https:\/\/lepatriotebenin.com\/index.php\/2025\/10\/13\/designation-du-duo-ld-a-la-presidentielle-2026-michel-sodjonou-plombe-le-processus\/\" \/>\n<meta property=\"og:locale\" content=\"fr_FR\" \/>\n<meta property=\"og:type\" content=\"article\" \/>\n<meta property=\"og:title\" content=\"D\u00e9signation du duo LD \u00e0 la pr\u00e9sidentielle 2026 : Michel Sodjinou plombe le processus - Le Patriote\" \/>\n<meta property=\"og:description\" content=\"&nbsp; C\u2019est une journ\u00e9e marathon au si\u00e8ge du parti Les D\u00e9mocrates ce lundi 13 octobre 2026 dans le cadre de la d\u00e9signation du duo candidats de la formation pr\u00e9sid\u00e9e par&hellip;\" \/>\n<meta property=\"og:url\" content=\"https:\/\/lepatriotebenin.com\/index.php\/2025\/10\/13\/designation-du-duo-ld-a-la-presidentielle-2026-michel-sodjonou-plombe-le-processus\/\" \/>\n<meta property=\"og:site_name\" content=\"Le Patriote\" \/>\n<meta property=\"article:published_time\" content=\"2025-10-13T18:33:57+00:00\" \/>\n<meta property=\"article:modified_time\" content=\"2025-10-13T18:52:47+00:00\" \/>\n<meta property=\"og:image\" content=\"https:\/\/lepatriotebenin.com\/wp-content\/uploads\/2025\/10\/sodjinou.jpg\" \/>\n\t<meta property=\"og:image:width\" content=\"507\" \/>\n\t<meta property=\"og:image:height\" content=\"605\" \/>\n\t<meta property=\"og:image:type\" content=\"image\/jpeg\" \/>\n<meta name=\"author\" content=\"Redaction\" \/>\n<meta name=\"twitter:card\" content=\"summary_large_image\" \/>\n<meta name=\"twitter:label1\" content=\"\u00c9crit par\" \/>\n\t<meta name=\"twitter:data1\" content=\"Redaction\" \/>\n\t<meta name=\"twitter:label2\" content=\"Dur\u00e9e de lecture estim\u00e9e\" \/>\n\t<meta name=\"twitter:data2\" content=\"3 minutes\" \/>\n<script type=\"application\/ld+json\" class=\"yoast-schema-graph\">{\"@context\":\"https:\\\/\\\/schema.org\",\"@graph\":[{\"@type\":\"Article\",\"@id\":\"https:\\\/\\\/lepatriotebenin.com\\\/index.php\\\/2025\\\/10\\\/13\\\/designation-du-duo-ld-a-la-presidentielle-2026-michel-sodjonou-plombe-le-processus\\\/#article\",\"isPartOf\":{\"@id\":\"https:\\\/\\\/lepatriotebenin.com\\\/index.php\\\/2025\\\/10\\\/13\\\/designation-du-duo-ld-a-la-presidentielle-2026-michel-sodjonou-plombe-le-processus\\\/\"},\"author\":{\"name\":\"Redaction\",\"@id\":\"https:\\\/\\\/lepatriotebenin.com\\\/#\\\/schema\\\/person\\\/2e7709b9c9cc313e452d1136af61690f\"},\"headline\":\"D\u00e9signation du duo LD \u00e0 la pr\u00e9sidentielle 2026 : Michel Sodjinou plombe le processus\",\"datePublished\":\"2025-10-13T18:33:57+00:00\",\"dateModified\":\"2025-10-13T18:52:47+00:00\",\"mainEntityOfPage\":{\"@id\":\"https:\\\/\\\/lepatriotebenin.com\\\/index.php\\\/2025\\\/10\\\/13\\\/designation-du-duo-ld-a-la-presidentielle-2026-michel-sodjonou-plombe-le-processus\\\/\"},\"wordCount\":631,\"commentCount\":0,\"image\":{\"@id\":\"https:\\\/\\\/lepatriotebenin.com\\\/index.php\\\/2025\\\/10\\\/13\\\/designation-du-duo-ld-a-la-presidentielle-2026-michel-sodjonou-plombe-le-processus\\\/#primaryimage\"},\"thumbnailUrl\":\"https:\\\/\\\/lepatriotebenin.com\\\/wp-content\\\/uploads\\\/2025\\\/10\\\/sodjinou.jpg\",\"articleSection\":[\"Politique\"],\"inLanguage\":\"fr-FR\",\"potentialAction\":[{\"@type\":\"CommentAction\",\"name\":\"Comment\",\"target\":[\"https:\\\/\\\/lepatriotebenin.com\\\/index.php\\\/2025\\\/10\\\/13\\\/designation-du-duo-ld-a-la-presidentielle-2026-michel-sodjonou-plombe-le-processus\\\/#respond\"]}]},{\"@type\":\"WebPage\",\"@id\":\"https:\\\/\\\/lepatriotebenin.com\\\/index.php\\\/2025\\\/10\\\/13\\\/designation-du-duo-ld-a-la-presidentielle-2026-michel-sodjonou-plombe-le-processus\\\/\",\"url\":\"https:\\\/\\\/lepatriotebenin.com\\\/index.php\\\/2025\\\/10\\\/13\\\/designation-du-duo-ld-a-la-presidentielle-2026-michel-sodjonou-plombe-le-processus\\\/\",\"name\":\"D\u00e9signation du duo LD \u00e0 la pr\u00e9sidentielle 2026 : Michel Sodjinou plombe le processus - Le Patriote\",\"isPartOf\":{\"@id\":\"https:\\\/\\\/lepatriotebenin.com\\\/#website\"},\"primaryImageOfPage\":{\"@id\":\"https:\\\/\\\/lepatriotebenin.com\\\/index.php\\\/2025\\\/10\\\/13\\\/designation-du-duo-ld-a-la-presidentielle-2026-michel-sodjonou-plombe-le-processus\\\/#primaryimage\"},\"image\":{\"@id\":\"https:\\\/\\\/lepatriotebenin.com\\\/index.php\\\/2025\\\/10\\\/13\\\/designation-du-duo-ld-a-la-presidentielle-2026-michel-sodjonou-plombe-le-processus\\\/#primaryimage\"},\"thumbnailUrl\":\"https:\\\/\\\/lepatriotebenin.com\\\/wp-content\\\/uploads\\\/2025\\\/10\\\/sodjinou.jpg\",\"datePublished\":\"2025-10-13T18:33:57+00:00\",\"dateModified\":\"2025-10-13T18:52:47+00:00\",\"author\":{\"@id\":\"https:\\\/\\\/lepatriotebenin.com\\\/#\\\/schema\\\/person\\\/2e7709b9c9cc313e452d1136af61690f\"},\"breadcrumb\":{\"@id\":\"https:\\\/\\\/lepatriotebenin.com\\\/index.php\\\/2025\\\/10\\\/13\\\/designation-du-duo-ld-a-la-presidentielle-2026-michel-sodjonou-plombe-le-processus\\\/#breadcrumb\"},\"inLanguage\":\"fr-FR\",\"potentialAction\":[{\"@type\":\"ReadAction\",\"target\":[\"https:\\\/\\\/lepatriotebenin.com\\\/index.php\\\/2025\\\/10\\\/13\\\/designation-du-duo-ld-a-la-presidentielle-2026-michel-sodjonou-plombe-le-processus\\\/\"]}]},{\"@type\":\"ImageObject\",\"inLanguage\":\"fr-FR\",\"@id\":\"https:\\\/\\\/lepatriotebenin.com\\\/index.php\\\/2025\\\/10\\\/13\\\/designation-du-duo-ld-a-la-presidentielle-2026-michel-sodjonou-plombe-le-processus\\\/#primaryimage\",\"url\":\"https:\\\/\\\/lepatriotebenin.com\\\/wp-content\\\/uploads\\\/2025\\\/10\\\/sodjinou.jpg\",\"contentUrl\":\"https:\\\/\\\/lepatriotebenin.com\\\/wp-content\\\/uploads\\\/2025\\\/10\\\/sodjinou.jpg\",\"width\":507,\"height\":605},{\"@type\":\"BreadcrumbList\",\"@id\":\"https:\\\/\\\/lepatriotebenin.com\\\/index.php\\\/2025\\\/10\\\/13\\\/designation-du-duo-ld-a-la-presidentielle-2026-michel-sodjonou-plombe-le-processus\\\/#breadcrumb\",\"itemListElement\":[{\"@type\":\"ListItem\",\"position\":1,\"name\":\"Accueil\",\"item\":\"https:\\\/\\\/lepatriotebenin.com\\\/\"},{\"@type\":\"ListItem\",\"position\":2,\"name\":\"D\u00e9signation du duo LD \u00e0 la pr\u00e9sidentielle 2026 : Michel Sodjinou plombe le processus\"}]},{\"@type\":\"WebSite\",\"@id\":\"https:\\\/\\\/lepatriotebenin.com\\\/#website\",\"url\":\"https:\\\/\\\/lepatriotebenin.com\\\/\",\"name\":\"Le Patriote\",\"description\":\"Le Patriote B\u00e9nin\",\"potentialAction\":[{\"@type\":\"SearchAction\",\"target\":{\"@type\":\"EntryPoint\",\"urlTemplate\":\"https:\\\/\\\/lepatriotebenin.com\\\/?s={search_term_string}\"},\"query-input\":{\"@type\":\"PropertyValueSpecification\",\"valueRequired\":true,\"valueName\":\"search_term_string\"}}],\"inLanguage\":\"fr-FR\"},{\"@type\":\"Person\",\"@id\":\"https:\\\/\\\/lepatriotebenin.com\\\/#\\\/schema\\\/person\\\/2e7709b9c9cc313e452d1136af61690f\",\"name\":\"Redaction\",\"image\":{\"@type\":\"ImageObject\",\"inLanguage\":\"fr-FR\",\"@id\":\"https:\\\/\\\/secure.gravatar.com\\\/avatar\\\/c4c509357859ea2ca2cbb6d8812898a73e4ef1ef9934c2e591d7e32face734d1?s=96&d=mm&r=g\",\"url\":\"https:\\\/\\\/secure.gravatar.com\\\/avatar\\\/c4c509357859ea2ca2cbb6d8812898a73e4ef1ef9934c2e591d7e32face734d1?s=96&d=mm&r=g\",\"contentUrl\":\"https:\\\/\\\/secure.gravatar.com\\\/avatar\\\/c4c509357859ea2ca2cbb6d8812898a73e4ef1ef9934c2e591d7e32face734d1?s=96&d=mm&r=g\",\"caption\":\"Redaction\"},\"url\":\"https:\\\/\\\/lepatriotebenin.com\"}]}<\/script>\n<!-- \/ Yoast SEO plugin. -->","yoast_head_json":{"title":"D\u00e9signation du duo LD \u00e0 la pr\u00e9sidentielle 2026 : Michel Sodjinou plombe le processus - Le Patriote","robots":{"index":"index","follow":"follow","max-snippet":"max-snippet:-1","max-image-preview":"max-image-preview:large","max-video-preview":"max-video-preview:-1"},"canonical":"https:\/\/lepatriotebenin.com\/index.php\/2025\/10\/13\/designation-du-duo-ld-a-la-presidentielle-2026-michel-sodjonou-plombe-le-processus\/","og_locale":"fr_FR","og_type":"article","og_title":"D\u00e9signation du duo LD \u00e0 la pr\u00e9sidentielle 2026 : Michel Sodjinou plombe le processus - Le Patriote","og_description":"&nbsp; C\u2019est une journ\u00e9e marathon au si\u00e8ge du parti Les D\u00e9mocrates ce lundi 13 octobre 2026 dans le cadre de la d\u00e9signation du duo candidats de la formation pr\u00e9sid\u00e9e par&hellip;","og_url":"https:\/\/lepatriotebenin.com\/index.php\/2025\/10\/13\/designation-du-duo-ld-a-la-presidentielle-2026-michel-sodjonou-plombe-le-processus\/","og_site_name":"Le Patriote","article_published_time":"2025-10-13T18:33:57+00:00","article_modified_time":"2025-10-13T18:52:47+00:00","og_image":[{"width":507,"height":605,"url":"https:\/\/lepatriotebenin.com\/wp-content\/uploads\/2025\/10\/sodjinou.jpg","type":"image\/jpeg"}],"author":"Redaction","twitter_card":"summary_large_image","twitter_misc":{"\u00c9crit par":"Redaction","Dur\u00e9e de lecture estim\u00e9e":"3 minutes"},"schema":{"@context":"https:\/\/schema.org","@graph":[{"@type":"Article","@id":"https:\/\/lepatriotebenin.com\/index.php\/2025\/10\/13\/designation-du-duo-ld-a-la-presidentielle-2026-michel-sodjonou-plombe-le-processus\/#article","isPartOf":{"@id":"https:\/\/lepatriotebenin.com\/index.php\/2025\/10\/13\/designation-du-duo-ld-a-la-presidentielle-2026-michel-sodjonou-plombe-le-processus\/"},"author":{"name":"Redaction","@id":"https:\/\/lepatriotebenin.com\/#\/schema\/person\/2e7709b9c9cc313e452d1136af61690f"},"headline":"D\u00e9signation du duo LD \u00e0 la pr\u00e9sidentielle 2026 : Michel Sodjinou plombe le processus","datePublished":"2025-10-13T18:33:57+00:00","dateModified":"2025-10-13T18:52:47+00:00","mainEntityOfPage":{"@id":"https:\/\/lepatriotebenin.com\/index.php\/2025\/10\/13\/designation-du-duo-ld-a-la-presidentielle-2026-michel-sodjonou-plombe-le-processus\/"},"wordCount":631,"commentCount":0,"image":{"@id":"https:\/\/lepatriotebenin.com\/index.php\/2025\/10\/13\/designation-du-duo-ld-a-la-presidentielle-2026-michel-sodjonou-plombe-le-processus\/#primaryimage"},"thumbnailUrl":"https:\/\/lepatriotebenin.com\/wp-content\/uploads\/2025\/10\/sodjinou.jpg","articleSection":["Politique"],"inLanguage":"fr-FR","potentialAction":[{"@type":"CommentAction","name":"Comment","target":["https:\/\/lepatriotebenin.com\/index.php\/2025\/10\/13\/designation-du-duo-ld-a-la-presidentielle-2026-michel-sodjonou-plombe-le-processus\/#respond"]}]},{"@type":"WebPage","@id":"https:\/\/lepatriotebenin.com\/index.php\/2025\/10\/13\/designation-du-duo-ld-a-la-presidentielle-2026-michel-sodjonou-plombe-le-processus\/","url":"https:\/\/lepatriotebenin.com\/index.php\/2025\/10\/13\/designation-du-duo-ld-a-la-presidentielle-2026-michel-sodjonou-plombe-le-processus\/","name":"D\u00e9signation du duo LD \u00e0 la pr\u00e9sidentielle 2026 : Michel Sodjinou plombe le processus - Le Patriote","isPartOf":{"@id":"https:\/\/lepatriotebenin.com\/#website"},"primaryImageOfPage":{"@id":"https:\/\/lepatriotebenin.com\/index.php\/2025\/10\/13\/designation-du-duo-ld-a-la-presidentielle-2026-michel-sodjonou-plombe-le-processus\/#primaryimage"},"image":{"@id":"https:\/\/lepatriotebenin.com\/index.php\/2025\/10\/13\/designation-du-duo-ld-a-la-presidentielle-2026-michel-sodjonou-plombe-le-processus\/#primaryimage"},"thumbnailUrl":"https:\/\/lepatriotebenin.com\/wp-content\/uploads\/2025\/10\/sodjinou.jpg","datePublished":"2025-10-13T18:33:57+00:00","dateModified":"2025-10-13T18:52:47+00:00","author":{"@id":"https:\/\/lepatriotebenin.com\/#\/schema\/person\/2e7709b9c9cc313e452d1136af61690f"},"breadcrumb":{"@id":"https:\/\/lepatriotebenin.com\/index.php\/2025\/10\/13\/designation-du-duo-ld-a-la-presidentielle-2026-michel-sodjonou-plombe-le-processus\/#breadcrumb"},"inLanguage":"fr-FR","potentialAction":[{"@type":"ReadAction","target":["https:\/\/lepatriotebenin.com\/index.php\/2025\/10\/13\/designation-du-duo-ld-a-la-presidentielle-2026-michel-sodjonou-plombe-le-processus\/"]}]},{"@type":"ImageObject","inLanguage":"fr-FR","@id":"https:\/\/lepatriotebenin.com\/index.php\/2025\/10\/13\/designation-du-duo-ld-a-la-presidentielle-2026-michel-sodjonou-plombe-le-processus\/#primaryimage","url":"https:\/\/lepatriotebenin.com\/wp-content\/uploads\/2025\/10\/sodjinou.jpg","contentUrl":"https:\/\/lepatriotebenin.com\/wp-content\/uploads\/2025\/10\/sodjinou.jpg","width":507,"height":605},{"@type":"BreadcrumbList","@id":"https:\/\/lepatriotebenin.com\/index.php\/2025\/10\/13\/designation-du-duo-ld-a-la-presidentielle-2026-michel-sodjonou-plombe-le-processus\/#breadcrumb","itemListElement":[{"@type":"ListItem","position":1,"name":"Accueil","item":"https:\/\/lepatriotebenin.com\/"},{"@type":"ListItem","position":2,"name":"D\u00e9signation du duo LD \u00e0 la pr\u00e9sidentielle 2026 : Michel Sodjinou plombe le processus"}]},{"@type":"WebSite","@id":"https:\/\/lepatriotebenin.com\/#website","url":"https:\/\/lepatriotebenin.com\/","name":"Le Patriote","description":"Le Patriote B\u00e9nin","potentialAction":[{"@type":"SearchAction","target":{"@type":"EntryPoint","urlTemplate":"https:\/\/lepatriotebenin.com\/?s={search_term_string}"},"query-input":{"@type":"PropertyValueSpecification","valueRequired":true,"valueName":"search_term_string"}}],"inLanguage":"fr-FR"},{"@type":"Person","@id":"https:\/\/lepatriotebenin.com\/#\/schema\/person\/2e7709b9c9cc313e452d1136af61690f","name":"Redaction","image":{"@type":"ImageObject","inLanguage":"fr-FR","@id":"https:\/\/secure.gravatar.com\/avatar\/c4c509357859ea2ca2cbb6d8812898a73e4ef1ef9934c2e591d7e32face734d1?s=96&d=mm&r=g","url":"https:\/\/secure.gravatar.com\/avatar\/c4c509357859ea2ca2cbb6d8812898a73e4ef1ef9934c2e591d7e32face734d1?s=96&d=mm&r=g","contentUrl":"https:\/\/secure.gravatar.com\/avatar\/c4c509357859ea2ca2cbb6d8812898a73e4ef1ef9934c2e591d7e32face734d1?s=96&d=mm&r=g","caption":"Redaction"},"url":"https:\/\/lepatriotebenin.com"}]}},"_links":{"self":[{"href":"https:\/\/lepatriotebenin.com\/index.php\/wp-json\/wp\/v2\/posts\/14291","targetHints":{"allow":["GET"]}}],"collection":[{"href":"https:\/\/lepatriotebenin.com\/index.php\/wp-json\/wp\/v2\/posts"}],"about":[{"href":"https:\/\/lepatriotebenin.com\/index.php\/wp-json\/wp\/v2\/types\/post"}],"author":[{"embeddable":true,"href":"https:\/\/lepatriotebenin.com\/index.php\/wp-json\/wp\/v2\/users\/5"}],"replies":[{"embeddable":true,"href":"https:\/\/lepatriotebenin.com\/index.php\/wp-json\/wp\/v2\/comments?post=14291"}],"version-history":[{"count":3,"href":"https:\/\/lepatriotebenin.com\/index.php\/wp-json\/wp\/v2\/posts\/14291\/revisions"}],"predecessor-version":[{"id":14298,"href":"https:\/\/lepatriotebenin.com\/index.php\/wp-json\/wp\/v2\/posts\/14291\/revisions\/14298"}],"wp:featuredmedia":[{"embeddable":true,"href":"https:\/\/lepatriotebenin.com\/index.php\/wp-json\/wp\/v2\/media\/14292"}],"wp:attachment":[{"href":"https:\/\/lepatriotebenin.com\/index.php\/wp-json\/wp\/v2\/media?parent=14291"}],"wp:term":[{"taxonomy":"category","embeddable":true,"href":"https:\/\/lepatriotebenin.com\/index.php\/wp-json\/wp\/v2\/categories?post=14291"},{"taxonomy":"post_tag","embeddable":true,"href":"https:\/\/lepatriotebenin.com\/index.php\/wp-json\/wp\/v2\/tags?post=14291"}],"curies":[{"name":"wp","href":"https:\/\/api.w.org\/{rel}","templated":true}]}}