{"id":14289,"date":"2025-10-13T16:53:14","date_gmt":"2025-10-13T14:53:14","guid":{"rendered":"https:\/\/lepatriotebenin.com\/?p=14289"},"modified":"2025-10-13T16:53:14","modified_gmt":"2025-10-13T14:53:14","slug":"designation-du-duo-de-candidats-du-parti-les-democrates-le-president-du-parti-boni-yayi-vient-de-quitter-le-siege","status":"publish","type":"post","link":"https:\/\/lepatriotebenin.com\/index.php\/2025\/10\/13\/designation-du-duo-de-candidats-du-parti-les-democrates-le-president-du-parti-boni-yayi-vient-de-quitter-le-siege\/","title":{"rendered":"D\u00e9signation du duo de candidats du parti Les D\u00e9mocrates : Le pr\u00e9sident du parti Boni Yayi vient de quitter le si\u00e8ge"},"content":{"rendered":"<p>Apr\u00e8s quelques heures d&rsquo;\u00e9changes entre les cadres du parti Les D\u00e9mocrates pour la d\u00e9signation du duo des candidats, le pr\u00e9sident du parti Boni Yayi vient de quitter le si\u00e8ge. Son v\u00e9hicule vient de d\u00e9marrer \u00e0 l&rsquo;instant pour une destination inconnue. Les d\u00e9put\u00e9s et autres cadres, quant \u00e0 eux, sont aussi \u00e0 la pause. Pour l&rsquo;heure aucune d\u00e9claration n&rsquo;a \u00e9t\u00e9 faite par rapport au duo d\u00e9sign\u00e9 m\u00eame si les supputations vont dans tous les sens. Il faut noter la pr\u00e9sence des d\u00e9put\u00e9s-parrains, des membres de la coordination nationale et du conseil national.<\/p>\n","protected":false},"excerpt":{"rendered":"<p>Apr\u00e8s quelques heures d&rsquo;\u00e9changes entre les cadres du parti Les D\u00e9mocrates pour la d\u00e9signation du duo des candidats, le pr\u00e9sident du parti Boni Yayi vient de quitter le si\u00e8ge. Son&hellip;<\/p>\n","protected":false},"author":5,"featured_media":14259,"comment_status":"open","ping_status":"open","sticky":false,"template":"","format":"standard","meta":{"content-type":"","om_disable_all_campaigns":false,"_monsterinsights_skip_tracking":false,"_monsterinsights_sitenote_active":false,"_monsterinsights_sitenote_note":"","_monsterinsights_sitenote_category":0,"_uf_show_specific_survey":0,"_uf_disable_surveys":false,"footnotes":""},"categories":[26],"tags":[],"class_list":["post-14289","post","type-post","status-publish","format-standard","has-post-thumbnail","hentry","category-politique"],"aioseo_notices":[],"yoast_head":"<!-- This site is optimized with the Yoast SEO plugin v27.5 - https:\/\/yoast.com\/product\/yoast-seo-wordpress\/ -->\n<title>D\u00e9signation du duo de candidats du parti Les D\u00e9mocrates : Le pr\u00e9sident du parti Boni Yayi vient de quitter le si\u00e8ge - Le Patriote<\/title>\n<meta name=\"robots\" content=\"index, follow, max-snippet:-1, max-image-preview:large, max-video-preview:-1\" \/>\n<link rel=\"canonical\" href=\"https:\/\/lepatriotebenin.com\/index.php\/2025\/10\/13\/designation-du-duo-de-candidats-du-parti-les-democrates-le-president-du-parti-boni-yayi-vient-de-quitter-le-siege\/\" \/>\n<meta property=\"og:locale\" content=\"fr_FR\" \/>\n<meta property=\"og:type\" content=\"article\" \/>\n<meta property=\"og:title\" content=\"D\u00e9signation du duo de candidats du parti Les D\u00e9mocrates : Le pr\u00e9sident du parti Boni Yayi vient de quitter le si\u00e8ge - Le Patriote\" \/>\n<meta property=\"og:description\" content=\"Apr\u00e8s quelques heures d&rsquo;\u00e9changes entre les cadres du parti Les D\u00e9mocrates pour la d\u00e9signation du duo des candidats, le pr\u00e9sident du parti Boni Yayi vient de quitter le si\u00e8ge. Son&hellip;\" \/>\n<meta property=\"og:url\" content=\"https:\/\/lepatriotebenin.com\/index.php\/2025\/10\/13\/designation-du-duo-de-candidats-du-parti-les-democrates-le-president-du-parti-boni-yayi-vient-de-quitter-le-siege\/\" \/>\n<meta property=\"og:site_name\" content=\"Le Patriote\" \/>\n<meta property=\"article:published_time\" content=\"2025-10-13T14:53:14+00:00\" \/>\n<meta property=\"og:image\" content=\"https:\/\/lepatriotebenin.com\/wp-content\/uploads\/2025\/10\/boni.jpg\" \/>\n\t<meta property=\"og:image:width\" content=\"200\" \/>\n\t<meta property=\"og:image:height\" content=\"200\" \/>\n\t<meta property=\"og:image:type\" content=\"image\/jpeg\" \/>\n<meta name=\"author\" content=\"Redaction\" \/>\n<meta name=\"twitter:card\" content=\"summary_large_image\" \/>\n<meta name=\"twitter:label1\" content=\"\u00c9crit par\" \/>\n\t<meta name=\"twitter:data1\" content=\"Redaction\" \/>\n\t<meta name=\"twitter:label2\" content=\"Dur\u00e9e de lecture estim\u00e9e\" \/>\n\t<meta name=\"twitter:data2\" content=\"1 minute\" \/>\n<script type=\"application\/ld+json\" class=\"yoast-schema-graph\">{\"@context\":\"https:\\\/\\\/schema.org\",\"@graph\":[{\"@type\":\"Article\",\"@id\":\"https:\\\/\\\/lepatriotebenin.com\\\/index.php\\\/2025\\\/10\\\/13\\\/designation-du-duo-de-candidats-du-parti-les-democrates-le-president-du-parti-boni-yayi-vient-de-quitter-le-siege\\\/#article\",\"isPartOf\":{\"@id\":\"https:\\\/\\\/lepatriotebenin.com\\\/index.php\\\/2025\\\/10\\\/13\\\/designation-du-duo-de-candidats-du-parti-les-democrates-le-president-du-parti-boni-yayi-vient-de-quitter-le-siege\\\/\"},\"author\":{\"name\":\"Redaction\",\"@id\":\"https:\\\/\\\/lepatriotebenin.com\\\/#\\\/schema\\\/person\\\/2e7709b9c9cc313e452d1136af61690f\"},\"headline\":\"D\u00e9signation du duo de candidats du parti Les D\u00e9mocrates : Le pr\u00e9sident du parti Boni Yayi vient de quitter le si\u00e8ge\",\"datePublished\":\"2025-10-13T14:53:14+00:00\",\"mainEntityOfPage\":{\"@id\":\"https:\\\/\\\/lepatriotebenin.com\\\/index.php\\\/2025\\\/10\\\/13\\\/designation-du-duo-de-candidats-du-parti-les-democrates-le-president-du-parti-boni-yayi-vient-de-quitter-le-siege\\\/\"},\"wordCount\":131,\"commentCount\":0,\"image\":{\"@id\":\"https:\\\/\\\/lepatriotebenin.com\\\/index.php\\\/2025\\\/10\\\/13\\\/designation-du-duo-de-candidats-du-parti-les-democrates-le-president-du-parti-boni-yayi-vient-de-quitter-le-siege\\\/#primaryimage\"},\"thumbnailUrl\":\"https:\\\/\\\/lepatriotebenin.com\\\/wp-content\\\/uploads\\\/2025\\\/10\\\/boni.jpg\",\"articleSection\":[\"Politique\"],\"inLanguage\":\"fr-FR\",\"potentialAction\":[{\"@type\":\"CommentAction\",\"name\":\"Comment\",\"target\":[\"https:\\\/\\\/lepatriotebenin.com\\\/index.php\\\/2025\\\/10\\\/13\\\/designation-du-duo-de-candidats-du-parti-les-democrates-le-president-du-parti-boni-yayi-vient-de-quitter-le-siege\\\/#respond\"]}]},{\"@type\":\"WebPage\",\"@id\":\"https:\\\/\\\/lepatriotebenin.com\\\/index.php\\\/2025\\\/10\\\/13\\\/designation-du-duo-de-candidats-du-parti-les-democrates-le-president-du-parti-boni-yayi-vient-de-quitter-le-siege\\\/\",\"url\":\"https:\\\/\\\/lepatriotebenin.com\\\/index.php\\\/2025\\\/10\\\/13\\\/designation-du-duo-de-candidats-du-parti-les-democrates-le-president-du-parti-boni-yayi-vient-de-quitter-le-siege\\\/\",\"name\":\"D\u00e9signation du duo de candidats du parti Les D\u00e9mocrates : Le pr\u00e9sident du parti Boni Yayi vient de quitter le si\u00e8ge - Le Patriote\",\"isPartOf\":{\"@id\":\"https:\\\/\\\/lepatriotebenin.com\\\/#website\"},\"primaryImageOfPage\":{\"@id\":\"https:\\\/\\\/lepatriotebenin.com\\\/index.php\\\/2025\\\/10\\\/13\\\/designation-du-duo-de-candidats-du-parti-les-democrates-le-president-du-parti-boni-yayi-vient-de-quitter-le-siege\\\/#primaryimage\"},\"image\":{\"@id\":\"https:\\\/\\\/lepatriotebenin.com\\\/index.php\\\/2025\\\/10\\\/13\\\/designation-du-duo-de-candidats-du-parti-les-democrates-le-president-du-parti-boni-yayi-vient-de-quitter-le-siege\\\/#primaryimage\"},\"thumbnailUrl\":\"https:\\\/\\\/lepatriotebenin.com\\\/wp-content\\\/uploads\\\/2025\\\/10\\\/boni.jpg\",\"datePublished\":\"2025-10-13T14:53:14+00:00\",\"author\":{\"@id\":\"https:\\\/\\\/lepatriotebenin.com\\\/#\\\/schema\\\/person\\\/2e7709b9c9cc313e452d1136af61690f\"},\"breadcrumb\":{\"@id\":\"https:\\\/\\\/lepatriotebenin.com\\\/index.php\\\/2025\\\/10\\\/13\\\/designation-du-duo-de-candidats-du-parti-les-democrates-le-president-du-parti-boni-yayi-vient-de-quitter-le-siege\\\/#breadcrumb\"},\"inLanguage\":\"fr-FR\",\"potentialAction\":[{\"@type\":\"ReadAction\",\"target\":[\"https:\\\/\\\/lepatriotebenin.com\\\/index.php\\\/2025\\\/10\\\/13\\\/designation-du-duo-de-candidats-du-parti-les-democrates-le-president-du-parti-boni-yayi-vient-de-quitter-le-siege\\\/\"]}]},{\"@type\":\"ImageObject\",\"inLanguage\":\"fr-FR\",\"@id\":\"https:\\\/\\\/lepatriotebenin.com\\\/index.php\\\/2025\\\/10\\\/13\\\/designation-du-duo-de-candidats-du-parti-les-democrates-le-president-du-parti-boni-yayi-vient-de-quitter-le-siege\\\/#primaryimage\",\"url\":\"https:\\\/\\\/lepatriotebenin.com\\\/wp-content\\\/uploads\\\/2025\\\/10\\\/boni.jpg\",\"contentUrl\":\"https:\\\/\\\/lepatriotebenin.com\\\/wp-content\\\/uploads\\\/2025\\\/10\\\/boni.jpg\",\"width\":200,\"height\":200},{\"@type\":\"BreadcrumbList\",\"@id\":\"https:\\\/\\\/lepatriotebenin.com\\\/index.php\\\/2025\\\/10\\\/13\\\/designation-du-duo-de-candidats-du-parti-les-democrates-le-president-du-parti-boni-yayi-vient-de-quitter-le-siege\\\/#breadcrumb\",\"itemListElement\":[{\"@type\":\"ListItem\",\"position\":1,\"name\":\"Accueil\",\"item\":\"https:\\\/\\\/lepatriotebenin.com\\\/\"},{\"@type\":\"ListItem\",\"position\":2,\"name\":\"D\u00e9signation du duo de candidats du parti Les D\u00e9mocrates : Le pr\u00e9sident du parti Boni Yayi vient de quitter le si\u00e8ge\"}]},{\"@type\":\"WebSite\",\"@id\":\"https:\\\/\\\/lepatriotebenin.com\\\/#website\",\"url\":\"https:\\\/\\\/lepatriotebenin.com\\\/\",\"name\":\"Le Patriote\",\"description\":\"Le Patriote B\u00e9nin\",\"potentialAction\":[{\"@type\":\"SearchAction\",\"target\":{\"@type\":\"EntryPoint\",\"urlTemplate\":\"https:\\\/\\\/lepatriotebenin.com\\\/?s={search_term_string}\"},\"query-input\":{\"@type\":\"PropertyValueSpecification\",\"valueRequired\":true,\"valueName\":\"search_term_string\"}}],\"inLanguage\":\"fr-FR\"},{\"@type\":\"Person\",\"@id\":\"https:\\\/\\\/lepatriotebenin.com\\\/#\\\/schema\\\/person\\\/2e7709b9c9cc313e452d1136af61690f\",\"name\":\"Redaction\",\"image\":{\"@type\":\"ImageObject\",\"inLanguage\":\"fr-FR\",\"@id\":\"https:\\\/\\\/secure.gravatar.com\\\/avatar\\\/c4c509357859ea2ca2cbb6d8812898a73e4ef1ef9934c2e591d7e32face734d1?s=96&d=mm&r=g\",\"url\":\"https:\\\/\\\/secure.gravatar.com\\\/avatar\\\/c4c509357859ea2ca2cbb6d8812898a73e4ef1ef9934c2e591d7e32face734d1?s=96&d=mm&r=g\",\"contentUrl\":\"https:\\\/\\\/secure.gravatar.com\\\/avatar\\\/c4c509357859ea2ca2cbb6d8812898a73e4ef1ef9934c2e591d7e32face734d1?s=96&d=mm&r=g\",\"caption\":\"Redaction\"},\"url\":\"https:\\\/\\\/lepatriotebenin.com\"}]}<\/script>\n<!-- \/ Yoast SEO plugin. -->","yoast_head_json":{"title":"D\u00e9signation du duo de candidats du parti Les D\u00e9mocrates : Le pr\u00e9sident du parti Boni Yayi vient de quitter le si\u00e8ge - Le Patriote","robots":{"index":"index","follow":"follow","max-snippet":"max-snippet:-1","max-image-preview":"max-image-preview:large","max-video-preview":"max-video-preview:-1"},"canonical":"https:\/\/lepatriotebenin.com\/index.php\/2025\/10\/13\/designation-du-duo-de-candidats-du-parti-les-democrates-le-president-du-parti-boni-yayi-vient-de-quitter-le-siege\/","og_locale":"fr_FR","og_type":"article","og_title":"D\u00e9signation du duo de candidats du parti Les D\u00e9mocrates : Le pr\u00e9sident du parti Boni Yayi vient de quitter le si\u00e8ge - Le Patriote","og_description":"Apr\u00e8s quelques heures d&rsquo;\u00e9changes entre les cadres du parti Les D\u00e9mocrates pour la d\u00e9signation du duo des candidats, le pr\u00e9sident du parti Boni Yayi vient de quitter le si\u00e8ge. Son&hellip;","og_url":"https:\/\/lepatriotebenin.com\/index.php\/2025\/10\/13\/designation-du-duo-de-candidats-du-parti-les-democrates-le-president-du-parti-boni-yayi-vient-de-quitter-le-siege\/","og_site_name":"Le Patriote","article_published_time":"2025-10-13T14:53:14+00:00","og_image":[{"width":200,"height":200,"url":"https:\/\/lepatriotebenin.com\/wp-content\/uploads\/2025\/10\/boni.jpg","type":"image\/jpeg"}],"author":"Redaction","twitter_card":"summary_large_image","twitter_misc":{"\u00c9crit par":"Redaction","Dur\u00e9e de lecture estim\u00e9e":"1 minute"},"schema":{"@context":"https:\/\/schema.org","@graph":[{"@type":"Article","@id":"https:\/\/lepatriotebenin.com\/index.php\/2025\/10\/13\/designation-du-duo-de-candidats-du-parti-les-democrates-le-president-du-parti-boni-yayi-vient-de-quitter-le-siege\/#article","isPartOf":{"@id":"https:\/\/lepatriotebenin.com\/index.php\/2025\/10\/13\/designation-du-duo-de-candidats-du-parti-les-democrates-le-president-du-parti-boni-yayi-vient-de-quitter-le-siege\/"},"author":{"name":"Redaction","@id":"https:\/\/lepatriotebenin.com\/#\/schema\/person\/2e7709b9c9cc313e452d1136af61690f"},"headline":"D\u00e9signation du duo de candidats du parti Les D\u00e9mocrates : Le pr\u00e9sident du parti Boni Yayi vient de quitter le si\u00e8ge","datePublished":"2025-10-13T14:53:14+00:00","mainEntityOfPage":{"@id":"https:\/\/lepatriotebenin.com\/index.php\/2025\/10\/13\/designation-du-duo-de-candidats-du-parti-les-democrates-le-president-du-parti-boni-yayi-vient-de-quitter-le-siege\/"},"wordCount":131,"commentCount":0,"image":{"@id":"https:\/\/lepatriotebenin.com\/index.php\/2025\/10\/13\/designation-du-duo-de-candidats-du-parti-les-democrates-le-president-du-parti-boni-yayi-vient-de-quitter-le-siege\/#primaryimage"},"thumbnailUrl":"https:\/\/lepatriotebenin.com\/wp-content\/uploads\/2025\/10\/boni.jpg","articleSection":["Politique"],"inLanguage":"fr-FR","potentialAction":[{"@type":"CommentAction","name":"Comment","target":["https:\/\/lepatriotebenin.com\/index.php\/2025\/10\/13\/designation-du-duo-de-candidats-du-parti-les-democrates-le-president-du-parti-boni-yayi-vient-de-quitter-le-siege\/#respond"]}]},{"@type":"WebPage","@id":"https:\/\/lepatriotebenin.com\/index.php\/2025\/10\/13\/designation-du-duo-de-candidats-du-parti-les-democrates-le-president-du-parti-boni-yayi-vient-de-quitter-le-siege\/","url":"https:\/\/lepatriotebenin.com\/index.php\/2025\/10\/13\/designation-du-duo-de-candidats-du-parti-les-democrates-le-president-du-parti-boni-yayi-vient-de-quitter-le-siege\/","name":"D\u00e9signation du duo de candidats du parti Les D\u00e9mocrates : Le pr\u00e9sident du parti Boni Yayi vient de quitter le si\u00e8ge - Le Patriote","isPartOf":{"@id":"https:\/\/lepatriotebenin.com\/#website"},"primaryImageOfPage":{"@id":"https:\/\/lepatriotebenin.com\/index.php\/2025\/10\/13\/designation-du-duo-de-candidats-du-parti-les-democrates-le-president-du-parti-boni-yayi-vient-de-quitter-le-siege\/#primaryimage"},"image":{"@id":"https:\/\/lepatriotebenin.com\/index.php\/2025\/10\/13\/designation-du-duo-de-candidats-du-parti-les-democrates-le-president-du-parti-boni-yayi-vient-de-quitter-le-siege\/#primaryimage"},"thumbnailUrl":"https:\/\/lepatriotebenin.com\/wp-content\/uploads\/2025\/10\/boni.jpg","datePublished":"2025-10-13T14:53:14+00:00","author":{"@id":"https:\/\/lepatriotebenin.com\/#\/schema\/person\/2e7709b9c9cc313e452d1136af61690f"},"breadcrumb":{"@id":"https:\/\/lepatriotebenin.com\/index.php\/2025\/10\/13\/designation-du-duo-de-candidats-du-parti-les-democrates-le-president-du-parti-boni-yayi-vient-de-quitter-le-siege\/#breadcrumb"},"inLanguage":"fr-FR","potentialAction":[{"@type":"ReadAction","target":["https:\/\/lepatriotebenin.com\/index.php\/2025\/10\/13\/designation-du-duo-de-candidats-du-parti-les-democrates-le-president-du-parti-boni-yayi-vient-de-quitter-le-siege\/"]}]},{"@type":"ImageObject","inLanguage":"fr-FR","@id":"https:\/\/lepatriotebenin.com\/index.php\/2025\/10\/13\/designation-du-duo-de-candidats-du-parti-les-democrates-le-president-du-parti-boni-yayi-vient-de-quitter-le-siege\/#primaryimage","url":"https:\/\/lepatriotebenin.com\/wp-content\/uploads\/2025\/10\/boni.jpg","contentUrl":"https:\/\/lepatriotebenin.com\/wp-content\/uploads\/2025\/10\/boni.jpg","width":200,"height":200},{"@type":"BreadcrumbList","@id":"https:\/\/lepatriotebenin.com\/index.php\/2025\/10\/13\/designation-du-duo-de-candidats-du-parti-les-democrates-le-president-du-parti-boni-yayi-vient-de-quitter-le-siege\/#breadcrumb","itemListElement":[{"@type":"ListItem","position":1,"name":"Accueil","item":"https:\/\/lepatriotebenin.com\/"},{"@type":"ListItem","position":2,"name":"D\u00e9signation du duo de candidats du parti Les D\u00e9mocrates : Le pr\u00e9sident du parti Boni Yayi vient de quitter le si\u00e8ge"}]},{"@type":"WebSite","@id":"https:\/\/lepatriotebenin.com\/#website","url":"https:\/\/lepatriotebenin.com\/","name":"Le Patriote","description":"Le Patriote B\u00e9nin","potentialAction":[{"@type":"SearchAction","target":{"@type":"EntryPoint","urlTemplate":"https:\/\/lepatriotebenin.com\/?s={search_term_string}"},"query-input":{"@type":"PropertyValueSpecification","valueRequired":true,"valueName":"search_term_string"}}],"inLanguage":"fr-FR"},{"@type":"Person","@id":"https:\/\/lepatriotebenin.com\/#\/schema\/person\/2e7709b9c9cc313e452d1136af61690f","name":"Redaction","image":{"@type":"ImageObject","inLanguage":"fr-FR","@id":"https:\/\/secure.gravatar.com\/avatar\/c4c509357859ea2ca2cbb6d8812898a73e4ef1ef9934c2e591d7e32face734d1?s=96&d=mm&r=g","url":"https:\/\/secure.gravatar.com\/avatar\/c4c509357859ea2ca2cbb6d8812898a73e4ef1ef9934c2e591d7e32face734d1?s=96&d=mm&r=g","contentUrl":"https:\/\/secure.gravatar.com\/avatar\/c4c509357859ea2ca2cbb6d8812898a73e4ef1ef9934c2e591d7e32face734d1?s=96&d=mm&r=g","caption":"Redaction"},"url":"https:\/\/lepatriotebenin.com"}]}},"_links":{"self":[{"href":"https:\/\/lepatriotebenin.com\/index.php\/wp-json\/wp\/v2\/posts\/14289","targetHints":{"allow":["GET"]}}],"collection":[{"href":"https:\/\/lepatriotebenin.com\/index.php\/wp-json\/wp\/v2\/posts"}],"about":[{"href":"https:\/\/lepatriotebenin.com\/index.php\/wp-json\/wp\/v2\/types\/post"}],"author":[{"embeddable":true,"href":"https:\/\/lepatriotebenin.com\/index.php\/wp-json\/wp\/v2\/users\/5"}],"replies":[{"embeddable":true,"href":"https:\/\/lepatriotebenin.com\/index.php\/wp-json\/wp\/v2\/comments?post=14289"}],"version-history":[{"count":1,"href":"https:\/\/lepatriotebenin.com\/index.php\/wp-json\/wp\/v2\/posts\/14289\/revisions"}],"predecessor-version":[{"id":14290,"href":"https:\/\/lepatriotebenin.com\/index.php\/wp-json\/wp\/v2\/posts\/14289\/revisions\/14290"}],"wp:featuredmedia":[{"embeddable":true,"href":"https:\/\/lepatriotebenin.com\/index.php\/wp-json\/wp\/v2\/media\/14259"}],"wp:attachment":[{"href":"https:\/\/lepatriotebenin.com\/index.php\/wp-json\/wp\/v2\/media?parent=14289"}],"wp:term":[{"taxonomy":"category","embeddable":true,"href":"https:\/\/lepatriotebenin.com\/index.php\/wp-json\/wp\/v2\/categories?post=14289"},{"taxonomy":"post_tag","embeddable":true,"href":"https:\/\/lepatriotebenin.com\/index.php\/wp-json\/wp\/v2\/tags?post=14289"}],"curies":[{"name":"wp","href":"https:\/\/api.w.org\/{rel}","templated":true}]}}