{"id":14285,"date":"2025-10-13T16:47:55","date_gmt":"2025-10-13T14:47:55","guid":{"rendered":"https:\/\/lepatriotebenin.com\/?p=14285"},"modified":"2025-10-13T16:48:57","modified_gmt":"2025-10-13T14:48:57","slug":"depot-de-candidature-pour-la-presidentielles-2026-le-duo-candidat-de-la-mouvance-sapprete-a-ouvrir-le-bal","status":"publish","type":"post","link":"https:\/\/lepatriotebenin.com\/index.php\/2025\/10\/13\/depot-de-candidature-pour-la-presidentielles-2026-le-duo-candidat-de-la-mouvance-sapprete-a-ouvrir-le-bal\/","title":{"rendered":"D\u00e9p\u00f4t de candidature pour la pr\u00e9sidentielle 2026 : Le duo candidat de la mouvance s&rsquo;appr\u00eate \u00e0 ouvrir le bal"},"content":{"rendered":"<p>D\u00e8s les premi\u00e8res heures de ce lundi 13 octobre 2025, la Commission \u00e9lectorale nationale autonome (CENA) s\u2019est anim\u00e9e d\u2019une effervescence inhabituelle. Journalistes, militants, soci\u00e9t\u00e9 civile et observateurs politiques se pressent dans les couloirs, impatients de suivre le d\u00e9p\u00f4t des dossiers de candidature du duo candidat Wadagni &#8211; Talata pour l\u2019\u00e9lection pr\u00e9sidentielle de 2026.<\/p>\n<p>L&rsquo;ambiance est \u00e9lectrique \u00e0 la CENA actuellement. D\u00e9j\u00e0 dans l&rsquo;apr\u00e8s-midi l&rsquo;arriv\u00e9e massive de la population est signe impalpable de l&rsquo;arriv\u00e9e du duo candidats de la mouvance. Dans la von qui abrite l&rsquo;institution, l&rsquo;on peut voir un grand nombre de monde venue de plusieurs zones du B\u00e9nin pour accueillir les deux candidats de la mouvance. Plusieurs sont en casquettes de couleurs jaunes sur lesquelles sont inscrites \u00a0\u00bb UPR \u00ab\u00a0. D&rsquo;autres sont en\u00a0 tenues locales de chor\u00e9graphie alors que d&rsquo;autres sont simplement venus en statut de spectateurs attir\u00e9s le bruit des fanfares.<\/p>\n<p>Avec l&rsquo;ambiance de plusieurs fanfares, des gangans et autres, l&rsquo;on peut voir plusieurs associations tenant des b\u00e2ches qui dont les inscriptions montrent tout simplement leur soutien \u00e0 la candidature de la mouvance. \u00ab G\u00e9n\u00e9ration Romuald Wadagni ( GROW) 2026 d\u00e9clare son soutien ferme et engag\u00e9 \u00e0 la candidature du duo pr\u00e9sidentiel form\u00e9 par : Monsieur Romuald Wadagni et Madame Chabi Talata \u00bb peut-on lire sur l&rsquo;une des b\u00e2ches tenues par les membres de l&rsquo;association GROW. Dans quelques minutes certainement, le duo candidats de la mouvance sera le premier \u00e0 franchir les portes de la CENA.<\/p>\n<p>&nbsp;<\/p>\n<p>Ezekiel\u00a0 Padonou<\/p>\n","protected":false},"excerpt":{"rendered":"<p>D\u00e8s les premi\u00e8res heures de ce lundi 13 octobre 2025, la Commission \u00e9lectorale nationale autonome (CENA) s\u2019est anim\u00e9e d\u2019une effervescence inhabituelle. Journalistes, militants, soci\u00e9t\u00e9 civile et observateurs politiques se pressent&hellip;<\/p>\n","protected":false},"author":5,"featured_media":14286,"comment_status":"open","ping_status":"open","sticky":false,"template":"","format":"standard","meta":{"content-type":"","om_disable_all_campaigns":false,"_monsterinsights_skip_tracking":false,"_monsterinsights_sitenote_active":false,"_monsterinsights_sitenote_note":"","_monsterinsights_sitenote_category":0,"_uf_show_specific_survey":0,"_uf_disable_surveys":false,"footnotes":""},"categories":[26],"tags":[],"class_list":["post-14285","post","type-post","status-publish","format-standard","has-post-thumbnail","hentry","category-politique"],"aioseo_notices":[],"yoast_head":"<!-- This site is optimized with the Yoast SEO plugin v27.5 - https:\/\/yoast.com\/product\/yoast-seo-wordpress\/ -->\n<title>D\u00e9p\u00f4t de candidature pour la pr\u00e9sidentielle 2026 : Le duo candidat de la mouvance s&#039;appr\u00eate \u00e0 ouvrir le bal - Le Patriote<\/title>\n<meta name=\"robots\" content=\"index, follow, max-snippet:-1, max-image-preview:large, max-video-preview:-1\" \/>\n<link rel=\"canonical\" href=\"https:\/\/lepatriotebenin.com\/index.php\/2025\/10\/13\/depot-de-candidature-pour-la-presidentielles-2026-le-duo-candidat-de-la-mouvance-sapprete-a-ouvrir-le-bal\/\" \/>\n<meta property=\"og:locale\" content=\"fr_FR\" \/>\n<meta property=\"og:type\" content=\"article\" \/>\n<meta property=\"og:title\" content=\"D\u00e9p\u00f4t de candidature pour la pr\u00e9sidentielle 2026 : Le duo candidat de la mouvance s&#039;appr\u00eate \u00e0 ouvrir le bal - Le Patriote\" \/>\n<meta property=\"og:description\" content=\"D\u00e8s les premi\u00e8res heures de ce lundi 13 octobre 2025, la Commission \u00e9lectorale nationale autonome (CENA) s\u2019est anim\u00e9e d\u2019une effervescence inhabituelle. Journalistes, militants, soci\u00e9t\u00e9 civile et observateurs politiques se pressent&hellip;\" \/>\n<meta property=\"og:url\" content=\"https:\/\/lepatriotebenin.com\/index.php\/2025\/10\/13\/depot-de-candidature-pour-la-presidentielles-2026-le-duo-candidat-de-la-mouvance-sapprete-a-ouvrir-le-bal\/\" \/>\n<meta property=\"og:site_name\" content=\"Le Patriote\" \/>\n<meta property=\"article:published_time\" content=\"2025-10-13T14:47:55+00:00\" \/>\n<meta property=\"article:modified_time\" content=\"2025-10-13T14:48:57+00:00\" \/>\n<meta property=\"og:image\" content=\"https:\/\/lepatriotebenin.com\/wp-content\/uploads\/2025\/10\/cena.jpg\" \/>\n\t<meta property=\"og:image:width\" content=\"1080\" \/>\n\t<meta property=\"og:image:height\" content=\"810\" \/>\n\t<meta property=\"og:image:type\" content=\"image\/jpeg\" \/>\n<meta name=\"author\" content=\"Redaction\" \/>\n<meta name=\"twitter:card\" content=\"summary_large_image\" \/>\n<meta name=\"twitter:label1\" content=\"\u00c9crit par\" \/>\n\t<meta name=\"twitter:data1\" content=\"Redaction\" \/>\n\t<meta name=\"twitter:label2\" content=\"Dur\u00e9e de lecture estim\u00e9e\" \/>\n\t<meta name=\"twitter:data2\" content=\"2 minutes\" \/>\n<script type=\"application\/ld+json\" class=\"yoast-schema-graph\">{\"@context\":\"https:\\\/\\\/schema.org\",\"@graph\":[{\"@type\":\"Article\",\"@id\":\"https:\\\/\\\/lepatriotebenin.com\\\/index.php\\\/2025\\\/10\\\/13\\\/depot-de-candidature-pour-la-presidentielles-2026-le-duo-candidat-de-la-mouvance-sapprete-a-ouvrir-le-bal\\\/#article\",\"isPartOf\":{\"@id\":\"https:\\\/\\\/lepatriotebenin.com\\\/index.php\\\/2025\\\/10\\\/13\\\/depot-de-candidature-pour-la-presidentielles-2026-le-duo-candidat-de-la-mouvance-sapprete-a-ouvrir-le-bal\\\/\"},\"author\":{\"name\":\"Redaction\",\"@id\":\"https:\\\/\\\/lepatriotebenin.com\\\/#\\\/schema\\\/person\\\/2e7709b9c9cc313e452d1136af61690f\"},\"headline\":\"D\u00e9p\u00f4t de candidature pour la pr\u00e9sidentielle 2026 : Le duo candidat de la mouvance s&rsquo;appr\u00eate \u00e0 ouvrir le bal\",\"datePublished\":\"2025-10-13T14:47:55+00:00\",\"dateModified\":\"2025-10-13T14:48:57+00:00\",\"mainEntityOfPage\":{\"@id\":\"https:\\\/\\\/lepatriotebenin.com\\\/index.php\\\/2025\\\/10\\\/13\\\/depot-de-candidature-pour-la-presidentielles-2026-le-duo-candidat-de-la-mouvance-sapprete-a-ouvrir-le-bal\\\/\"},\"wordCount\":283,\"commentCount\":0,\"image\":{\"@id\":\"https:\\\/\\\/lepatriotebenin.com\\\/index.php\\\/2025\\\/10\\\/13\\\/depot-de-candidature-pour-la-presidentielles-2026-le-duo-candidat-de-la-mouvance-sapprete-a-ouvrir-le-bal\\\/#primaryimage\"},\"thumbnailUrl\":\"https:\\\/\\\/lepatriotebenin.com\\\/wp-content\\\/uploads\\\/2025\\\/10\\\/cena.jpg\",\"articleSection\":[\"Politique\"],\"inLanguage\":\"fr-FR\",\"potentialAction\":[{\"@type\":\"CommentAction\",\"name\":\"Comment\",\"target\":[\"https:\\\/\\\/lepatriotebenin.com\\\/index.php\\\/2025\\\/10\\\/13\\\/depot-de-candidature-pour-la-presidentielles-2026-le-duo-candidat-de-la-mouvance-sapprete-a-ouvrir-le-bal\\\/#respond\"]}]},{\"@type\":\"WebPage\",\"@id\":\"https:\\\/\\\/lepatriotebenin.com\\\/index.php\\\/2025\\\/10\\\/13\\\/depot-de-candidature-pour-la-presidentielles-2026-le-duo-candidat-de-la-mouvance-sapprete-a-ouvrir-le-bal\\\/\",\"url\":\"https:\\\/\\\/lepatriotebenin.com\\\/index.php\\\/2025\\\/10\\\/13\\\/depot-de-candidature-pour-la-presidentielles-2026-le-duo-candidat-de-la-mouvance-sapprete-a-ouvrir-le-bal\\\/\",\"name\":\"D\u00e9p\u00f4t de candidature pour la pr\u00e9sidentielle 2026 : Le duo candidat de la mouvance s'appr\u00eate \u00e0 ouvrir le bal - Le Patriote\",\"isPartOf\":{\"@id\":\"https:\\\/\\\/lepatriotebenin.com\\\/#website\"},\"primaryImageOfPage\":{\"@id\":\"https:\\\/\\\/lepatriotebenin.com\\\/index.php\\\/2025\\\/10\\\/13\\\/depot-de-candidature-pour-la-presidentielles-2026-le-duo-candidat-de-la-mouvance-sapprete-a-ouvrir-le-bal\\\/#primaryimage\"},\"image\":{\"@id\":\"https:\\\/\\\/lepatriotebenin.com\\\/index.php\\\/2025\\\/10\\\/13\\\/depot-de-candidature-pour-la-presidentielles-2026-le-duo-candidat-de-la-mouvance-sapprete-a-ouvrir-le-bal\\\/#primaryimage\"},\"thumbnailUrl\":\"https:\\\/\\\/lepatriotebenin.com\\\/wp-content\\\/uploads\\\/2025\\\/10\\\/cena.jpg\",\"datePublished\":\"2025-10-13T14:47:55+00:00\",\"dateModified\":\"2025-10-13T14:48:57+00:00\",\"author\":{\"@id\":\"https:\\\/\\\/lepatriotebenin.com\\\/#\\\/schema\\\/person\\\/2e7709b9c9cc313e452d1136af61690f\"},\"breadcrumb\":{\"@id\":\"https:\\\/\\\/lepatriotebenin.com\\\/index.php\\\/2025\\\/10\\\/13\\\/depot-de-candidature-pour-la-presidentielles-2026-le-duo-candidat-de-la-mouvance-sapprete-a-ouvrir-le-bal\\\/#breadcrumb\"},\"inLanguage\":\"fr-FR\",\"potentialAction\":[{\"@type\":\"ReadAction\",\"target\":[\"https:\\\/\\\/lepatriotebenin.com\\\/index.php\\\/2025\\\/10\\\/13\\\/depot-de-candidature-pour-la-presidentielles-2026-le-duo-candidat-de-la-mouvance-sapprete-a-ouvrir-le-bal\\\/\"]}]},{\"@type\":\"ImageObject\",\"inLanguage\":\"fr-FR\",\"@id\":\"https:\\\/\\\/lepatriotebenin.com\\\/index.php\\\/2025\\\/10\\\/13\\\/depot-de-candidature-pour-la-presidentielles-2026-le-duo-candidat-de-la-mouvance-sapprete-a-ouvrir-le-bal\\\/#primaryimage\",\"url\":\"https:\\\/\\\/lepatriotebenin.com\\\/wp-content\\\/uploads\\\/2025\\\/10\\\/cena.jpg\",\"contentUrl\":\"https:\\\/\\\/lepatriotebenin.com\\\/wp-content\\\/uploads\\\/2025\\\/10\\\/cena.jpg\",\"width\":1080,\"height\":810},{\"@type\":\"BreadcrumbList\",\"@id\":\"https:\\\/\\\/lepatriotebenin.com\\\/index.php\\\/2025\\\/10\\\/13\\\/depot-de-candidature-pour-la-presidentielles-2026-le-duo-candidat-de-la-mouvance-sapprete-a-ouvrir-le-bal\\\/#breadcrumb\",\"itemListElement\":[{\"@type\":\"ListItem\",\"position\":1,\"name\":\"Accueil\",\"item\":\"https:\\\/\\\/lepatriotebenin.com\\\/\"},{\"@type\":\"ListItem\",\"position\":2,\"name\":\"D\u00e9p\u00f4t de candidature pour la pr\u00e9sidentielle 2026 : Le duo candidat de la mouvance s&rsquo;appr\u00eate \u00e0 ouvrir le bal\"}]},{\"@type\":\"WebSite\",\"@id\":\"https:\\\/\\\/lepatriotebenin.com\\\/#website\",\"url\":\"https:\\\/\\\/lepatriotebenin.com\\\/\",\"name\":\"Le Patriote\",\"description\":\"Le Patriote B\u00e9nin\",\"potentialAction\":[{\"@type\":\"SearchAction\",\"target\":{\"@type\":\"EntryPoint\",\"urlTemplate\":\"https:\\\/\\\/lepatriotebenin.com\\\/?s={search_term_string}\"},\"query-input\":{\"@type\":\"PropertyValueSpecification\",\"valueRequired\":true,\"valueName\":\"search_term_string\"}}],\"inLanguage\":\"fr-FR\"},{\"@type\":\"Person\",\"@id\":\"https:\\\/\\\/lepatriotebenin.com\\\/#\\\/schema\\\/person\\\/2e7709b9c9cc313e452d1136af61690f\",\"name\":\"Redaction\",\"image\":{\"@type\":\"ImageObject\",\"inLanguage\":\"fr-FR\",\"@id\":\"https:\\\/\\\/secure.gravatar.com\\\/avatar\\\/c4c509357859ea2ca2cbb6d8812898a73e4ef1ef9934c2e591d7e32face734d1?s=96&d=mm&r=g\",\"url\":\"https:\\\/\\\/secure.gravatar.com\\\/avatar\\\/c4c509357859ea2ca2cbb6d8812898a73e4ef1ef9934c2e591d7e32face734d1?s=96&d=mm&r=g\",\"contentUrl\":\"https:\\\/\\\/secure.gravatar.com\\\/avatar\\\/c4c509357859ea2ca2cbb6d8812898a73e4ef1ef9934c2e591d7e32face734d1?s=96&d=mm&r=g\",\"caption\":\"Redaction\"},\"url\":\"https:\\\/\\\/lepatriotebenin.com\"}]}<\/script>\n<!-- \/ Yoast SEO plugin. -->","yoast_head_json":{"title":"D\u00e9p\u00f4t de candidature pour la pr\u00e9sidentielle 2026 : Le duo candidat de la mouvance s'appr\u00eate \u00e0 ouvrir le bal - Le Patriote","robots":{"index":"index","follow":"follow","max-snippet":"max-snippet:-1","max-image-preview":"max-image-preview:large","max-video-preview":"max-video-preview:-1"},"canonical":"https:\/\/lepatriotebenin.com\/index.php\/2025\/10\/13\/depot-de-candidature-pour-la-presidentielles-2026-le-duo-candidat-de-la-mouvance-sapprete-a-ouvrir-le-bal\/","og_locale":"fr_FR","og_type":"article","og_title":"D\u00e9p\u00f4t de candidature pour la pr\u00e9sidentielle 2026 : Le duo candidat de la mouvance s'appr\u00eate \u00e0 ouvrir le bal - Le Patriote","og_description":"D\u00e8s les premi\u00e8res heures de ce lundi 13 octobre 2025, la Commission \u00e9lectorale nationale autonome (CENA) s\u2019est anim\u00e9e d\u2019une effervescence inhabituelle. Journalistes, militants, soci\u00e9t\u00e9 civile et observateurs politiques se pressent&hellip;","og_url":"https:\/\/lepatriotebenin.com\/index.php\/2025\/10\/13\/depot-de-candidature-pour-la-presidentielles-2026-le-duo-candidat-de-la-mouvance-sapprete-a-ouvrir-le-bal\/","og_site_name":"Le Patriote","article_published_time":"2025-10-13T14:47:55+00:00","article_modified_time":"2025-10-13T14:48:57+00:00","og_image":[{"width":1080,"height":810,"url":"https:\/\/lepatriotebenin.com\/wp-content\/uploads\/2025\/10\/cena.jpg","type":"image\/jpeg"}],"author":"Redaction","twitter_card":"summary_large_image","twitter_misc":{"\u00c9crit par":"Redaction","Dur\u00e9e de lecture estim\u00e9e":"2 minutes"},"schema":{"@context":"https:\/\/schema.org","@graph":[{"@type":"Article","@id":"https:\/\/lepatriotebenin.com\/index.php\/2025\/10\/13\/depot-de-candidature-pour-la-presidentielles-2026-le-duo-candidat-de-la-mouvance-sapprete-a-ouvrir-le-bal\/#article","isPartOf":{"@id":"https:\/\/lepatriotebenin.com\/index.php\/2025\/10\/13\/depot-de-candidature-pour-la-presidentielles-2026-le-duo-candidat-de-la-mouvance-sapprete-a-ouvrir-le-bal\/"},"author":{"name":"Redaction","@id":"https:\/\/lepatriotebenin.com\/#\/schema\/person\/2e7709b9c9cc313e452d1136af61690f"},"headline":"D\u00e9p\u00f4t de candidature pour la pr\u00e9sidentielle 2026 : Le duo candidat de la mouvance s&rsquo;appr\u00eate \u00e0 ouvrir le bal","datePublished":"2025-10-13T14:47:55+00:00","dateModified":"2025-10-13T14:48:57+00:00","mainEntityOfPage":{"@id":"https:\/\/lepatriotebenin.com\/index.php\/2025\/10\/13\/depot-de-candidature-pour-la-presidentielles-2026-le-duo-candidat-de-la-mouvance-sapprete-a-ouvrir-le-bal\/"},"wordCount":283,"commentCount":0,"image":{"@id":"https:\/\/lepatriotebenin.com\/index.php\/2025\/10\/13\/depot-de-candidature-pour-la-presidentielles-2026-le-duo-candidat-de-la-mouvance-sapprete-a-ouvrir-le-bal\/#primaryimage"},"thumbnailUrl":"https:\/\/lepatriotebenin.com\/wp-content\/uploads\/2025\/10\/cena.jpg","articleSection":["Politique"],"inLanguage":"fr-FR","potentialAction":[{"@type":"CommentAction","name":"Comment","target":["https:\/\/lepatriotebenin.com\/index.php\/2025\/10\/13\/depot-de-candidature-pour-la-presidentielles-2026-le-duo-candidat-de-la-mouvance-sapprete-a-ouvrir-le-bal\/#respond"]}]},{"@type":"WebPage","@id":"https:\/\/lepatriotebenin.com\/index.php\/2025\/10\/13\/depot-de-candidature-pour-la-presidentielles-2026-le-duo-candidat-de-la-mouvance-sapprete-a-ouvrir-le-bal\/","url":"https:\/\/lepatriotebenin.com\/index.php\/2025\/10\/13\/depot-de-candidature-pour-la-presidentielles-2026-le-duo-candidat-de-la-mouvance-sapprete-a-ouvrir-le-bal\/","name":"D\u00e9p\u00f4t de candidature pour la pr\u00e9sidentielle 2026 : Le duo candidat de la mouvance s'appr\u00eate \u00e0 ouvrir le bal - Le Patriote","isPartOf":{"@id":"https:\/\/lepatriotebenin.com\/#website"},"primaryImageOfPage":{"@id":"https:\/\/lepatriotebenin.com\/index.php\/2025\/10\/13\/depot-de-candidature-pour-la-presidentielles-2026-le-duo-candidat-de-la-mouvance-sapprete-a-ouvrir-le-bal\/#primaryimage"},"image":{"@id":"https:\/\/lepatriotebenin.com\/index.php\/2025\/10\/13\/depot-de-candidature-pour-la-presidentielles-2026-le-duo-candidat-de-la-mouvance-sapprete-a-ouvrir-le-bal\/#primaryimage"},"thumbnailUrl":"https:\/\/lepatriotebenin.com\/wp-content\/uploads\/2025\/10\/cena.jpg","datePublished":"2025-10-13T14:47:55+00:00","dateModified":"2025-10-13T14:48:57+00:00","author":{"@id":"https:\/\/lepatriotebenin.com\/#\/schema\/person\/2e7709b9c9cc313e452d1136af61690f"},"breadcrumb":{"@id":"https:\/\/lepatriotebenin.com\/index.php\/2025\/10\/13\/depot-de-candidature-pour-la-presidentielles-2026-le-duo-candidat-de-la-mouvance-sapprete-a-ouvrir-le-bal\/#breadcrumb"},"inLanguage":"fr-FR","potentialAction":[{"@type":"ReadAction","target":["https:\/\/lepatriotebenin.com\/index.php\/2025\/10\/13\/depot-de-candidature-pour-la-presidentielles-2026-le-duo-candidat-de-la-mouvance-sapprete-a-ouvrir-le-bal\/"]}]},{"@type":"ImageObject","inLanguage":"fr-FR","@id":"https:\/\/lepatriotebenin.com\/index.php\/2025\/10\/13\/depot-de-candidature-pour-la-presidentielles-2026-le-duo-candidat-de-la-mouvance-sapprete-a-ouvrir-le-bal\/#primaryimage","url":"https:\/\/lepatriotebenin.com\/wp-content\/uploads\/2025\/10\/cena.jpg","contentUrl":"https:\/\/lepatriotebenin.com\/wp-content\/uploads\/2025\/10\/cena.jpg","width":1080,"height":810},{"@type":"BreadcrumbList","@id":"https:\/\/lepatriotebenin.com\/index.php\/2025\/10\/13\/depot-de-candidature-pour-la-presidentielles-2026-le-duo-candidat-de-la-mouvance-sapprete-a-ouvrir-le-bal\/#breadcrumb","itemListElement":[{"@type":"ListItem","position":1,"name":"Accueil","item":"https:\/\/lepatriotebenin.com\/"},{"@type":"ListItem","position":2,"name":"D\u00e9p\u00f4t de candidature pour la pr\u00e9sidentielle 2026 : Le duo candidat de la mouvance s&rsquo;appr\u00eate \u00e0 ouvrir le bal"}]},{"@type":"WebSite","@id":"https:\/\/lepatriotebenin.com\/#website","url":"https:\/\/lepatriotebenin.com\/","name":"Le Patriote","description":"Le Patriote B\u00e9nin","potentialAction":[{"@type":"SearchAction","target":{"@type":"EntryPoint","urlTemplate":"https:\/\/lepatriotebenin.com\/?s={search_term_string}"},"query-input":{"@type":"PropertyValueSpecification","valueRequired":true,"valueName":"search_term_string"}}],"inLanguage":"fr-FR"},{"@type":"Person","@id":"https:\/\/lepatriotebenin.com\/#\/schema\/person\/2e7709b9c9cc313e452d1136af61690f","name":"Redaction","image":{"@type":"ImageObject","inLanguage":"fr-FR","@id":"https:\/\/secure.gravatar.com\/avatar\/c4c509357859ea2ca2cbb6d8812898a73e4ef1ef9934c2e591d7e32face734d1?s=96&d=mm&r=g","url":"https:\/\/secure.gravatar.com\/avatar\/c4c509357859ea2ca2cbb6d8812898a73e4ef1ef9934c2e591d7e32face734d1?s=96&d=mm&r=g","contentUrl":"https:\/\/secure.gravatar.com\/avatar\/c4c509357859ea2ca2cbb6d8812898a73e4ef1ef9934c2e591d7e32face734d1?s=96&d=mm&r=g","caption":"Redaction"},"url":"https:\/\/lepatriotebenin.com"}]}},"_links":{"self":[{"href":"https:\/\/lepatriotebenin.com\/index.php\/wp-json\/wp\/v2\/posts\/14285","targetHints":{"allow":["GET"]}}],"collection":[{"href":"https:\/\/lepatriotebenin.com\/index.php\/wp-json\/wp\/v2\/posts"}],"about":[{"href":"https:\/\/lepatriotebenin.com\/index.php\/wp-json\/wp\/v2\/types\/post"}],"author":[{"embeddable":true,"href":"https:\/\/lepatriotebenin.com\/index.php\/wp-json\/wp\/v2\/users\/5"}],"replies":[{"embeddable":true,"href":"https:\/\/lepatriotebenin.com\/index.php\/wp-json\/wp\/v2\/comments?post=14285"}],"version-history":[{"count":2,"href":"https:\/\/lepatriotebenin.com\/index.php\/wp-json\/wp\/v2\/posts\/14285\/revisions"}],"predecessor-version":[{"id":14288,"href":"https:\/\/lepatriotebenin.com\/index.php\/wp-json\/wp\/v2\/posts\/14285\/revisions\/14288"}],"wp:featuredmedia":[{"embeddable":true,"href":"https:\/\/lepatriotebenin.com\/index.php\/wp-json\/wp\/v2\/media\/14286"}],"wp:attachment":[{"href":"https:\/\/lepatriotebenin.com\/index.php\/wp-json\/wp\/v2\/media?parent=14285"}],"wp:term":[{"taxonomy":"category","embeddable":true,"href":"https:\/\/lepatriotebenin.com\/index.php\/wp-json\/wp\/v2\/categories?post=14285"},{"taxonomy":"post_tag","embeddable":true,"href":"https:\/\/lepatriotebenin.com\/index.php\/wp-json\/wp\/v2\/tags?post=14285"}],"curies":[{"name":"wp","href":"https:\/\/api.w.org\/{rel}","templated":true}]}}