{"id":14279,"date":"2025-10-13T15:48:03","date_gmt":"2025-10-13T13:48:03","guid":{"rendered":"https:\/\/lepatriotebenin.com\/?p=14279"},"modified":"2025-10-13T15:48:03","modified_gmt":"2025-10-13T13:48:03","slug":"elections-generales-au-benin-en-2026-lettre-ouverte-de-l-ambassadeur-dr-theodore-c-loko-aux-candidats","status":"publish","type":"post","link":"https:\/\/lepatriotebenin.com\/index.php\/2025\/10\/13\/elections-generales-au-benin-en-2026-lettre-ouverte-de-l-ambassadeur-dr-theodore-c-loko-aux-candidats\/","title":{"rendered":"\u00c9LECTIONS G\u00c9N\u00c9RALES AU B\u00c9NIN EN 2026 : Lettre ouverte  de l\u2019 Ambassadeur Dr. Th\u00e9odore C. LOKO  aux candidats"},"content":{"rendered":"<p><strong>\u00c9LECTIONS G\u00c9N\u00c9RALES AU B\u00c9NIN EN 2026\u00a0<\/strong><\/p>\n<p><strong>Objet : Lettre ouverte aux candidats<\/strong><\/p>\n<p>Mesdames et Messieurs,<\/p>\n<p>Tr\u00e8s respect\u00e9s concitoyens,<\/p>\n<p>Dans quelques mois, le peuple b\u00e9ninois sera de nouveau appel\u00e9 aux urnes pour choisir celles et ceux \u00e0 qui il confiera la direction de la R\u00e9publique.<\/p>\n<p>Cet exercice d\u00e9mocratique, que beaucoup d\u2019autres peuples nous envient, ne doit pas \u00eatre r\u00e9duit \u00e0 une simple comp\u00e9tition \u00e9lectorale : il repr\u00e9sente une \u00e9preuve de maturit\u00e9 pour notre nation et un test de fid\u00e9lit\u00e9 envers les valeurs qui fondent notre vivre-ensemble.<\/p>\n<p>\u00c0 l\u2019heure o\u00f9 les discours se multiplient, o\u00f9 les promesses se succ\u00e8dent, il m\u2019a sembl\u00e9 n\u00e9cessaire d\u2019adresser cette\u00a0<strong>lettre ouverte,<\/strong> non pour juger, mais pour\u00a0<strong>inviter \u00e0 r\u00e9fl\u00e9chir.<\/strong> R\u00e9fl\u00e9chir sur ce que nous sommes devenus depuis 1960, et sur ce que nous voulons \u00eatre demain. R\u00e9fl\u00e9chir surtout sur le lien fragile et vital entre\u00a0<strong>socialisation politique\u00a0<\/strong>et\u00a0<strong>politiques publiques,<\/strong> entre\u00a0<strong>citoyennet\u00e9 v\u00e9cue<\/strong>\u00a0et\u00a0<strong>pouvoir exerc\u00e9.<\/strong><\/p>\n<p><strong>Du pass\u00e9 \u00e0 l\u2019avenir : une m\u00e9moire \u00e0 assumer<\/strong><\/p>\n<p>Notre histoire nationale n\u2019a jamais \u00e9t\u00e9 une ligne droite. Apr\u00e8s l\u2019ind\u00e9pendance, le B\u00e9nin \u2014 alors Dahomey \u2014 a connu des d\u00e9cennies d\u2019instabilit\u00e9, de rivalit\u00e9s r\u00e9gionales et de luttes d\u2019\u00e9lites. Ce pass\u00e9 chaotique, souvent \u00e9voqu\u00e9 avec distance, a pourtant fa\u00e7onn\u00e9 notre rapport au politique: un rapport fait de m\u00e9fiance, mais aussi de r\u00e9silience.<\/p>\n<p>Entre 1960 et 1972, chaque gouvernement promettait le renouveau, mais chaque coup d\u2019\u00c9tat ramenait la d\u00e9sillusion. Le pouvoir d\u2019alors, faute de r\u00e9elle socialisation politique, se vivait comme un butin. L\u2019\u00c9tat ne formait pas encore des citoyens ; il servait des clans. Cette m\u00e9moire-l\u00e0, il ne faut pas la renier \u2014 il faut l\u2019assumer, pour ne plus la reproduire.<\/p>\n<p><strong>L\u2019\u00c9tat \u00e9ducateur : quand le politique voulait former la conscience<\/strong><\/p>\n<p>Avec la R\u00e9volution de 1972, le g\u00e9n\u00e9ral Mathieu K\u00e9r\u00e9kou a tent\u00e9 de reconstruire le pays sur des bases id\u00e9ologiques nouvelles. L\u2019\u00c9tat devint \u00e9ducateur, la politique devint doctrine. L\u2019\u00e9cole, les m\u00e9dias, les c\u00e9r\u00e9monies patriotiques avaient pour mission de \u00ab faire aimer la R\u00e9volution \u00bb et d\u2019incarner un id\u00e9al d\u2019homme nouveau.<\/p>\n<p>Certes, cette p\u00e9riode a permis de redonner une fiert\u00e9 nationale et un certain sens du collectif. Mais elle a aussi confondu<strong>\u00a0\u00e9ducation civique et endoctrinement,\u00a0formation et formatage.<\/strong> Les politiques publiques furent subordonn\u00e9es \u00e0 la politique tout court. De cette \u00e9poque, gardons la le\u00e7on : un peuple ne se transforme pas par d\u00e9cret, mais par participation consciente.<\/p>\n<p><strong>La Conf\u00e9rence nationale : le peuple retrouve sa voix<\/strong><\/p>\n<p>En f\u00e9vrier 1990, le B\u00e9nin a donn\u00e9 une le\u00e7on d\u2019histoire \u00e0 toute l\u2019Afrique. \u00c0 la Conf\u00e9rence nationale, le peuple a repris la parole. Ce moment fondateur fut une<strong>\u00a0socialisation politique collective\u00a0<\/strong>: chacun apprit que gouverner n\u2019est pas r\u00e9gner, et qu\u2019ob\u00e9ir ne signifie pas se taire.<\/p>\n<p>De cette exp\u00e9rience est n\u00e9e notre d\u00e9mocratie pluraliste. La Constitution de 1990, inspir\u00e9e par les id\u00e9aux de libert\u00e9, de responsabilit\u00e9 et de d\u00e9centralisation, a red\u00e9fini le r\u00f4le de l\u2019\u00c9tat : non plus diriger le peuple, mais\u00a0<strong>le servir.<\/strong><\/p>\n<p>C\u2019est dans cet esprit que les politiques publiques ont commenc\u00e9 \u00e0 se penser comme des instruments au service du bien commun, et non des strat\u00e9gies de pouvoir. Voil\u00e0 le socle moral de notre d\u00e9mocrate<\/p>\n<p><strong>L\u2019\u00c9tat et la soci\u00e9t\u00e9 civile : deux visages d\u2019une m\u00eame nation<\/strong><\/p>\n<p>Depuis les ann\u00e9es 1990, la vitalit\u00e9 de la soci\u00e9t\u00e9 civile b\u00e9ninoise a \u00e9t\u00e9 remarquable. Syndicats, ONG, associations communautaires, mouvements religieux et citoyens engag\u00e9s ont contribu\u00e9 \u00e0 consolider la d\u00e9mocratie.<\/p>\n<p>Mais cette vitalit\u00e9 ne suffit pas si l\u2019\u00c9tat ne joue pas son r\u00f4le de garant du cadre \u00e9thique et juridique. <strong>La\u00a0soci\u00e9t\u00e9 civile<\/strong> innove, sensibilise et interpelle ; l\u2019\u00c9tat, lui, r\u00e9gule, redistribue et prot\u00e8ge. L\u2019un ne peut aller sans l\u2019autre.<\/p>\n<p>Or, nous observons depuis quelques ann\u00e9es une tendance \u00e0 la\u00a0<strong>recentralisation du pouvoir<\/strong>, \u00e0 la concentration des d\u00e9cisions entre quelques mains, au d\u00e9triment de la participation citoyenne. Ce d\u00e9s\u00e9quilibre menace la dynamique d\u00e9mocratique que nous avons si patiemment b\u00e2tie.<\/p>\n<p><strong>La d\u00e9centralisation : une promesse encore inachev\u00e9e<\/strong><\/p>\n<p>La r\u00e9forme de 2003 avait fait r\u00eaver : donner plus de responsabilit\u00e9s aux communes, rapprocher l\u2019\u00c9tat du citoyen, encourager la participation locale. Et, dans bien des cas, elle a port\u00e9 ses fruits : les conseils communaux sont devenus des \u00e9coles de gouvernance, les associations locales des espaces de solidarit\u00e9.<\/p>\n<p>Mais beaucoup reste \u00e0 faire. La formation des \u00e9lus demeure insuffisante, les moyens financiers manquent, la coordination avec l\u2019\u00c9tat central reste fragile. Vous,\u00a0<strong>candidats de 2026<\/strong>, avez la responsabilit\u00e9 d\u2019achever cette \u0153uvre. Car la d\u00e9mocratie b\u00e9ninoise ne grandira pas dans les bureaux climatis\u00e9s de Cotonou, mais dans les quartiers, les \u00e9coles, les march\u00e9s et les champs du pays profond.<\/p>\n<p><strong>L\u2019\u00e9cole et les m\u00e9dias : les forges de la conscience civique<\/strong><\/p>\n<p>L\u2019\u00e9cole b\u00e9ninoise et les m\u00e9dias libres sont les deux piliers de notre socialisation politique contemporaine. L\u2019\u00e9cole enseigne les droits, les devoirs et la citoyennet\u00e9 ; les m\u00e9dias assurent la libert\u00e9 d\u2019expression et le d\u00e9bat public.<\/p>\n<p>Pourtant, ces deux institutions souffrent : les enseignants manquent de moyens, les journalistes manquent parfois de protection, et l\u2019espace m\u00e9diatique se polarise. <strong>S<\/strong>ans une<strong>\u00a0\u00e9ducation politiqu<\/strong>e <strong>de qualit\u00e9<\/strong>\u00a0et u<strong>ne\u00a0information libre et responsable,<\/strong> aucune politique publique, aussi ambitieuse soit-elle, ne pourra produire la coh\u00e9sion nationale que nous esp\u00e9rons.<\/p>\n<p><strong>Les nouveaux d\u00e9fis : technocratie et citoyennet\u00e9<\/strong><\/p>\n<p>Depuis peu de temps, des r\u00e9formes courageuses ont \u00e9t\u00e9 entreprises pour moderniser l\u2019administration et rationaliser la d\u00e9pense publique. Ces efforts m\u00e9ritent reconnaissance. Mais la politique ne peut se r\u00e9duire \u00e0 une question de performance : elle est aussi une question de\u00a0<strong>sens,<\/strong> de<strong>\u00a0justice\u00a0<\/strong>et de\u00a0<strong>proximit\u00e9.<\/strong><\/p>\n<p>La tentation technocratique \u2014 celle de gouverner par les chiffres \u2014 risque de d\u00e9shumaniser la relation entre l\u2019\u00c9tat et le citoyen. La r\u00e9ussite \u00e9conomique ne vaut que si elle se traduit par une inclusion r\u00e9elle, par une confiance retrouv\u00e9e, par un espoir partag\u00e9.<\/p>\n<p><strong>Un appel \u00e0 la responsabilit\u00e9 politique<\/strong><\/p>\n<p><strong>Mesdames et Messieurs les candidats,<\/strong><\/p>\n<p>vous vous pr\u00e9sentez \u00e0 une \u00e9lection d\u00e9cisive pour l\u2019avenir du B\u00e9nin. Vous ne portez pas seulement des programmes : vous incarnez une\u00a0<strong>culture politique.<\/strong> Celle que vous transmettrez \u00e0 travers vos discours, vos alliances, vos comportements, sera celle que les jeunes apprendront demain.<\/p>\n<p>La<strong>\u00a0socialisation politique\u00a0<\/strong>d\u2019une nation se nourrit moins des institutions que des exemples. Soyez donc des mod\u00e8les de respect, de v\u00e9rit\u00e9 et de service. Refusez les discours de division, les calculs ethniques et les promesses sans lendemain. Faites de vos campagnes des espaces d\u2019\u00e9ducation d\u00e9mocratique.<\/p>\n<p><strong>Pour un contrat social renouvel\u00e9<\/strong><\/p>\n<p>\u00c0 l\u2019approche de 2026, le B\u00e9nin a besoin d\u2019un\u00a0nouveau contrat social, fond\u00e9 non sur la m\u00e9fiance, mais sur la coresponsabilit\u00e9. La soci\u00e9t\u00e9 civile doit retrouver son audace, l\u2019\u00c9tat son humilit\u00e9, et le citoyen son pouvoir d\u2019agir.<\/p>\n<p>Le v\u00e9ritable enjeu des \u00e9lections \u00e0 venir n\u2019est pas de savoir qui gagnera, mais\u00a0<strong>quelle culture politique triomphera<\/strong>\u00a0: celle du pouvoir ferm\u00e9, ou celle de la citoyennet\u00e9 ouverte.<\/p>\n<p>C\u2019est \u00e0 vous qu\u2019il revient, chers candidats, d\u2019\u00e9crire ce chapitre.<\/p>\n<p>Faites en sorte que l\u2019histoire, demain, puisse se souvenir de 2026 non comme d\u2019une comp\u00e9tition de plus, mais comme d\u2019un moment o\u00f9 le B\u00e9nin a choisi d\u2019unir\u00a0l<strong>a comp\u00e9tence \u00e0 la conscience,\u00a0l\u2019efficacit\u00e9 \u00e0 la solidarit\u00e9,\u00a0la politique \u00e0 l\u2019\u00e9thique.<\/strong><\/p>\n<p>Pour la R\u00e9publique,<br \/>\nPour la dignit\u00e9 du peuple b\u00e9ninois,<br \/>\nPour la v\u00e9rit\u00e9 du service public.<\/p>\n<p>Sign\u00e9<\/p>\n<p>A<strong>mbassadeur Dr. Th\u00e9odore C. LOKO\u00a0 (\u00e0 la retraite)<\/strong><\/p>\n<p>Enseignant-chercheur<br \/>\nUn citoyen engag\u00e9 pour la d\u00e9mocratie et le bien commun<\/p>\n<p><strong>Cotonou, le 06 octobre 2025<\/strong><\/p>\n<p>&nbsp;<\/p>\n","protected":false},"excerpt":{"rendered":"<p>\u00c9LECTIONS G\u00c9N\u00c9RALES AU B\u00c9NIN EN 2026\u00a0 Objet : Lettre ouverte aux candidats Mesdames et Messieurs, Tr\u00e8s respect\u00e9s concitoyens, Dans quelques mois, le peuple b\u00e9ninois sera de nouveau appel\u00e9 aux urnes&hellip;<\/p>\n","protected":false},"author":5,"featured_media":14280,"comment_status":"open","ping_status":"open","sticky":false,"template":"","format":"standard","meta":{"content-type":"","om_disable_all_campaigns":false,"_monsterinsights_skip_tracking":false,"_monsterinsights_sitenote_active":false,"_monsterinsights_sitenote_note":"","_monsterinsights_sitenote_category":0,"_uf_show_specific_survey":0,"_uf_disable_surveys":false,"footnotes":""},"categories":[26],"tags":[],"class_list":["post-14279","post","type-post","status-publish","format-standard","has-post-thumbnail","hentry","category-politique"],"aioseo_notices":[],"yoast_head":"<!-- This site is optimized with the Yoast SEO plugin v27.5 - https:\/\/yoast.com\/product\/yoast-seo-wordpress\/ -->\n<title>\u00c9LECTIONS G\u00c9N\u00c9RALES AU B\u00c9NIN EN 2026 : Lettre ouverte de l\u2019 Ambassadeur Dr. Th\u00e9odore C. LOKO aux candidats - Le Patriote<\/title>\n<meta name=\"robots\" content=\"index, follow, max-snippet:-1, max-image-preview:large, max-video-preview:-1\" \/>\n<link rel=\"canonical\" href=\"https:\/\/lepatriotebenin.com\/index.php\/2025\/10\/13\/elections-generales-au-benin-en-2026-lettre-ouverte-de-l-ambassadeur-dr-theodore-c-loko-aux-candidats\/\" \/>\n<meta property=\"og:locale\" content=\"fr_FR\" \/>\n<meta property=\"og:type\" content=\"article\" \/>\n<meta property=\"og:title\" content=\"\u00c9LECTIONS G\u00c9N\u00c9RALES AU B\u00c9NIN EN 2026 : Lettre ouverte de l\u2019 Ambassadeur Dr. Th\u00e9odore C. LOKO aux candidats - Le Patriote\" \/>\n<meta property=\"og:description\" content=\"\u00c9LECTIONS G\u00c9N\u00c9RALES AU B\u00c9NIN EN 2026\u00a0 Objet : Lettre ouverte aux candidats Mesdames et Messieurs, Tr\u00e8s respect\u00e9s concitoyens, Dans quelques mois, le peuple b\u00e9ninois sera de nouveau appel\u00e9 aux urnes&hellip;\" \/>\n<meta property=\"og:url\" content=\"https:\/\/lepatriotebenin.com\/index.php\/2025\/10\/13\/elections-generales-au-benin-en-2026-lettre-ouverte-de-l-ambassadeur-dr-theodore-c-loko-aux-candidats\/\" \/>\n<meta property=\"og:site_name\" content=\"Le Patriote\" \/>\n<meta property=\"article:published_time\" content=\"2025-10-13T13:48:03+00:00\" \/>\n<meta property=\"og:image\" content=\"https:\/\/lepatriotebenin.com\/wp-content\/uploads\/2025\/10\/theodore.jpg\" \/>\n\t<meta property=\"og:image:width\" content=\"347\" \/>\n\t<meta property=\"og:image:height\" content=\"265\" \/>\n\t<meta property=\"og:image:type\" content=\"image\/jpeg\" \/>\n<meta name=\"author\" content=\"Redaction\" \/>\n<meta name=\"twitter:card\" content=\"summary_large_image\" \/>\n<meta name=\"twitter:label1\" content=\"\u00c9crit par\" \/>\n\t<meta name=\"twitter:data1\" content=\"Redaction\" \/>\n\t<meta name=\"twitter:label2\" content=\"Dur\u00e9e de lecture estim\u00e9e\" \/>\n\t<meta name=\"twitter:data2\" content=\"7 minutes\" \/>\n<script type=\"application\/ld+json\" class=\"yoast-schema-graph\">{\"@context\":\"https:\\\/\\\/schema.org\",\"@graph\":[{\"@type\":\"Article\",\"@id\":\"https:\\\/\\\/lepatriotebenin.com\\\/index.php\\\/2025\\\/10\\\/13\\\/elections-generales-au-benin-en-2026-lettre-ouverte-de-l-ambassadeur-dr-theodore-c-loko-aux-candidats\\\/#article\",\"isPartOf\":{\"@id\":\"https:\\\/\\\/lepatriotebenin.com\\\/index.php\\\/2025\\\/10\\\/13\\\/elections-generales-au-benin-en-2026-lettre-ouverte-de-l-ambassadeur-dr-theodore-c-loko-aux-candidats\\\/\"},\"author\":{\"name\":\"Redaction\",\"@id\":\"https:\\\/\\\/lepatriotebenin.com\\\/#\\\/schema\\\/person\\\/2e7709b9c9cc313e452d1136af61690f\"},\"headline\":\"\u00c9LECTIONS G\u00c9N\u00c9RALES AU B\u00c9NIN EN 2026 : Lettre ouverte de l\u2019 Ambassadeur Dr. Th\u00e9odore C. LOKO aux candidats\",\"datePublished\":\"2025-10-13T13:48:03+00:00\",\"mainEntityOfPage\":{\"@id\":\"https:\\\/\\\/lepatriotebenin.com\\\/index.php\\\/2025\\\/10\\\/13\\\/elections-generales-au-benin-en-2026-lettre-ouverte-de-l-ambassadeur-dr-theodore-c-loko-aux-candidats\\\/\"},\"wordCount\":1337,\"commentCount\":0,\"image\":{\"@id\":\"https:\\\/\\\/lepatriotebenin.com\\\/index.php\\\/2025\\\/10\\\/13\\\/elections-generales-au-benin-en-2026-lettre-ouverte-de-l-ambassadeur-dr-theodore-c-loko-aux-candidats\\\/#primaryimage\"},\"thumbnailUrl\":\"https:\\\/\\\/lepatriotebenin.com\\\/wp-content\\\/uploads\\\/2025\\\/10\\\/theodore.jpg\",\"articleSection\":[\"Politique\"],\"inLanguage\":\"fr-FR\",\"potentialAction\":[{\"@type\":\"CommentAction\",\"name\":\"Comment\",\"target\":[\"https:\\\/\\\/lepatriotebenin.com\\\/index.php\\\/2025\\\/10\\\/13\\\/elections-generales-au-benin-en-2026-lettre-ouverte-de-l-ambassadeur-dr-theodore-c-loko-aux-candidats\\\/#respond\"]}]},{\"@type\":\"WebPage\",\"@id\":\"https:\\\/\\\/lepatriotebenin.com\\\/index.php\\\/2025\\\/10\\\/13\\\/elections-generales-au-benin-en-2026-lettre-ouverte-de-l-ambassadeur-dr-theodore-c-loko-aux-candidats\\\/\",\"url\":\"https:\\\/\\\/lepatriotebenin.com\\\/index.php\\\/2025\\\/10\\\/13\\\/elections-generales-au-benin-en-2026-lettre-ouverte-de-l-ambassadeur-dr-theodore-c-loko-aux-candidats\\\/\",\"name\":\"\u00c9LECTIONS G\u00c9N\u00c9RALES AU B\u00c9NIN EN 2026 : Lettre ouverte de l\u2019 Ambassadeur Dr. Th\u00e9odore C. LOKO aux candidats - Le Patriote\",\"isPartOf\":{\"@id\":\"https:\\\/\\\/lepatriotebenin.com\\\/#website\"},\"primaryImageOfPage\":{\"@id\":\"https:\\\/\\\/lepatriotebenin.com\\\/index.php\\\/2025\\\/10\\\/13\\\/elections-generales-au-benin-en-2026-lettre-ouverte-de-l-ambassadeur-dr-theodore-c-loko-aux-candidats\\\/#primaryimage\"},\"image\":{\"@id\":\"https:\\\/\\\/lepatriotebenin.com\\\/index.php\\\/2025\\\/10\\\/13\\\/elections-generales-au-benin-en-2026-lettre-ouverte-de-l-ambassadeur-dr-theodore-c-loko-aux-candidats\\\/#primaryimage\"},\"thumbnailUrl\":\"https:\\\/\\\/lepatriotebenin.com\\\/wp-content\\\/uploads\\\/2025\\\/10\\\/theodore.jpg\",\"datePublished\":\"2025-10-13T13:48:03+00:00\",\"author\":{\"@id\":\"https:\\\/\\\/lepatriotebenin.com\\\/#\\\/schema\\\/person\\\/2e7709b9c9cc313e452d1136af61690f\"},\"breadcrumb\":{\"@id\":\"https:\\\/\\\/lepatriotebenin.com\\\/index.php\\\/2025\\\/10\\\/13\\\/elections-generales-au-benin-en-2026-lettre-ouverte-de-l-ambassadeur-dr-theodore-c-loko-aux-candidats\\\/#breadcrumb\"},\"inLanguage\":\"fr-FR\",\"potentialAction\":[{\"@type\":\"ReadAction\",\"target\":[\"https:\\\/\\\/lepatriotebenin.com\\\/index.php\\\/2025\\\/10\\\/13\\\/elections-generales-au-benin-en-2026-lettre-ouverte-de-l-ambassadeur-dr-theodore-c-loko-aux-candidats\\\/\"]}]},{\"@type\":\"ImageObject\",\"inLanguage\":\"fr-FR\",\"@id\":\"https:\\\/\\\/lepatriotebenin.com\\\/index.php\\\/2025\\\/10\\\/13\\\/elections-generales-au-benin-en-2026-lettre-ouverte-de-l-ambassadeur-dr-theodore-c-loko-aux-candidats\\\/#primaryimage\",\"url\":\"https:\\\/\\\/lepatriotebenin.com\\\/wp-content\\\/uploads\\\/2025\\\/10\\\/theodore.jpg\",\"contentUrl\":\"https:\\\/\\\/lepatriotebenin.com\\\/wp-content\\\/uploads\\\/2025\\\/10\\\/theodore.jpg\",\"width\":347,\"height\":265},{\"@type\":\"BreadcrumbList\",\"@id\":\"https:\\\/\\\/lepatriotebenin.com\\\/index.php\\\/2025\\\/10\\\/13\\\/elections-generales-au-benin-en-2026-lettre-ouverte-de-l-ambassadeur-dr-theodore-c-loko-aux-candidats\\\/#breadcrumb\",\"itemListElement\":[{\"@type\":\"ListItem\",\"position\":1,\"name\":\"Accueil\",\"item\":\"https:\\\/\\\/lepatriotebenin.com\\\/\"},{\"@type\":\"ListItem\",\"position\":2,\"name\":\"\u00c9LECTIONS G\u00c9N\u00c9RALES AU B\u00c9NIN EN 2026 : Lettre ouverte de l\u2019 Ambassadeur Dr. Th\u00e9odore C. LOKO aux candidats\"}]},{\"@type\":\"WebSite\",\"@id\":\"https:\\\/\\\/lepatriotebenin.com\\\/#website\",\"url\":\"https:\\\/\\\/lepatriotebenin.com\\\/\",\"name\":\"Le Patriote\",\"description\":\"Le Patriote B\u00e9nin\",\"potentialAction\":[{\"@type\":\"SearchAction\",\"target\":{\"@type\":\"EntryPoint\",\"urlTemplate\":\"https:\\\/\\\/lepatriotebenin.com\\\/?s={search_term_string}\"},\"query-input\":{\"@type\":\"PropertyValueSpecification\",\"valueRequired\":true,\"valueName\":\"search_term_string\"}}],\"inLanguage\":\"fr-FR\"},{\"@type\":\"Person\",\"@id\":\"https:\\\/\\\/lepatriotebenin.com\\\/#\\\/schema\\\/person\\\/2e7709b9c9cc313e452d1136af61690f\",\"name\":\"Redaction\",\"image\":{\"@type\":\"ImageObject\",\"inLanguage\":\"fr-FR\",\"@id\":\"https:\\\/\\\/secure.gravatar.com\\\/avatar\\\/c4c509357859ea2ca2cbb6d8812898a73e4ef1ef9934c2e591d7e32face734d1?s=96&d=mm&r=g\",\"url\":\"https:\\\/\\\/secure.gravatar.com\\\/avatar\\\/c4c509357859ea2ca2cbb6d8812898a73e4ef1ef9934c2e591d7e32face734d1?s=96&d=mm&r=g\",\"contentUrl\":\"https:\\\/\\\/secure.gravatar.com\\\/avatar\\\/c4c509357859ea2ca2cbb6d8812898a73e4ef1ef9934c2e591d7e32face734d1?s=96&d=mm&r=g\",\"caption\":\"Redaction\"},\"url\":\"https:\\\/\\\/lepatriotebenin.com\"}]}<\/script>\n<!-- \/ Yoast SEO plugin. -->","yoast_head_json":{"title":"\u00c9LECTIONS G\u00c9N\u00c9RALES AU B\u00c9NIN EN 2026 : Lettre ouverte de l\u2019 Ambassadeur Dr. Th\u00e9odore C. LOKO aux candidats - Le Patriote","robots":{"index":"index","follow":"follow","max-snippet":"max-snippet:-1","max-image-preview":"max-image-preview:large","max-video-preview":"max-video-preview:-1"},"canonical":"https:\/\/lepatriotebenin.com\/index.php\/2025\/10\/13\/elections-generales-au-benin-en-2026-lettre-ouverte-de-l-ambassadeur-dr-theodore-c-loko-aux-candidats\/","og_locale":"fr_FR","og_type":"article","og_title":"\u00c9LECTIONS G\u00c9N\u00c9RALES AU B\u00c9NIN EN 2026 : Lettre ouverte de l\u2019 Ambassadeur Dr. Th\u00e9odore C. LOKO aux candidats - Le Patriote","og_description":"\u00c9LECTIONS G\u00c9N\u00c9RALES AU B\u00c9NIN EN 2026\u00a0 Objet : Lettre ouverte aux candidats Mesdames et Messieurs, Tr\u00e8s respect\u00e9s concitoyens, Dans quelques mois, le peuple b\u00e9ninois sera de nouveau appel\u00e9 aux urnes&hellip;","og_url":"https:\/\/lepatriotebenin.com\/index.php\/2025\/10\/13\/elections-generales-au-benin-en-2026-lettre-ouverte-de-l-ambassadeur-dr-theodore-c-loko-aux-candidats\/","og_site_name":"Le Patriote","article_published_time":"2025-10-13T13:48:03+00:00","og_image":[{"width":347,"height":265,"url":"https:\/\/lepatriotebenin.com\/wp-content\/uploads\/2025\/10\/theodore.jpg","type":"image\/jpeg"}],"author":"Redaction","twitter_card":"summary_large_image","twitter_misc":{"\u00c9crit par":"Redaction","Dur\u00e9e de lecture estim\u00e9e":"7 minutes"},"schema":{"@context":"https:\/\/schema.org","@graph":[{"@type":"Article","@id":"https:\/\/lepatriotebenin.com\/index.php\/2025\/10\/13\/elections-generales-au-benin-en-2026-lettre-ouverte-de-l-ambassadeur-dr-theodore-c-loko-aux-candidats\/#article","isPartOf":{"@id":"https:\/\/lepatriotebenin.com\/index.php\/2025\/10\/13\/elections-generales-au-benin-en-2026-lettre-ouverte-de-l-ambassadeur-dr-theodore-c-loko-aux-candidats\/"},"author":{"name":"Redaction","@id":"https:\/\/lepatriotebenin.com\/#\/schema\/person\/2e7709b9c9cc313e452d1136af61690f"},"headline":"\u00c9LECTIONS G\u00c9N\u00c9RALES AU B\u00c9NIN EN 2026 : Lettre ouverte de l\u2019 Ambassadeur Dr. Th\u00e9odore C. LOKO aux candidats","datePublished":"2025-10-13T13:48:03+00:00","mainEntityOfPage":{"@id":"https:\/\/lepatriotebenin.com\/index.php\/2025\/10\/13\/elections-generales-au-benin-en-2026-lettre-ouverte-de-l-ambassadeur-dr-theodore-c-loko-aux-candidats\/"},"wordCount":1337,"commentCount":0,"image":{"@id":"https:\/\/lepatriotebenin.com\/index.php\/2025\/10\/13\/elections-generales-au-benin-en-2026-lettre-ouverte-de-l-ambassadeur-dr-theodore-c-loko-aux-candidats\/#primaryimage"},"thumbnailUrl":"https:\/\/lepatriotebenin.com\/wp-content\/uploads\/2025\/10\/theodore.jpg","articleSection":["Politique"],"inLanguage":"fr-FR","potentialAction":[{"@type":"CommentAction","name":"Comment","target":["https:\/\/lepatriotebenin.com\/index.php\/2025\/10\/13\/elections-generales-au-benin-en-2026-lettre-ouverte-de-l-ambassadeur-dr-theodore-c-loko-aux-candidats\/#respond"]}]},{"@type":"WebPage","@id":"https:\/\/lepatriotebenin.com\/index.php\/2025\/10\/13\/elections-generales-au-benin-en-2026-lettre-ouverte-de-l-ambassadeur-dr-theodore-c-loko-aux-candidats\/","url":"https:\/\/lepatriotebenin.com\/index.php\/2025\/10\/13\/elections-generales-au-benin-en-2026-lettre-ouverte-de-l-ambassadeur-dr-theodore-c-loko-aux-candidats\/","name":"\u00c9LECTIONS G\u00c9N\u00c9RALES AU B\u00c9NIN EN 2026 : Lettre ouverte de l\u2019 Ambassadeur Dr. Th\u00e9odore C. LOKO aux candidats - Le Patriote","isPartOf":{"@id":"https:\/\/lepatriotebenin.com\/#website"},"primaryImageOfPage":{"@id":"https:\/\/lepatriotebenin.com\/index.php\/2025\/10\/13\/elections-generales-au-benin-en-2026-lettre-ouverte-de-l-ambassadeur-dr-theodore-c-loko-aux-candidats\/#primaryimage"},"image":{"@id":"https:\/\/lepatriotebenin.com\/index.php\/2025\/10\/13\/elections-generales-au-benin-en-2026-lettre-ouverte-de-l-ambassadeur-dr-theodore-c-loko-aux-candidats\/#primaryimage"},"thumbnailUrl":"https:\/\/lepatriotebenin.com\/wp-content\/uploads\/2025\/10\/theodore.jpg","datePublished":"2025-10-13T13:48:03+00:00","author":{"@id":"https:\/\/lepatriotebenin.com\/#\/schema\/person\/2e7709b9c9cc313e452d1136af61690f"},"breadcrumb":{"@id":"https:\/\/lepatriotebenin.com\/index.php\/2025\/10\/13\/elections-generales-au-benin-en-2026-lettre-ouverte-de-l-ambassadeur-dr-theodore-c-loko-aux-candidats\/#breadcrumb"},"inLanguage":"fr-FR","potentialAction":[{"@type":"ReadAction","target":["https:\/\/lepatriotebenin.com\/index.php\/2025\/10\/13\/elections-generales-au-benin-en-2026-lettre-ouverte-de-l-ambassadeur-dr-theodore-c-loko-aux-candidats\/"]}]},{"@type":"ImageObject","inLanguage":"fr-FR","@id":"https:\/\/lepatriotebenin.com\/index.php\/2025\/10\/13\/elections-generales-au-benin-en-2026-lettre-ouverte-de-l-ambassadeur-dr-theodore-c-loko-aux-candidats\/#primaryimage","url":"https:\/\/lepatriotebenin.com\/wp-content\/uploads\/2025\/10\/theodore.jpg","contentUrl":"https:\/\/lepatriotebenin.com\/wp-content\/uploads\/2025\/10\/theodore.jpg","width":347,"height":265},{"@type":"BreadcrumbList","@id":"https:\/\/lepatriotebenin.com\/index.php\/2025\/10\/13\/elections-generales-au-benin-en-2026-lettre-ouverte-de-l-ambassadeur-dr-theodore-c-loko-aux-candidats\/#breadcrumb","itemListElement":[{"@type":"ListItem","position":1,"name":"Accueil","item":"https:\/\/lepatriotebenin.com\/"},{"@type":"ListItem","position":2,"name":"\u00c9LECTIONS G\u00c9N\u00c9RALES AU B\u00c9NIN EN 2026 : Lettre ouverte de l\u2019 Ambassadeur Dr. Th\u00e9odore C. LOKO aux candidats"}]},{"@type":"WebSite","@id":"https:\/\/lepatriotebenin.com\/#website","url":"https:\/\/lepatriotebenin.com\/","name":"Le Patriote","description":"Le Patriote B\u00e9nin","potentialAction":[{"@type":"SearchAction","target":{"@type":"EntryPoint","urlTemplate":"https:\/\/lepatriotebenin.com\/?s={search_term_string}"},"query-input":{"@type":"PropertyValueSpecification","valueRequired":true,"valueName":"search_term_string"}}],"inLanguage":"fr-FR"},{"@type":"Person","@id":"https:\/\/lepatriotebenin.com\/#\/schema\/person\/2e7709b9c9cc313e452d1136af61690f","name":"Redaction","image":{"@type":"ImageObject","inLanguage":"fr-FR","@id":"https:\/\/secure.gravatar.com\/avatar\/c4c509357859ea2ca2cbb6d8812898a73e4ef1ef9934c2e591d7e32face734d1?s=96&d=mm&r=g","url":"https:\/\/secure.gravatar.com\/avatar\/c4c509357859ea2ca2cbb6d8812898a73e4ef1ef9934c2e591d7e32face734d1?s=96&d=mm&r=g","contentUrl":"https:\/\/secure.gravatar.com\/avatar\/c4c509357859ea2ca2cbb6d8812898a73e4ef1ef9934c2e591d7e32face734d1?s=96&d=mm&r=g","caption":"Redaction"},"url":"https:\/\/lepatriotebenin.com"}]}},"_links":{"self":[{"href":"https:\/\/lepatriotebenin.com\/index.php\/wp-json\/wp\/v2\/posts\/14279","targetHints":{"allow":["GET"]}}],"collection":[{"href":"https:\/\/lepatriotebenin.com\/index.php\/wp-json\/wp\/v2\/posts"}],"about":[{"href":"https:\/\/lepatriotebenin.com\/index.php\/wp-json\/wp\/v2\/types\/post"}],"author":[{"embeddable":true,"href":"https:\/\/lepatriotebenin.com\/index.php\/wp-json\/wp\/v2\/users\/5"}],"replies":[{"embeddable":true,"href":"https:\/\/lepatriotebenin.com\/index.php\/wp-json\/wp\/v2\/comments?post=14279"}],"version-history":[{"count":1,"href":"https:\/\/lepatriotebenin.com\/index.php\/wp-json\/wp\/v2\/posts\/14279\/revisions"}],"predecessor-version":[{"id":14281,"href":"https:\/\/lepatriotebenin.com\/index.php\/wp-json\/wp\/v2\/posts\/14279\/revisions\/14281"}],"wp:featuredmedia":[{"embeddable":true,"href":"https:\/\/lepatriotebenin.com\/index.php\/wp-json\/wp\/v2\/media\/14280"}],"wp:attachment":[{"href":"https:\/\/lepatriotebenin.com\/index.php\/wp-json\/wp\/v2\/media?parent=14279"}],"wp:term":[{"taxonomy":"category","embeddable":true,"href":"https:\/\/lepatriotebenin.com\/index.php\/wp-json\/wp\/v2\/categories?post=14279"},{"taxonomy":"post_tag","embeddable":true,"href":"https:\/\/lepatriotebenin.com\/index.php\/wp-json\/wp\/v2\/tags?post=14279"}],"curies":[{"name":"wp","href":"https:\/\/api.w.org\/{rel}","templated":true}]}}