{"id":13777,"date":"2025-09-25T17:48:52","date_gmt":"2025-09-25T15:48:52","guid":{"rendered":"https:\/\/lepatriotebenin.com\/?p=13777"},"modified":"2025-09-25T17:48:52","modified_gmt":"2025-09-25T15:48:52","slug":"entretien-avec-la-footballeuse-aude-gbedjissi-etre-footballeuse-vous-permet-de-mieux-travailler-a-lecole","status":"publish","type":"post","link":"https:\/\/lepatriotebenin.com\/index.php\/2025\/09\/25\/entretien-avec-la-footballeuse-aude-gbedjissi-etre-footballeuse-vous-permet-de-mieux-travailler-a-lecole\/","title":{"rendered":"Entretien avec la footballeuse Aude GBEDJISSI: \u00ab \u00catre footballeuse vous permet de mieux travailler \u00e0 l&rsquo;\u00e9cole&#8230; \u00bb"},"content":{"rendered":"<p>&nbsp;<\/p>\n<p><em><strong>N\u00e9e le 18 d\u00e9cembre 1998 \u00e0 Tori-Bossito, dans le d\u00e9partement de l\u2019Atlantique, \u00a0l\u2019internationale b\u00e9ninoise, Aude Gb\u00e9djissi a jou\u00e9 un r\u00f4le pr\u00e9pond\u00e9rant dans la mont\u00e9e de Racing Club de Lens (RC Lens) de la deuxi\u00e8me division fran\u00e7aise \u00e0 la premi\u00e8re division. \u00a0<\/strong><\/em><\/p>\n<p>Re\u00e7ue r\u00e9cemment dans une \u00e9mission en France, \u00a0Aude Gb\u00e9djissi a parl\u00e9 de son parcours et prodigu\u00e9 de sages conseils \u00e0 la jeune g\u00e9n\u00e9ration qui veut suivre son exemple. Elle a indiqu\u00e9 que le football lui a apport\u00e9 <em>\u00ab\u00a0beaucoup de choses\u00a0\u00bb<\/em>\u00a0 dans sa vie.\u00a0 L\u2019attaquante de RC Lens se rappelle des pr\u00e9jug\u00e9s et des d\u00e9nigrements dont sont les jeunes filles qui jouent du football sont victimes. <em>\u00a0\u00abM\u00eame dans mes ann\u00e9es scolaires, on disait au B\u00e9nin que quelqu\u2019un qui joue au foot, c\u2019est quelqu\u2019un qui n\u2019est pas intelligent. C\u2019est parce que tu ne travailles pas \u00e0 l\u2019\u00e9cole que tu joues au football \u00bb<\/em>, a \u2013t-elle d\u00e9clar\u00e9.<\/p>\n<p>La capitaine des Amazones du B\u00e9nin a reconnu qu\u2019 \u00ab<em>\u00a0il y a des choses\u00a0 comme \u00e7a\u00a0\u00bb<\/em>. Mais elle pense\u00a0 que <em>\u00ab\u00a0\u00eatre sportive ou \u00eatre footballeuse, \u00e7a te permet de r\u00e9fl\u00e9chir plus encore \u00e0 l\u00e0 l\u2019\u00e9cole\u00a0\u00bb. \u00ab\u00a0J\u2019\u2019ai \u00e9t\u00e9 toujours parmi les 5 premiers quand j\u2019allais \u00e0 l\u2019\u00e9cole. Jusqu\u2019en terminale, j\u2019ai \u00e9t\u00e9 la premi\u00e8re de ma classe et\u00a0 j\u2019ai eu le BAC apr\u00e8s. Parce que pour mes parents, il \u00a0n\u2019\u00e9tait pas question d\u2019abandonner les cours et de se concentrer seulement sur le foot. .Mais si \u00a0tu dois abandonner, il faut quand m\u00eame avoir le BAC au moins. \u00a0Et\u00a0 moi, j\u2019ai fait cette promesse \u00e0 mes parents d\u2019avoir le BAC et quand j\u2019ai eu<\/em> m<em>on BAC, je leur ai dit que \u00a0c\u2019est\u00a0 bon\u00a0<\/em>\u00bb, a \u2013t-elle r\u00e9v\u00e9l\u00e9.<\/p>\n","protected":false},"excerpt":{"rendered":"<p>&nbsp; N\u00e9e le 18 d\u00e9cembre 1998 \u00e0 Tori-Bossito, dans le d\u00e9partement de l\u2019Atlantique, \u00a0l\u2019internationale b\u00e9ninoise, Aude Gb\u00e9djissi a jou\u00e9 un r\u00f4le pr\u00e9pond\u00e9rant dans la mont\u00e9e de Racing Club de Lens&hellip;<\/p>\n","protected":false},"author":6,"featured_media":13778,"comment_status":"open","ping_status":"open","sticky":false,"template":"","format":"standard","meta":{"content-type":"","om_disable_all_campaigns":false,"_monsterinsights_skip_tracking":false,"_monsterinsights_sitenote_active":false,"_monsterinsights_sitenote_note":"","_monsterinsights_sitenote_category":0,"_uf_show_specific_survey":0,"_uf_disable_surveys":false,"footnotes":""},"categories":[8],"tags":[],"class_list":["post-13777","post","type-post","status-publish","format-standard","has-post-thumbnail","hentry","category-sport"],"aioseo_notices":[],"yoast_head":"<!-- This site is optimized with the Yoast SEO plugin v27.5 - https:\/\/yoast.com\/product\/yoast-seo-wordpress\/ -->\n<title>Entretien avec la footballeuse Aude GBEDJISSI: \u00ab \u00catre footballeuse vous permet de mieux travailler \u00e0 l&#039;\u00e9cole... \u00bb - Le Patriote<\/title>\n<meta name=\"robots\" content=\"index, follow, max-snippet:-1, max-image-preview:large, max-video-preview:-1\" \/>\n<link rel=\"canonical\" href=\"https:\/\/lepatriotebenin.com\/index.php\/2025\/09\/25\/entretien-avec-la-footballeuse-aude-gbedjissi-etre-footballeuse-vous-permet-de-mieux-travailler-a-lecole\/\" \/>\n<meta property=\"og:locale\" content=\"fr_FR\" \/>\n<meta property=\"og:type\" content=\"article\" \/>\n<meta property=\"og:title\" content=\"Entretien avec la footballeuse Aude GBEDJISSI: \u00ab \u00catre footballeuse vous permet de mieux travailler \u00e0 l&#039;\u00e9cole... \u00bb - Le Patriote\" \/>\n<meta property=\"og:description\" content=\"&nbsp; N\u00e9e le 18 d\u00e9cembre 1998 \u00e0 Tori-Bossito, dans le d\u00e9partement de l\u2019Atlantique, \u00a0l\u2019internationale b\u00e9ninoise, Aude Gb\u00e9djissi a jou\u00e9 un r\u00f4le pr\u00e9pond\u00e9rant dans la mont\u00e9e de Racing Club de Lens&hellip;\" \/>\n<meta property=\"og:url\" content=\"https:\/\/lepatriotebenin.com\/index.php\/2025\/09\/25\/entretien-avec-la-footballeuse-aude-gbedjissi-etre-footballeuse-vous-permet-de-mieux-travailler-a-lecole\/\" \/>\n<meta property=\"og:site_name\" content=\"Le Patriote\" \/>\n<meta property=\"article:published_time\" content=\"2025-09-25T15:48:52+00:00\" \/>\n<meta property=\"og:image\" content=\"https:\/\/lepatriotebenin.com\/wp-content\/uploads\/2025\/09\/aude-gbedjissin.jpeg\" \/>\n\t<meta property=\"og:image:width\" content=\"1024\" \/>\n\t<meta property=\"og:image:height\" content=\"683\" \/>\n\t<meta property=\"og:image:type\" content=\"image\/jpeg\" \/>\n<meta name=\"author\" content=\"Roland AFFANOU\" \/>\n<meta name=\"twitter:card\" content=\"summary_large_image\" \/>\n<meta name=\"twitter:label1\" content=\"\u00c9crit par\" \/>\n\t<meta name=\"twitter:data1\" content=\"Roland AFFANOU\" \/>\n\t<meta name=\"twitter:label2\" content=\"Dur\u00e9e de lecture estim\u00e9e\" \/>\n\t<meta name=\"twitter:data2\" content=\"2 minutes\" \/>\n<script type=\"application\/ld+json\" class=\"yoast-schema-graph\">{\"@context\":\"https:\\\/\\\/schema.org\",\"@graph\":[{\"@type\":\"Article\",\"@id\":\"https:\\\/\\\/lepatriotebenin.com\\\/index.php\\\/2025\\\/09\\\/25\\\/entretien-avec-la-footballeuse-aude-gbedjissi-etre-footballeuse-vous-permet-de-mieux-travailler-a-lecole\\\/#article\",\"isPartOf\":{\"@id\":\"https:\\\/\\\/lepatriotebenin.com\\\/index.php\\\/2025\\\/09\\\/25\\\/entretien-avec-la-footballeuse-aude-gbedjissi-etre-footballeuse-vous-permet-de-mieux-travailler-a-lecole\\\/\"},\"author\":{\"name\":\"Roland AFFANOU\",\"@id\":\"https:\\\/\\\/lepatriotebenin.com\\\/#\\\/schema\\\/person\\\/4a9b67216c97d04045e01405c534c91f\"},\"headline\":\"Entretien avec la footballeuse Aude GBEDJISSI: \u00ab \u00catre footballeuse vous permet de mieux travailler \u00e0 l&rsquo;\u00e9cole&#8230; \u00bb\",\"datePublished\":\"2025-09-25T15:48:52+00:00\",\"mainEntityOfPage\":{\"@id\":\"https:\\\/\\\/lepatriotebenin.com\\\/index.php\\\/2025\\\/09\\\/25\\\/entretien-avec-la-footballeuse-aude-gbedjissi-etre-footballeuse-vous-permet-de-mieux-travailler-a-lecole\\\/\"},\"wordCount\":326,\"commentCount\":0,\"image\":{\"@id\":\"https:\\\/\\\/lepatriotebenin.com\\\/index.php\\\/2025\\\/09\\\/25\\\/entretien-avec-la-footballeuse-aude-gbedjissi-etre-footballeuse-vous-permet-de-mieux-travailler-a-lecole\\\/#primaryimage\"},\"thumbnailUrl\":\"https:\\\/\\\/lepatriotebenin.com\\\/wp-content\\\/uploads\\\/2025\\\/09\\\/aude-gbedjissin.jpeg\",\"articleSection\":[\"Sport\"],\"inLanguage\":\"fr-FR\",\"potentialAction\":[{\"@type\":\"CommentAction\",\"name\":\"Comment\",\"target\":[\"https:\\\/\\\/lepatriotebenin.com\\\/index.php\\\/2025\\\/09\\\/25\\\/entretien-avec-la-footballeuse-aude-gbedjissi-etre-footballeuse-vous-permet-de-mieux-travailler-a-lecole\\\/#respond\"]}]},{\"@type\":\"WebPage\",\"@id\":\"https:\\\/\\\/lepatriotebenin.com\\\/index.php\\\/2025\\\/09\\\/25\\\/entretien-avec-la-footballeuse-aude-gbedjissi-etre-footballeuse-vous-permet-de-mieux-travailler-a-lecole\\\/\",\"url\":\"https:\\\/\\\/lepatriotebenin.com\\\/index.php\\\/2025\\\/09\\\/25\\\/entretien-avec-la-footballeuse-aude-gbedjissi-etre-footballeuse-vous-permet-de-mieux-travailler-a-lecole\\\/\",\"name\":\"Entretien avec la footballeuse Aude GBEDJISSI: \u00ab \u00catre footballeuse vous permet de mieux travailler \u00e0 l'\u00e9cole... \u00bb - Le Patriote\",\"isPartOf\":{\"@id\":\"https:\\\/\\\/lepatriotebenin.com\\\/#website\"},\"primaryImageOfPage\":{\"@id\":\"https:\\\/\\\/lepatriotebenin.com\\\/index.php\\\/2025\\\/09\\\/25\\\/entretien-avec-la-footballeuse-aude-gbedjissi-etre-footballeuse-vous-permet-de-mieux-travailler-a-lecole\\\/#primaryimage\"},\"image\":{\"@id\":\"https:\\\/\\\/lepatriotebenin.com\\\/index.php\\\/2025\\\/09\\\/25\\\/entretien-avec-la-footballeuse-aude-gbedjissi-etre-footballeuse-vous-permet-de-mieux-travailler-a-lecole\\\/#primaryimage\"},\"thumbnailUrl\":\"https:\\\/\\\/lepatriotebenin.com\\\/wp-content\\\/uploads\\\/2025\\\/09\\\/aude-gbedjissin.jpeg\",\"datePublished\":\"2025-09-25T15:48:52+00:00\",\"author\":{\"@id\":\"https:\\\/\\\/lepatriotebenin.com\\\/#\\\/schema\\\/person\\\/4a9b67216c97d04045e01405c534c91f\"},\"breadcrumb\":{\"@id\":\"https:\\\/\\\/lepatriotebenin.com\\\/index.php\\\/2025\\\/09\\\/25\\\/entretien-avec-la-footballeuse-aude-gbedjissi-etre-footballeuse-vous-permet-de-mieux-travailler-a-lecole\\\/#breadcrumb\"},\"inLanguage\":\"fr-FR\",\"potentialAction\":[{\"@type\":\"ReadAction\",\"target\":[\"https:\\\/\\\/lepatriotebenin.com\\\/index.php\\\/2025\\\/09\\\/25\\\/entretien-avec-la-footballeuse-aude-gbedjissi-etre-footballeuse-vous-permet-de-mieux-travailler-a-lecole\\\/\"]}]},{\"@type\":\"ImageObject\",\"inLanguage\":\"fr-FR\",\"@id\":\"https:\\\/\\\/lepatriotebenin.com\\\/index.php\\\/2025\\\/09\\\/25\\\/entretien-avec-la-footballeuse-aude-gbedjissi-etre-footballeuse-vous-permet-de-mieux-travailler-a-lecole\\\/#primaryimage\",\"url\":\"https:\\\/\\\/lepatriotebenin.com\\\/wp-content\\\/uploads\\\/2025\\\/09\\\/aude-gbedjissin.jpeg\",\"contentUrl\":\"https:\\\/\\\/lepatriotebenin.com\\\/wp-content\\\/uploads\\\/2025\\\/09\\\/aude-gbedjissin.jpeg\",\"width\":1024,\"height\":683},{\"@type\":\"BreadcrumbList\",\"@id\":\"https:\\\/\\\/lepatriotebenin.com\\\/index.php\\\/2025\\\/09\\\/25\\\/entretien-avec-la-footballeuse-aude-gbedjissi-etre-footballeuse-vous-permet-de-mieux-travailler-a-lecole\\\/#breadcrumb\",\"itemListElement\":[{\"@type\":\"ListItem\",\"position\":1,\"name\":\"Accueil\",\"item\":\"https:\\\/\\\/lepatriotebenin.com\\\/\"},{\"@type\":\"ListItem\",\"position\":2,\"name\":\"Entretien avec la footballeuse Aude GBEDJISSI: \u00ab \u00catre footballeuse vous permet de mieux travailler \u00e0 l&rsquo;\u00e9cole&#8230; \u00bb\"}]},{\"@type\":\"WebSite\",\"@id\":\"https:\\\/\\\/lepatriotebenin.com\\\/#website\",\"url\":\"https:\\\/\\\/lepatriotebenin.com\\\/\",\"name\":\"Le Patriote\",\"description\":\"Le Patriote B\u00e9nin\",\"potentialAction\":[{\"@type\":\"SearchAction\",\"target\":{\"@type\":\"EntryPoint\",\"urlTemplate\":\"https:\\\/\\\/lepatriotebenin.com\\\/?s={search_term_string}\"},\"query-input\":{\"@type\":\"PropertyValueSpecification\",\"valueRequired\":true,\"valueName\":\"search_term_string\"}}],\"inLanguage\":\"fr-FR\"},{\"@type\":\"Person\",\"@id\":\"https:\\\/\\\/lepatriotebenin.com\\\/#\\\/schema\\\/person\\\/4a9b67216c97d04045e01405c534c91f\",\"name\":\"Roland AFFANOU\",\"image\":{\"@type\":\"ImageObject\",\"inLanguage\":\"fr-FR\",\"@id\":\"https:\\\/\\\/secure.gravatar.com\\\/avatar\\\/7209d3f6d2d47ea4d0c67e14d3effb61feb10ae540a4381280c66265de5bd643?s=96&d=mm&r=g\",\"url\":\"https:\\\/\\\/secure.gravatar.com\\\/avatar\\\/7209d3f6d2d47ea4d0c67e14d3effb61feb10ae540a4381280c66265de5bd643?s=96&d=mm&r=g\",\"contentUrl\":\"https:\\\/\\\/secure.gravatar.com\\\/avatar\\\/7209d3f6d2d47ea4d0c67e14d3effb61feb10ae540a4381280c66265de5bd643?s=96&d=mm&r=g\",\"caption\":\"Roland AFFANOU\"},\"url\":\"https:\\\/\\\/lepatriotebenin.com\"}]}<\/script>\n<!-- \/ Yoast SEO plugin. -->","yoast_head_json":{"title":"Entretien avec la footballeuse Aude GBEDJISSI: \u00ab \u00catre footballeuse vous permet de mieux travailler \u00e0 l'\u00e9cole... \u00bb - Le Patriote","robots":{"index":"index","follow":"follow","max-snippet":"max-snippet:-1","max-image-preview":"max-image-preview:large","max-video-preview":"max-video-preview:-1"},"canonical":"https:\/\/lepatriotebenin.com\/index.php\/2025\/09\/25\/entretien-avec-la-footballeuse-aude-gbedjissi-etre-footballeuse-vous-permet-de-mieux-travailler-a-lecole\/","og_locale":"fr_FR","og_type":"article","og_title":"Entretien avec la footballeuse Aude GBEDJISSI: \u00ab \u00catre footballeuse vous permet de mieux travailler \u00e0 l'\u00e9cole... \u00bb - Le Patriote","og_description":"&nbsp; N\u00e9e le 18 d\u00e9cembre 1998 \u00e0 Tori-Bossito, dans le d\u00e9partement de l\u2019Atlantique, \u00a0l\u2019internationale b\u00e9ninoise, Aude Gb\u00e9djissi a jou\u00e9 un r\u00f4le pr\u00e9pond\u00e9rant dans la mont\u00e9e de Racing Club de Lens&hellip;","og_url":"https:\/\/lepatriotebenin.com\/index.php\/2025\/09\/25\/entretien-avec-la-footballeuse-aude-gbedjissi-etre-footballeuse-vous-permet-de-mieux-travailler-a-lecole\/","og_site_name":"Le Patriote","article_published_time":"2025-09-25T15:48:52+00:00","og_image":[{"width":1024,"height":683,"url":"https:\/\/lepatriotebenin.com\/wp-content\/uploads\/2025\/09\/aude-gbedjissin.jpeg","type":"image\/jpeg"}],"author":"Roland AFFANOU","twitter_card":"summary_large_image","twitter_misc":{"\u00c9crit par":"Roland AFFANOU","Dur\u00e9e de lecture estim\u00e9e":"2 minutes"},"schema":{"@context":"https:\/\/schema.org","@graph":[{"@type":"Article","@id":"https:\/\/lepatriotebenin.com\/index.php\/2025\/09\/25\/entretien-avec-la-footballeuse-aude-gbedjissi-etre-footballeuse-vous-permet-de-mieux-travailler-a-lecole\/#article","isPartOf":{"@id":"https:\/\/lepatriotebenin.com\/index.php\/2025\/09\/25\/entretien-avec-la-footballeuse-aude-gbedjissi-etre-footballeuse-vous-permet-de-mieux-travailler-a-lecole\/"},"author":{"name":"Roland AFFANOU","@id":"https:\/\/lepatriotebenin.com\/#\/schema\/person\/4a9b67216c97d04045e01405c534c91f"},"headline":"Entretien avec la footballeuse Aude GBEDJISSI: \u00ab \u00catre footballeuse vous permet de mieux travailler \u00e0 l&rsquo;\u00e9cole&#8230; \u00bb","datePublished":"2025-09-25T15:48:52+00:00","mainEntityOfPage":{"@id":"https:\/\/lepatriotebenin.com\/index.php\/2025\/09\/25\/entretien-avec-la-footballeuse-aude-gbedjissi-etre-footballeuse-vous-permet-de-mieux-travailler-a-lecole\/"},"wordCount":326,"commentCount":0,"image":{"@id":"https:\/\/lepatriotebenin.com\/index.php\/2025\/09\/25\/entretien-avec-la-footballeuse-aude-gbedjissi-etre-footballeuse-vous-permet-de-mieux-travailler-a-lecole\/#primaryimage"},"thumbnailUrl":"https:\/\/lepatriotebenin.com\/wp-content\/uploads\/2025\/09\/aude-gbedjissin.jpeg","articleSection":["Sport"],"inLanguage":"fr-FR","potentialAction":[{"@type":"CommentAction","name":"Comment","target":["https:\/\/lepatriotebenin.com\/index.php\/2025\/09\/25\/entretien-avec-la-footballeuse-aude-gbedjissi-etre-footballeuse-vous-permet-de-mieux-travailler-a-lecole\/#respond"]}]},{"@type":"WebPage","@id":"https:\/\/lepatriotebenin.com\/index.php\/2025\/09\/25\/entretien-avec-la-footballeuse-aude-gbedjissi-etre-footballeuse-vous-permet-de-mieux-travailler-a-lecole\/","url":"https:\/\/lepatriotebenin.com\/index.php\/2025\/09\/25\/entretien-avec-la-footballeuse-aude-gbedjissi-etre-footballeuse-vous-permet-de-mieux-travailler-a-lecole\/","name":"Entretien avec la footballeuse Aude GBEDJISSI: \u00ab \u00catre footballeuse vous permet de mieux travailler \u00e0 l'\u00e9cole... \u00bb - Le Patriote","isPartOf":{"@id":"https:\/\/lepatriotebenin.com\/#website"},"primaryImageOfPage":{"@id":"https:\/\/lepatriotebenin.com\/index.php\/2025\/09\/25\/entretien-avec-la-footballeuse-aude-gbedjissi-etre-footballeuse-vous-permet-de-mieux-travailler-a-lecole\/#primaryimage"},"image":{"@id":"https:\/\/lepatriotebenin.com\/index.php\/2025\/09\/25\/entretien-avec-la-footballeuse-aude-gbedjissi-etre-footballeuse-vous-permet-de-mieux-travailler-a-lecole\/#primaryimage"},"thumbnailUrl":"https:\/\/lepatriotebenin.com\/wp-content\/uploads\/2025\/09\/aude-gbedjissin.jpeg","datePublished":"2025-09-25T15:48:52+00:00","author":{"@id":"https:\/\/lepatriotebenin.com\/#\/schema\/person\/4a9b67216c97d04045e01405c534c91f"},"breadcrumb":{"@id":"https:\/\/lepatriotebenin.com\/index.php\/2025\/09\/25\/entretien-avec-la-footballeuse-aude-gbedjissi-etre-footballeuse-vous-permet-de-mieux-travailler-a-lecole\/#breadcrumb"},"inLanguage":"fr-FR","potentialAction":[{"@type":"ReadAction","target":["https:\/\/lepatriotebenin.com\/index.php\/2025\/09\/25\/entretien-avec-la-footballeuse-aude-gbedjissi-etre-footballeuse-vous-permet-de-mieux-travailler-a-lecole\/"]}]},{"@type":"ImageObject","inLanguage":"fr-FR","@id":"https:\/\/lepatriotebenin.com\/index.php\/2025\/09\/25\/entretien-avec-la-footballeuse-aude-gbedjissi-etre-footballeuse-vous-permet-de-mieux-travailler-a-lecole\/#primaryimage","url":"https:\/\/lepatriotebenin.com\/wp-content\/uploads\/2025\/09\/aude-gbedjissin.jpeg","contentUrl":"https:\/\/lepatriotebenin.com\/wp-content\/uploads\/2025\/09\/aude-gbedjissin.jpeg","width":1024,"height":683},{"@type":"BreadcrumbList","@id":"https:\/\/lepatriotebenin.com\/index.php\/2025\/09\/25\/entretien-avec-la-footballeuse-aude-gbedjissi-etre-footballeuse-vous-permet-de-mieux-travailler-a-lecole\/#breadcrumb","itemListElement":[{"@type":"ListItem","position":1,"name":"Accueil","item":"https:\/\/lepatriotebenin.com\/"},{"@type":"ListItem","position":2,"name":"Entretien avec la footballeuse Aude GBEDJISSI: \u00ab \u00catre footballeuse vous permet de mieux travailler \u00e0 l&rsquo;\u00e9cole&#8230; \u00bb"}]},{"@type":"WebSite","@id":"https:\/\/lepatriotebenin.com\/#website","url":"https:\/\/lepatriotebenin.com\/","name":"Le Patriote","description":"Le Patriote B\u00e9nin","potentialAction":[{"@type":"SearchAction","target":{"@type":"EntryPoint","urlTemplate":"https:\/\/lepatriotebenin.com\/?s={search_term_string}"},"query-input":{"@type":"PropertyValueSpecification","valueRequired":true,"valueName":"search_term_string"}}],"inLanguage":"fr-FR"},{"@type":"Person","@id":"https:\/\/lepatriotebenin.com\/#\/schema\/person\/4a9b67216c97d04045e01405c534c91f","name":"Roland AFFANOU","image":{"@type":"ImageObject","inLanguage":"fr-FR","@id":"https:\/\/secure.gravatar.com\/avatar\/7209d3f6d2d47ea4d0c67e14d3effb61feb10ae540a4381280c66265de5bd643?s=96&d=mm&r=g","url":"https:\/\/secure.gravatar.com\/avatar\/7209d3f6d2d47ea4d0c67e14d3effb61feb10ae540a4381280c66265de5bd643?s=96&d=mm&r=g","contentUrl":"https:\/\/secure.gravatar.com\/avatar\/7209d3f6d2d47ea4d0c67e14d3effb61feb10ae540a4381280c66265de5bd643?s=96&d=mm&r=g","caption":"Roland AFFANOU"},"url":"https:\/\/lepatriotebenin.com"}]}},"_links":{"self":[{"href":"https:\/\/lepatriotebenin.com\/index.php\/wp-json\/wp\/v2\/posts\/13777","targetHints":{"allow":["GET"]}}],"collection":[{"href":"https:\/\/lepatriotebenin.com\/index.php\/wp-json\/wp\/v2\/posts"}],"about":[{"href":"https:\/\/lepatriotebenin.com\/index.php\/wp-json\/wp\/v2\/types\/post"}],"author":[{"embeddable":true,"href":"https:\/\/lepatriotebenin.com\/index.php\/wp-json\/wp\/v2\/users\/6"}],"replies":[{"embeddable":true,"href":"https:\/\/lepatriotebenin.com\/index.php\/wp-json\/wp\/v2\/comments?post=13777"}],"version-history":[{"count":1,"href":"https:\/\/lepatriotebenin.com\/index.php\/wp-json\/wp\/v2\/posts\/13777\/revisions"}],"predecessor-version":[{"id":13779,"href":"https:\/\/lepatriotebenin.com\/index.php\/wp-json\/wp\/v2\/posts\/13777\/revisions\/13779"}],"wp:featuredmedia":[{"embeddable":true,"href":"https:\/\/lepatriotebenin.com\/index.php\/wp-json\/wp\/v2\/media\/13778"}],"wp:attachment":[{"href":"https:\/\/lepatriotebenin.com\/index.php\/wp-json\/wp\/v2\/media?parent=13777"}],"wp:term":[{"taxonomy":"category","embeddable":true,"href":"https:\/\/lepatriotebenin.com\/index.php\/wp-json\/wp\/v2\/categories?post=13777"},{"taxonomy":"post_tag","embeddable":true,"href":"https:\/\/lepatriotebenin.com\/index.php\/wp-json\/wp\/v2\/tags?post=13777"}],"curies":[{"name":"wp","href":"https:\/\/api.w.org\/{rel}","templated":true}]}}