{"id":13771,"date":"2025-09-25T02:44:08","date_gmt":"2025-09-25T00:44:08","guid":{"rendered":"https:\/\/lepatriotebenin.com\/?p=13771"},"modified":"2025-09-25T02:44:08","modified_gmt":"2025-09-25T00:44:08","slug":"presidentielle-de-2026-cocou-romain-missinhoun-candidat","status":"publish","type":"post","link":"https:\/\/lepatriotebenin.com\/index.php\/2025\/09\/25\/presidentielle-de-2026-cocou-romain-missinhoun-candidat\/","title":{"rendered":"Pr\u00e9sidentielle de 2026 : Cocou Romain Missinhoun candidat"},"content":{"rendered":"<p>&nbsp;<\/p>\n<p><em><strong>Le parti politique \u00ab Les Vrais Patriotes Africains du B\u00e9nin \u00bb est officiellement en course pour l\u2019\u00e9lection du duo pr\u00e9sident et vice-pr\u00e9sident en 2026 au B\u00e9nin. A l\u2019occasion\u00a0 d\u2019une sortie qui a rassembl\u00e9 militants et sympathisants venus de divers horizons le mardi 23 septembre 2025 \u00e0 Allada, le pr\u00e9sident de cette formation politique, Cocou Romain Missinhoun a annonc\u00e9 sa candidature pour succ\u00e9der \u00e0 Patrice Talon au soir du scrutin pr\u00e9sidentiel d\u2019avril 2026.<\/strong><\/em><\/p>\n<p>\u00ab En ce jour solennel, devant vous, devant la Nation tout enti\u00e8re et sous le regard de l\u2019histoire, je prends la parole avec humilit\u00e9 et d\u00e9termination. Je m&rsquo;adresse \u00e0 vous aujourd&rsquo;hui pour vous annoncer que, je suis candidat \u00e0 l\u2019\u00e9lection pr\u00e9sidentielle d&rsquo;Avril 2026 au B\u00e9nin \u00bb. C\u2019est en ces termes forts et simples que le pr\u00e9sident du parti politique \u00ab Les Vrais Patriotes Africains du B\u00e9nin \u00bb, Cocou Romain Missinhoun a annonc\u00e9 sa candidature pour pr\u00e9sider aux destin\u00e9es du B\u00e9nin \u00e0 la fin du second et dernier mandat constitutionnel de Patrice Talon. A l\u2019en croire, le B\u00e9nin est riche de son histoire, de sa jeunesse, de ses terres et de son g\u00e9nie cr\u00e9ateur. Au nombre des d\u00e9fis qui attendent le candidat, il s\u2019agit notamment de l\u2019\u00e9limination de la pauvret\u00e9 qui persiste, des in\u00e9galit\u00e9s qui blessent, du ch\u00f4mage des jeunes qui est un facteur de d\u00e9couragement, de la corruption et de l\u2019ins\u00e9curit\u00e9 qui menace la coh\u00e9sion sociale. Dans sa d\u00e9claration, le potentiel successeur de Patrice Talon, conscient qu\u2019aucune Nation ne peut \u00eatre construite dans la division, s\u2019est pr\u00e9sent\u00e9 tel qu\u2019un candidat qui pr\u00f4ne l\u2019unit\u00e9. En se distinguant par ses valeurs de courage, de solidarit\u00e9 et de dignit\u00e9, Romain Cocou Missinhoun annonce sa candidature au nom des millions de B\u00e9ninoises et de B\u00e9ninois qui aspirent a un avenir meilleur. \u00ab Je ne suis pas candidat contre qui que ce soit, pour incarner un clan ou pour d\u00e9fendre un pass\u00e9 r\u00e9volu. Je suis candidat pour vous toutes et tous, pour rassembler une Nation et ouvrir un avenir \u00bb, a-t-il insist\u00e9 devant les militants.<\/p>\n<p><strong>Romain Cocou Missinhoun pour un B\u00e9nin nouveau<\/strong><\/p>\n<p>Selon le pr\u00e9sident du parti \u00ab Les Vrais Patriotes Africains du B\u00e9nin \u00bb, Cocou Romain Missinhoun, son ambition de diriger le B\u00e9nin est n\u00e9e apr\u00e8s m\u00fbre r\u00e9flexion et avec la conviction profonde que l&rsquo;heure du renouveau a sonn\u00e9e. \u00ab Mes chers compatriotes, le B\u00e9nin m\u00e9rite plus qu&rsquo;une survie, un destin. Ensemble, nous pouvons \u00e9crire une nouvelle page sociale de notre histoire, une page o\u00f9 chaque citoyen comptera, chaque r\u00e9gion sera entendue, chaque enfant aura acc\u00e8s a l&rsquo;\u00e9ducation et chaque famille vivra dans la dignit\u00e9 \u00bb, a laiss\u00e9 entendre le candidat \u00e0 l\u2019\u00e9lection pr\u00e9sidentielle de 2026 tout en pr\u00e9cisant que sa candidature est avant tout l&rsquo;expression sinc\u00e8re et spontan\u00e9e d&rsquo;une jeunesse b\u00e9ninoise consciente des enjeux actuels, anim\u00e9e par un patriotisme r\u00e9el. La participation de la formation \u00ab Les Vrais Patriotes Africains du B\u00e9nin \u00bb est une mani\u00e8re de donner corps \u00e0 une volont\u00e9 collective de servir le B\u00e9nin, en apportant leur contribution sous une nouvelle banni\u00e8re pour poursuivre et am\u00e9liorer les actions de d\u00e9veloppement entreprises par tous les chefs d&rsquo;\u00c9tat qui ont servi la patrie. Pour finir, Cocou Romain Missinhoun veut redonner espoir \u00e0 la jeunesse, aux paysans, artisans, enseignants, soignants, qui sont les piliers silencieux de la Nation et b\u00e2tir un \u00c9tat juste, qui prot\u00e8ge les faibles, r\u00e9compense le m\u00e9rite et fait respecter la loi sans privil\u00e8ge ni passe-droit. Pour ce faire, il s\u2019engage \u00e0 d\u00e9fendre la d\u00e9mocratie, \u00e0 prot\u00e9ger les libert\u00e9s, \u00e0 promouvoir l&rsquo;unit\u00e9 nationale et \u00e0 b\u00e2tir un pays prosp\u00e8re, fraternel et respect\u00e9 dans le monde.<\/p>\n<p>&nbsp;<\/p>\n<p><strong>Mohamed Y\u00e8kini<\/strong><\/p>\n","protected":false},"excerpt":{"rendered":"<p>&nbsp; Le parti politique \u00ab Les Vrais Patriotes Africains du B\u00e9nin \u00bb est officiellement en course pour l\u2019\u00e9lection du duo pr\u00e9sident et vice-pr\u00e9sident en 2026 au B\u00e9nin. A l\u2019occasion\u00a0 d\u2019une&hellip;<\/p>\n","protected":false},"author":5,"featured_media":13773,"comment_status":"open","ping_status":"open","sticky":false,"template":"","format":"standard","meta":{"content-type":"","om_disable_all_campaigns":false,"_monsterinsights_skip_tracking":false,"_monsterinsights_sitenote_active":false,"_monsterinsights_sitenote_note":"","_monsterinsights_sitenote_category":0,"_uf_show_specific_survey":0,"_uf_disable_surveys":false,"footnotes":""},"categories":[26],"tags":[],"class_list":["post-13771","post","type-post","status-publish","format-standard","has-post-thumbnail","hentry","category-politique"],"aioseo_notices":[],"yoast_head":"<!-- This site is optimized with the Yoast SEO plugin v27.5 - https:\/\/yoast.com\/product\/yoast-seo-wordpress\/ -->\n<title>Pr\u00e9sidentielle de 2026 : Cocou Romain Missinhoun candidat - Le Patriote<\/title>\n<meta name=\"robots\" content=\"index, follow, max-snippet:-1, max-image-preview:large, max-video-preview:-1\" \/>\n<link rel=\"canonical\" href=\"https:\/\/lepatriotebenin.com\/index.php\/2025\/09\/25\/presidentielle-de-2026-cocou-romain-missinhoun-candidat\/\" \/>\n<meta property=\"og:locale\" content=\"fr_FR\" \/>\n<meta property=\"og:type\" content=\"article\" \/>\n<meta property=\"og:title\" content=\"Pr\u00e9sidentielle de 2026 : Cocou Romain Missinhoun candidat - Le Patriote\" \/>\n<meta property=\"og:description\" content=\"&nbsp; Le parti politique \u00ab Les Vrais Patriotes Africains du B\u00e9nin \u00bb est officiellement en course pour l\u2019\u00e9lection du duo pr\u00e9sident et vice-pr\u00e9sident en 2026 au B\u00e9nin. A l\u2019occasion\u00a0 d\u2019une&hellip;\" \/>\n<meta property=\"og:url\" content=\"https:\/\/lepatriotebenin.com\/index.php\/2025\/09\/25\/presidentielle-de-2026-cocou-romain-missinhoun-candidat\/\" \/>\n<meta property=\"og:site_name\" content=\"Le Patriote\" \/>\n<meta property=\"article:published_time\" content=\"2025-09-25T00:44:08+00:00\" \/>\n<meta property=\"og:image\" content=\"https:\/\/lepatriotebenin.com\/wp-content\/uploads\/2025\/09\/sequence-03-00-04-20-21-still002-1024x576.png\" \/>\n\t<meta property=\"og:image:width\" content=\"1024\" \/>\n\t<meta property=\"og:image:height\" content=\"576\" \/>\n\t<meta property=\"og:image:type\" content=\"image\/png\" \/>\n<meta name=\"author\" content=\"Redaction\" \/>\n<meta name=\"twitter:card\" content=\"summary_large_image\" \/>\n<meta name=\"twitter:label1\" content=\"\u00c9crit par\" \/>\n\t<meta name=\"twitter:data1\" content=\"Redaction\" \/>\n\t<meta name=\"twitter:label2\" content=\"Dur\u00e9e de lecture estim\u00e9e\" \/>\n\t<meta name=\"twitter:data2\" content=\"4 minutes\" \/>\n<script type=\"application\/ld+json\" class=\"yoast-schema-graph\">{\"@context\":\"https:\\\/\\\/schema.org\",\"@graph\":[{\"@type\":\"Article\",\"@id\":\"https:\\\/\\\/lepatriotebenin.com\\\/index.php\\\/2025\\\/09\\\/25\\\/presidentielle-de-2026-cocou-romain-missinhoun-candidat\\\/#article\",\"isPartOf\":{\"@id\":\"https:\\\/\\\/lepatriotebenin.com\\\/index.php\\\/2025\\\/09\\\/25\\\/presidentielle-de-2026-cocou-romain-missinhoun-candidat\\\/\"},\"author\":{\"name\":\"Redaction\",\"@id\":\"https:\\\/\\\/lepatriotebenin.com\\\/#\\\/schema\\\/person\\\/2e7709b9c9cc313e452d1136af61690f\"},\"headline\":\"Pr\u00e9sidentielle de 2026 : Cocou Romain Missinhoun candidat\",\"datePublished\":\"2025-09-25T00:44:08+00:00\",\"mainEntityOfPage\":{\"@id\":\"https:\\\/\\\/lepatriotebenin.com\\\/index.php\\\/2025\\\/09\\\/25\\\/presidentielle-de-2026-cocou-romain-missinhoun-candidat\\\/\"},\"wordCount\":664,\"commentCount\":0,\"image\":{\"@id\":\"https:\\\/\\\/lepatriotebenin.com\\\/index.php\\\/2025\\\/09\\\/25\\\/presidentielle-de-2026-cocou-romain-missinhoun-candidat\\\/#primaryimage\"},\"thumbnailUrl\":\"https:\\\/\\\/lepatriotebenin.com\\\/wp-content\\\/uploads\\\/2025\\\/09\\\/sequence-03-00-04-20-21-still002.png\",\"articleSection\":[\"Politique\"],\"inLanguage\":\"fr-FR\",\"potentialAction\":[{\"@type\":\"CommentAction\",\"name\":\"Comment\",\"target\":[\"https:\\\/\\\/lepatriotebenin.com\\\/index.php\\\/2025\\\/09\\\/25\\\/presidentielle-de-2026-cocou-romain-missinhoun-candidat\\\/#respond\"]}]},{\"@type\":\"WebPage\",\"@id\":\"https:\\\/\\\/lepatriotebenin.com\\\/index.php\\\/2025\\\/09\\\/25\\\/presidentielle-de-2026-cocou-romain-missinhoun-candidat\\\/\",\"url\":\"https:\\\/\\\/lepatriotebenin.com\\\/index.php\\\/2025\\\/09\\\/25\\\/presidentielle-de-2026-cocou-romain-missinhoun-candidat\\\/\",\"name\":\"Pr\u00e9sidentielle de 2026 : Cocou Romain Missinhoun candidat - Le Patriote\",\"isPartOf\":{\"@id\":\"https:\\\/\\\/lepatriotebenin.com\\\/#website\"},\"primaryImageOfPage\":{\"@id\":\"https:\\\/\\\/lepatriotebenin.com\\\/index.php\\\/2025\\\/09\\\/25\\\/presidentielle-de-2026-cocou-romain-missinhoun-candidat\\\/#primaryimage\"},\"image\":{\"@id\":\"https:\\\/\\\/lepatriotebenin.com\\\/index.php\\\/2025\\\/09\\\/25\\\/presidentielle-de-2026-cocou-romain-missinhoun-candidat\\\/#primaryimage\"},\"thumbnailUrl\":\"https:\\\/\\\/lepatriotebenin.com\\\/wp-content\\\/uploads\\\/2025\\\/09\\\/sequence-03-00-04-20-21-still002.png\",\"datePublished\":\"2025-09-25T00:44:08+00:00\",\"author\":{\"@id\":\"https:\\\/\\\/lepatriotebenin.com\\\/#\\\/schema\\\/person\\\/2e7709b9c9cc313e452d1136af61690f\"},\"breadcrumb\":{\"@id\":\"https:\\\/\\\/lepatriotebenin.com\\\/index.php\\\/2025\\\/09\\\/25\\\/presidentielle-de-2026-cocou-romain-missinhoun-candidat\\\/#breadcrumb\"},\"inLanguage\":\"fr-FR\",\"potentialAction\":[{\"@type\":\"ReadAction\",\"target\":[\"https:\\\/\\\/lepatriotebenin.com\\\/index.php\\\/2025\\\/09\\\/25\\\/presidentielle-de-2026-cocou-romain-missinhoun-candidat\\\/\"]}]},{\"@type\":\"ImageObject\",\"inLanguage\":\"fr-FR\",\"@id\":\"https:\\\/\\\/lepatriotebenin.com\\\/index.php\\\/2025\\\/09\\\/25\\\/presidentielle-de-2026-cocou-romain-missinhoun-candidat\\\/#primaryimage\",\"url\":\"https:\\\/\\\/lepatriotebenin.com\\\/wp-content\\\/uploads\\\/2025\\\/09\\\/sequence-03-00-04-20-21-still002.png\",\"contentUrl\":\"https:\\\/\\\/lepatriotebenin.com\\\/wp-content\\\/uploads\\\/2025\\\/09\\\/sequence-03-00-04-20-21-still002.png\",\"width\":1920,\"height\":1080},{\"@type\":\"BreadcrumbList\",\"@id\":\"https:\\\/\\\/lepatriotebenin.com\\\/index.php\\\/2025\\\/09\\\/25\\\/presidentielle-de-2026-cocou-romain-missinhoun-candidat\\\/#breadcrumb\",\"itemListElement\":[{\"@type\":\"ListItem\",\"position\":1,\"name\":\"Accueil\",\"item\":\"https:\\\/\\\/lepatriotebenin.com\\\/\"},{\"@type\":\"ListItem\",\"position\":2,\"name\":\"Pr\u00e9sidentielle de 2026 : Cocou Romain Missinhoun candidat\"}]},{\"@type\":\"WebSite\",\"@id\":\"https:\\\/\\\/lepatriotebenin.com\\\/#website\",\"url\":\"https:\\\/\\\/lepatriotebenin.com\\\/\",\"name\":\"Le Patriote\",\"description\":\"Le Patriote B\u00e9nin\",\"potentialAction\":[{\"@type\":\"SearchAction\",\"target\":{\"@type\":\"EntryPoint\",\"urlTemplate\":\"https:\\\/\\\/lepatriotebenin.com\\\/?s={search_term_string}\"},\"query-input\":{\"@type\":\"PropertyValueSpecification\",\"valueRequired\":true,\"valueName\":\"search_term_string\"}}],\"inLanguage\":\"fr-FR\"},{\"@type\":\"Person\",\"@id\":\"https:\\\/\\\/lepatriotebenin.com\\\/#\\\/schema\\\/person\\\/2e7709b9c9cc313e452d1136af61690f\",\"name\":\"Redaction\",\"image\":{\"@type\":\"ImageObject\",\"inLanguage\":\"fr-FR\",\"@id\":\"https:\\\/\\\/secure.gravatar.com\\\/avatar\\\/c4c509357859ea2ca2cbb6d8812898a73e4ef1ef9934c2e591d7e32face734d1?s=96&d=mm&r=g\",\"url\":\"https:\\\/\\\/secure.gravatar.com\\\/avatar\\\/c4c509357859ea2ca2cbb6d8812898a73e4ef1ef9934c2e591d7e32face734d1?s=96&d=mm&r=g\",\"contentUrl\":\"https:\\\/\\\/secure.gravatar.com\\\/avatar\\\/c4c509357859ea2ca2cbb6d8812898a73e4ef1ef9934c2e591d7e32face734d1?s=96&d=mm&r=g\",\"caption\":\"Redaction\"},\"url\":\"https:\\\/\\\/lepatriotebenin.com\"}]}<\/script>\n<!-- \/ Yoast SEO plugin. -->","yoast_head_json":{"title":"Pr\u00e9sidentielle de 2026 : Cocou Romain Missinhoun candidat - Le Patriote","robots":{"index":"index","follow":"follow","max-snippet":"max-snippet:-1","max-image-preview":"max-image-preview:large","max-video-preview":"max-video-preview:-1"},"canonical":"https:\/\/lepatriotebenin.com\/index.php\/2025\/09\/25\/presidentielle-de-2026-cocou-romain-missinhoun-candidat\/","og_locale":"fr_FR","og_type":"article","og_title":"Pr\u00e9sidentielle de 2026 : Cocou Romain Missinhoun candidat - Le Patriote","og_description":"&nbsp; Le parti politique \u00ab Les Vrais Patriotes Africains du B\u00e9nin \u00bb est officiellement en course pour l\u2019\u00e9lection du duo pr\u00e9sident et vice-pr\u00e9sident en 2026 au B\u00e9nin. A l\u2019occasion\u00a0 d\u2019une&hellip;","og_url":"https:\/\/lepatriotebenin.com\/index.php\/2025\/09\/25\/presidentielle-de-2026-cocou-romain-missinhoun-candidat\/","og_site_name":"Le Patriote","article_published_time":"2025-09-25T00:44:08+00:00","og_image":[{"width":1024,"height":576,"url":"https:\/\/lepatriotebenin.com\/wp-content\/uploads\/2025\/09\/sequence-03-00-04-20-21-still002-1024x576.png","type":"image\/png"}],"author":"Redaction","twitter_card":"summary_large_image","twitter_misc":{"\u00c9crit par":"Redaction","Dur\u00e9e de lecture estim\u00e9e":"4 minutes"},"schema":{"@context":"https:\/\/schema.org","@graph":[{"@type":"Article","@id":"https:\/\/lepatriotebenin.com\/index.php\/2025\/09\/25\/presidentielle-de-2026-cocou-romain-missinhoun-candidat\/#article","isPartOf":{"@id":"https:\/\/lepatriotebenin.com\/index.php\/2025\/09\/25\/presidentielle-de-2026-cocou-romain-missinhoun-candidat\/"},"author":{"name":"Redaction","@id":"https:\/\/lepatriotebenin.com\/#\/schema\/person\/2e7709b9c9cc313e452d1136af61690f"},"headline":"Pr\u00e9sidentielle de 2026 : Cocou Romain Missinhoun candidat","datePublished":"2025-09-25T00:44:08+00:00","mainEntityOfPage":{"@id":"https:\/\/lepatriotebenin.com\/index.php\/2025\/09\/25\/presidentielle-de-2026-cocou-romain-missinhoun-candidat\/"},"wordCount":664,"commentCount":0,"image":{"@id":"https:\/\/lepatriotebenin.com\/index.php\/2025\/09\/25\/presidentielle-de-2026-cocou-romain-missinhoun-candidat\/#primaryimage"},"thumbnailUrl":"https:\/\/lepatriotebenin.com\/wp-content\/uploads\/2025\/09\/sequence-03-00-04-20-21-still002.png","articleSection":["Politique"],"inLanguage":"fr-FR","potentialAction":[{"@type":"CommentAction","name":"Comment","target":["https:\/\/lepatriotebenin.com\/index.php\/2025\/09\/25\/presidentielle-de-2026-cocou-romain-missinhoun-candidat\/#respond"]}]},{"@type":"WebPage","@id":"https:\/\/lepatriotebenin.com\/index.php\/2025\/09\/25\/presidentielle-de-2026-cocou-romain-missinhoun-candidat\/","url":"https:\/\/lepatriotebenin.com\/index.php\/2025\/09\/25\/presidentielle-de-2026-cocou-romain-missinhoun-candidat\/","name":"Pr\u00e9sidentielle de 2026 : Cocou Romain Missinhoun candidat - Le Patriote","isPartOf":{"@id":"https:\/\/lepatriotebenin.com\/#website"},"primaryImageOfPage":{"@id":"https:\/\/lepatriotebenin.com\/index.php\/2025\/09\/25\/presidentielle-de-2026-cocou-romain-missinhoun-candidat\/#primaryimage"},"image":{"@id":"https:\/\/lepatriotebenin.com\/index.php\/2025\/09\/25\/presidentielle-de-2026-cocou-romain-missinhoun-candidat\/#primaryimage"},"thumbnailUrl":"https:\/\/lepatriotebenin.com\/wp-content\/uploads\/2025\/09\/sequence-03-00-04-20-21-still002.png","datePublished":"2025-09-25T00:44:08+00:00","author":{"@id":"https:\/\/lepatriotebenin.com\/#\/schema\/person\/2e7709b9c9cc313e452d1136af61690f"},"breadcrumb":{"@id":"https:\/\/lepatriotebenin.com\/index.php\/2025\/09\/25\/presidentielle-de-2026-cocou-romain-missinhoun-candidat\/#breadcrumb"},"inLanguage":"fr-FR","potentialAction":[{"@type":"ReadAction","target":["https:\/\/lepatriotebenin.com\/index.php\/2025\/09\/25\/presidentielle-de-2026-cocou-romain-missinhoun-candidat\/"]}]},{"@type":"ImageObject","inLanguage":"fr-FR","@id":"https:\/\/lepatriotebenin.com\/index.php\/2025\/09\/25\/presidentielle-de-2026-cocou-romain-missinhoun-candidat\/#primaryimage","url":"https:\/\/lepatriotebenin.com\/wp-content\/uploads\/2025\/09\/sequence-03-00-04-20-21-still002.png","contentUrl":"https:\/\/lepatriotebenin.com\/wp-content\/uploads\/2025\/09\/sequence-03-00-04-20-21-still002.png","width":1920,"height":1080},{"@type":"BreadcrumbList","@id":"https:\/\/lepatriotebenin.com\/index.php\/2025\/09\/25\/presidentielle-de-2026-cocou-romain-missinhoun-candidat\/#breadcrumb","itemListElement":[{"@type":"ListItem","position":1,"name":"Accueil","item":"https:\/\/lepatriotebenin.com\/"},{"@type":"ListItem","position":2,"name":"Pr\u00e9sidentielle de 2026 : Cocou Romain Missinhoun candidat"}]},{"@type":"WebSite","@id":"https:\/\/lepatriotebenin.com\/#website","url":"https:\/\/lepatriotebenin.com\/","name":"Le Patriote","description":"Le Patriote B\u00e9nin","potentialAction":[{"@type":"SearchAction","target":{"@type":"EntryPoint","urlTemplate":"https:\/\/lepatriotebenin.com\/?s={search_term_string}"},"query-input":{"@type":"PropertyValueSpecification","valueRequired":true,"valueName":"search_term_string"}}],"inLanguage":"fr-FR"},{"@type":"Person","@id":"https:\/\/lepatriotebenin.com\/#\/schema\/person\/2e7709b9c9cc313e452d1136af61690f","name":"Redaction","image":{"@type":"ImageObject","inLanguage":"fr-FR","@id":"https:\/\/secure.gravatar.com\/avatar\/c4c509357859ea2ca2cbb6d8812898a73e4ef1ef9934c2e591d7e32face734d1?s=96&d=mm&r=g","url":"https:\/\/secure.gravatar.com\/avatar\/c4c509357859ea2ca2cbb6d8812898a73e4ef1ef9934c2e591d7e32face734d1?s=96&d=mm&r=g","contentUrl":"https:\/\/secure.gravatar.com\/avatar\/c4c509357859ea2ca2cbb6d8812898a73e4ef1ef9934c2e591d7e32face734d1?s=96&d=mm&r=g","caption":"Redaction"},"url":"https:\/\/lepatriotebenin.com"}]}},"_links":{"self":[{"href":"https:\/\/lepatriotebenin.com\/index.php\/wp-json\/wp\/v2\/posts\/13771","targetHints":{"allow":["GET"]}}],"collection":[{"href":"https:\/\/lepatriotebenin.com\/index.php\/wp-json\/wp\/v2\/posts"}],"about":[{"href":"https:\/\/lepatriotebenin.com\/index.php\/wp-json\/wp\/v2\/types\/post"}],"author":[{"embeddable":true,"href":"https:\/\/lepatriotebenin.com\/index.php\/wp-json\/wp\/v2\/users\/5"}],"replies":[{"embeddable":true,"href":"https:\/\/lepatriotebenin.com\/index.php\/wp-json\/wp\/v2\/comments?post=13771"}],"version-history":[{"count":1,"href":"https:\/\/lepatriotebenin.com\/index.php\/wp-json\/wp\/v2\/posts\/13771\/revisions"}],"predecessor-version":[{"id":13774,"href":"https:\/\/lepatriotebenin.com\/index.php\/wp-json\/wp\/v2\/posts\/13771\/revisions\/13774"}],"wp:featuredmedia":[{"embeddable":true,"href":"https:\/\/lepatriotebenin.com\/index.php\/wp-json\/wp\/v2\/media\/13773"}],"wp:attachment":[{"href":"https:\/\/lepatriotebenin.com\/index.php\/wp-json\/wp\/v2\/media?parent=13771"}],"wp:term":[{"taxonomy":"category","embeddable":true,"href":"https:\/\/lepatriotebenin.com\/index.php\/wp-json\/wp\/v2\/categories?post=13771"},{"taxonomy":"post_tag","embeddable":true,"href":"https:\/\/lepatriotebenin.com\/index.php\/wp-json\/wp\/v2\/tags?post=13771"}],"curies":[{"name":"wp","href":"https:\/\/api.w.org\/{rel}","templated":true}]}}