{"id":13768,"date":"2025-09-25T02:29:29","date_gmt":"2025-09-25T00:29:29","guid":{"rendered":"https:\/\/lepatriotebenin.com\/?p=13768"},"modified":"2025-09-25T02:29:29","modified_gmt":"2025-09-25T00:29:29","slug":"grand-nokoue-les-poids-lourds-autorises-uniquement-la-nuit","status":"publish","type":"post","link":"https:\/\/lepatriotebenin.com\/index.php\/2025\/09\/25\/grand-nokoue-les-poids-lourds-autorises-uniquement-la-nuit\/","title":{"rendered":"Grand Nokou\u00e9 : Les poids lourds autoris\u00e9s uniquement la nuit"},"content":{"rendered":"<p><strong><em>Pour prot\u00e9ger les infrastructures et limiter les accidents, le gouvernement b\u00e9ninois instaure une nouvelle r\u00e9glementation sur la circulation des camions de plus de 10 tonnes dans les communes du Grand Nokou\u00e9. Leur passage sera uniquement autoris\u00e9 entre 23h et 6h du matin, sur des trajets pr\u00e9cis.<\/em><\/strong><\/p>\n<p>La circulation anarchique des poids lourds dans les villes du Grand Nokou\u00e9 (Abomey-Calavi, Cotonou, Ouidah, Porto-Novo et S\u00e8m\u00e8-Kpodji) est d\u00e9sormais encadr\u00e9e par un d\u00e9cret gouvernemental. Sign\u00e9 par le ministre du Cadre de Vie et des Transports, Jos\u00e9 Tonato, le communiqu\u00e9 officiel met fin \u00e0 des ann\u00e9es de nuisances caus\u00e9es par ces v\u00e9hicules comme les d\u00e9gradations rapides des routes, les effondrements des trottoirs et caniveaux, ainsi que de nombreux accidents.<\/p>\n<p>\u00c0 compter du 1er janvier 2026, les camions dont le poids exc\u00e8de dix (10) tonnes devront respecter des itin\u00e9raires obligatoires, soigneusement d\u00e9finis par les autorit\u00e9s. Trois axes principaux ont \u00e9t\u00e9 retenus pour relier notamment le port de Cotonou, les zones industrielles et les plateformes logistiques, tout en minimisant l\u2019impact sur les quartiers r\u00e9sidentiels.<\/p>\n<p>De plus, la circulation des poids lourds sera strictement limit\u00e9e \u00e0 la tranche horaire de 23h \u00e0 6h, afin de r\u00e9duire les embouteillages et s\u00e9curiser la mobilit\u00e9 des usagers en journ\u00e9e. En dehors de ces cr\u00e9neaux et des trajets indiqu\u00e9s, tout contrevenant s\u2019expose \u00e0 des sanctions s\u00e9v\u00e8res. La Police R\u00e9publicaine \u00e9tant d\u00e9j\u00e0 instruite pour veiller \u00e0 l\u2019application rigoureuse de la mesure.<\/p>\n<p>Avec cette d\u00e9cision, le gouvernement entend concilier d\u00e9veloppement \u00e9conomique et cadre de vie durable, tout en r\u00e9duisant consid\u00e9rablement les risques li\u00e9s aux poids lourds dans les zones urbaines du Grand Nokou\u00e9.<\/p>\n<p>&nbsp;<\/p>\n<p><strong>Gildas AHOGNI<\/strong><\/p>\n","protected":false},"excerpt":{"rendered":"<p>Pour prot\u00e9ger les infrastructures et limiter les accidents, le gouvernement b\u00e9ninois instaure une nouvelle r\u00e9glementation sur la circulation des camions de plus de 10 tonnes dans les communes du Grand&hellip;<\/p>\n","protected":false},"author":5,"featured_media":13769,"comment_status":"open","ping_status":"open","sticky":false,"template":"","format":"standard","meta":{"content-type":"","om_disable_all_campaigns":false,"_monsterinsights_skip_tracking":false,"_monsterinsights_sitenote_active":false,"_monsterinsights_sitenote_note":"","_monsterinsights_sitenote_category":0,"_uf_show_specific_survey":0,"_uf_disable_surveys":false,"footnotes":""},"categories":[20],"tags":[],"class_list":["post-13768","post","type-post","status-publish","format-standard","has-post-thumbnail","hentry","category-societe"],"aioseo_notices":[],"yoast_head":"<!-- This site is optimized with the Yoast SEO plugin v27.5 - https:\/\/yoast.com\/product\/yoast-seo-wordpress\/ -->\n<title>Grand Nokou\u00e9 : Les poids lourds autoris\u00e9s uniquement la nuit - Le Patriote<\/title>\n<meta name=\"robots\" content=\"index, follow, max-snippet:-1, max-image-preview:large, max-video-preview:-1\" \/>\n<link rel=\"canonical\" href=\"https:\/\/lepatriotebenin.com\/index.php\/2025\/09\/25\/grand-nokoue-les-poids-lourds-autorises-uniquement-la-nuit\/\" \/>\n<meta property=\"og:locale\" content=\"fr_FR\" \/>\n<meta property=\"og:type\" content=\"article\" \/>\n<meta property=\"og:title\" content=\"Grand Nokou\u00e9 : Les poids lourds autoris\u00e9s uniquement la nuit - Le Patriote\" \/>\n<meta property=\"og:description\" content=\"Pour prot\u00e9ger les infrastructures et limiter les accidents, le gouvernement b\u00e9ninois instaure une nouvelle r\u00e9glementation sur la circulation des camions de plus de 10 tonnes dans les communes du Grand&hellip;\" \/>\n<meta property=\"og:url\" content=\"https:\/\/lepatriotebenin.com\/index.php\/2025\/09\/25\/grand-nokoue-les-poids-lourds-autorises-uniquement-la-nuit\/\" \/>\n<meta property=\"og:site_name\" content=\"Le Patriote\" \/>\n<meta property=\"article:published_time\" content=\"2025-09-25T00:29:29+00:00\" \/>\n<meta property=\"og:image\" content=\"https:\/\/lepatriotebenin.com\/wp-content\/uploads\/2025\/09\/poidslourds.jpg\" \/>\n\t<meta property=\"og:image:width\" content=\"594\" \/>\n\t<meta property=\"og:image:height\" content=\"336\" \/>\n\t<meta property=\"og:image:type\" content=\"image\/jpeg\" \/>\n<meta name=\"author\" content=\"Redaction\" \/>\n<meta name=\"twitter:card\" content=\"summary_large_image\" \/>\n<meta name=\"twitter:label1\" content=\"\u00c9crit par\" \/>\n\t<meta name=\"twitter:data1\" content=\"Redaction\" \/>\n\t<meta name=\"twitter:label2\" content=\"Dur\u00e9e de lecture estim\u00e9e\" \/>\n\t<meta name=\"twitter:data2\" content=\"2 minutes\" \/>\n<script type=\"application\/ld+json\" class=\"yoast-schema-graph\">{\"@context\":\"https:\\\/\\\/schema.org\",\"@graph\":[{\"@type\":\"Article\",\"@id\":\"https:\\\/\\\/lepatriotebenin.com\\\/index.php\\\/2025\\\/09\\\/25\\\/grand-nokoue-les-poids-lourds-autorises-uniquement-la-nuit\\\/#article\",\"isPartOf\":{\"@id\":\"https:\\\/\\\/lepatriotebenin.com\\\/index.php\\\/2025\\\/09\\\/25\\\/grand-nokoue-les-poids-lourds-autorises-uniquement-la-nuit\\\/\"},\"author\":{\"name\":\"Redaction\",\"@id\":\"https:\\\/\\\/lepatriotebenin.com\\\/#\\\/schema\\\/person\\\/2e7709b9c9cc313e452d1136af61690f\"},\"headline\":\"Grand Nokou\u00e9 : Les poids lourds autoris\u00e9s uniquement la nuit\",\"datePublished\":\"2025-09-25T00:29:29+00:00\",\"mainEntityOfPage\":{\"@id\":\"https:\\\/\\\/lepatriotebenin.com\\\/index.php\\\/2025\\\/09\\\/25\\\/grand-nokoue-les-poids-lourds-autorises-uniquement-la-nuit\\\/\"},\"wordCount\":300,\"commentCount\":0,\"image\":{\"@id\":\"https:\\\/\\\/lepatriotebenin.com\\\/index.php\\\/2025\\\/09\\\/25\\\/grand-nokoue-les-poids-lourds-autorises-uniquement-la-nuit\\\/#primaryimage\"},\"thumbnailUrl\":\"https:\\\/\\\/lepatriotebenin.com\\\/wp-content\\\/uploads\\\/2025\\\/09\\\/poidslourds.jpg\",\"articleSection\":[\"Soci\u00e9t\u00e9\"],\"inLanguage\":\"fr-FR\",\"potentialAction\":[{\"@type\":\"CommentAction\",\"name\":\"Comment\",\"target\":[\"https:\\\/\\\/lepatriotebenin.com\\\/index.php\\\/2025\\\/09\\\/25\\\/grand-nokoue-les-poids-lourds-autorises-uniquement-la-nuit\\\/#respond\"]}]},{\"@type\":\"WebPage\",\"@id\":\"https:\\\/\\\/lepatriotebenin.com\\\/index.php\\\/2025\\\/09\\\/25\\\/grand-nokoue-les-poids-lourds-autorises-uniquement-la-nuit\\\/\",\"url\":\"https:\\\/\\\/lepatriotebenin.com\\\/index.php\\\/2025\\\/09\\\/25\\\/grand-nokoue-les-poids-lourds-autorises-uniquement-la-nuit\\\/\",\"name\":\"Grand Nokou\u00e9 : Les poids lourds autoris\u00e9s uniquement la nuit - Le Patriote\",\"isPartOf\":{\"@id\":\"https:\\\/\\\/lepatriotebenin.com\\\/#website\"},\"primaryImageOfPage\":{\"@id\":\"https:\\\/\\\/lepatriotebenin.com\\\/index.php\\\/2025\\\/09\\\/25\\\/grand-nokoue-les-poids-lourds-autorises-uniquement-la-nuit\\\/#primaryimage\"},\"image\":{\"@id\":\"https:\\\/\\\/lepatriotebenin.com\\\/index.php\\\/2025\\\/09\\\/25\\\/grand-nokoue-les-poids-lourds-autorises-uniquement-la-nuit\\\/#primaryimage\"},\"thumbnailUrl\":\"https:\\\/\\\/lepatriotebenin.com\\\/wp-content\\\/uploads\\\/2025\\\/09\\\/poidslourds.jpg\",\"datePublished\":\"2025-09-25T00:29:29+00:00\",\"author\":{\"@id\":\"https:\\\/\\\/lepatriotebenin.com\\\/#\\\/schema\\\/person\\\/2e7709b9c9cc313e452d1136af61690f\"},\"breadcrumb\":{\"@id\":\"https:\\\/\\\/lepatriotebenin.com\\\/index.php\\\/2025\\\/09\\\/25\\\/grand-nokoue-les-poids-lourds-autorises-uniquement-la-nuit\\\/#breadcrumb\"},\"inLanguage\":\"fr-FR\",\"potentialAction\":[{\"@type\":\"ReadAction\",\"target\":[\"https:\\\/\\\/lepatriotebenin.com\\\/index.php\\\/2025\\\/09\\\/25\\\/grand-nokoue-les-poids-lourds-autorises-uniquement-la-nuit\\\/\"]}]},{\"@type\":\"ImageObject\",\"inLanguage\":\"fr-FR\",\"@id\":\"https:\\\/\\\/lepatriotebenin.com\\\/index.php\\\/2025\\\/09\\\/25\\\/grand-nokoue-les-poids-lourds-autorises-uniquement-la-nuit\\\/#primaryimage\",\"url\":\"https:\\\/\\\/lepatriotebenin.com\\\/wp-content\\\/uploads\\\/2025\\\/09\\\/poidslourds.jpg\",\"contentUrl\":\"https:\\\/\\\/lepatriotebenin.com\\\/wp-content\\\/uploads\\\/2025\\\/09\\\/poidslourds.jpg\",\"width\":594,\"height\":336},{\"@type\":\"BreadcrumbList\",\"@id\":\"https:\\\/\\\/lepatriotebenin.com\\\/index.php\\\/2025\\\/09\\\/25\\\/grand-nokoue-les-poids-lourds-autorises-uniquement-la-nuit\\\/#breadcrumb\",\"itemListElement\":[{\"@type\":\"ListItem\",\"position\":1,\"name\":\"Accueil\",\"item\":\"https:\\\/\\\/lepatriotebenin.com\\\/\"},{\"@type\":\"ListItem\",\"position\":2,\"name\":\"Grand Nokou\u00e9 : Les poids lourds autoris\u00e9s uniquement la nuit\"}]},{\"@type\":\"WebSite\",\"@id\":\"https:\\\/\\\/lepatriotebenin.com\\\/#website\",\"url\":\"https:\\\/\\\/lepatriotebenin.com\\\/\",\"name\":\"Le Patriote\",\"description\":\"Le Patriote B\u00e9nin\",\"potentialAction\":[{\"@type\":\"SearchAction\",\"target\":{\"@type\":\"EntryPoint\",\"urlTemplate\":\"https:\\\/\\\/lepatriotebenin.com\\\/?s={search_term_string}\"},\"query-input\":{\"@type\":\"PropertyValueSpecification\",\"valueRequired\":true,\"valueName\":\"search_term_string\"}}],\"inLanguage\":\"fr-FR\"},{\"@type\":\"Person\",\"@id\":\"https:\\\/\\\/lepatriotebenin.com\\\/#\\\/schema\\\/person\\\/2e7709b9c9cc313e452d1136af61690f\",\"name\":\"Redaction\",\"image\":{\"@type\":\"ImageObject\",\"inLanguage\":\"fr-FR\",\"@id\":\"https:\\\/\\\/secure.gravatar.com\\\/avatar\\\/c4c509357859ea2ca2cbb6d8812898a73e4ef1ef9934c2e591d7e32face734d1?s=96&d=mm&r=g\",\"url\":\"https:\\\/\\\/secure.gravatar.com\\\/avatar\\\/c4c509357859ea2ca2cbb6d8812898a73e4ef1ef9934c2e591d7e32face734d1?s=96&d=mm&r=g\",\"contentUrl\":\"https:\\\/\\\/secure.gravatar.com\\\/avatar\\\/c4c509357859ea2ca2cbb6d8812898a73e4ef1ef9934c2e591d7e32face734d1?s=96&d=mm&r=g\",\"caption\":\"Redaction\"},\"url\":\"https:\\\/\\\/lepatriotebenin.com\"}]}<\/script>\n<!-- \/ Yoast SEO plugin. -->","yoast_head_json":{"title":"Grand Nokou\u00e9 : Les poids lourds autoris\u00e9s uniquement la nuit - Le Patriote","robots":{"index":"index","follow":"follow","max-snippet":"max-snippet:-1","max-image-preview":"max-image-preview:large","max-video-preview":"max-video-preview:-1"},"canonical":"https:\/\/lepatriotebenin.com\/index.php\/2025\/09\/25\/grand-nokoue-les-poids-lourds-autorises-uniquement-la-nuit\/","og_locale":"fr_FR","og_type":"article","og_title":"Grand Nokou\u00e9 : Les poids lourds autoris\u00e9s uniquement la nuit - Le Patriote","og_description":"Pour prot\u00e9ger les infrastructures et limiter les accidents, le gouvernement b\u00e9ninois instaure une nouvelle r\u00e9glementation sur la circulation des camions de plus de 10 tonnes dans les communes du Grand&hellip;","og_url":"https:\/\/lepatriotebenin.com\/index.php\/2025\/09\/25\/grand-nokoue-les-poids-lourds-autorises-uniquement-la-nuit\/","og_site_name":"Le Patriote","article_published_time":"2025-09-25T00:29:29+00:00","og_image":[{"width":594,"height":336,"url":"https:\/\/lepatriotebenin.com\/wp-content\/uploads\/2025\/09\/poidslourds.jpg","type":"image\/jpeg"}],"author":"Redaction","twitter_card":"summary_large_image","twitter_misc":{"\u00c9crit par":"Redaction","Dur\u00e9e de lecture estim\u00e9e":"2 minutes"},"schema":{"@context":"https:\/\/schema.org","@graph":[{"@type":"Article","@id":"https:\/\/lepatriotebenin.com\/index.php\/2025\/09\/25\/grand-nokoue-les-poids-lourds-autorises-uniquement-la-nuit\/#article","isPartOf":{"@id":"https:\/\/lepatriotebenin.com\/index.php\/2025\/09\/25\/grand-nokoue-les-poids-lourds-autorises-uniquement-la-nuit\/"},"author":{"name":"Redaction","@id":"https:\/\/lepatriotebenin.com\/#\/schema\/person\/2e7709b9c9cc313e452d1136af61690f"},"headline":"Grand Nokou\u00e9 : Les poids lourds autoris\u00e9s uniquement la nuit","datePublished":"2025-09-25T00:29:29+00:00","mainEntityOfPage":{"@id":"https:\/\/lepatriotebenin.com\/index.php\/2025\/09\/25\/grand-nokoue-les-poids-lourds-autorises-uniquement-la-nuit\/"},"wordCount":300,"commentCount":0,"image":{"@id":"https:\/\/lepatriotebenin.com\/index.php\/2025\/09\/25\/grand-nokoue-les-poids-lourds-autorises-uniquement-la-nuit\/#primaryimage"},"thumbnailUrl":"https:\/\/lepatriotebenin.com\/wp-content\/uploads\/2025\/09\/poidslourds.jpg","articleSection":["Soci\u00e9t\u00e9"],"inLanguage":"fr-FR","potentialAction":[{"@type":"CommentAction","name":"Comment","target":["https:\/\/lepatriotebenin.com\/index.php\/2025\/09\/25\/grand-nokoue-les-poids-lourds-autorises-uniquement-la-nuit\/#respond"]}]},{"@type":"WebPage","@id":"https:\/\/lepatriotebenin.com\/index.php\/2025\/09\/25\/grand-nokoue-les-poids-lourds-autorises-uniquement-la-nuit\/","url":"https:\/\/lepatriotebenin.com\/index.php\/2025\/09\/25\/grand-nokoue-les-poids-lourds-autorises-uniquement-la-nuit\/","name":"Grand Nokou\u00e9 : Les poids lourds autoris\u00e9s uniquement la nuit - Le Patriote","isPartOf":{"@id":"https:\/\/lepatriotebenin.com\/#website"},"primaryImageOfPage":{"@id":"https:\/\/lepatriotebenin.com\/index.php\/2025\/09\/25\/grand-nokoue-les-poids-lourds-autorises-uniquement-la-nuit\/#primaryimage"},"image":{"@id":"https:\/\/lepatriotebenin.com\/index.php\/2025\/09\/25\/grand-nokoue-les-poids-lourds-autorises-uniquement-la-nuit\/#primaryimage"},"thumbnailUrl":"https:\/\/lepatriotebenin.com\/wp-content\/uploads\/2025\/09\/poidslourds.jpg","datePublished":"2025-09-25T00:29:29+00:00","author":{"@id":"https:\/\/lepatriotebenin.com\/#\/schema\/person\/2e7709b9c9cc313e452d1136af61690f"},"breadcrumb":{"@id":"https:\/\/lepatriotebenin.com\/index.php\/2025\/09\/25\/grand-nokoue-les-poids-lourds-autorises-uniquement-la-nuit\/#breadcrumb"},"inLanguage":"fr-FR","potentialAction":[{"@type":"ReadAction","target":["https:\/\/lepatriotebenin.com\/index.php\/2025\/09\/25\/grand-nokoue-les-poids-lourds-autorises-uniquement-la-nuit\/"]}]},{"@type":"ImageObject","inLanguage":"fr-FR","@id":"https:\/\/lepatriotebenin.com\/index.php\/2025\/09\/25\/grand-nokoue-les-poids-lourds-autorises-uniquement-la-nuit\/#primaryimage","url":"https:\/\/lepatriotebenin.com\/wp-content\/uploads\/2025\/09\/poidslourds.jpg","contentUrl":"https:\/\/lepatriotebenin.com\/wp-content\/uploads\/2025\/09\/poidslourds.jpg","width":594,"height":336},{"@type":"BreadcrumbList","@id":"https:\/\/lepatriotebenin.com\/index.php\/2025\/09\/25\/grand-nokoue-les-poids-lourds-autorises-uniquement-la-nuit\/#breadcrumb","itemListElement":[{"@type":"ListItem","position":1,"name":"Accueil","item":"https:\/\/lepatriotebenin.com\/"},{"@type":"ListItem","position":2,"name":"Grand Nokou\u00e9 : Les poids lourds autoris\u00e9s uniquement la nuit"}]},{"@type":"WebSite","@id":"https:\/\/lepatriotebenin.com\/#website","url":"https:\/\/lepatriotebenin.com\/","name":"Le Patriote","description":"Le Patriote B\u00e9nin","potentialAction":[{"@type":"SearchAction","target":{"@type":"EntryPoint","urlTemplate":"https:\/\/lepatriotebenin.com\/?s={search_term_string}"},"query-input":{"@type":"PropertyValueSpecification","valueRequired":true,"valueName":"search_term_string"}}],"inLanguage":"fr-FR"},{"@type":"Person","@id":"https:\/\/lepatriotebenin.com\/#\/schema\/person\/2e7709b9c9cc313e452d1136af61690f","name":"Redaction","image":{"@type":"ImageObject","inLanguage":"fr-FR","@id":"https:\/\/secure.gravatar.com\/avatar\/c4c509357859ea2ca2cbb6d8812898a73e4ef1ef9934c2e591d7e32face734d1?s=96&d=mm&r=g","url":"https:\/\/secure.gravatar.com\/avatar\/c4c509357859ea2ca2cbb6d8812898a73e4ef1ef9934c2e591d7e32face734d1?s=96&d=mm&r=g","contentUrl":"https:\/\/secure.gravatar.com\/avatar\/c4c509357859ea2ca2cbb6d8812898a73e4ef1ef9934c2e591d7e32face734d1?s=96&d=mm&r=g","caption":"Redaction"},"url":"https:\/\/lepatriotebenin.com"}]}},"_links":{"self":[{"href":"https:\/\/lepatriotebenin.com\/index.php\/wp-json\/wp\/v2\/posts\/13768","targetHints":{"allow":["GET"]}}],"collection":[{"href":"https:\/\/lepatriotebenin.com\/index.php\/wp-json\/wp\/v2\/posts"}],"about":[{"href":"https:\/\/lepatriotebenin.com\/index.php\/wp-json\/wp\/v2\/types\/post"}],"author":[{"embeddable":true,"href":"https:\/\/lepatriotebenin.com\/index.php\/wp-json\/wp\/v2\/users\/5"}],"replies":[{"embeddable":true,"href":"https:\/\/lepatriotebenin.com\/index.php\/wp-json\/wp\/v2\/comments?post=13768"}],"version-history":[{"count":1,"href":"https:\/\/lepatriotebenin.com\/index.php\/wp-json\/wp\/v2\/posts\/13768\/revisions"}],"predecessor-version":[{"id":13770,"href":"https:\/\/lepatriotebenin.com\/index.php\/wp-json\/wp\/v2\/posts\/13768\/revisions\/13770"}],"wp:featuredmedia":[{"embeddable":true,"href":"https:\/\/lepatriotebenin.com\/index.php\/wp-json\/wp\/v2\/media\/13769"}],"wp:attachment":[{"href":"https:\/\/lepatriotebenin.com\/index.php\/wp-json\/wp\/v2\/media?parent=13768"}],"wp:term":[{"taxonomy":"category","embeddable":true,"href":"https:\/\/lepatriotebenin.com\/index.php\/wp-json\/wp\/v2\/categories?post=13768"},{"taxonomy":"post_tag","embeddable":true,"href":"https:\/\/lepatriotebenin.com\/index.php\/wp-json\/wp\/v2\/tags?post=13768"}],"curies":[{"name":"wp","href":"https:\/\/api.w.org\/{rel}","templated":true}]}}