{"id":13765,"date":"2025-09-25T02:23:21","date_gmt":"2025-09-25T00:23:21","guid":{"rendered":"https:\/\/lepatriotebenin.com\/?p=13765"},"modified":"2025-09-25T02:23:21","modified_gmt":"2025-09-25T00:23:21","slug":"quitus-fiscal-jean-baptiste-elias-alerte-sur-de-graves-derives","status":"publish","type":"post","link":"https:\/\/lepatriotebenin.com\/index.php\/2025\/09\/25\/quitus-fiscal-jean-baptiste-elias-alerte-sur-de-graves-derives\/","title":{"rendered":"Quitus fiscal : Jean-Baptiste Elias alerte sur de graves d\u00e9rives"},"content":{"rendered":"<p><strong><em>\u00c0 moins d\u2019un an des \u00e9lections g\u00e9n\u00e9rales, la d\u00e9livrance du quitus fiscal suscite une inqui\u00e9tude croissante au B\u00e9nin. Jean-Baptiste Elias, pr\u00e9sident du Front des organisations nationales contre la corruption (Fonac), salue le principe mais d\u00e9nonce une mise en \u0153uvre chaotique et potentiellement discriminatoire, entre calendrier tardif, centralisation excessive et risques d\u2019exclusion.<\/em><\/strong><\/p>\n<p>Le quitus fiscal est cens\u00e9 incarner l\u2019\u00e9thique et surtout, garantir que tout aspirant \u00e0 une fonction publique soit \u00e0 jour de ses obligations fiscales. C\u2019est une exigence accueillie positivement de prime abord, selon Jean-Baptiste Elias. Mais l\u2019enjeu, affirme-t-il, ne r\u00e9side pas dans l\u2019id\u00e9e mais dans le mode d\u2019application.<\/p>\n<p>En effet, au d\u00e9part, la Direction g\u00e9n\u00e9rale des imp\u00f4ts avait exig\u00e9 des candidats qu\u2019ils pr\u00e9cisent pour quelle \u00e9lection (pr\u00e9sidentielle, l\u00e9gislative ou communale) ils sollicitaient le quitus. Elias jugeait cette logique absurde. Apr\u00e8s des pressions de l\u2019opposition et des \u00e9changes avec la DGI, cette condition a finalement \u00e9t\u00e9 abandonn\u00e9e. L&rsquo;autre point de critique qu&rsquo;a abord\u00e9 Jean-Baptiste Elias est l\u2019ouverture tardive de la plateforme de demande. Officiellement, le quitus doit couvrir les imp\u00f4ts pay\u00e9s jusqu\u2019au 31 d\u00e9cembre 2024. Pourtant, le guichet en ligne n\u2019a \u00e9t\u00e9 activ\u00e9 que le 12 septembre 2025. \u00ab\u00a0Cel\u00e0 repr\u00e9sente une fen\u00eatre extr\u00eamement courte, \u00e0 quelques semaines seulement de la date limite de d\u00e9p\u00f4t des dossiers de candidature\u00a0\u00bb, a-t-il d\u00e9plor\u00e9.<\/p>\n<p><strong>La centralisation accrue, frein aux demandes<\/strong><\/p>\n<p>Depuis 2018, seule la direction g\u00e9n\u00e9rale des imp\u00f4ts ou son adjoint au niveau national est habilit\u00e9 \u00e0 d\u00e9livrer le quitus. Cette suppression de la d\u00e9centralisation, auparavant assur\u00e9e par les services fiscaux d\u00e9partementaux, suscite une pression accrue sur le si\u00e8ge national, g\u00e9n\u00e9rant goulots d\u2019\u00e9tranglement et retards. Elias relate son propre \u00e9chec \u00e0 obtenir le document malgr\u00e9 des d\u00e9marches dans huit d\u00e9partements. \u00ab\u00a0Dans des cas, on exige encore des pi\u00e8ces authentifi\u00e9es physiquement aupr\u00e8s du service de Cotonou\u00a0\u00bb, a-t-il expliqu\u00e9.<\/p>\n<p>Par ailleurs, Jean-Baptiste Elias appelle les autorit\u00e9s \u00e0 reprendre le dispositif de 2020, o\u00f9 tous les candidats avaient re\u00e7u le quitus sans exception. \u00c0 d\u00e9faut, avertit-il, le syst\u00e8me pourrait se transformer en \u00ab machine \u00e0 exclusions \u00bb et compromettre la cr\u00e9dibilit\u00e9 du scrutin. Pour le pr\u00e9sident du Fonac, le B\u00e9nin fait face \u00e0 un dilemme. C&rsquo;est celui d&rsquo;une mesure louable sur le papier dont la mise en \u0153uvre d\u2019une mani\u00e8re alimente m\u00e9fiance et suspicion. Le quitus fiscal, symboliquement outil de transparence, se retrouve au c\u0153ur des tensions \u00e0 l\u2019aube de 2026.<\/p>\n<p>&nbsp;<\/p>\n<p>Gildas AHOGNI<\/p>\n","protected":false},"excerpt":{"rendered":"<p>\u00c0 moins d\u2019un an des \u00e9lections g\u00e9n\u00e9rales, la d\u00e9livrance du quitus fiscal suscite une inqui\u00e9tude croissante au B\u00e9nin. Jean-Baptiste Elias, pr\u00e9sident du Front des organisations nationales contre la corruption (Fonac),&hellip;<\/p>\n","protected":false},"author":5,"featured_media":13766,"comment_status":"open","ping_status":"open","sticky":false,"template":"","format":"standard","meta":{"content-type":"","om_disable_all_campaigns":false,"_monsterinsights_skip_tracking":false,"_monsterinsights_sitenote_active":false,"_monsterinsights_sitenote_note":"","_monsterinsights_sitenote_category":0,"_uf_show_specific_survey":0,"_uf_disable_surveys":false,"footnotes":""},"categories":[26],"tags":[],"class_list":["post-13765","post","type-post","status-publish","format-standard","has-post-thumbnail","hentry","category-politique"],"aioseo_notices":[],"yoast_head":"<!-- This site is optimized with the Yoast SEO plugin v27.5 - https:\/\/yoast.com\/product\/yoast-seo-wordpress\/ -->\n<title>Quitus fiscal : Jean-Baptiste Elias alerte sur de graves d\u00e9rives - Le Patriote<\/title>\n<meta name=\"robots\" content=\"index, follow, max-snippet:-1, max-image-preview:large, max-video-preview:-1\" \/>\n<link rel=\"canonical\" href=\"https:\/\/lepatriotebenin.com\/index.php\/2025\/09\/25\/quitus-fiscal-jean-baptiste-elias-alerte-sur-de-graves-derives\/\" \/>\n<meta property=\"og:locale\" content=\"fr_FR\" \/>\n<meta property=\"og:type\" content=\"article\" \/>\n<meta property=\"og:title\" content=\"Quitus fiscal : Jean-Baptiste Elias alerte sur de graves d\u00e9rives - Le Patriote\" \/>\n<meta property=\"og:description\" content=\"\u00c0 moins d\u2019un an des \u00e9lections g\u00e9n\u00e9rales, la d\u00e9livrance du quitus fiscal suscite une inqui\u00e9tude croissante au B\u00e9nin. Jean-Baptiste Elias, pr\u00e9sident du Front des organisations nationales contre la corruption (Fonac),&hellip;\" \/>\n<meta property=\"og:url\" content=\"https:\/\/lepatriotebenin.com\/index.php\/2025\/09\/25\/quitus-fiscal-jean-baptiste-elias-alerte-sur-de-graves-derives\/\" \/>\n<meta property=\"og:site_name\" content=\"Le Patriote\" \/>\n<meta property=\"article:published_time\" content=\"2025-09-25T00:23:21+00:00\" \/>\n<meta property=\"og:image\" content=\"https:\/\/lepatriotebenin.com\/wp-content\/uploads\/2025\/09\/jean-baptiste-elias1-0fe4b.jpg\" \/>\n\t<meta property=\"og:image:width\" content=\"600\" \/>\n\t<meta property=\"og:image:height\" content=\"400\" \/>\n\t<meta property=\"og:image:type\" content=\"image\/jpeg\" \/>\n<meta name=\"author\" content=\"Redaction\" \/>\n<meta name=\"twitter:card\" content=\"summary_large_image\" \/>\n<meta name=\"twitter:label1\" content=\"\u00c9crit par\" \/>\n\t<meta name=\"twitter:data1\" content=\"Redaction\" \/>\n\t<meta name=\"twitter:label2\" content=\"Dur\u00e9e de lecture estim\u00e9e\" \/>\n\t<meta name=\"twitter:data2\" content=\"3 minutes\" \/>\n<script type=\"application\/ld+json\" class=\"yoast-schema-graph\">{\"@context\":\"https:\\\/\\\/schema.org\",\"@graph\":[{\"@type\":\"Article\",\"@id\":\"https:\\\/\\\/lepatriotebenin.com\\\/index.php\\\/2025\\\/09\\\/25\\\/quitus-fiscal-jean-baptiste-elias-alerte-sur-de-graves-derives\\\/#article\",\"isPartOf\":{\"@id\":\"https:\\\/\\\/lepatriotebenin.com\\\/index.php\\\/2025\\\/09\\\/25\\\/quitus-fiscal-jean-baptiste-elias-alerte-sur-de-graves-derives\\\/\"},\"author\":{\"name\":\"Redaction\",\"@id\":\"https:\\\/\\\/lepatriotebenin.com\\\/#\\\/schema\\\/person\\\/2e7709b9c9cc313e452d1136af61690f\"},\"headline\":\"Quitus fiscal : Jean-Baptiste Elias alerte sur de graves d\u00e9rives\",\"datePublished\":\"2025-09-25T00:23:21+00:00\",\"mainEntityOfPage\":{\"@id\":\"https:\\\/\\\/lepatriotebenin.com\\\/index.php\\\/2025\\\/09\\\/25\\\/quitus-fiscal-jean-baptiste-elias-alerte-sur-de-graves-derives\\\/\"},\"wordCount\":448,\"commentCount\":0,\"image\":{\"@id\":\"https:\\\/\\\/lepatriotebenin.com\\\/index.php\\\/2025\\\/09\\\/25\\\/quitus-fiscal-jean-baptiste-elias-alerte-sur-de-graves-derives\\\/#primaryimage\"},\"thumbnailUrl\":\"https:\\\/\\\/lepatriotebenin.com\\\/wp-content\\\/uploads\\\/2025\\\/09\\\/jean-baptiste-elias1-0fe4b.jpg\",\"articleSection\":[\"Politique\"],\"inLanguage\":\"fr-FR\",\"potentialAction\":[{\"@type\":\"CommentAction\",\"name\":\"Comment\",\"target\":[\"https:\\\/\\\/lepatriotebenin.com\\\/index.php\\\/2025\\\/09\\\/25\\\/quitus-fiscal-jean-baptiste-elias-alerte-sur-de-graves-derives\\\/#respond\"]}]},{\"@type\":\"WebPage\",\"@id\":\"https:\\\/\\\/lepatriotebenin.com\\\/index.php\\\/2025\\\/09\\\/25\\\/quitus-fiscal-jean-baptiste-elias-alerte-sur-de-graves-derives\\\/\",\"url\":\"https:\\\/\\\/lepatriotebenin.com\\\/index.php\\\/2025\\\/09\\\/25\\\/quitus-fiscal-jean-baptiste-elias-alerte-sur-de-graves-derives\\\/\",\"name\":\"Quitus fiscal : Jean-Baptiste Elias alerte sur de graves d\u00e9rives - Le Patriote\",\"isPartOf\":{\"@id\":\"https:\\\/\\\/lepatriotebenin.com\\\/#website\"},\"primaryImageOfPage\":{\"@id\":\"https:\\\/\\\/lepatriotebenin.com\\\/index.php\\\/2025\\\/09\\\/25\\\/quitus-fiscal-jean-baptiste-elias-alerte-sur-de-graves-derives\\\/#primaryimage\"},\"image\":{\"@id\":\"https:\\\/\\\/lepatriotebenin.com\\\/index.php\\\/2025\\\/09\\\/25\\\/quitus-fiscal-jean-baptiste-elias-alerte-sur-de-graves-derives\\\/#primaryimage\"},\"thumbnailUrl\":\"https:\\\/\\\/lepatriotebenin.com\\\/wp-content\\\/uploads\\\/2025\\\/09\\\/jean-baptiste-elias1-0fe4b.jpg\",\"datePublished\":\"2025-09-25T00:23:21+00:00\",\"author\":{\"@id\":\"https:\\\/\\\/lepatriotebenin.com\\\/#\\\/schema\\\/person\\\/2e7709b9c9cc313e452d1136af61690f\"},\"breadcrumb\":{\"@id\":\"https:\\\/\\\/lepatriotebenin.com\\\/index.php\\\/2025\\\/09\\\/25\\\/quitus-fiscal-jean-baptiste-elias-alerte-sur-de-graves-derives\\\/#breadcrumb\"},\"inLanguage\":\"fr-FR\",\"potentialAction\":[{\"@type\":\"ReadAction\",\"target\":[\"https:\\\/\\\/lepatriotebenin.com\\\/index.php\\\/2025\\\/09\\\/25\\\/quitus-fiscal-jean-baptiste-elias-alerte-sur-de-graves-derives\\\/\"]}]},{\"@type\":\"ImageObject\",\"inLanguage\":\"fr-FR\",\"@id\":\"https:\\\/\\\/lepatriotebenin.com\\\/index.php\\\/2025\\\/09\\\/25\\\/quitus-fiscal-jean-baptiste-elias-alerte-sur-de-graves-derives\\\/#primaryimage\",\"url\":\"https:\\\/\\\/lepatriotebenin.com\\\/wp-content\\\/uploads\\\/2025\\\/09\\\/jean-baptiste-elias1-0fe4b.jpg\",\"contentUrl\":\"https:\\\/\\\/lepatriotebenin.com\\\/wp-content\\\/uploads\\\/2025\\\/09\\\/jean-baptiste-elias1-0fe4b.jpg\",\"width\":600,\"height\":400},{\"@type\":\"BreadcrumbList\",\"@id\":\"https:\\\/\\\/lepatriotebenin.com\\\/index.php\\\/2025\\\/09\\\/25\\\/quitus-fiscal-jean-baptiste-elias-alerte-sur-de-graves-derives\\\/#breadcrumb\",\"itemListElement\":[{\"@type\":\"ListItem\",\"position\":1,\"name\":\"Accueil\",\"item\":\"https:\\\/\\\/lepatriotebenin.com\\\/\"},{\"@type\":\"ListItem\",\"position\":2,\"name\":\"Quitus fiscal : Jean-Baptiste Elias alerte sur de graves d\u00e9rives\"}]},{\"@type\":\"WebSite\",\"@id\":\"https:\\\/\\\/lepatriotebenin.com\\\/#website\",\"url\":\"https:\\\/\\\/lepatriotebenin.com\\\/\",\"name\":\"Le Patriote\",\"description\":\"Le Patriote B\u00e9nin\",\"potentialAction\":[{\"@type\":\"SearchAction\",\"target\":{\"@type\":\"EntryPoint\",\"urlTemplate\":\"https:\\\/\\\/lepatriotebenin.com\\\/?s={search_term_string}\"},\"query-input\":{\"@type\":\"PropertyValueSpecification\",\"valueRequired\":true,\"valueName\":\"search_term_string\"}}],\"inLanguage\":\"fr-FR\"},{\"@type\":\"Person\",\"@id\":\"https:\\\/\\\/lepatriotebenin.com\\\/#\\\/schema\\\/person\\\/2e7709b9c9cc313e452d1136af61690f\",\"name\":\"Redaction\",\"image\":{\"@type\":\"ImageObject\",\"inLanguage\":\"fr-FR\",\"@id\":\"https:\\\/\\\/secure.gravatar.com\\\/avatar\\\/c4c509357859ea2ca2cbb6d8812898a73e4ef1ef9934c2e591d7e32face734d1?s=96&d=mm&r=g\",\"url\":\"https:\\\/\\\/secure.gravatar.com\\\/avatar\\\/c4c509357859ea2ca2cbb6d8812898a73e4ef1ef9934c2e591d7e32face734d1?s=96&d=mm&r=g\",\"contentUrl\":\"https:\\\/\\\/secure.gravatar.com\\\/avatar\\\/c4c509357859ea2ca2cbb6d8812898a73e4ef1ef9934c2e591d7e32face734d1?s=96&d=mm&r=g\",\"caption\":\"Redaction\"},\"url\":\"https:\\\/\\\/lepatriotebenin.com\"}]}<\/script>\n<!-- \/ Yoast SEO plugin. -->","yoast_head_json":{"title":"Quitus fiscal : Jean-Baptiste Elias alerte sur de graves d\u00e9rives - Le Patriote","robots":{"index":"index","follow":"follow","max-snippet":"max-snippet:-1","max-image-preview":"max-image-preview:large","max-video-preview":"max-video-preview:-1"},"canonical":"https:\/\/lepatriotebenin.com\/index.php\/2025\/09\/25\/quitus-fiscal-jean-baptiste-elias-alerte-sur-de-graves-derives\/","og_locale":"fr_FR","og_type":"article","og_title":"Quitus fiscal : Jean-Baptiste Elias alerte sur de graves d\u00e9rives - Le Patriote","og_description":"\u00c0 moins d\u2019un an des \u00e9lections g\u00e9n\u00e9rales, la d\u00e9livrance du quitus fiscal suscite une inqui\u00e9tude croissante au B\u00e9nin. Jean-Baptiste Elias, pr\u00e9sident du Front des organisations nationales contre la corruption (Fonac),&hellip;","og_url":"https:\/\/lepatriotebenin.com\/index.php\/2025\/09\/25\/quitus-fiscal-jean-baptiste-elias-alerte-sur-de-graves-derives\/","og_site_name":"Le Patriote","article_published_time":"2025-09-25T00:23:21+00:00","og_image":[{"width":600,"height":400,"url":"https:\/\/lepatriotebenin.com\/wp-content\/uploads\/2025\/09\/jean-baptiste-elias1-0fe4b.jpg","type":"image\/jpeg"}],"author":"Redaction","twitter_card":"summary_large_image","twitter_misc":{"\u00c9crit par":"Redaction","Dur\u00e9e de lecture estim\u00e9e":"3 minutes"},"schema":{"@context":"https:\/\/schema.org","@graph":[{"@type":"Article","@id":"https:\/\/lepatriotebenin.com\/index.php\/2025\/09\/25\/quitus-fiscal-jean-baptiste-elias-alerte-sur-de-graves-derives\/#article","isPartOf":{"@id":"https:\/\/lepatriotebenin.com\/index.php\/2025\/09\/25\/quitus-fiscal-jean-baptiste-elias-alerte-sur-de-graves-derives\/"},"author":{"name":"Redaction","@id":"https:\/\/lepatriotebenin.com\/#\/schema\/person\/2e7709b9c9cc313e452d1136af61690f"},"headline":"Quitus fiscal : Jean-Baptiste Elias alerte sur de graves d\u00e9rives","datePublished":"2025-09-25T00:23:21+00:00","mainEntityOfPage":{"@id":"https:\/\/lepatriotebenin.com\/index.php\/2025\/09\/25\/quitus-fiscal-jean-baptiste-elias-alerte-sur-de-graves-derives\/"},"wordCount":448,"commentCount":0,"image":{"@id":"https:\/\/lepatriotebenin.com\/index.php\/2025\/09\/25\/quitus-fiscal-jean-baptiste-elias-alerte-sur-de-graves-derives\/#primaryimage"},"thumbnailUrl":"https:\/\/lepatriotebenin.com\/wp-content\/uploads\/2025\/09\/jean-baptiste-elias1-0fe4b.jpg","articleSection":["Politique"],"inLanguage":"fr-FR","potentialAction":[{"@type":"CommentAction","name":"Comment","target":["https:\/\/lepatriotebenin.com\/index.php\/2025\/09\/25\/quitus-fiscal-jean-baptiste-elias-alerte-sur-de-graves-derives\/#respond"]}]},{"@type":"WebPage","@id":"https:\/\/lepatriotebenin.com\/index.php\/2025\/09\/25\/quitus-fiscal-jean-baptiste-elias-alerte-sur-de-graves-derives\/","url":"https:\/\/lepatriotebenin.com\/index.php\/2025\/09\/25\/quitus-fiscal-jean-baptiste-elias-alerte-sur-de-graves-derives\/","name":"Quitus fiscal : Jean-Baptiste Elias alerte sur de graves d\u00e9rives - Le Patriote","isPartOf":{"@id":"https:\/\/lepatriotebenin.com\/#website"},"primaryImageOfPage":{"@id":"https:\/\/lepatriotebenin.com\/index.php\/2025\/09\/25\/quitus-fiscal-jean-baptiste-elias-alerte-sur-de-graves-derives\/#primaryimage"},"image":{"@id":"https:\/\/lepatriotebenin.com\/index.php\/2025\/09\/25\/quitus-fiscal-jean-baptiste-elias-alerte-sur-de-graves-derives\/#primaryimage"},"thumbnailUrl":"https:\/\/lepatriotebenin.com\/wp-content\/uploads\/2025\/09\/jean-baptiste-elias1-0fe4b.jpg","datePublished":"2025-09-25T00:23:21+00:00","author":{"@id":"https:\/\/lepatriotebenin.com\/#\/schema\/person\/2e7709b9c9cc313e452d1136af61690f"},"breadcrumb":{"@id":"https:\/\/lepatriotebenin.com\/index.php\/2025\/09\/25\/quitus-fiscal-jean-baptiste-elias-alerte-sur-de-graves-derives\/#breadcrumb"},"inLanguage":"fr-FR","potentialAction":[{"@type":"ReadAction","target":["https:\/\/lepatriotebenin.com\/index.php\/2025\/09\/25\/quitus-fiscal-jean-baptiste-elias-alerte-sur-de-graves-derives\/"]}]},{"@type":"ImageObject","inLanguage":"fr-FR","@id":"https:\/\/lepatriotebenin.com\/index.php\/2025\/09\/25\/quitus-fiscal-jean-baptiste-elias-alerte-sur-de-graves-derives\/#primaryimage","url":"https:\/\/lepatriotebenin.com\/wp-content\/uploads\/2025\/09\/jean-baptiste-elias1-0fe4b.jpg","contentUrl":"https:\/\/lepatriotebenin.com\/wp-content\/uploads\/2025\/09\/jean-baptiste-elias1-0fe4b.jpg","width":600,"height":400},{"@type":"BreadcrumbList","@id":"https:\/\/lepatriotebenin.com\/index.php\/2025\/09\/25\/quitus-fiscal-jean-baptiste-elias-alerte-sur-de-graves-derives\/#breadcrumb","itemListElement":[{"@type":"ListItem","position":1,"name":"Accueil","item":"https:\/\/lepatriotebenin.com\/"},{"@type":"ListItem","position":2,"name":"Quitus fiscal : Jean-Baptiste Elias alerte sur de graves d\u00e9rives"}]},{"@type":"WebSite","@id":"https:\/\/lepatriotebenin.com\/#website","url":"https:\/\/lepatriotebenin.com\/","name":"Le Patriote","description":"Le Patriote B\u00e9nin","potentialAction":[{"@type":"SearchAction","target":{"@type":"EntryPoint","urlTemplate":"https:\/\/lepatriotebenin.com\/?s={search_term_string}"},"query-input":{"@type":"PropertyValueSpecification","valueRequired":true,"valueName":"search_term_string"}}],"inLanguage":"fr-FR"},{"@type":"Person","@id":"https:\/\/lepatriotebenin.com\/#\/schema\/person\/2e7709b9c9cc313e452d1136af61690f","name":"Redaction","image":{"@type":"ImageObject","inLanguage":"fr-FR","@id":"https:\/\/secure.gravatar.com\/avatar\/c4c509357859ea2ca2cbb6d8812898a73e4ef1ef9934c2e591d7e32face734d1?s=96&d=mm&r=g","url":"https:\/\/secure.gravatar.com\/avatar\/c4c509357859ea2ca2cbb6d8812898a73e4ef1ef9934c2e591d7e32face734d1?s=96&d=mm&r=g","contentUrl":"https:\/\/secure.gravatar.com\/avatar\/c4c509357859ea2ca2cbb6d8812898a73e4ef1ef9934c2e591d7e32face734d1?s=96&d=mm&r=g","caption":"Redaction"},"url":"https:\/\/lepatriotebenin.com"}]}},"_links":{"self":[{"href":"https:\/\/lepatriotebenin.com\/index.php\/wp-json\/wp\/v2\/posts\/13765","targetHints":{"allow":["GET"]}}],"collection":[{"href":"https:\/\/lepatriotebenin.com\/index.php\/wp-json\/wp\/v2\/posts"}],"about":[{"href":"https:\/\/lepatriotebenin.com\/index.php\/wp-json\/wp\/v2\/types\/post"}],"author":[{"embeddable":true,"href":"https:\/\/lepatriotebenin.com\/index.php\/wp-json\/wp\/v2\/users\/5"}],"replies":[{"embeddable":true,"href":"https:\/\/lepatriotebenin.com\/index.php\/wp-json\/wp\/v2\/comments?post=13765"}],"version-history":[{"count":1,"href":"https:\/\/lepatriotebenin.com\/index.php\/wp-json\/wp\/v2\/posts\/13765\/revisions"}],"predecessor-version":[{"id":13767,"href":"https:\/\/lepatriotebenin.com\/index.php\/wp-json\/wp\/v2\/posts\/13765\/revisions\/13767"}],"wp:featuredmedia":[{"embeddable":true,"href":"https:\/\/lepatriotebenin.com\/index.php\/wp-json\/wp\/v2\/media\/13766"}],"wp:attachment":[{"href":"https:\/\/lepatriotebenin.com\/index.php\/wp-json\/wp\/v2\/media?parent=13765"}],"wp:term":[{"taxonomy":"category","embeddable":true,"href":"https:\/\/lepatriotebenin.com\/index.php\/wp-json\/wp\/v2\/categories?post=13765"},{"taxonomy":"post_tag","embeddable":true,"href":"https:\/\/lepatriotebenin.com\/index.php\/wp-json\/wp\/v2\/tags?post=13765"}],"curies":[{"name":"wp","href":"https:\/\/api.w.org\/{rel}","templated":true}]}}