{"id":13762,"date":"2025-09-25T02:13:51","date_gmt":"2025-09-25T00:13:51","guid":{"rendered":"https:\/\/lepatriotebenin.com\/?p=13762"},"modified":"2025-09-25T02:13:51","modified_gmt":"2025-09-25T00:13:51","slug":"un-an-apres-son-arrestation-azannai-rend-hommage-a-olivier-boko","status":"publish","type":"post","link":"https:\/\/lepatriotebenin.com\/index.php\/2025\/09\/25\/un-an-apres-son-arrestation-azannai-rend-hommage-a-olivier-boko\/","title":{"rendered":"UN an apr\u00e8s son arrestation : Azanna\u00ef rend hommage \u00e0 Olivier Boko,"},"content":{"rendered":"<p>\u00c0 travers une publication poignante sur sa page Facebook, l\u2019ancien ministre Candide Armand-Marie <em><strong>Azanna\u00ef est revenu sur un \u00e9v\u00e9nement marquant survenu dans la nuit du 23 au 24 septembre 2024. Dans son message, il apporte son soutien \u00e0 Olivier Boko qu\u2019il estime avoir \u00e9t\u00e9 pi\u00e9g\u00e9e par un syst\u00e8me qu\u2019il qualifie de \u00ab diabolique \u00bb et gangrenant le pays depuis plus de trois d\u00e9cennies.<\/strong><\/em><\/p>\n<p>Candide Azanna\u00ef, figure politique b\u00e9ninoise connue pour ses prises de position tranch\u00e9es, a publi\u00e9 ce 24 septembre un message fort en souvenir de l&rsquo;arrestation de Olivier Boko. Selon lui, dans la nuit du 23 au 24 septembre 2024, ce dernier serait tomb\u00e9e dans un \u00ab traquenard \u00bb soigneusement orchestr\u00e9. \u00ab Tu n\u2019es pas un monstre. Tu n\u2019es qu\u2019une dupe \u00bb, a \u00e9crit l\u2019ancien ministre de la D\u00e9fense.<\/p>\n<p>Pour Azanna\u00ef, Olivier Boko fait partie des nombreuses victimes d\u2019un \u00ab syst\u00e8me diabolique \u00bb qui, selon ses mots, \u00ab gangr\u00e8ne le pays depuis plus de 35 ans \u00bb. En insistant sur le caract\u00e8re injuste de cette situation, il a tenu \u00e0 r\u00e9it\u00e9rer publiquement son soutien et ses \u00ab meilleures pens\u00e9es \u00bb \u00e0 l\u2019endroit de la victime.<\/p>\n<p>Au-del\u00e0 du cas individuel \u00e9voqu\u00e9, ce message rev\u00eat une dimension plus large. Azanna\u00ef semble pointer du doigt un mal structurel qui, d\u2019apr\u00e8s lui, ronge la soci\u00e9t\u00e9 b\u00e9ninoise depuis des d\u00e9cennies. Ses propos traduisent \u00e0 la fois une d\u00e9nonciation des m\u00e9thodes employ\u00e9es par certains acteurs et un appel \u00e0 ne pas juger trop h\u00e2tivement les personnes pi\u00e9g\u00e9es par ce syst\u00e8me.<\/p>\n<p>Dans une note jointe \u00e0 sa publication, l\u2019homme politique a par ailleurs pr\u00e9venu que tout commentaire d\u00e9sobligeant \u00e0 ce sujet serait imm\u00e9diatement supprim\u00e9 et son auteur bloqu\u00e9, marquant ainsi sa volont\u00e9 de prot\u00e9ger la m\u00e9moire et la dignit\u00e9 de Olivier Boko.<\/p>\n<p>&nbsp;<\/p>\n<p><strong>Gildas AHOGNI<\/strong><\/p>\n<p>&nbsp;<\/p>\n<p>&nbsp;<\/p>\n<p>&nbsp;<\/p>\n","protected":false},"excerpt":{"rendered":"<p>\u00c0 travers une publication poignante sur sa page Facebook, l\u2019ancien ministre Candide Armand-Marie Azanna\u00ef est revenu sur un \u00e9v\u00e9nement marquant survenu dans la nuit du 23 au 24 septembre 2024.&hellip;<\/p>\n","protected":false},"author":5,"featured_media":13763,"comment_status":"open","ping_status":"open","sticky":false,"template":"","format":"standard","meta":{"content-type":"","om_disable_all_campaigns":false,"_monsterinsights_skip_tracking":false,"_monsterinsights_sitenote_active":false,"_monsterinsights_sitenote_note":"","_monsterinsights_sitenote_category":0,"_uf_show_specific_survey":0,"_uf_disable_surveys":false,"footnotes":""},"categories":[26],"tags":[],"class_list":["post-13762","post","type-post","status-publish","format-standard","has-post-thumbnail","hentry","category-politique"],"aioseo_notices":[],"yoast_head":"<!-- This site is optimized with the Yoast SEO plugin v27.5 - https:\/\/yoast.com\/product\/yoast-seo-wordpress\/ -->\n<title>UN an apr\u00e8s son arrestation : Azanna\u00ef rend hommage \u00e0 Olivier Boko, - Le Patriote<\/title>\n<meta name=\"robots\" content=\"index, follow, max-snippet:-1, max-image-preview:large, max-video-preview:-1\" \/>\n<link rel=\"canonical\" href=\"https:\/\/lepatriotebenin.com\/index.php\/2025\/09\/25\/un-an-apres-son-arrestation-azannai-rend-hommage-a-olivier-boko\/\" \/>\n<meta property=\"og:locale\" content=\"fr_FR\" \/>\n<meta property=\"og:type\" content=\"article\" \/>\n<meta property=\"og:title\" content=\"UN an apr\u00e8s son arrestation : Azanna\u00ef rend hommage \u00e0 Olivier Boko, - Le Patriote\" \/>\n<meta property=\"og:description\" content=\"\u00c0 travers une publication poignante sur sa page Facebook, l\u2019ancien ministre Candide Armand-Marie Azanna\u00ef est revenu sur un \u00e9v\u00e9nement marquant survenu dans la nuit du 23 au 24 septembre 2024.&hellip;\" \/>\n<meta property=\"og:url\" content=\"https:\/\/lepatriotebenin.com\/index.php\/2025\/09\/25\/un-an-apres-son-arrestation-azannai-rend-hommage-a-olivier-boko\/\" \/>\n<meta property=\"og:site_name\" content=\"Le Patriote\" \/>\n<meta property=\"article:published_time\" content=\"2025-09-25T00:13:51+00:00\" \/>\n<meta property=\"og:image\" content=\"https:\/\/lepatriotebenin.com\/wp-content\/uploads\/2025\/09\/aza.jpg\" \/>\n\t<meta property=\"og:image:width\" content=\"780\" \/>\n\t<meta property=\"og:image:height\" content=\"560\" \/>\n\t<meta property=\"og:image:type\" content=\"image\/jpeg\" \/>\n<meta name=\"author\" content=\"Redaction\" \/>\n<meta name=\"twitter:card\" content=\"summary_large_image\" \/>\n<meta name=\"twitter:label1\" content=\"\u00c9crit par\" \/>\n\t<meta name=\"twitter:data1\" content=\"Redaction\" \/>\n\t<meta name=\"twitter:label2\" content=\"Dur\u00e9e de lecture estim\u00e9e\" \/>\n\t<meta name=\"twitter:data2\" content=\"2 minutes\" \/>\n<script type=\"application\/ld+json\" class=\"yoast-schema-graph\">{\"@context\":\"https:\\\/\\\/schema.org\",\"@graph\":[{\"@type\":\"Article\",\"@id\":\"https:\\\/\\\/lepatriotebenin.com\\\/index.php\\\/2025\\\/09\\\/25\\\/un-an-apres-son-arrestation-azannai-rend-hommage-a-olivier-boko\\\/#article\",\"isPartOf\":{\"@id\":\"https:\\\/\\\/lepatriotebenin.com\\\/index.php\\\/2025\\\/09\\\/25\\\/un-an-apres-son-arrestation-azannai-rend-hommage-a-olivier-boko\\\/\"},\"author\":{\"name\":\"Redaction\",\"@id\":\"https:\\\/\\\/lepatriotebenin.com\\\/#\\\/schema\\\/person\\\/2e7709b9c9cc313e452d1136af61690f\"},\"headline\":\"UN an apr\u00e8s son arrestation : Azanna\u00ef rend hommage \u00e0 Olivier Boko,\",\"datePublished\":\"2025-09-25T00:13:51+00:00\",\"mainEntityOfPage\":{\"@id\":\"https:\\\/\\\/lepatriotebenin.com\\\/index.php\\\/2025\\\/09\\\/25\\\/un-an-apres-son-arrestation-azannai-rend-hommage-a-olivier-boko\\\/\"},\"wordCount\":319,\"commentCount\":0,\"image\":{\"@id\":\"https:\\\/\\\/lepatriotebenin.com\\\/index.php\\\/2025\\\/09\\\/25\\\/un-an-apres-son-arrestation-azannai-rend-hommage-a-olivier-boko\\\/#primaryimage\"},\"thumbnailUrl\":\"https:\\\/\\\/lepatriotebenin.com\\\/wp-content\\\/uploads\\\/2025\\\/09\\\/aza.jpg\",\"articleSection\":[\"Politique\"],\"inLanguage\":\"fr-FR\",\"potentialAction\":[{\"@type\":\"CommentAction\",\"name\":\"Comment\",\"target\":[\"https:\\\/\\\/lepatriotebenin.com\\\/index.php\\\/2025\\\/09\\\/25\\\/un-an-apres-son-arrestation-azannai-rend-hommage-a-olivier-boko\\\/#respond\"]}]},{\"@type\":\"WebPage\",\"@id\":\"https:\\\/\\\/lepatriotebenin.com\\\/index.php\\\/2025\\\/09\\\/25\\\/un-an-apres-son-arrestation-azannai-rend-hommage-a-olivier-boko\\\/\",\"url\":\"https:\\\/\\\/lepatriotebenin.com\\\/index.php\\\/2025\\\/09\\\/25\\\/un-an-apres-son-arrestation-azannai-rend-hommage-a-olivier-boko\\\/\",\"name\":\"UN an apr\u00e8s son arrestation : Azanna\u00ef rend hommage \u00e0 Olivier Boko, - Le Patriote\",\"isPartOf\":{\"@id\":\"https:\\\/\\\/lepatriotebenin.com\\\/#website\"},\"primaryImageOfPage\":{\"@id\":\"https:\\\/\\\/lepatriotebenin.com\\\/index.php\\\/2025\\\/09\\\/25\\\/un-an-apres-son-arrestation-azannai-rend-hommage-a-olivier-boko\\\/#primaryimage\"},\"image\":{\"@id\":\"https:\\\/\\\/lepatriotebenin.com\\\/index.php\\\/2025\\\/09\\\/25\\\/un-an-apres-son-arrestation-azannai-rend-hommage-a-olivier-boko\\\/#primaryimage\"},\"thumbnailUrl\":\"https:\\\/\\\/lepatriotebenin.com\\\/wp-content\\\/uploads\\\/2025\\\/09\\\/aza.jpg\",\"datePublished\":\"2025-09-25T00:13:51+00:00\",\"author\":{\"@id\":\"https:\\\/\\\/lepatriotebenin.com\\\/#\\\/schema\\\/person\\\/2e7709b9c9cc313e452d1136af61690f\"},\"breadcrumb\":{\"@id\":\"https:\\\/\\\/lepatriotebenin.com\\\/index.php\\\/2025\\\/09\\\/25\\\/un-an-apres-son-arrestation-azannai-rend-hommage-a-olivier-boko\\\/#breadcrumb\"},\"inLanguage\":\"fr-FR\",\"potentialAction\":[{\"@type\":\"ReadAction\",\"target\":[\"https:\\\/\\\/lepatriotebenin.com\\\/index.php\\\/2025\\\/09\\\/25\\\/un-an-apres-son-arrestation-azannai-rend-hommage-a-olivier-boko\\\/\"]}]},{\"@type\":\"ImageObject\",\"inLanguage\":\"fr-FR\",\"@id\":\"https:\\\/\\\/lepatriotebenin.com\\\/index.php\\\/2025\\\/09\\\/25\\\/un-an-apres-son-arrestation-azannai-rend-hommage-a-olivier-boko\\\/#primaryimage\",\"url\":\"https:\\\/\\\/lepatriotebenin.com\\\/wp-content\\\/uploads\\\/2025\\\/09\\\/aza.jpg\",\"contentUrl\":\"https:\\\/\\\/lepatriotebenin.com\\\/wp-content\\\/uploads\\\/2025\\\/09\\\/aza.jpg\",\"width\":780,\"height\":560},{\"@type\":\"BreadcrumbList\",\"@id\":\"https:\\\/\\\/lepatriotebenin.com\\\/index.php\\\/2025\\\/09\\\/25\\\/un-an-apres-son-arrestation-azannai-rend-hommage-a-olivier-boko\\\/#breadcrumb\",\"itemListElement\":[{\"@type\":\"ListItem\",\"position\":1,\"name\":\"Accueil\",\"item\":\"https:\\\/\\\/lepatriotebenin.com\\\/\"},{\"@type\":\"ListItem\",\"position\":2,\"name\":\"UN an apr\u00e8s son arrestation : Azanna\u00ef rend hommage \u00e0 Olivier Boko,\"}]},{\"@type\":\"WebSite\",\"@id\":\"https:\\\/\\\/lepatriotebenin.com\\\/#website\",\"url\":\"https:\\\/\\\/lepatriotebenin.com\\\/\",\"name\":\"Le Patriote\",\"description\":\"Le Patriote B\u00e9nin\",\"potentialAction\":[{\"@type\":\"SearchAction\",\"target\":{\"@type\":\"EntryPoint\",\"urlTemplate\":\"https:\\\/\\\/lepatriotebenin.com\\\/?s={search_term_string}\"},\"query-input\":{\"@type\":\"PropertyValueSpecification\",\"valueRequired\":true,\"valueName\":\"search_term_string\"}}],\"inLanguage\":\"fr-FR\"},{\"@type\":\"Person\",\"@id\":\"https:\\\/\\\/lepatriotebenin.com\\\/#\\\/schema\\\/person\\\/2e7709b9c9cc313e452d1136af61690f\",\"name\":\"Redaction\",\"image\":{\"@type\":\"ImageObject\",\"inLanguage\":\"fr-FR\",\"@id\":\"https:\\\/\\\/secure.gravatar.com\\\/avatar\\\/c4c509357859ea2ca2cbb6d8812898a73e4ef1ef9934c2e591d7e32face734d1?s=96&d=mm&r=g\",\"url\":\"https:\\\/\\\/secure.gravatar.com\\\/avatar\\\/c4c509357859ea2ca2cbb6d8812898a73e4ef1ef9934c2e591d7e32face734d1?s=96&d=mm&r=g\",\"contentUrl\":\"https:\\\/\\\/secure.gravatar.com\\\/avatar\\\/c4c509357859ea2ca2cbb6d8812898a73e4ef1ef9934c2e591d7e32face734d1?s=96&d=mm&r=g\",\"caption\":\"Redaction\"},\"url\":\"https:\\\/\\\/lepatriotebenin.com\"}]}<\/script>\n<!-- \/ Yoast SEO plugin. -->","yoast_head_json":{"title":"UN an apr\u00e8s son arrestation : Azanna\u00ef rend hommage \u00e0 Olivier Boko, - Le Patriote","robots":{"index":"index","follow":"follow","max-snippet":"max-snippet:-1","max-image-preview":"max-image-preview:large","max-video-preview":"max-video-preview:-1"},"canonical":"https:\/\/lepatriotebenin.com\/index.php\/2025\/09\/25\/un-an-apres-son-arrestation-azannai-rend-hommage-a-olivier-boko\/","og_locale":"fr_FR","og_type":"article","og_title":"UN an apr\u00e8s son arrestation : Azanna\u00ef rend hommage \u00e0 Olivier Boko, - Le Patriote","og_description":"\u00c0 travers une publication poignante sur sa page Facebook, l\u2019ancien ministre Candide Armand-Marie Azanna\u00ef est revenu sur un \u00e9v\u00e9nement marquant survenu dans la nuit du 23 au 24 septembre 2024.&hellip;","og_url":"https:\/\/lepatriotebenin.com\/index.php\/2025\/09\/25\/un-an-apres-son-arrestation-azannai-rend-hommage-a-olivier-boko\/","og_site_name":"Le Patriote","article_published_time":"2025-09-25T00:13:51+00:00","og_image":[{"width":780,"height":560,"url":"https:\/\/lepatriotebenin.com\/wp-content\/uploads\/2025\/09\/aza.jpg","type":"image\/jpeg"}],"author":"Redaction","twitter_card":"summary_large_image","twitter_misc":{"\u00c9crit par":"Redaction","Dur\u00e9e de lecture estim\u00e9e":"2 minutes"},"schema":{"@context":"https:\/\/schema.org","@graph":[{"@type":"Article","@id":"https:\/\/lepatriotebenin.com\/index.php\/2025\/09\/25\/un-an-apres-son-arrestation-azannai-rend-hommage-a-olivier-boko\/#article","isPartOf":{"@id":"https:\/\/lepatriotebenin.com\/index.php\/2025\/09\/25\/un-an-apres-son-arrestation-azannai-rend-hommage-a-olivier-boko\/"},"author":{"name":"Redaction","@id":"https:\/\/lepatriotebenin.com\/#\/schema\/person\/2e7709b9c9cc313e452d1136af61690f"},"headline":"UN an apr\u00e8s son arrestation : Azanna\u00ef rend hommage \u00e0 Olivier Boko,","datePublished":"2025-09-25T00:13:51+00:00","mainEntityOfPage":{"@id":"https:\/\/lepatriotebenin.com\/index.php\/2025\/09\/25\/un-an-apres-son-arrestation-azannai-rend-hommage-a-olivier-boko\/"},"wordCount":319,"commentCount":0,"image":{"@id":"https:\/\/lepatriotebenin.com\/index.php\/2025\/09\/25\/un-an-apres-son-arrestation-azannai-rend-hommage-a-olivier-boko\/#primaryimage"},"thumbnailUrl":"https:\/\/lepatriotebenin.com\/wp-content\/uploads\/2025\/09\/aza.jpg","articleSection":["Politique"],"inLanguage":"fr-FR","potentialAction":[{"@type":"CommentAction","name":"Comment","target":["https:\/\/lepatriotebenin.com\/index.php\/2025\/09\/25\/un-an-apres-son-arrestation-azannai-rend-hommage-a-olivier-boko\/#respond"]}]},{"@type":"WebPage","@id":"https:\/\/lepatriotebenin.com\/index.php\/2025\/09\/25\/un-an-apres-son-arrestation-azannai-rend-hommage-a-olivier-boko\/","url":"https:\/\/lepatriotebenin.com\/index.php\/2025\/09\/25\/un-an-apres-son-arrestation-azannai-rend-hommage-a-olivier-boko\/","name":"UN an apr\u00e8s son arrestation : Azanna\u00ef rend hommage \u00e0 Olivier Boko, - Le Patriote","isPartOf":{"@id":"https:\/\/lepatriotebenin.com\/#website"},"primaryImageOfPage":{"@id":"https:\/\/lepatriotebenin.com\/index.php\/2025\/09\/25\/un-an-apres-son-arrestation-azannai-rend-hommage-a-olivier-boko\/#primaryimage"},"image":{"@id":"https:\/\/lepatriotebenin.com\/index.php\/2025\/09\/25\/un-an-apres-son-arrestation-azannai-rend-hommage-a-olivier-boko\/#primaryimage"},"thumbnailUrl":"https:\/\/lepatriotebenin.com\/wp-content\/uploads\/2025\/09\/aza.jpg","datePublished":"2025-09-25T00:13:51+00:00","author":{"@id":"https:\/\/lepatriotebenin.com\/#\/schema\/person\/2e7709b9c9cc313e452d1136af61690f"},"breadcrumb":{"@id":"https:\/\/lepatriotebenin.com\/index.php\/2025\/09\/25\/un-an-apres-son-arrestation-azannai-rend-hommage-a-olivier-boko\/#breadcrumb"},"inLanguage":"fr-FR","potentialAction":[{"@type":"ReadAction","target":["https:\/\/lepatriotebenin.com\/index.php\/2025\/09\/25\/un-an-apres-son-arrestation-azannai-rend-hommage-a-olivier-boko\/"]}]},{"@type":"ImageObject","inLanguage":"fr-FR","@id":"https:\/\/lepatriotebenin.com\/index.php\/2025\/09\/25\/un-an-apres-son-arrestation-azannai-rend-hommage-a-olivier-boko\/#primaryimage","url":"https:\/\/lepatriotebenin.com\/wp-content\/uploads\/2025\/09\/aza.jpg","contentUrl":"https:\/\/lepatriotebenin.com\/wp-content\/uploads\/2025\/09\/aza.jpg","width":780,"height":560},{"@type":"BreadcrumbList","@id":"https:\/\/lepatriotebenin.com\/index.php\/2025\/09\/25\/un-an-apres-son-arrestation-azannai-rend-hommage-a-olivier-boko\/#breadcrumb","itemListElement":[{"@type":"ListItem","position":1,"name":"Accueil","item":"https:\/\/lepatriotebenin.com\/"},{"@type":"ListItem","position":2,"name":"UN an apr\u00e8s son arrestation : Azanna\u00ef rend hommage \u00e0 Olivier Boko,"}]},{"@type":"WebSite","@id":"https:\/\/lepatriotebenin.com\/#website","url":"https:\/\/lepatriotebenin.com\/","name":"Le Patriote","description":"Le Patriote B\u00e9nin","potentialAction":[{"@type":"SearchAction","target":{"@type":"EntryPoint","urlTemplate":"https:\/\/lepatriotebenin.com\/?s={search_term_string}"},"query-input":{"@type":"PropertyValueSpecification","valueRequired":true,"valueName":"search_term_string"}}],"inLanguage":"fr-FR"},{"@type":"Person","@id":"https:\/\/lepatriotebenin.com\/#\/schema\/person\/2e7709b9c9cc313e452d1136af61690f","name":"Redaction","image":{"@type":"ImageObject","inLanguage":"fr-FR","@id":"https:\/\/secure.gravatar.com\/avatar\/c4c509357859ea2ca2cbb6d8812898a73e4ef1ef9934c2e591d7e32face734d1?s=96&d=mm&r=g","url":"https:\/\/secure.gravatar.com\/avatar\/c4c509357859ea2ca2cbb6d8812898a73e4ef1ef9934c2e591d7e32face734d1?s=96&d=mm&r=g","contentUrl":"https:\/\/secure.gravatar.com\/avatar\/c4c509357859ea2ca2cbb6d8812898a73e4ef1ef9934c2e591d7e32face734d1?s=96&d=mm&r=g","caption":"Redaction"},"url":"https:\/\/lepatriotebenin.com"}]}},"_links":{"self":[{"href":"https:\/\/lepatriotebenin.com\/index.php\/wp-json\/wp\/v2\/posts\/13762","targetHints":{"allow":["GET"]}}],"collection":[{"href":"https:\/\/lepatriotebenin.com\/index.php\/wp-json\/wp\/v2\/posts"}],"about":[{"href":"https:\/\/lepatriotebenin.com\/index.php\/wp-json\/wp\/v2\/types\/post"}],"author":[{"embeddable":true,"href":"https:\/\/lepatriotebenin.com\/index.php\/wp-json\/wp\/v2\/users\/5"}],"replies":[{"embeddable":true,"href":"https:\/\/lepatriotebenin.com\/index.php\/wp-json\/wp\/v2\/comments?post=13762"}],"version-history":[{"count":1,"href":"https:\/\/lepatriotebenin.com\/index.php\/wp-json\/wp\/v2\/posts\/13762\/revisions"}],"predecessor-version":[{"id":13764,"href":"https:\/\/lepatriotebenin.com\/index.php\/wp-json\/wp\/v2\/posts\/13762\/revisions\/13764"}],"wp:featuredmedia":[{"embeddable":true,"href":"https:\/\/lepatriotebenin.com\/index.php\/wp-json\/wp\/v2\/media\/13763"}],"wp:attachment":[{"href":"https:\/\/lepatriotebenin.com\/index.php\/wp-json\/wp\/v2\/media?parent=13762"}],"wp:term":[{"taxonomy":"category","embeddable":true,"href":"https:\/\/lepatriotebenin.com\/index.php\/wp-json\/wp\/v2\/categories?post=13762"},{"taxonomy":"post_tag","embeddable":true,"href":"https:\/\/lepatriotebenin.com\/index.php\/wp-json\/wp\/v2\/tags?post=13762"}],"curies":[{"name":"wp","href":"https:\/\/api.w.org\/{rel}","templated":true}]}}