{"id":13755,"date":"2025-09-25T01:52:34","date_gmt":"2025-09-24T23:52:34","guid":{"rendered":"https:\/\/lepatriotebenin.com\/?p=13755"},"modified":"2025-09-25T01:52:34","modified_gmt":"2025-09-24T23:52:34","slug":"exposition-des-oeuvres-dart-contemporain-a-linstitut-francais-du-benin-sebastien-boko-signe-nu-xixa-le-1er-octobre-prochain","status":"publish","type":"post","link":"https:\/\/lepatriotebenin.com\/index.php\/2025\/09\/25\/exposition-des-oeuvres-dart-contemporain-a-linstitut-francais-du-benin-sebastien-boko-signe-nu-xixa-le-1er-octobre-prochain\/","title":{"rendered":"Exposition des \u0153uvres d\u2019art contemporain \u00e0 l\u2019institut fran\u00e7ais du B\u00e9nin : S\u00e9bastien Boko signe  \u2018\u2019N\u00fa X\u00ecx\u00e0\u2019\u2019 le 1er Octobre prochain"},"content":{"rendered":"<p><em><strong>Projet de cr\u00e9ation contemporaine m\u00ealant\u00a0 sculpture,\u00a0 peinture et installation, \u2019\u2019N\u00fa X\u00ecx\u00e0\u2019\u2019 s\u2019inscrit dans une d\u00e9marche de pr\u00e9servation de la m\u00e9moire, dans un B\u00e9nin en pleine mutation culturelle. Port\u00e9e par l\u2019artiste visuel, M. S\u00e9bastien Boko, cette id\u00e9e sera d\u00e9voil\u00e9e au public le 1er Octobre prochain, dans les locaux de l\u2019institut fran\u00e7ais du B\u00e9nin, \u00e0 travers une exposition atypique. \u00a0<\/strong><\/em><\/p>\n<p>Ax\u00e9e sur le th\u00e8me \u2018\u2019Comptage\u2019\u2019, l\u2019exposition d\u00e9nomm\u00e9e \u00a0\u2018\u2019N\u00fa X\u00ecx\u00e0\u2019\u2019 \u00a0ne se limite pas\u00a0 seulement \u00e0 une op\u00e9ration math\u00e9matique, mais \u00e0 une pratique po\u00e9tique, symbolique et profond\u00e9ment humaine. Les visiteurs auront \u00e0 d\u00e9couvrir, au cours de cette exposition, des\u00a0 chiffres \u00e9voqu\u00e9s\u00a0 non par abstraction, mais par le corps humain, des objets et\u00a0 la terre. Pour M. S\u00e9bastien Boko, cette\u00a0 exposition entend\u00a0 rendre hommage \u00e0 sa vision du monde, o\u00f9 le chiffre devient image, geste et m\u00e9moire, o\u00f9 la langue devient mati\u00e8re \u00e0 sculpter, \u00e0 peindre et \u00e0 incarner.<\/p>\n<p>L\u2019artiste aborde ainsi une nouvelle cr\u00e9ation dont le public est fortement\u00a0 exhort\u00e9 \u00e0 d\u00e9couvrir \u00e0 tout prix. Il s\u2019agit d\u2019une\u00a0 s\u00e9rie sur le comptage en langue \u00a0Fongb\u00e9. Cela pr\u00e9sente une sorte de\u00a0 po\u00e9sie imaginaire et\u00a0 incroyable selon M. S\u00e9bastien Boko.\u00a0 \u00ab\u00a0\u00c7a m\u2019a sid\u00e9r\u00e9, quand j\u2019ai commenc\u00e9 cette s\u00e9rie. C\u2019est un tr\u00e8s bon\u00a0 sujet\u00a0 que je continuerai \u00e0 d\u00e9velopper\u00a0\u00bb. Avec une technique semi-figurative et abstrait, les \u0153uvres \u00a0\u00a0permettront au public de d\u00e9celer avec attention, le comptage des chiffres et lettres en langue fongb\u00e9.\u00a0 Il y a des imaginations, des objets et des parties du corps humain qui signifient ou repr\u00e9sentent des chiffres.<\/p>\n<p>Par exemple, le chiffre 17 repr\u00e9sente simplement en lange fongb\u00e9, trois (03)\u00a0 pieds et deux (02) yeux. Cette perception met en valeur \u00a0la po\u00e9sie. Un autre exemple, une corde qui veut dire en langue fongb\u00e9\u00a0 quarante (40).\u00a0 Quant \u00e0 la terre\u00a0 argile, elle\u00a0 repr\u00e9sente vingt (20). \u00a0Cette exposition sera ouverte au public du 1er au 31 Octobre 2025.<\/p>\n<p><strong>Rod\u00e9ric DEDEGNONHOU<\/strong><\/p>\n<p><img fetchpriority=\"high\" decoding=\"async\" class=\"alignnone size-medium wp-image-13757\" src=\"https:\/\/lepatriotebenin.com\/wp-content\/uploads\/2025\/09\/toile-300x300.jpg\" alt=\"\" width=\"300\" height=\"300\" srcset=\"https:\/\/lepatriotebenin.com\/wp-content\/uploads\/2025\/09\/toile-300x300.jpg 300w, https:\/\/lepatriotebenin.com\/wp-content\/uploads\/2025\/09\/toile-1024x1019.jpg 1024w, https:\/\/lepatriotebenin.com\/wp-content\/uploads\/2025\/09\/toile-150x150.jpg 150w, https:\/\/lepatriotebenin.com\/wp-content\/uploads\/2025\/09\/toile-585x585.jpg 585w, https:\/\/lepatriotebenin.com\/wp-content\/uploads\/2025\/09\/toile.jpg 1080w\" sizes=\"(max-width: 300px) 100vw, 300px\" \/><\/p>\n","protected":false},"excerpt":{"rendered":"<p>Projet de cr\u00e9ation contemporaine m\u00ealant\u00a0 sculpture,\u00a0 peinture et installation, \u2019\u2019N\u00fa X\u00ecx\u00e0\u2019\u2019 s\u2019inscrit dans une d\u00e9marche de pr\u00e9servation de la m\u00e9moire, dans un B\u00e9nin en pleine mutation culturelle. Port\u00e9e par l\u2019artiste&hellip;<\/p>\n","protected":false},"author":5,"featured_media":13756,"comment_status":"open","ping_status":"open","sticky":false,"template":"","format":"standard","meta":{"content-type":"","om_disable_all_campaigns":false,"_monsterinsights_skip_tracking":false,"_monsterinsights_sitenote_active":false,"_monsterinsights_sitenote_note":"","_monsterinsights_sitenote_category":0,"_uf_show_specific_survey":0,"_uf_disable_surveys":false,"footnotes":""},"categories":[29],"tags":[],"class_list":["post-13755","post","type-post","status-publish","format-standard","has-post-thumbnail","hentry","category-culture"],"aioseo_notices":[],"yoast_head":"<!-- This site is optimized with the Yoast SEO plugin v27.5 - https:\/\/yoast.com\/product\/yoast-seo-wordpress\/ -->\n<title>Exposition des \u0153uvres d\u2019art contemporain \u00e0 l\u2019institut fran\u00e7ais du B\u00e9nin : S\u00e9bastien Boko signe \u2018\u2019N\u00fa X\u00ecx\u00e0\u2019\u2019 le 1er Octobre prochain - Le Patriote<\/title>\n<meta name=\"robots\" content=\"index, follow, max-snippet:-1, max-image-preview:large, max-video-preview:-1\" \/>\n<link rel=\"canonical\" href=\"https:\/\/lepatriotebenin.com\/index.php\/2025\/09\/25\/exposition-des-oeuvres-dart-contemporain-a-linstitut-francais-du-benin-sebastien-boko-signe-nu-xixa-le-1er-octobre-prochain\/\" \/>\n<meta property=\"og:locale\" content=\"fr_FR\" \/>\n<meta property=\"og:type\" content=\"article\" \/>\n<meta property=\"og:title\" content=\"Exposition des \u0153uvres d\u2019art contemporain \u00e0 l\u2019institut fran\u00e7ais du B\u00e9nin : S\u00e9bastien Boko signe \u2018\u2019N\u00fa X\u00ecx\u00e0\u2019\u2019 le 1er Octobre prochain - Le Patriote\" \/>\n<meta property=\"og:description\" content=\"Projet de cr\u00e9ation contemporaine m\u00ealant\u00a0 sculpture,\u00a0 peinture et installation, \u2019\u2019N\u00fa X\u00ecx\u00e0\u2019\u2019 s\u2019inscrit dans une d\u00e9marche de pr\u00e9servation de la m\u00e9moire, dans un B\u00e9nin en pleine mutation culturelle. Port\u00e9e par l\u2019artiste&hellip;\" \/>\n<meta property=\"og:url\" content=\"https:\/\/lepatriotebenin.com\/index.php\/2025\/09\/25\/exposition-des-oeuvres-dart-contemporain-a-linstitut-francais-du-benin-sebastien-boko-signe-nu-xixa-le-1er-octobre-prochain\/\" \/>\n<meta property=\"og:site_name\" content=\"Le Patriote\" \/>\n<meta property=\"article:published_time\" content=\"2025-09-24T23:52:34+00:00\" \/>\n<meta property=\"og:image\" content=\"https:\/\/lepatriotebenin.com\/wp-content\/uploads\/2025\/09\/boko.jpg\" \/>\n\t<meta property=\"og:image:width\" content=\"1600\" \/>\n\t<meta property=\"og:image:height\" content=\"1280\" \/>\n\t<meta property=\"og:image:type\" content=\"image\/jpeg\" \/>\n<meta name=\"author\" content=\"Redaction\" \/>\n<meta name=\"twitter:card\" content=\"summary_large_image\" \/>\n<meta name=\"twitter:label1\" content=\"\u00c9crit par\" \/>\n\t<meta name=\"twitter:data1\" content=\"Redaction\" \/>\n\t<meta name=\"twitter:label2\" content=\"Dur\u00e9e de lecture estim\u00e9e\" \/>\n\t<meta name=\"twitter:data2\" content=\"2 minutes\" \/>\n<script type=\"application\/ld+json\" class=\"yoast-schema-graph\">{\"@context\":\"https:\\\/\\\/schema.org\",\"@graph\":[{\"@type\":\"Article\",\"@id\":\"https:\\\/\\\/lepatriotebenin.com\\\/index.php\\\/2025\\\/09\\\/25\\\/exposition-des-oeuvres-dart-contemporain-a-linstitut-francais-du-benin-sebastien-boko-signe-nu-xixa-le-1er-octobre-prochain\\\/#article\",\"isPartOf\":{\"@id\":\"https:\\\/\\\/lepatriotebenin.com\\\/index.php\\\/2025\\\/09\\\/25\\\/exposition-des-oeuvres-dart-contemporain-a-linstitut-francais-du-benin-sebastien-boko-signe-nu-xixa-le-1er-octobre-prochain\\\/\"},\"author\":{\"name\":\"Redaction\",\"@id\":\"https:\\\/\\\/lepatriotebenin.com\\\/#\\\/schema\\\/person\\\/2e7709b9c9cc313e452d1136af61690f\"},\"headline\":\"Exposition des \u0153uvres d\u2019art contemporain \u00e0 l\u2019institut fran\u00e7ais du B\u00e9nin : S\u00e9bastien Boko signe \u2018\u2019N\u00fa X\u00ecx\u00e0\u2019\u2019 le 1er Octobre prochain\",\"datePublished\":\"2025-09-24T23:52:34+00:00\",\"mainEntityOfPage\":{\"@id\":\"https:\\\/\\\/lepatriotebenin.com\\\/index.php\\\/2025\\\/09\\\/25\\\/exposition-des-oeuvres-dart-contemporain-a-linstitut-francais-du-benin-sebastien-boko-signe-nu-xixa-le-1er-octobre-prochain\\\/\"},\"wordCount\":364,\"commentCount\":0,\"image\":{\"@id\":\"https:\\\/\\\/lepatriotebenin.com\\\/index.php\\\/2025\\\/09\\\/25\\\/exposition-des-oeuvres-dart-contemporain-a-linstitut-francais-du-benin-sebastien-boko-signe-nu-xixa-le-1er-octobre-prochain\\\/#primaryimage\"},\"thumbnailUrl\":\"https:\\\/\\\/lepatriotebenin.com\\\/wp-content\\\/uploads\\\/2025\\\/09\\\/boko.jpg\",\"articleSection\":[\"Culture\"],\"inLanguage\":\"fr-FR\",\"potentialAction\":[{\"@type\":\"CommentAction\",\"name\":\"Comment\",\"target\":[\"https:\\\/\\\/lepatriotebenin.com\\\/index.php\\\/2025\\\/09\\\/25\\\/exposition-des-oeuvres-dart-contemporain-a-linstitut-francais-du-benin-sebastien-boko-signe-nu-xixa-le-1er-octobre-prochain\\\/#respond\"]}]},{\"@type\":\"WebPage\",\"@id\":\"https:\\\/\\\/lepatriotebenin.com\\\/index.php\\\/2025\\\/09\\\/25\\\/exposition-des-oeuvres-dart-contemporain-a-linstitut-francais-du-benin-sebastien-boko-signe-nu-xixa-le-1er-octobre-prochain\\\/\",\"url\":\"https:\\\/\\\/lepatriotebenin.com\\\/index.php\\\/2025\\\/09\\\/25\\\/exposition-des-oeuvres-dart-contemporain-a-linstitut-francais-du-benin-sebastien-boko-signe-nu-xixa-le-1er-octobre-prochain\\\/\",\"name\":\"Exposition des \u0153uvres d\u2019art contemporain \u00e0 l\u2019institut fran\u00e7ais du B\u00e9nin : S\u00e9bastien Boko signe \u2018\u2019N\u00fa X\u00ecx\u00e0\u2019\u2019 le 1er Octobre prochain - Le Patriote\",\"isPartOf\":{\"@id\":\"https:\\\/\\\/lepatriotebenin.com\\\/#website\"},\"primaryImageOfPage\":{\"@id\":\"https:\\\/\\\/lepatriotebenin.com\\\/index.php\\\/2025\\\/09\\\/25\\\/exposition-des-oeuvres-dart-contemporain-a-linstitut-francais-du-benin-sebastien-boko-signe-nu-xixa-le-1er-octobre-prochain\\\/#primaryimage\"},\"image\":{\"@id\":\"https:\\\/\\\/lepatriotebenin.com\\\/index.php\\\/2025\\\/09\\\/25\\\/exposition-des-oeuvres-dart-contemporain-a-linstitut-francais-du-benin-sebastien-boko-signe-nu-xixa-le-1er-octobre-prochain\\\/#primaryimage\"},\"thumbnailUrl\":\"https:\\\/\\\/lepatriotebenin.com\\\/wp-content\\\/uploads\\\/2025\\\/09\\\/boko.jpg\",\"datePublished\":\"2025-09-24T23:52:34+00:00\",\"author\":{\"@id\":\"https:\\\/\\\/lepatriotebenin.com\\\/#\\\/schema\\\/person\\\/2e7709b9c9cc313e452d1136af61690f\"},\"breadcrumb\":{\"@id\":\"https:\\\/\\\/lepatriotebenin.com\\\/index.php\\\/2025\\\/09\\\/25\\\/exposition-des-oeuvres-dart-contemporain-a-linstitut-francais-du-benin-sebastien-boko-signe-nu-xixa-le-1er-octobre-prochain\\\/#breadcrumb\"},\"inLanguage\":\"fr-FR\",\"potentialAction\":[{\"@type\":\"ReadAction\",\"target\":[\"https:\\\/\\\/lepatriotebenin.com\\\/index.php\\\/2025\\\/09\\\/25\\\/exposition-des-oeuvres-dart-contemporain-a-linstitut-francais-du-benin-sebastien-boko-signe-nu-xixa-le-1er-octobre-prochain\\\/\"]}]},{\"@type\":\"ImageObject\",\"inLanguage\":\"fr-FR\",\"@id\":\"https:\\\/\\\/lepatriotebenin.com\\\/index.php\\\/2025\\\/09\\\/25\\\/exposition-des-oeuvres-dart-contemporain-a-linstitut-francais-du-benin-sebastien-boko-signe-nu-xixa-le-1er-octobre-prochain\\\/#primaryimage\",\"url\":\"https:\\\/\\\/lepatriotebenin.com\\\/wp-content\\\/uploads\\\/2025\\\/09\\\/boko.jpg\",\"contentUrl\":\"https:\\\/\\\/lepatriotebenin.com\\\/wp-content\\\/uploads\\\/2025\\\/09\\\/boko.jpg\",\"width\":1600,\"height\":1280},{\"@type\":\"BreadcrumbList\",\"@id\":\"https:\\\/\\\/lepatriotebenin.com\\\/index.php\\\/2025\\\/09\\\/25\\\/exposition-des-oeuvres-dart-contemporain-a-linstitut-francais-du-benin-sebastien-boko-signe-nu-xixa-le-1er-octobre-prochain\\\/#breadcrumb\",\"itemListElement\":[{\"@type\":\"ListItem\",\"position\":1,\"name\":\"Accueil\",\"item\":\"https:\\\/\\\/lepatriotebenin.com\\\/\"},{\"@type\":\"ListItem\",\"position\":2,\"name\":\"Exposition des \u0153uvres d\u2019art contemporain \u00e0 l\u2019institut fran\u00e7ais du B\u00e9nin : S\u00e9bastien Boko signe \u2018\u2019N\u00fa X\u00ecx\u00e0\u2019\u2019 le 1er Octobre prochain\"}]},{\"@type\":\"WebSite\",\"@id\":\"https:\\\/\\\/lepatriotebenin.com\\\/#website\",\"url\":\"https:\\\/\\\/lepatriotebenin.com\\\/\",\"name\":\"Le Patriote\",\"description\":\"Le Patriote B\u00e9nin\",\"potentialAction\":[{\"@type\":\"SearchAction\",\"target\":{\"@type\":\"EntryPoint\",\"urlTemplate\":\"https:\\\/\\\/lepatriotebenin.com\\\/?s={search_term_string}\"},\"query-input\":{\"@type\":\"PropertyValueSpecification\",\"valueRequired\":true,\"valueName\":\"search_term_string\"}}],\"inLanguage\":\"fr-FR\"},{\"@type\":\"Person\",\"@id\":\"https:\\\/\\\/lepatriotebenin.com\\\/#\\\/schema\\\/person\\\/2e7709b9c9cc313e452d1136af61690f\",\"name\":\"Redaction\",\"image\":{\"@type\":\"ImageObject\",\"inLanguage\":\"fr-FR\",\"@id\":\"https:\\\/\\\/secure.gravatar.com\\\/avatar\\\/c4c509357859ea2ca2cbb6d8812898a73e4ef1ef9934c2e591d7e32face734d1?s=96&d=mm&r=g\",\"url\":\"https:\\\/\\\/secure.gravatar.com\\\/avatar\\\/c4c509357859ea2ca2cbb6d8812898a73e4ef1ef9934c2e591d7e32face734d1?s=96&d=mm&r=g\",\"contentUrl\":\"https:\\\/\\\/secure.gravatar.com\\\/avatar\\\/c4c509357859ea2ca2cbb6d8812898a73e4ef1ef9934c2e591d7e32face734d1?s=96&d=mm&r=g\",\"caption\":\"Redaction\"},\"url\":\"https:\\\/\\\/lepatriotebenin.com\"}]}<\/script>\n<!-- \/ Yoast SEO plugin. -->","yoast_head_json":{"title":"Exposition des \u0153uvres d\u2019art contemporain \u00e0 l\u2019institut fran\u00e7ais du B\u00e9nin : S\u00e9bastien Boko signe \u2018\u2019N\u00fa X\u00ecx\u00e0\u2019\u2019 le 1er Octobre prochain - Le Patriote","robots":{"index":"index","follow":"follow","max-snippet":"max-snippet:-1","max-image-preview":"max-image-preview:large","max-video-preview":"max-video-preview:-1"},"canonical":"https:\/\/lepatriotebenin.com\/index.php\/2025\/09\/25\/exposition-des-oeuvres-dart-contemporain-a-linstitut-francais-du-benin-sebastien-boko-signe-nu-xixa-le-1er-octobre-prochain\/","og_locale":"fr_FR","og_type":"article","og_title":"Exposition des \u0153uvres d\u2019art contemporain \u00e0 l\u2019institut fran\u00e7ais du B\u00e9nin : S\u00e9bastien Boko signe \u2018\u2019N\u00fa X\u00ecx\u00e0\u2019\u2019 le 1er Octobre prochain - Le Patriote","og_description":"Projet de cr\u00e9ation contemporaine m\u00ealant\u00a0 sculpture,\u00a0 peinture et installation, \u2019\u2019N\u00fa X\u00ecx\u00e0\u2019\u2019 s\u2019inscrit dans une d\u00e9marche de pr\u00e9servation de la m\u00e9moire, dans un B\u00e9nin en pleine mutation culturelle. Port\u00e9e par l\u2019artiste&hellip;","og_url":"https:\/\/lepatriotebenin.com\/index.php\/2025\/09\/25\/exposition-des-oeuvres-dart-contemporain-a-linstitut-francais-du-benin-sebastien-boko-signe-nu-xixa-le-1er-octobre-prochain\/","og_site_name":"Le Patriote","article_published_time":"2025-09-24T23:52:34+00:00","og_image":[{"width":1600,"height":1280,"url":"https:\/\/lepatriotebenin.com\/wp-content\/uploads\/2025\/09\/boko.jpg","type":"image\/jpeg"}],"author":"Redaction","twitter_card":"summary_large_image","twitter_misc":{"\u00c9crit par":"Redaction","Dur\u00e9e de lecture estim\u00e9e":"2 minutes"},"schema":{"@context":"https:\/\/schema.org","@graph":[{"@type":"Article","@id":"https:\/\/lepatriotebenin.com\/index.php\/2025\/09\/25\/exposition-des-oeuvres-dart-contemporain-a-linstitut-francais-du-benin-sebastien-boko-signe-nu-xixa-le-1er-octobre-prochain\/#article","isPartOf":{"@id":"https:\/\/lepatriotebenin.com\/index.php\/2025\/09\/25\/exposition-des-oeuvres-dart-contemporain-a-linstitut-francais-du-benin-sebastien-boko-signe-nu-xixa-le-1er-octobre-prochain\/"},"author":{"name":"Redaction","@id":"https:\/\/lepatriotebenin.com\/#\/schema\/person\/2e7709b9c9cc313e452d1136af61690f"},"headline":"Exposition des \u0153uvres d\u2019art contemporain \u00e0 l\u2019institut fran\u00e7ais du B\u00e9nin : S\u00e9bastien Boko signe \u2018\u2019N\u00fa X\u00ecx\u00e0\u2019\u2019 le 1er Octobre prochain","datePublished":"2025-09-24T23:52:34+00:00","mainEntityOfPage":{"@id":"https:\/\/lepatriotebenin.com\/index.php\/2025\/09\/25\/exposition-des-oeuvres-dart-contemporain-a-linstitut-francais-du-benin-sebastien-boko-signe-nu-xixa-le-1er-octobre-prochain\/"},"wordCount":364,"commentCount":0,"image":{"@id":"https:\/\/lepatriotebenin.com\/index.php\/2025\/09\/25\/exposition-des-oeuvres-dart-contemporain-a-linstitut-francais-du-benin-sebastien-boko-signe-nu-xixa-le-1er-octobre-prochain\/#primaryimage"},"thumbnailUrl":"https:\/\/lepatriotebenin.com\/wp-content\/uploads\/2025\/09\/boko.jpg","articleSection":["Culture"],"inLanguage":"fr-FR","potentialAction":[{"@type":"CommentAction","name":"Comment","target":["https:\/\/lepatriotebenin.com\/index.php\/2025\/09\/25\/exposition-des-oeuvres-dart-contemporain-a-linstitut-francais-du-benin-sebastien-boko-signe-nu-xixa-le-1er-octobre-prochain\/#respond"]}]},{"@type":"WebPage","@id":"https:\/\/lepatriotebenin.com\/index.php\/2025\/09\/25\/exposition-des-oeuvres-dart-contemporain-a-linstitut-francais-du-benin-sebastien-boko-signe-nu-xixa-le-1er-octobre-prochain\/","url":"https:\/\/lepatriotebenin.com\/index.php\/2025\/09\/25\/exposition-des-oeuvres-dart-contemporain-a-linstitut-francais-du-benin-sebastien-boko-signe-nu-xixa-le-1er-octobre-prochain\/","name":"Exposition des \u0153uvres d\u2019art contemporain \u00e0 l\u2019institut fran\u00e7ais du B\u00e9nin : S\u00e9bastien Boko signe \u2018\u2019N\u00fa X\u00ecx\u00e0\u2019\u2019 le 1er Octobre prochain - Le Patriote","isPartOf":{"@id":"https:\/\/lepatriotebenin.com\/#website"},"primaryImageOfPage":{"@id":"https:\/\/lepatriotebenin.com\/index.php\/2025\/09\/25\/exposition-des-oeuvres-dart-contemporain-a-linstitut-francais-du-benin-sebastien-boko-signe-nu-xixa-le-1er-octobre-prochain\/#primaryimage"},"image":{"@id":"https:\/\/lepatriotebenin.com\/index.php\/2025\/09\/25\/exposition-des-oeuvres-dart-contemporain-a-linstitut-francais-du-benin-sebastien-boko-signe-nu-xixa-le-1er-octobre-prochain\/#primaryimage"},"thumbnailUrl":"https:\/\/lepatriotebenin.com\/wp-content\/uploads\/2025\/09\/boko.jpg","datePublished":"2025-09-24T23:52:34+00:00","author":{"@id":"https:\/\/lepatriotebenin.com\/#\/schema\/person\/2e7709b9c9cc313e452d1136af61690f"},"breadcrumb":{"@id":"https:\/\/lepatriotebenin.com\/index.php\/2025\/09\/25\/exposition-des-oeuvres-dart-contemporain-a-linstitut-francais-du-benin-sebastien-boko-signe-nu-xixa-le-1er-octobre-prochain\/#breadcrumb"},"inLanguage":"fr-FR","potentialAction":[{"@type":"ReadAction","target":["https:\/\/lepatriotebenin.com\/index.php\/2025\/09\/25\/exposition-des-oeuvres-dart-contemporain-a-linstitut-francais-du-benin-sebastien-boko-signe-nu-xixa-le-1er-octobre-prochain\/"]}]},{"@type":"ImageObject","inLanguage":"fr-FR","@id":"https:\/\/lepatriotebenin.com\/index.php\/2025\/09\/25\/exposition-des-oeuvres-dart-contemporain-a-linstitut-francais-du-benin-sebastien-boko-signe-nu-xixa-le-1er-octobre-prochain\/#primaryimage","url":"https:\/\/lepatriotebenin.com\/wp-content\/uploads\/2025\/09\/boko.jpg","contentUrl":"https:\/\/lepatriotebenin.com\/wp-content\/uploads\/2025\/09\/boko.jpg","width":1600,"height":1280},{"@type":"BreadcrumbList","@id":"https:\/\/lepatriotebenin.com\/index.php\/2025\/09\/25\/exposition-des-oeuvres-dart-contemporain-a-linstitut-francais-du-benin-sebastien-boko-signe-nu-xixa-le-1er-octobre-prochain\/#breadcrumb","itemListElement":[{"@type":"ListItem","position":1,"name":"Accueil","item":"https:\/\/lepatriotebenin.com\/"},{"@type":"ListItem","position":2,"name":"Exposition des \u0153uvres d\u2019art contemporain \u00e0 l\u2019institut fran\u00e7ais du B\u00e9nin : S\u00e9bastien Boko signe \u2018\u2019N\u00fa X\u00ecx\u00e0\u2019\u2019 le 1er Octobre prochain"}]},{"@type":"WebSite","@id":"https:\/\/lepatriotebenin.com\/#website","url":"https:\/\/lepatriotebenin.com\/","name":"Le Patriote","description":"Le Patriote B\u00e9nin","potentialAction":[{"@type":"SearchAction","target":{"@type":"EntryPoint","urlTemplate":"https:\/\/lepatriotebenin.com\/?s={search_term_string}"},"query-input":{"@type":"PropertyValueSpecification","valueRequired":true,"valueName":"search_term_string"}}],"inLanguage":"fr-FR"},{"@type":"Person","@id":"https:\/\/lepatriotebenin.com\/#\/schema\/person\/2e7709b9c9cc313e452d1136af61690f","name":"Redaction","image":{"@type":"ImageObject","inLanguage":"fr-FR","@id":"https:\/\/secure.gravatar.com\/avatar\/c4c509357859ea2ca2cbb6d8812898a73e4ef1ef9934c2e591d7e32face734d1?s=96&d=mm&r=g","url":"https:\/\/secure.gravatar.com\/avatar\/c4c509357859ea2ca2cbb6d8812898a73e4ef1ef9934c2e591d7e32face734d1?s=96&d=mm&r=g","contentUrl":"https:\/\/secure.gravatar.com\/avatar\/c4c509357859ea2ca2cbb6d8812898a73e4ef1ef9934c2e591d7e32face734d1?s=96&d=mm&r=g","caption":"Redaction"},"url":"https:\/\/lepatriotebenin.com"}]}},"_links":{"self":[{"href":"https:\/\/lepatriotebenin.com\/index.php\/wp-json\/wp\/v2\/posts\/13755","targetHints":{"allow":["GET"]}}],"collection":[{"href":"https:\/\/lepatriotebenin.com\/index.php\/wp-json\/wp\/v2\/posts"}],"about":[{"href":"https:\/\/lepatriotebenin.com\/index.php\/wp-json\/wp\/v2\/types\/post"}],"author":[{"embeddable":true,"href":"https:\/\/lepatriotebenin.com\/index.php\/wp-json\/wp\/v2\/users\/5"}],"replies":[{"embeddable":true,"href":"https:\/\/lepatriotebenin.com\/index.php\/wp-json\/wp\/v2\/comments?post=13755"}],"version-history":[{"count":1,"href":"https:\/\/lepatriotebenin.com\/index.php\/wp-json\/wp\/v2\/posts\/13755\/revisions"}],"predecessor-version":[{"id":13758,"href":"https:\/\/lepatriotebenin.com\/index.php\/wp-json\/wp\/v2\/posts\/13755\/revisions\/13758"}],"wp:featuredmedia":[{"embeddable":true,"href":"https:\/\/lepatriotebenin.com\/index.php\/wp-json\/wp\/v2\/media\/13756"}],"wp:attachment":[{"href":"https:\/\/lepatriotebenin.com\/index.php\/wp-json\/wp\/v2\/media?parent=13755"}],"wp:term":[{"taxonomy":"category","embeddable":true,"href":"https:\/\/lepatriotebenin.com\/index.php\/wp-json\/wp\/v2\/categories?post=13755"},{"taxonomy":"post_tag","embeddable":true,"href":"https:\/\/lepatriotebenin.com\/index.php\/wp-json\/wp\/v2\/tags?post=13755"}],"curies":[{"name":"wp","href":"https:\/\/api.w.org\/{rel}","templated":true}]}}