{"id":13593,"date":"2025-09-18T09:59:14","date_gmt":"2025-09-18T07:59:14","guid":{"rendered":"https:\/\/lepatriotebenin.com\/?p=13593"},"modified":"2025-09-18T09:59:14","modified_gmt":"2025-09-18T07:59:14","slug":"plateforme-du-quitus-fiscal-victoire-politique-pour-les-democrates","status":"publish","type":"post","link":"https:\/\/lepatriotebenin.com\/index.php\/2025\/09\/18\/plateforme-du-quitus-fiscal-victoire-politique-pour-les-democrates\/","title":{"rendered":"Plateforme du quitus fiscal  : Victoire politique pour Les D\u00e9mocrates"},"content":{"rendered":"<p><strong><em>La Direction g\u00e9n\u00e9rale des Imp\u00f4ts (DGI) a revu sa plateforme de demande de quitus fiscal apr\u00e8s une audience accord\u00e9e au parti Les D\u00e9mocrates. La formation politique conduite par l\u2019honorable Nour\u00e9nou Atchad\u00e9 a obtenu satisfaction sur sa requ\u00eate, entra\u00eenant un r\u00e9am\u00e9nagement imm\u00e9diat du dispositif.<\/em><\/strong><\/p>\n<p>Apr\u00e8s l\u2019ouverture de la plateforme de demande de quitus fiscal, le parti d\u2019opposition Les D\u00e9mocrates a sollicit\u00e9 une audience aupr\u00e8s de la Direction g\u00e9n\u00e9rale des Imp\u00f4ts le mardi 16 septembre 2025. La rencontre s\u2019est tenue d\u00e8s le lendemain, mercredi 17 septembre, dans les locaux de la DGI, sous la conduite de l\u2019honorable Nour\u00e9nou Atchad\u00e9.<\/p>\n<p>Au c\u0153ur des \u00e9changes figurait l\u2019obligation, impos\u00e9e aux requ\u00e9rants, d\u2019indiquer sur la plateforme le type d\u2019\u00e9lection auquel ils comptent participer avant de d\u00e9poser leur demande de quitus fiscal. Les responsables des D\u00e9mocrates ont estim\u00e9 que cette exigence posait probl\u00e8me.<\/p>\n<p>La DGI a justifi\u00e9 ce param\u00e9trage par la n\u00e9cessit\u00e9 de traiter les demandes par ordre de priorit\u00e9, les d\u00e9lais de d\u00e9p\u00f4t \u00e0 la Commission \u00e9lectorale nationale autonome (CENA) variant selon les scrutins. Toutefois, apr\u00e8s consultation des autorit\u00e9s \u00e9lectorales et discussions avec la d\u00e9l\u00e9gation, la Direction g\u00e9n\u00e9rale des Imp\u00f4ts a finalement acc\u00e9d\u00e9 \u00e0 la requ\u00eate du parti d\u2019opposition.<\/p>\n<p>Il a \u00e9t\u00e9 d\u00e9cid\u00e9 de modifier la plateforme en cons\u00e9quence. La nouvelle version a \u00e9t\u00e9 d\u00e9ploy\u00e9e imm\u00e9diatement dans la soir\u00e9e du mercredi 17 septembre 2025.<\/p>\n<p>Ce revirement constitue une victoire pour le parti Les D\u00e9mocrates qui, par cette d\u00e9marche, a su obtenir une r\u00e9vision du dispositif fiscal essentiel dans le processus \u00e9lectoral.<\/p>\n<p><strong>Gildas AHOGNI<\/strong><\/p>\n","protected":false},"excerpt":{"rendered":"<p>La Direction g\u00e9n\u00e9rale des Imp\u00f4ts (DGI) a revu sa plateforme de demande de quitus fiscal apr\u00e8s une audience accord\u00e9e au parti Les D\u00e9mocrates. La formation politique conduite par l\u2019honorable Nour\u00e9nou&hellip;<\/p>\n","protected":false},"author":5,"featured_media":13594,"comment_status":"open","ping_status":"open","sticky":false,"template":"","format":"standard","meta":{"content-type":"","om_disable_all_campaigns":false,"_monsterinsights_skip_tracking":false,"_monsterinsights_sitenote_active":false,"_monsterinsights_sitenote_note":"","_monsterinsights_sitenote_category":0,"_uf_show_specific_survey":0,"_uf_disable_surveys":false,"footnotes":""},"categories":[20],"tags":[],"class_list":["post-13593","post","type-post","status-publish","format-standard","has-post-thumbnail","hentry","category-societe"],"aioseo_notices":[],"yoast_head":"<!-- This site is optimized with the Yoast SEO plugin v27.5 - https:\/\/yoast.com\/product\/yoast-seo-wordpress\/ -->\n<title>Plateforme du quitus fiscal : Victoire politique pour Les D\u00e9mocrates - Le Patriote<\/title>\n<meta name=\"robots\" content=\"index, follow, max-snippet:-1, max-image-preview:large, max-video-preview:-1\" \/>\n<link rel=\"canonical\" href=\"https:\/\/lepatriotebenin.com\/index.php\/2025\/09\/18\/plateforme-du-quitus-fiscal-victoire-politique-pour-les-democrates\/\" \/>\n<meta property=\"og:locale\" content=\"fr_FR\" \/>\n<meta property=\"og:type\" content=\"article\" \/>\n<meta property=\"og:title\" content=\"Plateforme du quitus fiscal : Victoire politique pour Les D\u00e9mocrates - Le Patriote\" \/>\n<meta property=\"og:description\" content=\"La Direction g\u00e9n\u00e9rale des Imp\u00f4ts (DGI) a revu sa plateforme de demande de quitus fiscal apr\u00e8s une audience accord\u00e9e au parti Les D\u00e9mocrates. La formation politique conduite par l\u2019honorable Nour\u00e9nou&hellip;\" \/>\n<meta property=\"og:url\" content=\"https:\/\/lepatriotebenin.com\/index.php\/2025\/09\/18\/plateforme-du-quitus-fiscal-victoire-politique-pour-les-democrates\/\" \/>\n<meta property=\"og:site_name\" content=\"Le Patriote\" \/>\n<meta property=\"article:published_time\" content=\"2025-09-18T07:59:14+00:00\" \/>\n<meta property=\"og:image\" content=\"https:\/\/lepatriotebenin.com\/wp-content\/uploads\/2025\/09\/nicolas-yenoussi.webp\" \/>\n\t<meta property=\"og:image:width\" content=\"1520\" \/>\n\t<meta property=\"og:image:height\" content=\"1158\" \/>\n\t<meta property=\"og:image:type\" content=\"image\/webp\" \/>\n<meta name=\"author\" content=\"Redaction\" \/>\n<meta name=\"twitter:card\" content=\"summary_large_image\" \/>\n<meta name=\"twitter:label1\" content=\"\u00c9crit par\" \/>\n\t<meta name=\"twitter:data1\" content=\"Redaction\" \/>\n\t<meta name=\"twitter:label2\" content=\"Dur\u00e9e de lecture estim\u00e9e\" \/>\n\t<meta name=\"twitter:data2\" content=\"2 minutes\" \/>\n<script type=\"application\/ld+json\" class=\"yoast-schema-graph\">{\"@context\":\"https:\\\/\\\/schema.org\",\"@graph\":[{\"@type\":\"Article\",\"@id\":\"https:\\\/\\\/lepatriotebenin.com\\\/index.php\\\/2025\\\/09\\\/18\\\/plateforme-du-quitus-fiscal-victoire-politique-pour-les-democrates\\\/#article\",\"isPartOf\":{\"@id\":\"https:\\\/\\\/lepatriotebenin.com\\\/index.php\\\/2025\\\/09\\\/18\\\/plateforme-du-quitus-fiscal-victoire-politique-pour-les-democrates\\\/\"},\"author\":{\"name\":\"Redaction\",\"@id\":\"https:\\\/\\\/lepatriotebenin.com\\\/#\\\/schema\\\/person\\\/2e7709b9c9cc313e452d1136af61690f\"},\"headline\":\"Plateforme du quitus fiscal : Victoire politique pour Les D\u00e9mocrates\",\"datePublished\":\"2025-09-18T07:59:14+00:00\",\"mainEntityOfPage\":{\"@id\":\"https:\\\/\\\/lepatriotebenin.com\\\/index.php\\\/2025\\\/09\\\/18\\\/plateforme-du-quitus-fiscal-victoire-politique-pour-les-democrates\\\/\"},\"wordCount\":308,\"commentCount\":0,\"image\":{\"@id\":\"https:\\\/\\\/lepatriotebenin.com\\\/index.php\\\/2025\\\/09\\\/18\\\/plateforme-du-quitus-fiscal-victoire-politique-pour-les-democrates\\\/#primaryimage\"},\"thumbnailUrl\":\"https:\\\/\\\/lepatriotebenin.com\\\/wp-content\\\/uploads\\\/2025\\\/09\\\/nicolas-yenoussi.webp\",\"articleSection\":[\"Soci\u00e9t\u00e9\"],\"inLanguage\":\"fr-FR\",\"potentialAction\":[{\"@type\":\"CommentAction\",\"name\":\"Comment\",\"target\":[\"https:\\\/\\\/lepatriotebenin.com\\\/index.php\\\/2025\\\/09\\\/18\\\/plateforme-du-quitus-fiscal-victoire-politique-pour-les-democrates\\\/#respond\"]}]},{\"@type\":\"WebPage\",\"@id\":\"https:\\\/\\\/lepatriotebenin.com\\\/index.php\\\/2025\\\/09\\\/18\\\/plateforme-du-quitus-fiscal-victoire-politique-pour-les-democrates\\\/\",\"url\":\"https:\\\/\\\/lepatriotebenin.com\\\/index.php\\\/2025\\\/09\\\/18\\\/plateforme-du-quitus-fiscal-victoire-politique-pour-les-democrates\\\/\",\"name\":\"Plateforme du quitus fiscal : Victoire politique pour Les D\u00e9mocrates - Le Patriote\",\"isPartOf\":{\"@id\":\"https:\\\/\\\/lepatriotebenin.com\\\/#website\"},\"primaryImageOfPage\":{\"@id\":\"https:\\\/\\\/lepatriotebenin.com\\\/index.php\\\/2025\\\/09\\\/18\\\/plateforme-du-quitus-fiscal-victoire-politique-pour-les-democrates\\\/#primaryimage\"},\"image\":{\"@id\":\"https:\\\/\\\/lepatriotebenin.com\\\/index.php\\\/2025\\\/09\\\/18\\\/plateforme-du-quitus-fiscal-victoire-politique-pour-les-democrates\\\/#primaryimage\"},\"thumbnailUrl\":\"https:\\\/\\\/lepatriotebenin.com\\\/wp-content\\\/uploads\\\/2025\\\/09\\\/nicolas-yenoussi.webp\",\"datePublished\":\"2025-09-18T07:59:14+00:00\",\"author\":{\"@id\":\"https:\\\/\\\/lepatriotebenin.com\\\/#\\\/schema\\\/person\\\/2e7709b9c9cc313e452d1136af61690f\"},\"breadcrumb\":{\"@id\":\"https:\\\/\\\/lepatriotebenin.com\\\/index.php\\\/2025\\\/09\\\/18\\\/plateforme-du-quitus-fiscal-victoire-politique-pour-les-democrates\\\/#breadcrumb\"},\"inLanguage\":\"fr-FR\",\"potentialAction\":[{\"@type\":\"ReadAction\",\"target\":[\"https:\\\/\\\/lepatriotebenin.com\\\/index.php\\\/2025\\\/09\\\/18\\\/plateforme-du-quitus-fiscal-victoire-politique-pour-les-democrates\\\/\"]}]},{\"@type\":\"ImageObject\",\"inLanguage\":\"fr-FR\",\"@id\":\"https:\\\/\\\/lepatriotebenin.com\\\/index.php\\\/2025\\\/09\\\/18\\\/plateforme-du-quitus-fiscal-victoire-politique-pour-les-democrates\\\/#primaryimage\",\"url\":\"https:\\\/\\\/lepatriotebenin.com\\\/wp-content\\\/uploads\\\/2025\\\/09\\\/nicolas-yenoussi.webp\",\"contentUrl\":\"https:\\\/\\\/lepatriotebenin.com\\\/wp-content\\\/uploads\\\/2025\\\/09\\\/nicolas-yenoussi.webp\",\"width\":1520,\"height\":1158},{\"@type\":\"BreadcrumbList\",\"@id\":\"https:\\\/\\\/lepatriotebenin.com\\\/index.php\\\/2025\\\/09\\\/18\\\/plateforme-du-quitus-fiscal-victoire-politique-pour-les-democrates\\\/#breadcrumb\",\"itemListElement\":[{\"@type\":\"ListItem\",\"position\":1,\"name\":\"Accueil\",\"item\":\"https:\\\/\\\/lepatriotebenin.com\\\/\"},{\"@type\":\"ListItem\",\"position\":2,\"name\":\"Plateforme du quitus fiscal : Victoire politique pour Les D\u00e9mocrates\"}]},{\"@type\":\"WebSite\",\"@id\":\"https:\\\/\\\/lepatriotebenin.com\\\/#website\",\"url\":\"https:\\\/\\\/lepatriotebenin.com\\\/\",\"name\":\"Le Patriote\",\"description\":\"Le Patriote B\u00e9nin\",\"potentialAction\":[{\"@type\":\"SearchAction\",\"target\":{\"@type\":\"EntryPoint\",\"urlTemplate\":\"https:\\\/\\\/lepatriotebenin.com\\\/?s={search_term_string}\"},\"query-input\":{\"@type\":\"PropertyValueSpecification\",\"valueRequired\":true,\"valueName\":\"search_term_string\"}}],\"inLanguage\":\"fr-FR\"},{\"@type\":\"Person\",\"@id\":\"https:\\\/\\\/lepatriotebenin.com\\\/#\\\/schema\\\/person\\\/2e7709b9c9cc313e452d1136af61690f\",\"name\":\"Redaction\",\"image\":{\"@type\":\"ImageObject\",\"inLanguage\":\"fr-FR\",\"@id\":\"https:\\\/\\\/secure.gravatar.com\\\/avatar\\\/c4c509357859ea2ca2cbb6d8812898a73e4ef1ef9934c2e591d7e32face734d1?s=96&d=mm&r=g\",\"url\":\"https:\\\/\\\/secure.gravatar.com\\\/avatar\\\/c4c509357859ea2ca2cbb6d8812898a73e4ef1ef9934c2e591d7e32face734d1?s=96&d=mm&r=g\",\"contentUrl\":\"https:\\\/\\\/secure.gravatar.com\\\/avatar\\\/c4c509357859ea2ca2cbb6d8812898a73e4ef1ef9934c2e591d7e32face734d1?s=96&d=mm&r=g\",\"caption\":\"Redaction\"},\"url\":\"https:\\\/\\\/lepatriotebenin.com\"}]}<\/script>\n<!-- \/ Yoast SEO plugin. -->","yoast_head_json":{"title":"Plateforme du quitus fiscal : Victoire politique pour Les D\u00e9mocrates - Le Patriote","robots":{"index":"index","follow":"follow","max-snippet":"max-snippet:-1","max-image-preview":"max-image-preview:large","max-video-preview":"max-video-preview:-1"},"canonical":"https:\/\/lepatriotebenin.com\/index.php\/2025\/09\/18\/plateforme-du-quitus-fiscal-victoire-politique-pour-les-democrates\/","og_locale":"fr_FR","og_type":"article","og_title":"Plateforme du quitus fiscal : Victoire politique pour Les D\u00e9mocrates - Le Patriote","og_description":"La Direction g\u00e9n\u00e9rale des Imp\u00f4ts (DGI) a revu sa plateforme de demande de quitus fiscal apr\u00e8s une audience accord\u00e9e au parti Les D\u00e9mocrates. La formation politique conduite par l\u2019honorable Nour\u00e9nou&hellip;","og_url":"https:\/\/lepatriotebenin.com\/index.php\/2025\/09\/18\/plateforme-du-quitus-fiscal-victoire-politique-pour-les-democrates\/","og_site_name":"Le Patriote","article_published_time":"2025-09-18T07:59:14+00:00","og_image":[{"width":1520,"height":1158,"url":"https:\/\/lepatriotebenin.com\/wp-content\/uploads\/2025\/09\/nicolas-yenoussi.webp","type":"image\/webp"}],"author":"Redaction","twitter_card":"summary_large_image","twitter_misc":{"\u00c9crit par":"Redaction","Dur\u00e9e de lecture estim\u00e9e":"2 minutes"},"schema":{"@context":"https:\/\/schema.org","@graph":[{"@type":"Article","@id":"https:\/\/lepatriotebenin.com\/index.php\/2025\/09\/18\/plateforme-du-quitus-fiscal-victoire-politique-pour-les-democrates\/#article","isPartOf":{"@id":"https:\/\/lepatriotebenin.com\/index.php\/2025\/09\/18\/plateforme-du-quitus-fiscal-victoire-politique-pour-les-democrates\/"},"author":{"name":"Redaction","@id":"https:\/\/lepatriotebenin.com\/#\/schema\/person\/2e7709b9c9cc313e452d1136af61690f"},"headline":"Plateforme du quitus fiscal : Victoire politique pour Les D\u00e9mocrates","datePublished":"2025-09-18T07:59:14+00:00","mainEntityOfPage":{"@id":"https:\/\/lepatriotebenin.com\/index.php\/2025\/09\/18\/plateforme-du-quitus-fiscal-victoire-politique-pour-les-democrates\/"},"wordCount":308,"commentCount":0,"image":{"@id":"https:\/\/lepatriotebenin.com\/index.php\/2025\/09\/18\/plateforme-du-quitus-fiscal-victoire-politique-pour-les-democrates\/#primaryimage"},"thumbnailUrl":"https:\/\/lepatriotebenin.com\/wp-content\/uploads\/2025\/09\/nicolas-yenoussi.webp","articleSection":["Soci\u00e9t\u00e9"],"inLanguage":"fr-FR","potentialAction":[{"@type":"CommentAction","name":"Comment","target":["https:\/\/lepatriotebenin.com\/index.php\/2025\/09\/18\/plateforme-du-quitus-fiscal-victoire-politique-pour-les-democrates\/#respond"]}]},{"@type":"WebPage","@id":"https:\/\/lepatriotebenin.com\/index.php\/2025\/09\/18\/plateforme-du-quitus-fiscal-victoire-politique-pour-les-democrates\/","url":"https:\/\/lepatriotebenin.com\/index.php\/2025\/09\/18\/plateforme-du-quitus-fiscal-victoire-politique-pour-les-democrates\/","name":"Plateforme du quitus fiscal : Victoire politique pour Les D\u00e9mocrates - Le Patriote","isPartOf":{"@id":"https:\/\/lepatriotebenin.com\/#website"},"primaryImageOfPage":{"@id":"https:\/\/lepatriotebenin.com\/index.php\/2025\/09\/18\/plateforme-du-quitus-fiscal-victoire-politique-pour-les-democrates\/#primaryimage"},"image":{"@id":"https:\/\/lepatriotebenin.com\/index.php\/2025\/09\/18\/plateforme-du-quitus-fiscal-victoire-politique-pour-les-democrates\/#primaryimage"},"thumbnailUrl":"https:\/\/lepatriotebenin.com\/wp-content\/uploads\/2025\/09\/nicolas-yenoussi.webp","datePublished":"2025-09-18T07:59:14+00:00","author":{"@id":"https:\/\/lepatriotebenin.com\/#\/schema\/person\/2e7709b9c9cc313e452d1136af61690f"},"breadcrumb":{"@id":"https:\/\/lepatriotebenin.com\/index.php\/2025\/09\/18\/plateforme-du-quitus-fiscal-victoire-politique-pour-les-democrates\/#breadcrumb"},"inLanguage":"fr-FR","potentialAction":[{"@type":"ReadAction","target":["https:\/\/lepatriotebenin.com\/index.php\/2025\/09\/18\/plateforme-du-quitus-fiscal-victoire-politique-pour-les-democrates\/"]}]},{"@type":"ImageObject","inLanguage":"fr-FR","@id":"https:\/\/lepatriotebenin.com\/index.php\/2025\/09\/18\/plateforme-du-quitus-fiscal-victoire-politique-pour-les-democrates\/#primaryimage","url":"https:\/\/lepatriotebenin.com\/wp-content\/uploads\/2025\/09\/nicolas-yenoussi.webp","contentUrl":"https:\/\/lepatriotebenin.com\/wp-content\/uploads\/2025\/09\/nicolas-yenoussi.webp","width":1520,"height":1158},{"@type":"BreadcrumbList","@id":"https:\/\/lepatriotebenin.com\/index.php\/2025\/09\/18\/plateforme-du-quitus-fiscal-victoire-politique-pour-les-democrates\/#breadcrumb","itemListElement":[{"@type":"ListItem","position":1,"name":"Accueil","item":"https:\/\/lepatriotebenin.com\/"},{"@type":"ListItem","position":2,"name":"Plateforme du quitus fiscal : Victoire politique pour Les D\u00e9mocrates"}]},{"@type":"WebSite","@id":"https:\/\/lepatriotebenin.com\/#website","url":"https:\/\/lepatriotebenin.com\/","name":"Le Patriote","description":"Le Patriote B\u00e9nin","potentialAction":[{"@type":"SearchAction","target":{"@type":"EntryPoint","urlTemplate":"https:\/\/lepatriotebenin.com\/?s={search_term_string}"},"query-input":{"@type":"PropertyValueSpecification","valueRequired":true,"valueName":"search_term_string"}}],"inLanguage":"fr-FR"},{"@type":"Person","@id":"https:\/\/lepatriotebenin.com\/#\/schema\/person\/2e7709b9c9cc313e452d1136af61690f","name":"Redaction","image":{"@type":"ImageObject","inLanguage":"fr-FR","@id":"https:\/\/secure.gravatar.com\/avatar\/c4c509357859ea2ca2cbb6d8812898a73e4ef1ef9934c2e591d7e32face734d1?s=96&d=mm&r=g","url":"https:\/\/secure.gravatar.com\/avatar\/c4c509357859ea2ca2cbb6d8812898a73e4ef1ef9934c2e591d7e32face734d1?s=96&d=mm&r=g","contentUrl":"https:\/\/secure.gravatar.com\/avatar\/c4c509357859ea2ca2cbb6d8812898a73e4ef1ef9934c2e591d7e32face734d1?s=96&d=mm&r=g","caption":"Redaction"},"url":"https:\/\/lepatriotebenin.com"}]}},"_links":{"self":[{"href":"https:\/\/lepatriotebenin.com\/index.php\/wp-json\/wp\/v2\/posts\/13593","targetHints":{"allow":["GET"]}}],"collection":[{"href":"https:\/\/lepatriotebenin.com\/index.php\/wp-json\/wp\/v2\/posts"}],"about":[{"href":"https:\/\/lepatriotebenin.com\/index.php\/wp-json\/wp\/v2\/types\/post"}],"author":[{"embeddable":true,"href":"https:\/\/lepatriotebenin.com\/index.php\/wp-json\/wp\/v2\/users\/5"}],"replies":[{"embeddable":true,"href":"https:\/\/lepatriotebenin.com\/index.php\/wp-json\/wp\/v2\/comments?post=13593"}],"version-history":[{"count":1,"href":"https:\/\/lepatriotebenin.com\/index.php\/wp-json\/wp\/v2\/posts\/13593\/revisions"}],"predecessor-version":[{"id":13595,"href":"https:\/\/lepatriotebenin.com\/index.php\/wp-json\/wp\/v2\/posts\/13593\/revisions\/13595"}],"wp:featuredmedia":[{"embeddable":true,"href":"https:\/\/lepatriotebenin.com\/index.php\/wp-json\/wp\/v2\/media\/13594"}],"wp:attachment":[{"href":"https:\/\/lepatriotebenin.com\/index.php\/wp-json\/wp\/v2\/media?parent=13593"}],"wp:term":[{"taxonomy":"category","embeddable":true,"href":"https:\/\/lepatriotebenin.com\/index.php\/wp-json\/wp\/v2\/categories?post=13593"},{"taxonomy":"post_tag","embeddable":true,"href":"https:\/\/lepatriotebenin.com\/index.php\/wp-json\/wp\/v2\/tags?post=13593"}],"curies":[{"name":"wp","href":"https:\/\/api.w.org\/{rel}","templated":true}]}}