{"id":13578,"date":"2025-09-17T15:58:21","date_gmt":"2025-09-17T13:58:21","guid":{"rendered":"https:\/\/lepatriotebenin.com\/?p=13578"},"modified":"2025-09-17T15:58:21","modified_gmt":"2025-09-17T13:58:21","slug":"benin-plusieurs-nominations-prononcees-dans-03-ministeres","status":"publish","type":"post","link":"https:\/\/lepatriotebenin.com\/index.php\/2025\/09\/17\/benin-plusieurs-nominations-prononcees-dans-03-ministeres\/","title":{"rendered":"B\u00e9nin : plusieurs nominations prononc\u00e9es dans 03 minist\u00e8res"},"content":{"rendered":"<p>Des nominations en Conseil des ministres du mercredi 17 septembre 2025. Plusieurs cadres ont \u00e9t\u00e9 promus \u00e0 diff\u00e9rents postes dans l&rsquo;administration publique.<\/p>\n<p><strong>Au minist\u00e8re de l&rsquo;Int\u00e9rieur et de la S\u00e9curit\u00e9 publique<\/strong><\/p>\n<p><strong>Secr\u00e9taire g\u00e9n\u00e9ral adjoint du minist\u00e8re :<\/strong>\u00a0Monsieur Michel Victor DANGNON<\/p>\n<p><strong>Conseiller technique \u00e0 la Gestion des partis politiques et des Affaires \u00e9lectorales:<\/strong>\u00a0Monsieur Adamou ABA BAGNAN<\/p>\n<p><strong>Directeur d\u00e9partemental de l&rsquo;Int\u00e9rieur et de la S\u00e9curit\u00e9 publique des d\u00e9partements du Zou et des Collines:\u00a0<\/strong>Monsieur Marin K. AGONGNON<\/p>\n<p><strong>Directeur d\u00e9partemental de l&rsquo;Int\u00e9rieur et de la S\u00e9curit\u00e9 publique des d\u00e9partements de l&rsquo;Ou\u00e9m\u00e9 et du Plateau:\u00a0<\/strong>Monsieur Saliou Bangbola KOSSOLOU<\/p>\n<p><strong>Au minist\u00e8re des Enseignements Secondaire, Technique et de la Formation professionnelle<\/strong><\/p>\n<p><strong>Conseiller technique \u00e0 l&rsquo;Enseignement technique et \u00e0 la Formation professionnelle:<\/strong>\u00a0Madame Armelle Pacian S. TCHIAKPE HODONOU<\/p>\n<p><strong>Au minist\u00e8re de l&rsquo;Enseignement Sup\u00e9rieur et de la Recherche Scientifique<\/strong><\/p>\n<p><strong>Directeur g\u00e9n\u00e9ral de l&rsquo;Agence b\u00e9ninoise pour la Recherche et l&rsquo;Innovation:<\/strong>\u00a0Monsieur Nourou SOULEMANE YOROU<\/p>\n<p>Responsables d&rsquo;Universit\u00e9s, suite \u00e0 la proc\u00e9dure de s\u00e9lection et apr\u00e8s avis conforme du Conseil national de l&rsquo;Education<\/p>\n<p><strong>Universit\u00e9 d&rsquo;Abomey-Calavi<\/strong><\/p>\n<p><strong>Recteur:<\/strong>\u00a0Monsieur Charlemagne IGUE<\/p>\n<p><strong>Vice-recteur charg\u00e9 des Affaires acad\u00e9miques:\u00a0<\/strong>Monsieur Tahirou DJARA<\/p>\n<p><strong>Vice-recteur charg\u00e9 de la Recherche universitaire :<\/strong>\u00a0Monsieur Aliou SA\u00cfDOU<\/p>\n<p><strong>Vice-recteur charg\u00e9 de la Coop\u00e9ration et de l&rsquo;Insertion professionnelle:<\/strong>\u00a0Madame Nelly C. KELOME<\/p>\n<p><strong>Secr\u00e9taire g\u00e9n\u00e9rale:\u00a0<\/strong>Madame V\u00e9ronique GBEGNITO<\/p>\n<p><strong>Universit\u00e9 de Parakou<\/strong><\/p>\n<p><strong>Recteur :\u00a0<\/strong>Monsieur Bertrand SOGBOSSI BOCCO<\/p>\n<p><strong>Vice-recteur charg\u00e9 des Affaires acad\u00e9miques :<\/strong>\u00a0Monsieur Tododjitch\u00e9 Thierry Armel ADOUKONOU<\/p>\n<p><strong>Vice-recteur charg\u00e9 de la Recherche universitaire :<\/strong>\u00a0Monsieur Nasser Mohamed BACO<\/p>\n<p><strong>Vice-recteur charg\u00e9 de la Coop\u00e9ration et de l&rsquo;Insertion professionnelle:<\/strong>\u00a0Monsieur Alexis ABODOHOUI<\/p>\n<p><strong>Secr\u00e9taire g\u00e9n\u00e9rale :\u00a0<\/strong>Madame Konigbagb\u00e9 Antoinette Isabelle FALADE<\/p>\n<p><strong>Universit\u00e9 nationale des Sciences, Technologies, Ing\u00e9nierie et Math\u00e9matiques<\/strong><\/p>\n<p><strong>Recteur :\u00a0<\/strong>Monsieur Codjo Edmond ADJOVI<\/p>\n<p><strong>Vice-recteur charg\u00e9 des Affaires acad\u00e9miques :\u00a0<\/strong>Madame Estelle Yeyinou LOKO<\/p>\n<p><strong>Vice-recteur charg\u00e9 de la Recherche universitaire :\u00a0<\/strong>Monsieur Comlan Aristide HOUNGAN<\/p>\n<p><strong>Vice-recteur charg\u00e9 de la Coop\u00e9ration et de l&rsquo;Insertion professionnelle:\u00a0<\/strong>Monsieur Gordon Thierry GODJO<\/p>\n<p><strong>Secr\u00e9taire g\u00e9n\u00e9ral :\u00a0<\/strong>Monsieur Boniface SABI BOUEGUI<\/p>\n<p><strong>Universit\u00e9 nationale d&rsquo;Agriculture<\/strong><\/p>\n<p><strong>Recteur:\u00a0<\/strong>Monsieur Bruno DJOSSA<\/p>\n<p><strong>Vice-recteur charg\u00e9 des Affaires acad\u00e9miques :<\/strong>\u00a0Monsieur Florent OKRY<\/p>\n<p><strong>Vice-recteur charg\u00e9 de la Recherche universitaire:\u00a0<\/strong>Monsieur Adand\u00e9 Belarmain FANDOHAN<\/p>\n<p><strong>Vice-recteur charg\u00e9 de\u00a0la Coop\u00e9ration et de l&rsquo;Insertion professionnelle:<\/strong>\u00a0Madame Carolle AVOCEVOU<\/p>\n<p><strong>Secr\u00e9taire g\u00e9n\u00e9ral :\u00a0<\/strong>Monsieur Nassirou ADJIBI<\/p>\n<p>&nbsp;<\/p>\n<p>&nbsp;<\/p>\n<p><strong>\u00a0<\/strong><\/p>\n<p>&nbsp;<\/p>\n","protected":false},"excerpt":{"rendered":"<p>Des nominations en Conseil des ministres du mercredi 17 septembre 2025. Plusieurs cadres ont \u00e9t\u00e9 promus \u00e0 diff\u00e9rents postes dans l&rsquo;administration publique. Au minist\u00e8re de l&rsquo;Int\u00e9rieur et de la S\u00e9curit\u00e9&hellip;<\/p>\n","protected":false},"author":5,"featured_media":13579,"comment_status":"open","ping_status":"open","sticky":false,"template":"","format":"standard","meta":{"content-type":"","om_disable_all_campaigns":false,"_monsterinsights_skip_tracking":false,"_monsterinsights_sitenote_active":false,"_monsterinsights_sitenote_note":"","_monsterinsights_sitenote_category":0,"_uf_show_specific_survey":0,"_uf_disable_surveys":false,"footnotes":""},"categories":[26],"tags":[],"class_list":["post-13578","post","type-post","status-publish","format-standard","has-post-thumbnail","hentry","category-politique"],"aioseo_notices":[],"yoast_head":"<!-- This site is optimized with the Yoast SEO plugin v27.5 - https:\/\/yoast.com\/product\/yoast-seo-wordpress\/ -->\n<title>B\u00e9nin : plusieurs nominations prononc\u00e9es dans 03 minist\u00e8res - Le Patriote<\/title>\n<meta name=\"robots\" content=\"index, follow, max-snippet:-1, max-image-preview:large, max-video-preview:-1\" \/>\n<link rel=\"canonical\" href=\"https:\/\/lepatriotebenin.com\/index.php\/2025\/09\/17\/benin-plusieurs-nominations-prononcees-dans-03-ministeres\/\" \/>\n<meta property=\"og:locale\" content=\"fr_FR\" \/>\n<meta property=\"og:type\" content=\"article\" \/>\n<meta property=\"og:title\" content=\"B\u00e9nin : plusieurs nominations prononc\u00e9es dans 03 minist\u00e8res - Le Patriote\" \/>\n<meta property=\"og:description\" content=\"Des nominations en Conseil des ministres du mercredi 17 septembre 2025. Plusieurs cadres ont \u00e9t\u00e9 promus \u00e0 diff\u00e9rents postes dans l&rsquo;administration publique. Au minist\u00e8re de l&rsquo;Int\u00e9rieur et de la S\u00e9curit\u00e9&hellip;\" \/>\n<meta property=\"og:url\" content=\"https:\/\/lepatriotebenin.com\/index.php\/2025\/09\/17\/benin-plusieurs-nominations-prononcees-dans-03-ministeres\/\" \/>\n<meta property=\"og:site_name\" content=\"Le Patriote\" \/>\n<meta property=\"article:published_time\" content=\"2025-09-17T13:58:21+00:00\" \/>\n<meta property=\"og:image\" content=\"https:\/\/lepatriotebenin.com\/wp-content\/uploads\/2025\/09\/talon.jpg\" \/>\n\t<meta property=\"og:image:width\" content=\"780\" \/>\n\t<meta property=\"og:image:height\" content=\"560\" \/>\n\t<meta property=\"og:image:type\" content=\"image\/jpeg\" \/>\n<meta name=\"author\" content=\"Redaction\" \/>\n<meta name=\"twitter:card\" content=\"summary_large_image\" \/>\n<meta name=\"twitter:label1\" content=\"\u00c9crit par\" \/>\n\t<meta name=\"twitter:data1\" content=\"Redaction\" \/>\n\t<meta name=\"twitter:label2\" content=\"Dur\u00e9e de lecture estim\u00e9e\" \/>\n\t<meta name=\"twitter:data2\" content=\"2 minutes\" \/>\n<script type=\"application\/ld+json\" class=\"yoast-schema-graph\">{\"@context\":\"https:\\\/\\\/schema.org\",\"@graph\":[{\"@type\":\"Article\",\"@id\":\"https:\\\/\\\/lepatriotebenin.com\\\/index.php\\\/2025\\\/09\\\/17\\\/benin-plusieurs-nominations-prononcees-dans-03-ministeres\\\/#article\",\"isPartOf\":{\"@id\":\"https:\\\/\\\/lepatriotebenin.com\\\/index.php\\\/2025\\\/09\\\/17\\\/benin-plusieurs-nominations-prononcees-dans-03-ministeres\\\/\"},\"author\":{\"name\":\"Redaction\",\"@id\":\"https:\\\/\\\/lepatriotebenin.com\\\/#\\\/schema\\\/person\\\/2e7709b9c9cc313e452d1136af61690f\"},\"headline\":\"B\u00e9nin : plusieurs nominations prononc\u00e9es dans 03 minist\u00e8res\",\"datePublished\":\"2025-09-17T13:58:21+00:00\",\"mainEntityOfPage\":{\"@id\":\"https:\\\/\\\/lepatriotebenin.com\\\/index.php\\\/2025\\\/09\\\/17\\\/benin-plusieurs-nominations-prononcees-dans-03-ministeres\\\/\"},\"wordCount\":418,\"commentCount\":0,\"image\":{\"@id\":\"https:\\\/\\\/lepatriotebenin.com\\\/index.php\\\/2025\\\/09\\\/17\\\/benin-plusieurs-nominations-prononcees-dans-03-ministeres\\\/#primaryimage\"},\"thumbnailUrl\":\"https:\\\/\\\/lepatriotebenin.com\\\/wp-content\\\/uploads\\\/2025\\\/09\\\/talon.jpg\",\"articleSection\":[\"Politique\"],\"inLanguage\":\"fr-FR\",\"potentialAction\":[{\"@type\":\"CommentAction\",\"name\":\"Comment\",\"target\":[\"https:\\\/\\\/lepatriotebenin.com\\\/index.php\\\/2025\\\/09\\\/17\\\/benin-plusieurs-nominations-prononcees-dans-03-ministeres\\\/#respond\"]}]},{\"@type\":\"WebPage\",\"@id\":\"https:\\\/\\\/lepatriotebenin.com\\\/index.php\\\/2025\\\/09\\\/17\\\/benin-plusieurs-nominations-prononcees-dans-03-ministeres\\\/\",\"url\":\"https:\\\/\\\/lepatriotebenin.com\\\/index.php\\\/2025\\\/09\\\/17\\\/benin-plusieurs-nominations-prononcees-dans-03-ministeres\\\/\",\"name\":\"B\u00e9nin : plusieurs nominations prononc\u00e9es dans 03 minist\u00e8res - Le Patriote\",\"isPartOf\":{\"@id\":\"https:\\\/\\\/lepatriotebenin.com\\\/#website\"},\"primaryImageOfPage\":{\"@id\":\"https:\\\/\\\/lepatriotebenin.com\\\/index.php\\\/2025\\\/09\\\/17\\\/benin-plusieurs-nominations-prononcees-dans-03-ministeres\\\/#primaryimage\"},\"image\":{\"@id\":\"https:\\\/\\\/lepatriotebenin.com\\\/index.php\\\/2025\\\/09\\\/17\\\/benin-plusieurs-nominations-prononcees-dans-03-ministeres\\\/#primaryimage\"},\"thumbnailUrl\":\"https:\\\/\\\/lepatriotebenin.com\\\/wp-content\\\/uploads\\\/2025\\\/09\\\/talon.jpg\",\"datePublished\":\"2025-09-17T13:58:21+00:00\",\"author\":{\"@id\":\"https:\\\/\\\/lepatriotebenin.com\\\/#\\\/schema\\\/person\\\/2e7709b9c9cc313e452d1136af61690f\"},\"breadcrumb\":{\"@id\":\"https:\\\/\\\/lepatriotebenin.com\\\/index.php\\\/2025\\\/09\\\/17\\\/benin-plusieurs-nominations-prononcees-dans-03-ministeres\\\/#breadcrumb\"},\"inLanguage\":\"fr-FR\",\"potentialAction\":[{\"@type\":\"ReadAction\",\"target\":[\"https:\\\/\\\/lepatriotebenin.com\\\/index.php\\\/2025\\\/09\\\/17\\\/benin-plusieurs-nominations-prononcees-dans-03-ministeres\\\/\"]}]},{\"@type\":\"ImageObject\",\"inLanguage\":\"fr-FR\",\"@id\":\"https:\\\/\\\/lepatriotebenin.com\\\/index.php\\\/2025\\\/09\\\/17\\\/benin-plusieurs-nominations-prononcees-dans-03-ministeres\\\/#primaryimage\",\"url\":\"https:\\\/\\\/lepatriotebenin.com\\\/wp-content\\\/uploads\\\/2025\\\/09\\\/talon.jpg\",\"contentUrl\":\"https:\\\/\\\/lepatriotebenin.com\\\/wp-content\\\/uploads\\\/2025\\\/09\\\/talon.jpg\",\"width\":780,\"height\":560},{\"@type\":\"BreadcrumbList\",\"@id\":\"https:\\\/\\\/lepatriotebenin.com\\\/index.php\\\/2025\\\/09\\\/17\\\/benin-plusieurs-nominations-prononcees-dans-03-ministeres\\\/#breadcrumb\",\"itemListElement\":[{\"@type\":\"ListItem\",\"position\":1,\"name\":\"Accueil\",\"item\":\"https:\\\/\\\/lepatriotebenin.com\\\/\"},{\"@type\":\"ListItem\",\"position\":2,\"name\":\"B\u00e9nin : plusieurs nominations prononc\u00e9es dans 03 minist\u00e8res\"}]},{\"@type\":\"WebSite\",\"@id\":\"https:\\\/\\\/lepatriotebenin.com\\\/#website\",\"url\":\"https:\\\/\\\/lepatriotebenin.com\\\/\",\"name\":\"Le Patriote\",\"description\":\"Le Patriote B\u00e9nin\",\"potentialAction\":[{\"@type\":\"SearchAction\",\"target\":{\"@type\":\"EntryPoint\",\"urlTemplate\":\"https:\\\/\\\/lepatriotebenin.com\\\/?s={search_term_string}\"},\"query-input\":{\"@type\":\"PropertyValueSpecification\",\"valueRequired\":true,\"valueName\":\"search_term_string\"}}],\"inLanguage\":\"fr-FR\"},{\"@type\":\"Person\",\"@id\":\"https:\\\/\\\/lepatriotebenin.com\\\/#\\\/schema\\\/person\\\/2e7709b9c9cc313e452d1136af61690f\",\"name\":\"Redaction\",\"image\":{\"@type\":\"ImageObject\",\"inLanguage\":\"fr-FR\",\"@id\":\"https:\\\/\\\/secure.gravatar.com\\\/avatar\\\/c4c509357859ea2ca2cbb6d8812898a73e4ef1ef9934c2e591d7e32face734d1?s=96&d=mm&r=g\",\"url\":\"https:\\\/\\\/secure.gravatar.com\\\/avatar\\\/c4c509357859ea2ca2cbb6d8812898a73e4ef1ef9934c2e591d7e32face734d1?s=96&d=mm&r=g\",\"contentUrl\":\"https:\\\/\\\/secure.gravatar.com\\\/avatar\\\/c4c509357859ea2ca2cbb6d8812898a73e4ef1ef9934c2e591d7e32face734d1?s=96&d=mm&r=g\",\"caption\":\"Redaction\"},\"url\":\"https:\\\/\\\/lepatriotebenin.com\"}]}<\/script>\n<!-- \/ Yoast SEO plugin. -->","yoast_head_json":{"title":"B\u00e9nin : plusieurs nominations prononc\u00e9es dans 03 minist\u00e8res - Le Patriote","robots":{"index":"index","follow":"follow","max-snippet":"max-snippet:-1","max-image-preview":"max-image-preview:large","max-video-preview":"max-video-preview:-1"},"canonical":"https:\/\/lepatriotebenin.com\/index.php\/2025\/09\/17\/benin-plusieurs-nominations-prononcees-dans-03-ministeres\/","og_locale":"fr_FR","og_type":"article","og_title":"B\u00e9nin : plusieurs nominations prononc\u00e9es dans 03 minist\u00e8res - Le Patriote","og_description":"Des nominations en Conseil des ministres du mercredi 17 septembre 2025. Plusieurs cadres ont \u00e9t\u00e9 promus \u00e0 diff\u00e9rents postes dans l&rsquo;administration publique. Au minist\u00e8re de l&rsquo;Int\u00e9rieur et de la S\u00e9curit\u00e9&hellip;","og_url":"https:\/\/lepatriotebenin.com\/index.php\/2025\/09\/17\/benin-plusieurs-nominations-prononcees-dans-03-ministeres\/","og_site_name":"Le Patriote","article_published_time":"2025-09-17T13:58:21+00:00","og_image":[{"width":780,"height":560,"url":"https:\/\/lepatriotebenin.com\/wp-content\/uploads\/2025\/09\/talon.jpg","type":"image\/jpeg"}],"author":"Redaction","twitter_card":"summary_large_image","twitter_misc":{"\u00c9crit par":"Redaction","Dur\u00e9e de lecture estim\u00e9e":"2 minutes"},"schema":{"@context":"https:\/\/schema.org","@graph":[{"@type":"Article","@id":"https:\/\/lepatriotebenin.com\/index.php\/2025\/09\/17\/benin-plusieurs-nominations-prononcees-dans-03-ministeres\/#article","isPartOf":{"@id":"https:\/\/lepatriotebenin.com\/index.php\/2025\/09\/17\/benin-plusieurs-nominations-prononcees-dans-03-ministeres\/"},"author":{"name":"Redaction","@id":"https:\/\/lepatriotebenin.com\/#\/schema\/person\/2e7709b9c9cc313e452d1136af61690f"},"headline":"B\u00e9nin : plusieurs nominations prononc\u00e9es dans 03 minist\u00e8res","datePublished":"2025-09-17T13:58:21+00:00","mainEntityOfPage":{"@id":"https:\/\/lepatriotebenin.com\/index.php\/2025\/09\/17\/benin-plusieurs-nominations-prononcees-dans-03-ministeres\/"},"wordCount":418,"commentCount":0,"image":{"@id":"https:\/\/lepatriotebenin.com\/index.php\/2025\/09\/17\/benin-plusieurs-nominations-prononcees-dans-03-ministeres\/#primaryimage"},"thumbnailUrl":"https:\/\/lepatriotebenin.com\/wp-content\/uploads\/2025\/09\/talon.jpg","articleSection":["Politique"],"inLanguage":"fr-FR","potentialAction":[{"@type":"CommentAction","name":"Comment","target":["https:\/\/lepatriotebenin.com\/index.php\/2025\/09\/17\/benin-plusieurs-nominations-prononcees-dans-03-ministeres\/#respond"]}]},{"@type":"WebPage","@id":"https:\/\/lepatriotebenin.com\/index.php\/2025\/09\/17\/benin-plusieurs-nominations-prononcees-dans-03-ministeres\/","url":"https:\/\/lepatriotebenin.com\/index.php\/2025\/09\/17\/benin-plusieurs-nominations-prononcees-dans-03-ministeres\/","name":"B\u00e9nin : plusieurs nominations prononc\u00e9es dans 03 minist\u00e8res - Le Patriote","isPartOf":{"@id":"https:\/\/lepatriotebenin.com\/#website"},"primaryImageOfPage":{"@id":"https:\/\/lepatriotebenin.com\/index.php\/2025\/09\/17\/benin-plusieurs-nominations-prononcees-dans-03-ministeres\/#primaryimage"},"image":{"@id":"https:\/\/lepatriotebenin.com\/index.php\/2025\/09\/17\/benin-plusieurs-nominations-prononcees-dans-03-ministeres\/#primaryimage"},"thumbnailUrl":"https:\/\/lepatriotebenin.com\/wp-content\/uploads\/2025\/09\/talon.jpg","datePublished":"2025-09-17T13:58:21+00:00","author":{"@id":"https:\/\/lepatriotebenin.com\/#\/schema\/person\/2e7709b9c9cc313e452d1136af61690f"},"breadcrumb":{"@id":"https:\/\/lepatriotebenin.com\/index.php\/2025\/09\/17\/benin-plusieurs-nominations-prononcees-dans-03-ministeres\/#breadcrumb"},"inLanguage":"fr-FR","potentialAction":[{"@type":"ReadAction","target":["https:\/\/lepatriotebenin.com\/index.php\/2025\/09\/17\/benin-plusieurs-nominations-prononcees-dans-03-ministeres\/"]}]},{"@type":"ImageObject","inLanguage":"fr-FR","@id":"https:\/\/lepatriotebenin.com\/index.php\/2025\/09\/17\/benin-plusieurs-nominations-prononcees-dans-03-ministeres\/#primaryimage","url":"https:\/\/lepatriotebenin.com\/wp-content\/uploads\/2025\/09\/talon.jpg","contentUrl":"https:\/\/lepatriotebenin.com\/wp-content\/uploads\/2025\/09\/talon.jpg","width":780,"height":560},{"@type":"BreadcrumbList","@id":"https:\/\/lepatriotebenin.com\/index.php\/2025\/09\/17\/benin-plusieurs-nominations-prononcees-dans-03-ministeres\/#breadcrumb","itemListElement":[{"@type":"ListItem","position":1,"name":"Accueil","item":"https:\/\/lepatriotebenin.com\/"},{"@type":"ListItem","position":2,"name":"B\u00e9nin : plusieurs nominations prononc\u00e9es dans 03 minist\u00e8res"}]},{"@type":"WebSite","@id":"https:\/\/lepatriotebenin.com\/#website","url":"https:\/\/lepatriotebenin.com\/","name":"Le Patriote","description":"Le Patriote B\u00e9nin","potentialAction":[{"@type":"SearchAction","target":{"@type":"EntryPoint","urlTemplate":"https:\/\/lepatriotebenin.com\/?s={search_term_string}"},"query-input":{"@type":"PropertyValueSpecification","valueRequired":true,"valueName":"search_term_string"}}],"inLanguage":"fr-FR"},{"@type":"Person","@id":"https:\/\/lepatriotebenin.com\/#\/schema\/person\/2e7709b9c9cc313e452d1136af61690f","name":"Redaction","image":{"@type":"ImageObject","inLanguage":"fr-FR","@id":"https:\/\/secure.gravatar.com\/avatar\/c4c509357859ea2ca2cbb6d8812898a73e4ef1ef9934c2e591d7e32face734d1?s=96&d=mm&r=g","url":"https:\/\/secure.gravatar.com\/avatar\/c4c509357859ea2ca2cbb6d8812898a73e4ef1ef9934c2e591d7e32face734d1?s=96&d=mm&r=g","contentUrl":"https:\/\/secure.gravatar.com\/avatar\/c4c509357859ea2ca2cbb6d8812898a73e4ef1ef9934c2e591d7e32face734d1?s=96&d=mm&r=g","caption":"Redaction"},"url":"https:\/\/lepatriotebenin.com"}]}},"_links":{"self":[{"href":"https:\/\/lepatriotebenin.com\/index.php\/wp-json\/wp\/v2\/posts\/13578","targetHints":{"allow":["GET"]}}],"collection":[{"href":"https:\/\/lepatriotebenin.com\/index.php\/wp-json\/wp\/v2\/posts"}],"about":[{"href":"https:\/\/lepatriotebenin.com\/index.php\/wp-json\/wp\/v2\/types\/post"}],"author":[{"embeddable":true,"href":"https:\/\/lepatriotebenin.com\/index.php\/wp-json\/wp\/v2\/users\/5"}],"replies":[{"embeddable":true,"href":"https:\/\/lepatriotebenin.com\/index.php\/wp-json\/wp\/v2\/comments?post=13578"}],"version-history":[{"count":1,"href":"https:\/\/lepatriotebenin.com\/index.php\/wp-json\/wp\/v2\/posts\/13578\/revisions"}],"predecessor-version":[{"id":13580,"href":"https:\/\/lepatriotebenin.com\/index.php\/wp-json\/wp\/v2\/posts\/13578\/revisions\/13580"}],"wp:featuredmedia":[{"embeddable":true,"href":"https:\/\/lepatriotebenin.com\/index.php\/wp-json\/wp\/v2\/media\/13579"}],"wp:attachment":[{"href":"https:\/\/lepatriotebenin.com\/index.php\/wp-json\/wp\/v2\/media?parent=13578"}],"wp:term":[{"taxonomy":"category","embeddable":true,"href":"https:\/\/lepatriotebenin.com\/index.php\/wp-json\/wp\/v2\/categories?post=13578"},{"taxonomy":"post_tag","embeddable":true,"href":"https:\/\/lepatriotebenin.com\/index.php\/wp-json\/wp\/v2\/tags?post=13578"}],"curies":[{"name":"wp","href":"https:\/\/api.w.org\/{rel}","templated":true}]}}