{"id":13572,"date":"2025-09-17T15:38:36","date_gmt":"2025-09-17T13:38:36","guid":{"rendered":"https:\/\/lepatriotebenin.com\/?p=13572"},"modified":"2025-09-17T15:51:58","modified_gmt":"2025-09-17T13:51:58","slug":"benin-compte-rendu-integral-du-conseil-des-ministres-de-ce-mercredi-17-septembre-2025","status":"publish","type":"post","link":"https:\/\/lepatriotebenin.com\/index.php\/2025\/09\/17\/benin-compte-rendu-integral-du-conseil-des-ministres-de-ce-mercredi-17-septembre-2025\/","title":{"rendered":"B\u00e9nin : Compte rendu  int\u00e9gral du conseil des ministres de ce mercredi 17 septembre 2025"},"content":{"rendered":"<p>&nbsp;<\/p>\n<p>Le Conseil des Ministres s\u2019est r\u00e9uni ce mercredi 17 septembre 2025, sous la<br \/>\npr\u00e9sidence de Monsieur Patrice TALON, Pr\u00e9sident de la R\u00e9publique. Les d\u00e9cisions ci-apr\u00e8s ont \u00e9t\u00e9 prises\u00a0:<\/p>\n<p>I<strong>&#8211; Mesures normatives.<\/strong><\/p>\n<p><strong>Cr\u00e9ation du Fonds d\u2019Investissement communal (FIC) et<\/strong><br \/>\n<strong>approbation de ses statuts.<\/strong><\/p>\n<p>Par la mise en place de ce Fonds, le Gouvernement entend am\u00e9liorer le cadre de gestion des appuis financiers apport\u00e9s aux communes et aux \u00e9tablissements publics de coop\u00e9ration intercon1munale. Cette d\u00e9cision participe de la volont\u00e9 de renforcer leurs capacit\u00e9s d\u2019investissements, l\u2019objectif \u00e9tant de poursuivre le d\u00e9veloppement \u00e9quilibr\u00e9 du pays \u00e0 partir des collectivit\u00e9s territoriales d\u00e9centralis\u00e9es.<\/p>\n<p>Cet instrument de financement vient en substitution au Fonds d\u2019Appui au d\u00e9veloppement des Communes (FADeC) et permettra \u00e0 celles-ci d\u2019acc\u00e9der \u00e0 de nouvelles et innovantes sources de mobilisation de ressources. il contribuera \u00e0 rehausser le niveau des recettes et \u00e0 collecter, pour leur compte, les r\u00e9trocessions de l\u2019Etat issues de la fiscalit\u00e9 partag\u00e9e.<\/p>\n<p>Aussi, les principales missions du Fonds d\u2019Investissement communal consisteront-elles \u00e0\u00a0:<\/p>\n<p>\u2013\u00a0 offrir des services et des m\u00e9canismes adapt\u00e9s permettant de r\u00e9pondre aux besoins des communes en financement s additionnels pour assurer leurs missions\u00a0;<br \/>\n\u2013\u00a0 assurer la transparence n\u00e9cessaire et l\u2019\u00e9quit\u00e9 dans l\u2019octroi des fonds \u00e0<br \/>\ntravers le principe de p\u00e9r\u00e9quation\u00a0;<br \/>\n\u2013\u00a0 appuyer le d\u00e9veloppement des comp\u00e9tences des communes s\u2019agissant notamment de l\u2019analyse financi\u00e8re et le montage de dossiers de financement\u00a0;<\/p>\n<p>\u2013\u00a0 suivre l\u2019atteinte des objectifs des financements octroy\u00e9s intra et intercommunaux, pour veiller \u00e0 leur pertinence, dans le cadre du d\u00e9veloppement local durable\u00a0;<br \/>\n\u2013\u00a0 assurer le suivi et l\u2019\u00e9valuation des projets objets de financements mis<br \/>\nen place par le Fonds.<\/p>\n<p>Par ailleurs, le FIC a entre autres attributions, la collecte et la gestion des financements int\u00e9rieurs et des principaux financements ext\u00e9rieurs destin\u00e9s au d\u00e9veloppement de l\u2019ensemble des communes.<\/p>\n<p>Il est \u00e0 signaler que les financements octroy\u00e9s directement \u00e0 une collectivit\u00e9 territoriale dans le cadre de conventions, tels que les accords de jumelage sign\u00e9s directement entre la commune et le partenaire international, ne sont pas concern\u00e9s.<\/p>\n<p>Outre la mobilisation des ressources et leur transfert aux communes concern\u00e9es, le Fonds sera habilit\u00e9, en appui aux collectivit\u00e9s territoriales, \u00e0 faire des op\u00e9rations de gestion sur les financements vis\u00e9s, notamment des op\u00e9rations de placements financiers.<\/p>\n<p>Le Conseil a marqu\u00e9 son accord pour sa mise en place, et, par la m\u00eame occasion, adopt\u00e9 ses statuts.<\/p>\n<p>Au titre d\u2019autres mesures normatives, figurent les d\u00e9crets portant\u00a0:<\/p>\n<p>\u2013\u00a0 nomination des commissaires aux comptes pr\u00e8s de certaines entreprises publiques\u00a0;<br \/>\n\u2013\u00a0 transmission \u00e0 l\u2019Assembl\u00e9e nationale, pour examen et vote, du projet de loi modifiant celle n\u00b0\u00a02024-26 du 17 juillet 2024 portant loi organique sur le Conseil \u00e9conomique et social\u00a0;<br \/>\n\u2013\u00a0 modification des statuts du Fonds de d\u00e9veloppement de l\u2019Artisanat.<\/p>\n<p><strong>II- Communications<\/strong><\/p>\n<p><strong>II-1. Approbation de la Strat\u00e9gie de renforcement des Alternatives \u00c9ducatives pour une \u00e9ducation de base inclusive 2026-2030.<\/strong><\/p>\n<p>Les alternatives \u00e9ducatives d\u00e9signent tout mod\u00e8le ou programme \u00e9ducatif mis \u00e0 la disposition des apprenants (jeunes et adultes) hors des syst\u00e8mes \u00e9ducatifs formels. Elles constituent des formes d\u2019\u00e9ducation vari\u00e9es et adapt\u00e9es offertes afin de garantir le droit d\u2019acc\u00e8s \u00e0 l\u2019\u00e9ducation pour tous.<\/p>\n<p>Au B\u00e9nin, elles concernent les enfants de 9 \u00e0 14 ans et doivent avoir un e forme de scolarisation, associ\u00e9e ou non \u00e0 l\u2019initiation aux m\u00e9tiers et dispens\u00e9e en fran\u00e7ais et\/ou en langues nationales.<\/p>\n<p>Compte tenu des exp\u00e9riences acquises depuis 2016, l\u2019enjeu principal de la nouvelle politique \u00e9ducative pr\u00f4n\u00e9e est d\u2019assurer le passage de l\u2019offre pyramidale centr\u00e9e sur la forme scolaire d\u2019\u00e9ducation qui g\u00e9n\u00e8re parfois abandons et exclusion, \u00e0 une offre \u00e9ducative diversifi\u00e9e et inclusive telle qu\u2019envisag\u00e9e dans la nouvelle architecture du syst\u00e8me \u00e9ducatif .<\/p>\n<p>Celle-ci propose que l\u2019\u00e9ducation de base, initialement de 12 ans, dont 2 d e pr\u00e9scolaire pour les apprenants de moins de 15 ans, soit d\u00e9sormais port\u00e9e \u00e0 15 ans afin de permettre \u00e0 tous les enfants d\u2019atteindre la classe de Terminale .<\/p>\n<p>La pr\u00e9sente strat\u00e9gie vise \u00e9galement \u00e0 pallier l\u2019inexistence d\u2019un dispositif institutionnalis\u00e9 qui assure efficacement la gestion des alternatives \u00e9ducatives permettant d\u2019int\u00e9grer dans le syst\u00e8me \u00e9ducatif classique tous les enfants hors de l\u2019\u00e9cole.<\/p>\n<p>Les changements attendus de son impl\u00e9mentation appellent l\u2019application effective de la nouvelle architecture du syst\u00e8me \u00e9ducatif, le renforcement du partenariat entre l\u2019\u00c9tat et les collectivit\u00e9s territoriales, l\u2019accompagnement des partenaires techniques et financiers du sous\u00ad secteur, davantage l\u2019implication et l\u2019adh\u00e9sion des communaut\u00e9s .<\/p>\n<p>Le plan d\u2019action y relatif est assorti d\u2019un budget \u00e9valu\u00e9 \u00e0 283.762.241.000 FCFA.<\/p>\n<p><strong>II-2. Contractualisation pour la ma\u00eetrise d\u2019\u0153uvre compl\u00e8te dans le cadre du projet de construction et d\u2019\u00e9quipement de certaines formations sanitaires.<\/strong><\/p>\n<p>D\u2019une part, il s\u2019agit de la construction et de l\u2019\u00e9quipement de cinq h\u00f4pitaux de 65lits (\u00e0 Lokossa, Ouidah, Cotonou 2&amp;3, Dassa-Zoum\u00e8 et Savalou), d\u2019un h\u00f4pital de 120 lits \u00e0 K\u00e9tou, d\u2019un centre de sant\u00e9 \u00e0 Pob\u00e8, de la r\u00e9habilitation et de l\u2019\u00e9quipement du centre de sant\u00e9 de K\u00e9tou ainsi que de la r\u00e9habilitation\/reconstruction de certains ouvrages de l\u2019h\u00f4pital de zone de Sak\u00e9t\u00e9.<\/p>\n<p>D\u2019autre part, est prise en compte, la r\u00e9habilitation du Centre hospitalier universitaire d\u00e9partemental du Borgou et de l\u2019H\u00f4pital d\u2019instruction des<br \/>\nArm\u00e9es de Parakou.<\/p>\n<p>La finalit\u00e9 de ce projet est d\u2019am\u00e9liorer la qualit\u00e9 des soins offerts aux populations, de faciliter la r\u00e9f\u00e9rence et la contre r\u00e9f\u00e9rence puis de cr\u00e9er un cadre de travail plus convivial pour le personnel de sant\u00e9. Les travaux une fois achev\u00e9s favoriseront le d\u00e9veloppement de p\u00f4les de sp\u00e9cialit\u00e9s, la mutualisation des espaces de travail et la fonctionnalit\u00e9 optimale des \u00e9tablissements hospitaliers.<\/p>\n<p>Pour garantir la qualit\u00e9 de ces travaux, les prestations li\u00e9es aux \u00e9tudes d e conception architecturale, aux \u00e9tudes techniques ou d\u2019impact environnemental et social, \u00e0 la surveillance et au contr\u00f4le doivent \u00eatre r\u00e9alis\u00e9es avec professionnalisme.<\/p>\n<p>C\u2019est pourquoi, le Conseil a autoris\u00e9 la contractualisation avec les cabinets identifi\u00e9s puis instruit les ministres concern\u00e9s d\u2019engager les diligences n\u00e9cessaires en vue de la mise en \u0153uvre du projet.<\/p>\n<p><strong>II-3. Autorisation de recrutement et de formation de 715 \u00e9l\u00e8ves<\/strong><br \/>\n<strong>agents de Police au titre de l\u2019ann\u00e9e 2025.<\/strong><\/p>\n<p>Ces nouvelles recrues qui viendront en compl\u00e9ment des 1785 enr\u00f4l\u00e9es r\u00e9cemment, permettront de renforcer les effectifs de la Police r\u00e9publicaine pour une meilleure pr\u00e9sence et un maillage plus densifi\u00e9 du territoire afin de mieux faire face aux d\u00e9fis s\u00e9curitaires.<\/p>\n<p>A l\u2019issue du processus de recrutement, elles prendront part \u00e0 la formation commune de base au Centre de formation militaire de Bemb\u00e8r\u00e8k\u00e8 et \u00e0 une formation professionnell e pour les aguerrir \u00e0 leur futur m\u00e9tier.<\/p>\n<p><strong>III- Rencontres et manifestations internationales .<\/strong><\/p>\n<p>Il a \u00e9t\u00e9 autoris\u00e9, sous cette rubrique, l\u2019organisation du p\u00e8lerinage \u00e0 l a<br \/>\nMecque (HADJ), \u00e9dition 2026 ainsi que la participation du B\u00e9nin\u00a0:<\/p>\n<p>\u2013\u00a0 au 2\u00e8me sommet mondial de la coalition pour l\u2019alimentation scolaire, \u00e0<br \/>\nFortaleza au Br\u00e9sil, les 18 et 19 septembre 2025\u00a0;<br \/>\n\u2013\u00a0 au Salon international french travel market \u00e0 Paris, en France, du 23<br \/>\nau 25 septembre 2025\u00a0;<br \/>\n\u2013\u00a0 \u00e0 la 48\u00e8me session de la Commission mixte FAO\/OMS du Codex<br \/>\nalimentarius, \u00e0 Rome, en Italie, du 10 au 14 novembre 2025\u00a0;<br \/>\n\u2013\u00a0 au forum Afrique-Canada sur l\u2019industrie portuaire et l\u2019\u00e9conomie bleue, au nouveau Brunswick, du 11au 13 novembre 2025\u00a0; puis<\/p>\n<p>\u2013\u00a0 \u00e0 la l1\u00e8me conf\u00e9rence des Etats parties de la convention cadre de l\u2019OMS pour la lutte anti-tabac et \u00e0 la 4\u00e8mc session des Etats parties au protocole pour \u00e9liminer le commerce illicite des produits du tabac, \u00e0 Gen\u00e8ve en Suisse, du 17 au 26 novembre 2025.<\/p>\n<p><strong>IV- Mesures individuelles.<\/strong><\/p>\n<p>Les nominations ci-apr\u00e8s ont \u00e9t\u00e9 prononc\u00e9es\u00a0:<\/p>\n<p><strong>\u2013\u00a0Au minist\u00e8re de l\u2019Int\u00e9rieur et de la S\u00e9curit\u00e9 publique<\/strong><\/p>\n<p><strong>Secr\u00e9taire g\u00e9n\u00e9ral adjoint du minist\u00e8re<\/strong><br \/>\nMonsieur Michel Victor DANGNON<\/p>\n<p><strong>Conseiller technique \u00e0 la Gestion des partis politiques et des Affaires \u00e9lectorales<\/strong><\/p>\n<p>Monsieur Adamou ABA BAGNAN<\/p>\n<p><strong>Directeur d\u00e9partemental de l\u2019Int\u00e9rieur et de la S\u00e9curit\u00e9 publique des d\u00e9partements du Zou et des Collines<\/strong><\/p>\n<p>Monsieur Marin K. AGONGNON<\/p>\n<p><strong>Directeur d\u00e9partemental de l\u2019Int\u00e9rieur et de la S\u00e9curit\u00e9 publique des d\u00e9partements de l\u2019Ou\u00e9m\u00e9 et du Plateau<\/strong><\/p>\n<p>Monsieur Saliou Bangbola KOSSOLOU<\/p>\n<p><strong>\u2013\u00a0Au minist\u00e8re des Enseignements Secondaire, Technique et de la Formation professionnelle<\/strong><\/p>\n<p><strong>Conseiller technique \u00e0 l\u2019Enseignement technique et \u00e0 la Formation<\/strong><br \/>\n<strong>professionnelle<\/strong><\/p>\n<p>Madame Armelle Padan S. TCHIAKPE HODONOU<\/p>\n<p><strong>\u2013\u00a0Au minist\u00e8re de l\u2019Enseignement Sup\u00e9rieur et de la Recherche Scientifique<\/strong><\/p>\n<p><strong>Directeur g\u00e9n\u00e9ral de l\u2019Agence b\u00e9ninoise pour la Recherche et l\u2019Innovation<\/strong><\/p>\n<p>Monsieur Nourou SOULEMANE YOROU<\/p>\n<p>Responsables d\u2019Universit\u00e9s, suite \u00e0 la proc\u00e9dure de s\u00e9lection et apr\u00e8s<br \/>\navis conforme du Conseil national de l\u2019Education<\/p>\n<p>\u2013<strong>\u00a0 Universit\u00e9 d\u2019Abomey-Calavi <\/strong><\/p>\n<p><strong>Recteur<\/strong><br \/>\nMonsieur Charlemagne IGUE<\/p>\n<p><strong>Vice-recteur charg\u00e9 des Affaires acad\u00e9miques<\/strong><\/p>\n<p>Monsieur Tahirou DJARA<\/p>\n<p><strong>Vice-recteur charg\u00e9 de la Recherche universitaire<\/strong><\/p>\n<p>Monsieur Aliou SA\u00cfDOU<\/p>\n<p><strong>Vice-recteur charg\u00e9 de la Coop\u00e9ration et de l\u2019Insertion professionnelle<\/strong><\/p>\n<p>Madame Nelly C. KELOME<\/p>\n<p><strong>Secr\u00e9taire g\u00e9n\u00e9rale<\/strong><\/p>\n<p>Madame V\u00e9ronique GBEGNITO<\/p>\n<p><strong>\u2013\u00a0 Universit\u00e9 de Parakou Recteur<\/strong><br \/>\nMonsieur Bertrand SOGBOSSI BOCCO<\/p>\n<p>V<strong>ice-recteur charg\u00e9 des Affaires acad\u00e9miques<\/strong><\/p>\n<p>Monsieur Tododjitch\u00e9 Thierry Armel ADOUKONOU<\/p>\n<p><strong>Vice-recteur charg\u00e9 de la Recherche universitaire <\/strong><\/p>\n<p>Monsieur Nasser Mohamed BACO<br \/>\n<strong>Vice-recteur charg\u00e9 de la Coop\u00e9ration et de l\u2019Insertion professionnelle<\/strong><\/p>\n<p>Monsieur Alexis ABODOHOUI<\/p>\n<p><strong>Secr\u00e9taire g\u00e9n\u00e9rale<\/strong><\/p>\n<p>Madame Konigbagb\u00e9 Antoinette Isabelle FALADE<\/p>\n<p>\u2013<strong>\u00a0 Universit\u00e9 nationale des Sciences, Technologies, Ing\u00e9nierie et Math\u00e9matiques<\/strong><\/p>\n<p><strong>Recteur<\/strong><\/p>\n<p>Monsieur Codjo Edmond ADJOVI<\/p>\n<p><strong>Vice-recteur charg\u00e9 des Affaires acad\u00e9miques<\/strong><\/p>\n<p>Madame Estelle Y\u00e8yinou LOKO<\/p>\n<p><strong>Vice-recteur charg\u00e9 de la Recherche universitaire<\/strong><\/p>\n<p>Monsieur Comlan Aristide HOUNGAN<\/p>\n<p><strong>Vice-recteur charg\u00e9 de la Coop\u00e9ration et de l\u2019Insertion professionnelle<\/strong><\/p>\n<p>Monsieur Gordon Thierry GODJO<\/p>\n<p><strong>Secr\u00e9taire g\u00e9n\u00e9ral<\/strong><\/p>\n<p>Monsieur Boniface SABI BOUEGUI<\/p>\n<p><strong>\u2013\u00a0 Universit\u00e9 nationale d\u2019Agriculture Recteur<\/strong><br \/>\nMonsieur Bruno DJOSSA<\/p>\n<p><strong>Vice-recteur charg\u00e9 des Affaires acad\u00e9miques<\/strong><\/p>\n<p>Monsieur Florent OKRY<\/p>\n<p><strong>Vice-recteur charg\u00e9 de la Recherche universitaire<\/strong><\/p>\n<p>Monsieur Adand\u00e9 Belarrnain FANDOHAN<\/p>\n<p><strong>Vice-recteur charg\u00e9 de la Coop\u00e9ration et de l\u2019Insertion professionnelle<\/strong><\/p>\n<p>Madame Carolle AVOCEVOU<\/p>\n<p><strong>Secr\u00e9taire g\u00e9n\u00e9ral<\/strong><\/p>\n<p><strong>Monsieur Nassirou ADJIBI.<\/strong><\/p>\n<p><a href=\"https:\/\/lepatriotebenin.com\/wp-content\/uploads\/2025\/09\/compte-rendu-du-conseil-des-ministres-du-17-septembre-2025.pdf\">Compte rendu du Conseil des Ministres du 17 septembre 2025<\/a><\/p>\n","protected":false},"excerpt":{"rendered":"<p>&nbsp; Le Conseil des Ministres s\u2019est r\u00e9uni ce mercredi 17 septembre 2025, sous la pr\u00e9sidence de Monsieur Patrice TALON, Pr\u00e9sident de la R\u00e9publique. Les d\u00e9cisions ci-apr\u00e8s ont \u00e9t\u00e9 prises\u00a0: I&#8211;&hellip;<\/p>\n","protected":false},"author":5,"featured_media":13573,"comment_status":"open","ping_status":"open","sticky":false,"template":"","format":"standard","meta":{"content-type":"","om_disable_all_campaigns":false,"_monsterinsights_skip_tracking":false,"_monsterinsights_sitenote_active":false,"_monsterinsights_sitenote_note":"","_monsterinsights_sitenote_category":0,"_uf_show_specific_survey":0,"_uf_disable_surveys":false,"footnotes":""},"categories":[26],"tags":[],"class_list":["post-13572","post","type-post","status-publish","format-standard","has-post-thumbnail","hentry","category-politique"],"aioseo_notices":[],"yoast_head":"<!-- This site is optimized with the Yoast SEO plugin v27.5 - https:\/\/yoast.com\/product\/yoast-seo-wordpress\/ -->\n<title>B\u00e9nin : Compte rendu int\u00e9gral du conseil des ministres de ce mercredi 17 septembre 2025 - Le Patriote<\/title>\n<meta name=\"robots\" content=\"index, follow, max-snippet:-1, max-image-preview:large, max-video-preview:-1\" \/>\n<link rel=\"canonical\" href=\"https:\/\/lepatriotebenin.com\/index.php\/2025\/09\/17\/benin-compte-rendu-integral-du-conseil-des-ministres-de-ce-mercredi-17-septembre-2025\/\" \/>\n<meta property=\"og:locale\" content=\"fr_FR\" \/>\n<meta property=\"og:type\" content=\"article\" \/>\n<meta property=\"og:title\" content=\"B\u00e9nin : Compte rendu int\u00e9gral du conseil des ministres de ce mercredi 17 septembre 2025 - Le Patriote\" \/>\n<meta property=\"og:description\" content=\"&nbsp; Le Conseil des Ministres s\u2019est r\u00e9uni ce mercredi 17 septembre 2025, sous la pr\u00e9sidence de Monsieur Patrice TALON, Pr\u00e9sident de la R\u00e9publique. Les d\u00e9cisions ci-apr\u00e8s ont \u00e9t\u00e9 prises\u00a0: I&#8211;&hellip;\" \/>\n<meta property=\"og:url\" content=\"https:\/\/lepatriotebenin.com\/index.php\/2025\/09\/17\/benin-compte-rendu-integral-du-conseil-des-ministres-de-ce-mercredi-17-septembre-2025\/\" \/>\n<meta property=\"og:site_name\" content=\"Le Patriote\" \/>\n<meta property=\"article:published_time\" content=\"2025-09-17T13:38:36+00:00\" \/>\n<meta property=\"article:modified_time\" content=\"2025-09-17T13:51:58+00:00\" \/>\n<meta property=\"og:image\" content=\"https:\/\/lepatriotebenin.com\/wp-content\/uploads\/2025\/09\/conseil.webp\" \/>\n\t<meta property=\"og:image:width\" content=\"866\" \/>\n\t<meta property=\"og:image:height\" content=\"566\" \/>\n\t<meta property=\"og:image:type\" content=\"image\/webp\" \/>\n<meta name=\"author\" content=\"Redaction\" \/>\n<meta name=\"twitter:card\" content=\"summary_large_image\" \/>\n<meta name=\"twitter:label1\" content=\"\u00c9crit par\" \/>\n\t<meta name=\"twitter:data1\" content=\"Redaction\" \/>\n\t<meta name=\"twitter:label2\" content=\"Dur\u00e9e de lecture estim\u00e9e\" \/>\n\t<meta name=\"twitter:data2\" content=\"8 minutes\" \/>\n<script type=\"application\/ld+json\" class=\"yoast-schema-graph\">{\"@context\":\"https:\\\/\\\/schema.org\",\"@graph\":[{\"@type\":\"Article\",\"@id\":\"https:\\\/\\\/lepatriotebenin.com\\\/index.php\\\/2025\\\/09\\\/17\\\/benin-compte-rendu-integral-du-conseil-des-ministres-de-ce-mercredi-17-septembre-2025\\\/#article\",\"isPartOf\":{\"@id\":\"https:\\\/\\\/lepatriotebenin.com\\\/index.php\\\/2025\\\/09\\\/17\\\/benin-compte-rendu-integral-du-conseil-des-ministres-de-ce-mercredi-17-septembre-2025\\\/\"},\"author\":{\"name\":\"Redaction\",\"@id\":\"https:\\\/\\\/lepatriotebenin.com\\\/#\\\/schema\\\/person\\\/2e7709b9c9cc313e452d1136af61690f\"},\"headline\":\"B\u00e9nin : Compte rendu int\u00e9gral du conseil des ministres de ce mercredi 17 septembre 2025\",\"datePublished\":\"2025-09-17T13:38:36+00:00\",\"dateModified\":\"2025-09-17T13:51:58+00:00\",\"mainEntityOfPage\":{\"@id\":\"https:\\\/\\\/lepatriotebenin.com\\\/index.php\\\/2025\\\/09\\\/17\\\/benin-compte-rendu-integral-du-conseil-des-ministres-de-ce-mercredi-17-septembre-2025\\\/\"},\"wordCount\":1729,\"commentCount\":0,\"image\":{\"@id\":\"https:\\\/\\\/lepatriotebenin.com\\\/index.php\\\/2025\\\/09\\\/17\\\/benin-compte-rendu-integral-du-conseil-des-ministres-de-ce-mercredi-17-septembre-2025\\\/#primaryimage\"},\"thumbnailUrl\":\"https:\\\/\\\/lepatriotebenin.com\\\/wp-content\\\/uploads\\\/2025\\\/09\\\/conseil.webp\",\"articleSection\":[\"Politique\"],\"inLanguage\":\"fr-FR\",\"potentialAction\":[{\"@type\":\"CommentAction\",\"name\":\"Comment\",\"target\":[\"https:\\\/\\\/lepatriotebenin.com\\\/index.php\\\/2025\\\/09\\\/17\\\/benin-compte-rendu-integral-du-conseil-des-ministres-de-ce-mercredi-17-septembre-2025\\\/#respond\"]}]},{\"@type\":\"WebPage\",\"@id\":\"https:\\\/\\\/lepatriotebenin.com\\\/index.php\\\/2025\\\/09\\\/17\\\/benin-compte-rendu-integral-du-conseil-des-ministres-de-ce-mercredi-17-septembre-2025\\\/\",\"url\":\"https:\\\/\\\/lepatriotebenin.com\\\/index.php\\\/2025\\\/09\\\/17\\\/benin-compte-rendu-integral-du-conseil-des-ministres-de-ce-mercredi-17-septembre-2025\\\/\",\"name\":\"B\u00e9nin : Compte rendu int\u00e9gral du conseil des ministres de ce mercredi 17 septembre 2025 - Le Patriote\",\"isPartOf\":{\"@id\":\"https:\\\/\\\/lepatriotebenin.com\\\/#website\"},\"primaryImageOfPage\":{\"@id\":\"https:\\\/\\\/lepatriotebenin.com\\\/index.php\\\/2025\\\/09\\\/17\\\/benin-compte-rendu-integral-du-conseil-des-ministres-de-ce-mercredi-17-septembre-2025\\\/#primaryimage\"},\"image\":{\"@id\":\"https:\\\/\\\/lepatriotebenin.com\\\/index.php\\\/2025\\\/09\\\/17\\\/benin-compte-rendu-integral-du-conseil-des-ministres-de-ce-mercredi-17-septembre-2025\\\/#primaryimage\"},\"thumbnailUrl\":\"https:\\\/\\\/lepatriotebenin.com\\\/wp-content\\\/uploads\\\/2025\\\/09\\\/conseil.webp\",\"datePublished\":\"2025-09-17T13:38:36+00:00\",\"dateModified\":\"2025-09-17T13:51:58+00:00\",\"author\":{\"@id\":\"https:\\\/\\\/lepatriotebenin.com\\\/#\\\/schema\\\/person\\\/2e7709b9c9cc313e452d1136af61690f\"},\"breadcrumb\":{\"@id\":\"https:\\\/\\\/lepatriotebenin.com\\\/index.php\\\/2025\\\/09\\\/17\\\/benin-compte-rendu-integral-du-conseil-des-ministres-de-ce-mercredi-17-septembre-2025\\\/#breadcrumb\"},\"inLanguage\":\"fr-FR\",\"potentialAction\":[{\"@type\":\"ReadAction\",\"target\":[\"https:\\\/\\\/lepatriotebenin.com\\\/index.php\\\/2025\\\/09\\\/17\\\/benin-compte-rendu-integral-du-conseil-des-ministres-de-ce-mercredi-17-septembre-2025\\\/\"]}]},{\"@type\":\"ImageObject\",\"inLanguage\":\"fr-FR\",\"@id\":\"https:\\\/\\\/lepatriotebenin.com\\\/index.php\\\/2025\\\/09\\\/17\\\/benin-compte-rendu-integral-du-conseil-des-ministres-de-ce-mercredi-17-septembre-2025\\\/#primaryimage\",\"url\":\"https:\\\/\\\/lepatriotebenin.com\\\/wp-content\\\/uploads\\\/2025\\\/09\\\/conseil.webp\",\"contentUrl\":\"https:\\\/\\\/lepatriotebenin.com\\\/wp-content\\\/uploads\\\/2025\\\/09\\\/conseil.webp\",\"width\":866,\"height\":566},{\"@type\":\"BreadcrumbList\",\"@id\":\"https:\\\/\\\/lepatriotebenin.com\\\/index.php\\\/2025\\\/09\\\/17\\\/benin-compte-rendu-integral-du-conseil-des-ministres-de-ce-mercredi-17-septembre-2025\\\/#breadcrumb\",\"itemListElement\":[{\"@type\":\"ListItem\",\"position\":1,\"name\":\"Accueil\",\"item\":\"https:\\\/\\\/lepatriotebenin.com\\\/\"},{\"@type\":\"ListItem\",\"position\":2,\"name\":\"B\u00e9nin : Compte rendu int\u00e9gral du conseil des ministres de ce mercredi 17 septembre 2025\"}]},{\"@type\":\"WebSite\",\"@id\":\"https:\\\/\\\/lepatriotebenin.com\\\/#website\",\"url\":\"https:\\\/\\\/lepatriotebenin.com\\\/\",\"name\":\"Le Patriote\",\"description\":\"Le Patriote B\u00e9nin\",\"potentialAction\":[{\"@type\":\"SearchAction\",\"target\":{\"@type\":\"EntryPoint\",\"urlTemplate\":\"https:\\\/\\\/lepatriotebenin.com\\\/?s={search_term_string}\"},\"query-input\":{\"@type\":\"PropertyValueSpecification\",\"valueRequired\":true,\"valueName\":\"search_term_string\"}}],\"inLanguage\":\"fr-FR\"},{\"@type\":\"Person\",\"@id\":\"https:\\\/\\\/lepatriotebenin.com\\\/#\\\/schema\\\/person\\\/2e7709b9c9cc313e452d1136af61690f\",\"name\":\"Redaction\",\"image\":{\"@type\":\"ImageObject\",\"inLanguage\":\"fr-FR\",\"@id\":\"https:\\\/\\\/secure.gravatar.com\\\/avatar\\\/c4c509357859ea2ca2cbb6d8812898a73e4ef1ef9934c2e591d7e32face734d1?s=96&d=mm&r=g\",\"url\":\"https:\\\/\\\/secure.gravatar.com\\\/avatar\\\/c4c509357859ea2ca2cbb6d8812898a73e4ef1ef9934c2e591d7e32face734d1?s=96&d=mm&r=g\",\"contentUrl\":\"https:\\\/\\\/secure.gravatar.com\\\/avatar\\\/c4c509357859ea2ca2cbb6d8812898a73e4ef1ef9934c2e591d7e32face734d1?s=96&d=mm&r=g\",\"caption\":\"Redaction\"},\"url\":\"https:\\\/\\\/lepatriotebenin.com\"}]}<\/script>\n<!-- \/ Yoast SEO plugin. -->","yoast_head_json":{"title":"B\u00e9nin : Compte rendu int\u00e9gral du conseil des ministres de ce mercredi 17 septembre 2025 - Le Patriote","robots":{"index":"index","follow":"follow","max-snippet":"max-snippet:-1","max-image-preview":"max-image-preview:large","max-video-preview":"max-video-preview:-1"},"canonical":"https:\/\/lepatriotebenin.com\/index.php\/2025\/09\/17\/benin-compte-rendu-integral-du-conseil-des-ministres-de-ce-mercredi-17-septembre-2025\/","og_locale":"fr_FR","og_type":"article","og_title":"B\u00e9nin : Compte rendu int\u00e9gral du conseil des ministres de ce mercredi 17 septembre 2025 - Le Patriote","og_description":"&nbsp; Le Conseil des Ministres s\u2019est r\u00e9uni ce mercredi 17 septembre 2025, sous la pr\u00e9sidence de Monsieur Patrice TALON, Pr\u00e9sident de la R\u00e9publique. Les d\u00e9cisions ci-apr\u00e8s ont \u00e9t\u00e9 prises\u00a0: I&#8211;&hellip;","og_url":"https:\/\/lepatriotebenin.com\/index.php\/2025\/09\/17\/benin-compte-rendu-integral-du-conseil-des-ministres-de-ce-mercredi-17-septembre-2025\/","og_site_name":"Le Patriote","article_published_time":"2025-09-17T13:38:36+00:00","article_modified_time":"2025-09-17T13:51:58+00:00","og_image":[{"width":866,"height":566,"url":"https:\/\/lepatriotebenin.com\/wp-content\/uploads\/2025\/09\/conseil.webp","type":"image\/webp"}],"author":"Redaction","twitter_card":"summary_large_image","twitter_misc":{"\u00c9crit par":"Redaction","Dur\u00e9e de lecture estim\u00e9e":"8 minutes"},"schema":{"@context":"https:\/\/schema.org","@graph":[{"@type":"Article","@id":"https:\/\/lepatriotebenin.com\/index.php\/2025\/09\/17\/benin-compte-rendu-integral-du-conseil-des-ministres-de-ce-mercredi-17-septembre-2025\/#article","isPartOf":{"@id":"https:\/\/lepatriotebenin.com\/index.php\/2025\/09\/17\/benin-compte-rendu-integral-du-conseil-des-ministres-de-ce-mercredi-17-septembre-2025\/"},"author":{"name":"Redaction","@id":"https:\/\/lepatriotebenin.com\/#\/schema\/person\/2e7709b9c9cc313e452d1136af61690f"},"headline":"B\u00e9nin : Compte rendu int\u00e9gral du conseil des ministres de ce mercredi 17 septembre 2025","datePublished":"2025-09-17T13:38:36+00:00","dateModified":"2025-09-17T13:51:58+00:00","mainEntityOfPage":{"@id":"https:\/\/lepatriotebenin.com\/index.php\/2025\/09\/17\/benin-compte-rendu-integral-du-conseil-des-ministres-de-ce-mercredi-17-septembre-2025\/"},"wordCount":1729,"commentCount":0,"image":{"@id":"https:\/\/lepatriotebenin.com\/index.php\/2025\/09\/17\/benin-compte-rendu-integral-du-conseil-des-ministres-de-ce-mercredi-17-septembre-2025\/#primaryimage"},"thumbnailUrl":"https:\/\/lepatriotebenin.com\/wp-content\/uploads\/2025\/09\/conseil.webp","articleSection":["Politique"],"inLanguage":"fr-FR","potentialAction":[{"@type":"CommentAction","name":"Comment","target":["https:\/\/lepatriotebenin.com\/index.php\/2025\/09\/17\/benin-compte-rendu-integral-du-conseil-des-ministres-de-ce-mercredi-17-septembre-2025\/#respond"]}]},{"@type":"WebPage","@id":"https:\/\/lepatriotebenin.com\/index.php\/2025\/09\/17\/benin-compte-rendu-integral-du-conseil-des-ministres-de-ce-mercredi-17-septembre-2025\/","url":"https:\/\/lepatriotebenin.com\/index.php\/2025\/09\/17\/benin-compte-rendu-integral-du-conseil-des-ministres-de-ce-mercredi-17-septembre-2025\/","name":"B\u00e9nin : Compte rendu int\u00e9gral du conseil des ministres de ce mercredi 17 septembre 2025 - Le Patriote","isPartOf":{"@id":"https:\/\/lepatriotebenin.com\/#website"},"primaryImageOfPage":{"@id":"https:\/\/lepatriotebenin.com\/index.php\/2025\/09\/17\/benin-compte-rendu-integral-du-conseil-des-ministres-de-ce-mercredi-17-septembre-2025\/#primaryimage"},"image":{"@id":"https:\/\/lepatriotebenin.com\/index.php\/2025\/09\/17\/benin-compte-rendu-integral-du-conseil-des-ministres-de-ce-mercredi-17-septembre-2025\/#primaryimage"},"thumbnailUrl":"https:\/\/lepatriotebenin.com\/wp-content\/uploads\/2025\/09\/conseil.webp","datePublished":"2025-09-17T13:38:36+00:00","dateModified":"2025-09-17T13:51:58+00:00","author":{"@id":"https:\/\/lepatriotebenin.com\/#\/schema\/person\/2e7709b9c9cc313e452d1136af61690f"},"breadcrumb":{"@id":"https:\/\/lepatriotebenin.com\/index.php\/2025\/09\/17\/benin-compte-rendu-integral-du-conseil-des-ministres-de-ce-mercredi-17-septembre-2025\/#breadcrumb"},"inLanguage":"fr-FR","potentialAction":[{"@type":"ReadAction","target":["https:\/\/lepatriotebenin.com\/index.php\/2025\/09\/17\/benin-compte-rendu-integral-du-conseil-des-ministres-de-ce-mercredi-17-septembre-2025\/"]}]},{"@type":"ImageObject","inLanguage":"fr-FR","@id":"https:\/\/lepatriotebenin.com\/index.php\/2025\/09\/17\/benin-compte-rendu-integral-du-conseil-des-ministres-de-ce-mercredi-17-septembre-2025\/#primaryimage","url":"https:\/\/lepatriotebenin.com\/wp-content\/uploads\/2025\/09\/conseil.webp","contentUrl":"https:\/\/lepatriotebenin.com\/wp-content\/uploads\/2025\/09\/conseil.webp","width":866,"height":566},{"@type":"BreadcrumbList","@id":"https:\/\/lepatriotebenin.com\/index.php\/2025\/09\/17\/benin-compte-rendu-integral-du-conseil-des-ministres-de-ce-mercredi-17-septembre-2025\/#breadcrumb","itemListElement":[{"@type":"ListItem","position":1,"name":"Accueil","item":"https:\/\/lepatriotebenin.com\/"},{"@type":"ListItem","position":2,"name":"B\u00e9nin : Compte rendu int\u00e9gral du conseil des ministres de ce mercredi 17 septembre 2025"}]},{"@type":"WebSite","@id":"https:\/\/lepatriotebenin.com\/#website","url":"https:\/\/lepatriotebenin.com\/","name":"Le Patriote","description":"Le Patriote B\u00e9nin","potentialAction":[{"@type":"SearchAction","target":{"@type":"EntryPoint","urlTemplate":"https:\/\/lepatriotebenin.com\/?s={search_term_string}"},"query-input":{"@type":"PropertyValueSpecification","valueRequired":true,"valueName":"search_term_string"}}],"inLanguage":"fr-FR"},{"@type":"Person","@id":"https:\/\/lepatriotebenin.com\/#\/schema\/person\/2e7709b9c9cc313e452d1136af61690f","name":"Redaction","image":{"@type":"ImageObject","inLanguage":"fr-FR","@id":"https:\/\/secure.gravatar.com\/avatar\/c4c509357859ea2ca2cbb6d8812898a73e4ef1ef9934c2e591d7e32face734d1?s=96&d=mm&r=g","url":"https:\/\/secure.gravatar.com\/avatar\/c4c509357859ea2ca2cbb6d8812898a73e4ef1ef9934c2e591d7e32face734d1?s=96&d=mm&r=g","contentUrl":"https:\/\/secure.gravatar.com\/avatar\/c4c509357859ea2ca2cbb6d8812898a73e4ef1ef9934c2e591d7e32face734d1?s=96&d=mm&r=g","caption":"Redaction"},"url":"https:\/\/lepatriotebenin.com"}]}},"_links":{"self":[{"href":"https:\/\/lepatriotebenin.com\/index.php\/wp-json\/wp\/v2\/posts\/13572","targetHints":{"allow":["GET"]}}],"collection":[{"href":"https:\/\/lepatriotebenin.com\/index.php\/wp-json\/wp\/v2\/posts"}],"about":[{"href":"https:\/\/lepatriotebenin.com\/index.php\/wp-json\/wp\/v2\/types\/post"}],"author":[{"embeddable":true,"href":"https:\/\/lepatriotebenin.com\/index.php\/wp-json\/wp\/v2\/users\/5"}],"replies":[{"embeddable":true,"href":"https:\/\/lepatriotebenin.com\/index.php\/wp-json\/wp\/v2\/comments?post=13572"}],"version-history":[{"count":3,"href":"https:\/\/lepatriotebenin.com\/index.php\/wp-json\/wp\/v2\/posts\/13572\/revisions"}],"predecessor-version":[{"id":13577,"href":"https:\/\/lepatriotebenin.com\/index.php\/wp-json\/wp\/v2\/posts\/13572\/revisions\/13577"}],"wp:featuredmedia":[{"embeddable":true,"href":"https:\/\/lepatriotebenin.com\/index.php\/wp-json\/wp\/v2\/media\/13573"}],"wp:attachment":[{"href":"https:\/\/lepatriotebenin.com\/index.php\/wp-json\/wp\/v2\/media?parent=13572"}],"wp:term":[{"taxonomy":"category","embeddable":true,"href":"https:\/\/lepatriotebenin.com\/index.php\/wp-json\/wp\/v2\/categories?post=13572"},{"taxonomy":"post_tag","embeddable":true,"href":"https:\/\/lepatriotebenin.com\/index.php\/wp-json\/wp\/v2\/tags?post=13572"}],"curies":[{"name":"wp","href":"https:\/\/api.w.org\/{rel}","templated":true}]}}