{"id":13566,"date":"2025-09-17T11:59:35","date_gmt":"2025-09-17T09:59:35","guid":{"rendered":"https:\/\/lepatriotebenin.com\/?p=13566"},"modified":"2025-09-17T11:59:35","modified_gmt":"2025-09-17T09:59:35","slug":"tchad-lassemblee-adopte-le-projet-de-mandat-presidentiel-de-sept-ans","status":"publish","type":"post","link":"https:\/\/lepatriotebenin.com\/index.php\/2025\/09\/17\/tchad-lassemblee-adopte-le-projet-de-mandat-presidentiel-de-sept-ans\/","title":{"rendered":"Tchad : L\u2019Assembl\u00e9e adopte le projet de mandat pr\u00e9sidentiel de sept ans"},"content":{"rendered":"<p><em><strong>L\u2019Assembl\u00e9e nationale tchadienne, \u00e0 l\u2019issue d\u2019un vote tenu lundi 15 septembre 2025 , a adopt\u00e9 un projet de modification constitutionnelle.\u00a0 Cette r\u00e9forme vise \u00e0 porter le mandat pr\u00e9sidentiel de cinq \u00e0 sept ans.<\/strong><\/em><\/p>\n<p>Sur <strong>188 d\u00e9put\u00e9s, 171<\/strong> se sont prononc\u00e9s pour un rapport proposant d\u2019allonger la dur\u00e9e du mandat pr\u00e9sidentiel de cinq \u00e0 sept ans. Ce projet s\u2019inscrit dans le cadre d\u2019une r\u00e9vision de la Constitution adopt\u00e9e e<strong>n d\u00e9cembre 2023<\/strong>. L\u2019objectif affich\u00e9 est de renforcer la stabilit\u00e9 institutionnelle et d\u2019adapter la gouvernance aux d\u00e9fis du pays. En plus de l\u2019extension du mandat pr\u00e9sidentiel, le texte introduit plusieurs nouveaut\u00e9s importantes.<\/p>\n<p>D\u2019abord, le mandat des d\u00e9put\u00e9s passerait de cinq \u00e0 six ans, permettant une plus grande continuit\u00e9 dans le travail parlementaire. Ensuite, la cr\u00e9ation d\u2019un poste de vice-premier ministre vise \u00e0 renforcer l\u2019efficacit\u00e9 de l\u2019ex\u00e9cutif et \u00e0 am\u00e9liorer la coordination gouvernementale. Une disposition particuli\u00e8re pr\u00e9voit aussi une pause estivale pour le Pr\u00e9sident et le Premier ministre, un \u00e9l\u00e9ment in\u00e9dit dans l\u2019organisation politique tchadienne.<\/p>\n<p>L\u2019autre mesure phare concerne la responsabilit\u00e9 des membres du gouvernement. D\u00e9sormais, ils seraient tenus de rendre des comptes devant les juridictions de droit commun pour les crimes \u00e9conomiques. Si le projet est soutenu par une majorit\u00e9 \u00e9crasante de d\u00e9put\u00e9s, il suscite n\u00e9anmoins des d\u00e9bats.<\/p>\n<p>Certains observateurs s\u2019inqui\u00e8tent de l\u2019impact de l\u2019allongement du mandat pr\u00e9sidentiel, craignant une concentration accrue du pouvoir ex\u00e9cutif. D\u2019autres y voient une opportunit\u00e9 d\u2019assurer une meilleure stabilit\u00e9 dans un contexte marqu\u00e9 par des d\u00e9fis s\u00e9curitaires et socio-\u00e9conomiques.L\u2019adoption de ce rapport constitue une \u00e9tape importante, mais le texte devra encore franchir d\u2019autres \u00e9tapes institutionnelles avant de devenir effectif.<\/p>\n<p><strong>Ez\u00e9chiel Dagb\u00e9gnon PADONOU<\/strong><\/p>\n<p>&nbsp;<\/p>\n<p>&nbsp;<\/p>\n<p>&nbsp;<\/p>\n<p>&nbsp;<\/p>\n<p>&nbsp;<\/p>\n","protected":false},"excerpt":{"rendered":"<p>L\u2019Assembl\u00e9e nationale tchadienne, \u00e0 l\u2019issue d\u2019un vote tenu lundi 15 septembre 2025 , a adopt\u00e9 un projet de modification constitutionnelle.\u00a0 Cette r\u00e9forme vise \u00e0 porter le mandat pr\u00e9sidentiel de cinq&hellip;<\/p>\n","protected":false},"author":5,"featured_media":13567,"comment_status":"open","ping_status":"open","sticky":false,"template":"","format":"standard","meta":{"content-type":"","om_disable_all_campaigns":false,"_monsterinsights_skip_tracking":false,"_monsterinsights_sitenote_active":false,"_monsterinsights_sitenote_note":"","_monsterinsights_sitenote_category":0,"_uf_show_specific_survey":0,"_uf_disable_surveys":false,"footnotes":""},"categories":[339],"tags":[],"class_list":["post-13566","post","type-post","status-publish","format-standard","has-post-thumbnail","hentry","category-afrique"],"aioseo_notices":[],"yoast_head":"<!-- This site is optimized with the Yoast SEO plugin v27.5 - https:\/\/yoast.com\/product\/yoast-seo-wordpress\/ -->\n<title>Tchad : L\u2019Assembl\u00e9e adopte le projet de mandat pr\u00e9sidentiel de sept ans - Le Patriote<\/title>\n<meta name=\"robots\" content=\"index, follow, max-snippet:-1, max-image-preview:large, max-video-preview:-1\" \/>\n<link rel=\"canonical\" href=\"https:\/\/lepatriotebenin.com\/index.php\/2025\/09\/17\/tchad-lassemblee-adopte-le-projet-de-mandat-presidentiel-de-sept-ans\/\" \/>\n<meta property=\"og:locale\" content=\"fr_FR\" \/>\n<meta property=\"og:type\" content=\"article\" \/>\n<meta property=\"og:title\" content=\"Tchad : L\u2019Assembl\u00e9e adopte le projet de mandat pr\u00e9sidentiel de sept ans - Le Patriote\" \/>\n<meta property=\"og:description\" content=\"L\u2019Assembl\u00e9e nationale tchadienne, \u00e0 l\u2019issue d\u2019un vote tenu lundi 15 septembre 2025 , a adopt\u00e9 un projet de modification constitutionnelle.\u00a0 Cette r\u00e9forme vise \u00e0 porter le mandat pr\u00e9sidentiel de cinq&hellip;\" \/>\n<meta property=\"og:url\" content=\"https:\/\/lepatriotebenin.com\/index.php\/2025\/09\/17\/tchad-lassemblee-adopte-le-projet-de-mandat-presidentiel-de-sept-ans\/\" \/>\n<meta property=\"og:site_name\" content=\"Le Patriote\" \/>\n<meta property=\"article:published_time\" content=\"2025-09-17T09:59:35+00:00\" \/>\n<meta property=\"og:image\" content=\"https:\/\/lepatriotebenin.com\/wp-content\/uploads\/2025\/09\/tchad.jpg\" \/>\n\t<meta property=\"og:image:width\" content=\"660\" \/>\n\t<meta property=\"og:image:height\" content=\"330\" \/>\n\t<meta property=\"og:image:type\" content=\"image\/jpeg\" \/>\n<meta name=\"author\" content=\"Redaction\" \/>\n<meta name=\"twitter:card\" content=\"summary_large_image\" \/>\n<meta name=\"twitter:label1\" content=\"\u00c9crit par\" \/>\n\t<meta name=\"twitter:data1\" content=\"Redaction\" \/>\n\t<meta name=\"twitter:label2\" content=\"Dur\u00e9e de lecture estim\u00e9e\" \/>\n\t<meta name=\"twitter:data2\" content=\"2 minutes\" \/>\n<script type=\"application\/ld+json\" class=\"yoast-schema-graph\">{\"@context\":\"https:\\\/\\\/schema.org\",\"@graph\":[{\"@type\":\"Article\",\"@id\":\"https:\\\/\\\/lepatriotebenin.com\\\/index.php\\\/2025\\\/09\\\/17\\\/tchad-lassemblee-adopte-le-projet-de-mandat-presidentiel-de-sept-ans\\\/#article\",\"isPartOf\":{\"@id\":\"https:\\\/\\\/lepatriotebenin.com\\\/index.php\\\/2025\\\/09\\\/17\\\/tchad-lassemblee-adopte-le-projet-de-mandat-presidentiel-de-sept-ans\\\/\"},\"author\":{\"name\":\"Redaction\",\"@id\":\"https:\\\/\\\/lepatriotebenin.com\\\/#\\\/schema\\\/person\\\/2e7709b9c9cc313e452d1136af61690f\"},\"headline\":\"Tchad : L\u2019Assembl\u00e9e adopte le projet de mandat pr\u00e9sidentiel de sept ans\",\"datePublished\":\"2025-09-17T09:59:35+00:00\",\"mainEntityOfPage\":{\"@id\":\"https:\\\/\\\/lepatriotebenin.com\\\/index.php\\\/2025\\\/09\\\/17\\\/tchad-lassemblee-adopte-le-projet-de-mandat-presidentiel-de-sept-ans\\\/\"},\"wordCount\":330,\"commentCount\":0,\"image\":{\"@id\":\"https:\\\/\\\/lepatriotebenin.com\\\/index.php\\\/2025\\\/09\\\/17\\\/tchad-lassemblee-adopte-le-projet-de-mandat-presidentiel-de-sept-ans\\\/#primaryimage\"},\"thumbnailUrl\":\"https:\\\/\\\/lepatriotebenin.com\\\/wp-content\\\/uploads\\\/2025\\\/09\\\/tchad.jpg\",\"articleSection\":[\"Afrique\"],\"inLanguage\":\"fr-FR\",\"potentialAction\":[{\"@type\":\"CommentAction\",\"name\":\"Comment\",\"target\":[\"https:\\\/\\\/lepatriotebenin.com\\\/index.php\\\/2025\\\/09\\\/17\\\/tchad-lassemblee-adopte-le-projet-de-mandat-presidentiel-de-sept-ans\\\/#respond\"]}]},{\"@type\":\"WebPage\",\"@id\":\"https:\\\/\\\/lepatriotebenin.com\\\/index.php\\\/2025\\\/09\\\/17\\\/tchad-lassemblee-adopte-le-projet-de-mandat-presidentiel-de-sept-ans\\\/\",\"url\":\"https:\\\/\\\/lepatriotebenin.com\\\/index.php\\\/2025\\\/09\\\/17\\\/tchad-lassemblee-adopte-le-projet-de-mandat-presidentiel-de-sept-ans\\\/\",\"name\":\"Tchad : L\u2019Assembl\u00e9e adopte le projet de mandat pr\u00e9sidentiel de sept ans - Le Patriote\",\"isPartOf\":{\"@id\":\"https:\\\/\\\/lepatriotebenin.com\\\/#website\"},\"primaryImageOfPage\":{\"@id\":\"https:\\\/\\\/lepatriotebenin.com\\\/index.php\\\/2025\\\/09\\\/17\\\/tchad-lassemblee-adopte-le-projet-de-mandat-presidentiel-de-sept-ans\\\/#primaryimage\"},\"image\":{\"@id\":\"https:\\\/\\\/lepatriotebenin.com\\\/index.php\\\/2025\\\/09\\\/17\\\/tchad-lassemblee-adopte-le-projet-de-mandat-presidentiel-de-sept-ans\\\/#primaryimage\"},\"thumbnailUrl\":\"https:\\\/\\\/lepatriotebenin.com\\\/wp-content\\\/uploads\\\/2025\\\/09\\\/tchad.jpg\",\"datePublished\":\"2025-09-17T09:59:35+00:00\",\"author\":{\"@id\":\"https:\\\/\\\/lepatriotebenin.com\\\/#\\\/schema\\\/person\\\/2e7709b9c9cc313e452d1136af61690f\"},\"breadcrumb\":{\"@id\":\"https:\\\/\\\/lepatriotebenin.com\\\/index.php\\\/2025\\\/09\\\/17\\\/tchad-lassemblee-adopte-le-projet-de-mandat-presidentiel-de-sept-ans\\\/#breadcrumb\"},\"inLanguage\":\"fr-FR\",\"potentialAction\":[{\"@type\":\"ReadAction\",\"target\":[\"https:\\\/\\\/lepatriotebenin.com\\\/index.php\\\/2025\\\/09\\\/17\\\/tchad-lassemblee-adopte-le-projet-de-mandat-presidentiel-de-sept-ans\\\/\"]}]},{\"@type\":\"ImageObject\",\"inLanguage\":\"fr-FR\",\"@id\":\"https:\\\/\\\/lepatriotebenin.com\\\/index.php\\\/2025\\\/09\\\/17\\\/tchad-lassemblee-adopte-le-projet-de-mandat-presidentiel-de-sept-ans\\\/#primaryimage\",\"url\":\"https:\\\/\\\/lepatriotebenin.com\\\/wp-content\\\/uploads\\\/2025\\\/09\\\/tchad.jpg\",\"contentUrl\":\"https:\\\/\\\/lepatriotebenin.com\\\/wp-content\\\/uploads\\\/2025\\\/09\\\/tchad.jpg\",\"width\":660,\"height\":330},{\"@type\":\"BreadcrumbList\",\"@id\":\"https:\\\/\\\/lepatriotebenin.com\\\/index.php\\\/2025\\\/09\\\/17\\\/tchad-lassemblee-adopte-le-projet-de-mandat-presidentiel-de-sept-ans\\\/#breadcrumb\",\"itemListElement\":[{\"@type\":\"ListItem\",\"position\":1,\"name\":\"Accueil\",\"item\":\"https:\\\/\\\/lepatriotebenin.com\\\/\"},{\"@type\":\"ListItem\",\"position\":2,\"name\":\"Tchad : L\u2019Assembl\u00e9e adopte le projet de mandat pr\u00e9sidentiel de sept ans\"}]},{\"@type\":\"WebSite\",\"@id\":\"https:\\\/\\\/lepatriotebenin.com\\\/#website\",\"url\":\"https:\\\/\\\/lepatriotebenin.com\\\/\",\"name\":\"Le Patriote\",\"description\":\"Le Patriote B\u00e9nin\",\"potentialAction\":[{\"@type\":\"SearchAction\",\"target\":{\"@type\":\"EntryPoint\",\"urlTemplate\":\"https:\\\/\\\/lepatriotebenin.com\\\/?s={search_term_string}\"},\"query-input\":{\"@type\":\"PropertyValueSpecification\",\"valueRequired\":true,\"valueName\":\"search_term_string\"}}],\"inLanguage\":\"fr-FR\"},{\"@type\":\"Person\",\"@id\":\"https:\\\/\\\/lepatriotebenin.com\\\/#\\\/schema\\\/person\\\/2e7709b9c9cc313e452d1136af61690f\",\"name\":\"Redaction\",\"image\":{\"@type\":\"ImageObject\",\"inLanguage\":\"fr-FR\",\"@id\":\"https:\\\/\\\/secure.gravatar.com\\\/avatar\\\/c4c509357859ea2ca2cbb6d8812898a73e4ef1ef9934c2e591d7e32face734d1?s=96&d=mm&r=g\",\"url\":\"https:\\\/\\\/secure.gravatar.com\\\/avatar\\\/c4c509357859ea2ca2cbb6d8812898a73e4ef1ef9934c2e591d7e32face734d1?s=96&d=mm&r=g\",\"contentUrl\":\"https:\\\/\\\/secure.gravatar.com\\\/avatar\\\/c4c509357859ea2ca2cbb6d8812898a73e4ef1ef9934c2e591d7e32face734d1?s=96&d=mm&r=g\",\"caption\":\"Redaction\"},\"url\":\"https:\\\/\\\/lepatriotebenin.com\"}]}<\/script>\n<!-- \/ Yoast SEO plugin. -->","yoast_head_json":{"title":"Tchad : L\u2019Assembl\u00e9e adopte le projet de mandat pr\u00e9sidentiel de sept ans - Le Patriote","robots":{"index":"index","follow":"follow","max-snippet":"max-snippet:-1","max-image-preview":"max-image-preview:large","max-video-preview":"max-video-preview:-1"},"canonical":"https:\/\/lepatriotebenin.com\/index.php\/2025\/09\/17\/tchad-lassemblee-adopte-le-projet-de-mandat-presidentiel-de-sept-ans\/","og_locale":"fr_FR","og_type":"article","og_title":"Tchad : L\u2019Assembl\u00e9e adopte le projet de mandat pr\u00e9sidentiel de sept ans - Le Patriote","og_description":"L\u2019Assembl\u00e9e nationale tchadienne, \u00e0 l\u2019issue d\u2019un vote tenu lundi 15 septembre 2025 , a adopt\u00e9 un projet de modification constitutionnelle.\u00a0 Cette r\u00e9forme vise \u00e0 porter le mandat pr\u00e9sidentiel de cinq&hellip;","og_url":"https:\/\/lepatriotebenin.com\/index.php\/2025\/09\/17\/tchad-lassemblee-adopte-le-projet-de-mandat-presidentiel-de-sept-ans\/","og_site_name":"Le Patriote","article_published_time":"2025-09-17T09:59:35+00:00","og_image":[{"width":660,"height":330,"url":"https:\/\/lepatriotebenin.com\/wp-content\/uploads\/2025\/09\/tchad.jpg","type":"image\/jpeg"}],"author":"Redaction","twitter_card":"summary_large_image","twitter_misc":{"\u00c9crit par":"Redaction","Dur\u00e9e de lecture estim\u00e9e":"2 minutes"},"schema":{"@context":"https:\/\/schema.org","@graph":[{"@type":"Article","@id":"https:\/\/lepatriotebenin.com\/index.php\/2025\/09\/17\/tchad-lassemblee-adopte-le-projet-de-mandat-presidentiel-de-sept-ans\/#article","isPartOf":{"@id":"https:\/\/lepatriotebenin.com\/index.php\/2025\/09\/17\/tchad-lassemblee-adopte-le-projet-de-mandat-presidentiel-de-sept-ans\/"},"author":{"name":"Redaction","@id":"https:\/\/lepatriotebenin.com\/#\/schema\/person\/2e7709b9c9cc313e452d1136af61690f"},"headline":"Tchad : L\u2019Assembl\u00e9e adopte le projet de mandat pr\u00e9sidentiel de sept ans","datePublished":"2025-09-17T09:59:35+00:00","mainEntityOfPage":{"@id":"https:\/\/lepatriotebenin.com\/index.php\/2025\/09\/17\/tchad-lassemblee-adopte-le-projet-de-mandat-presidentiel-de-sept-ans\/"},"wordCount":330,"commentCount":0,"image":{"@id":"https:\/\/lepatriotebenin.com\/index.php\/2025\/09\/17\/tchad-lassemblee-adopte-le-projet-de-mandat-presidentiel-de-sept-ans\/#primaryimage"},"thumbnailUrl":"https:\/\/lepatriotebenin.com\/wp-content\/uploads\/2025\/09\/tchad.jpg","articleSection":["Afrique"],"inLanguage":"fr-FR","potentialAction":[{"@type":"CommentAction","name":"Comment","target":["https:\/\/lepatriotebenin.com\/index.php\/2025\/09\/17\/tchad-lassemblee-adopte-le-projet-de-mandat-presidentiel-de-sept-ans\/#respond"]}]},{"@type":"WebPage","@id":"https:\/\/lepatriotebenin.com\/index.php\/2025\/09\/17\/tchad-lassemblee-adopte-le-projet-de-mandat-presidentiel-de-sept-ans\/","url":"https:\/\/lepatriotebenin.com\/index.php\/2025\/09\/17\/tchad-lassemblee-adopte-le-projet-de-mandat-presidentiel-de-sept-ans\/","name":"Tchad : L\u2019Assembl\u00e9e adopte le projet de mandat pr\u00e9sidentiel de sept ans - Le Patriote","isPartOf":{"@id":"https:\/\/lepatriotebenin.com\/#website"},"primaryImageOfPage":{"@id":"https:\/\/lepatriotebenin.com\/index.php\/2025\/09\/17\/tchad-lassemblee-adopte-le-projet-de-mandat-presidentiel-de-sept-ans\/#primaryimage"},"image":{"@id":"https:\/\/lepatriotebenin.com\/index.php\/2025\/09\/17\/tchad-lassemblee-adopte-le-projet-de-mandat-presidentiel-de-sept-ans\/#primaryimage"},"thumbnailUrl":"https:\/\/lepatriotebenin.com\/wp-content\/uploads\/2025\/09\/tchad.jpg","datePublished":"2025-09-17T09:59:35+00:00","author":{"@id":"https:\/\/lepatriotebenin.com\/#\/schema\/person\/2e7709b9c9cc313e452d1136af61690f"},"breadcrumb":{"@id":"https:\/\/lepatriotebenin.com\/index.php\/2025\/09\/17\/tchad-lassemblee-adopte-le-projet-de-mandat-presidentiel-de-sept-ans\/#breadcrumb"},"inLanguage":"fr-FR","potentialAction":[{"@type":"ReadAction","target":["https:\/\/lepatriotebenin.com\/index.php\/2025\/09\/17\/tchad-lassemblee-adopte-le-projet-de-mandat-presidentiel-de-sept-ans\/"]}]},{"@type":"ImageObject","inLanguage":"fr-FR","@id":"https:\/\/lepatriotebenin.com\/index.php\/2025\/09\/17\/tchad-lassemblee-adopte-le-projet-de-mandat-presidentiel-de-sept-ans\/#primaryimage","url":"https:\/\/lepatriotebenin.com\/wp-content\/uploads\/2025\/09\/tchad.jpg","contentUrl":"https:\/\/lepatriotebenin.com\/wp-content\/uploads\/2025\/09\/tchad.jpg","width":660,"height":330},{"@type":"BreadcrumbList","@id":"https:\/\/lepatriotebenin.com\/index.php\/2025\/09\/17\/tchad-lassemblee-adopte-le-projet-de-mandat-presidentiel-de-sept-ans\/#breadcrumb","itemListElement":[{"@type":"ListItem","position":1,"name":"Accueil","item":"https:\/\/lepatriotebenin.com\/"},{"@type":"ListItem","position":2,"name":"Tchad : L\u2019Assembl\u00e9e adopte le projet de mandat pr\u00e9sidentiel de sept ans"}]},{"@type":"WebSite","@id":"https:\/\/lepatriotebenin.com\/#website","url":"https:\/\/lepatriotebenin.com\/","name":"Le Patriote","description":"Le Patriote B\u00e9nin","potentialAction":[{"@type":"SearchAction","target":{"@type":"EntryPoint","urlTemplate":"https:\/\/lepatriotebenin.com\/?s={search_term_string}"},"query-input":{"@type":"PropertyValueSpecification","valueRequired":true,"valueName":"search_term_string"}}],"inLanguage":"fr-FR"},{"@type":"Person","@id":"https:\/\/lepatriotebenin.com\/#\/schema\/person\/2e7709b9c9cc313e452d1136af61690f","name":"Redaction","image":{"@type":"ImageObject","inLanguage":"fr-FR","@id":"https:\/\/secure.gravatar.com\/avatar\/c4c509357859ea2ca2cbb6d8812898a73e4ef1ef9934c2e591d7e32face734d1?s=96&d=mm&r=g","url":"https:\/\/secure.gravatar.com\/avatar\/c4c509357859ea2ca2cbb6d8812898a73e4ef1ef9934c2e591d7e32face734d1?s=96&d=mm&r=g","contentUrl":"https:\/\/secure.gravatar.com\/avatar\/c4c509357859ea2ca2cbb6d8812898a73e4ef1ef9934c2e591d7e32face734d1?s=96&d=mm&r=g","caption":"Redaction"},"url":"https:\/\/lepatriotebenin.com"}]}},"_links":{"self":[{"href":"https:\/\/lepatriotebenin.com\/index.php\/wp-json\/wp\/v2\/posts\/13566","targetHints":{"allow":["GET"]}}],"collection":[{"href":"https:\/\/lepatriotebenin.com\/index.php\/wp-json\/wp\/v2\/posts"}],"about":[{"href":"https:\/\/lepatriotebenin.com\/index.php\/wp-json\/wp\/v2\/types\/post"}],"author":[{"embeddable":true,"href":"https:\/\/lepatriotebenin.com\/index.php\/wp-json\/wp\/v2\/users\/5"}],"replies":[{"embeddable":true,"href":"https:\/\/lepatriotebenin.com\/index.php\/wp-json\/wp\/v2\/comments?post=13566"}],"version-history":[{"count":1,"href":"https:\/\/lepatriotebenin.com\/index.php\/wp-json\/wp\/v2\/posts\/13566\/revisions"}],"predecessor-version":[{"id":13568,"href":"https:\/\/lepatriotebenin.com\/index.php\/wp-json\/wp\/v2\/posts\/13566\/revisions\/13568"}],"wp:featuredmedia":[{"embeddable":true,"href":"https:\/\/lepatriotebenin.com\/index.php\/wp-json\/wp\/v2\/media\/13567"}],"wp:attachment":[{"href":"https:\/\/lepatriotebenin.com\/index.php\/wp-json\/wp\/v2\/media?parent=13566"}],"wp:term":[{"taxonomy":"category","embeddable":true,"href":"https:\/\/lepatriotebenin.com\/index.php\/wp-json\/wp\/v2\/categories?post=13566"},{"taxonomy":"post_tag","embeddable":true,"href":"https:\/\/lepatriotebenin.com\/index.php\/wp-json\/wp\/v2\/tags?post=13566"}],"curies":[{"name":"wp","href":"https:\/\/api.w.org\/{rel}","templated":true}]}}