{"id":13557,"date":"2025-09-17T04:02:16","date_gmt":"2025-09-17T02:02:16","guid":{"rendered":"https:\/\/lepatriotebenin.com\/?p=13557"},"modified":"2025-09-17T04:02:16","modified_gmt":"2025-09-17T02:02:16","slug":"auto-parrainage-pour-la-presidentielle-de-2026-les-propos-de-dakpe-sossou-ravivent-la-polemique","status":"publish","type":"post","link":"https:\/\/lepatriotebenin.com\/index.php\/2025\/09\/17\/auto-parrainage-pour-la-presidentielle-de-2026-les-propos-de-dakpe-sossou-ravivent-la-polemique\/","title":{"rendered":"Auto- parrainage pour la pr\u00e9sidentielle de 2026 :  Les propos de  Dakp\u00e8 Sossou ravivent la pol\u00e9mique"},"content":{"rendered":"<p><em><strong>La question sur l\u2019autoparrainage des candidats pour l\u2019\u00e9lection pr\u00e9sidentielle de 2026 de continue de susciter des remue-m\u00e9nages malgr\u00e9 les interpr\u00e9tations de la Commission \u00e9lectorale nationale autonome, institution en charge de l\u2019organisation des \u00e9lections.\u00a0 Les derni\u00e8res d\u00e9clarations du d\u00e9put\u00e9 Dakp\u00ea Sossou au cours de l\u2019une de ses nombreuses sorties ram\u00e8nent le sujet au menu et continuent de semer le doute dans le rang de l\u2019opposition.<\/strong><\/em><\/p>\n<p>\u00ab\u00a0Aucun d\u00e9put\u00e9 du parti Les D\u00e9mocrates ne participera pas aux \u00e9lections\u00a0\u00bb. C\u2019est en ces propos que le d\u00e9put\u00e9 Dakp\u00ea Sossou du parti Union progressiste le Renouveau s\u2019est adress\u00e9 en langue locale aux populations \u00e0 la base et autorit\u00e9s locales au cours d\u2019une\u00a0 rencontre. M\u00eame si les raisons qui sous-tendent cette assurance de l\u2019ancien maire de Lokossa quant \u00e0 la non-participation des \u00e9lus parlementaires du plus grand parti de l\u2019opposition au B\u00e9nin \u00e0 l\u2019\u00e9lection pr\u00e9sidentielle n\u2019ont pas \u00e9t\u00e9 \u00e9lucid\u00e9es dans l\u2019audio, elles renvoient tout de m\u00eame \u00e0 cette question d\u2019auto-parrainage \u00e9voqu\u00e9e dans nos pr\u00e9c\u00e9dentes publications. Malheureusement les explications de la Commission \u00e9lectorale nationale autonome sont loin d\u2019aplanir les doutes sur la question, car pour ceux qui savent la mani\u00e8re dont cette institution jette l\u2019\u00e9ponge face au moindre imboglio en mati\u00e8re \u00e9lectorale, les uns et les autres ont bien raison de rester en \u00e9tat d\u2019alerte maximale. En effet, si les dispositions du Code \u00c9lectoral notamment celle relative aux parrainages permettent au parti dirig\u00e9 par Boni Yayi de pr\u00e9senter un duo de candidats \u00e0 l\u2019\u00e9lection pr\u00e9sidentielle, le pi\u00e8ge se situe au niveau de celui qu\u2019il soit choisir. Pour ne pas tomber dans le pi\u00e8ge sans fin que la mouvance a \u00e9vit\u00e9 expr\u00e8s en choisissant un candidat qui n\u2019est pas parrain (d\u00e9put\u00e9 ou maire), le parti devrait faire preuve de grande coh\u00e9sion interne et de strat\u00e9gie en ne laissant pas s\u2019\u00e9chapper du filet l\u2019un seulement des vingt-huit d\u00e9put\u00e9s. Si l\u2019un manque, le parti n\u2019aura plus la possibilit\u00e9 de pr\u00e9senter un duo de candidatures pour l\u2019\u00e9lection. \u00c9tant donn\u00e9 que la loi reste muette sur cette pr\u00e9occupation laissant place au doute et \u00e0 toutes les interpr\u00e9tations possibles, il y a des erreurs qu\u2019il ne faille pas faire pour \u00e9viter de donner une petite marge de man\u0153uvre \u00e0 la mouvance qui cherche la moindre faille pour exclure l\u2019opposition de cette \u00e9ch\u00e9ance \u00e9lectorale de 2026. Ce d\u00e9bat fait rappeler le douloureux \u00e9pisode de l\u2019\u00e9viction des candidats sous le coup des poursuites judiciaires par le parti Les D\u00e9mocrates en 2023 lors des \u00e9lections l\u00e9gislatives. Il est donc tr\u00e8s important de ne pas tomber dans le m\u00eame pi\u00e8ge au risque de se faire \u00e9liminer avant m\u00eame le d\u00e9but de la comp\u00e9tition. Pour faire simple et \u00e9viter de tirer le diable par la queue, le parti n\u2019a qu\u2019une seule possibilit\u00e9, celle de choisir des candidats qui ne comptent pas parmi les 28 parrains.<\/p>\n<p>Mohamed Y\u00e8kini<\/p>\n","protected":false},"excerpt":{"rendered":"<p>La question sur l\u2019autoparrainage des candidats pour l\u2019\u00e9lection pr\u00e9sidentielle de 2026 de continue de susciter des remue-m\u00e9nages malgr\u00e9 les interpr\u00e9tations de la Commission \u00e9lectorale nationale autonome, institution en charge de&hellip;<\/p>\n","protected":false},"author":5,"featured_media":13558,"comment_status":"open","ping_status":"open","sticky":false,"template":"","format":"standard","meta":{"content-type":"","om_disable_all_campaigns":false,"_monsterinsights_skip_tracking":false,"_monsterinsights_sitenote_active":false,"_monsterinsights_sitenote_note":"","_monsterinsights_sitenote_category":0,"_uf_show_specific_survey":0,"_uf_disable_surveys":false,"footnotes":""},"categories":[26],"tags":[],"class_list":["post-13557","post","type-post","status-publish","format-standard","has-post-thumbnail","hentry","category-politique"],"aioseo_notices":[],"yoast_head":"<!-- This site is optimized with the Yoast SEO plugin v27.5 - https:\/\/yoast.com\/product\/yoast-seo-wordpress\/ -->\n<title>Auto- parrainage pour la pr\u00e9sidentielle de 2026 : Les propos de Dakp\u00e8 Sossou ravivent la pol\u00e9mique - Le Patriote<\/title>\n<meta name=\"robots\" content=\"index, follow, max-snippet:-1, max-image-preview:large, max-video-preview:-1\" \/>\n<link rel=\"canonical\" href=\"https:\/\/lepatriotebenin.com\/index.php\/2025\/09\/17\/auto-parrainage-pour-la-presidentielle-de-2026-les-propos-de-dakpe-sossou-ravivent-la-polemique\/\" \/>\n<meta property=\"og:locale\" content=\"fr_FR\" \/>\n<meta property=\"og:type\" content=\"article\" \/>\n<meta property=\"og:title\" content=\"Auto- parrainage pour la pr\u00e9sidentielle de 2026 : Les propos de Dakp\u00e8 Sossou ravivent la pol\u00e9mique - Le Patriote\" \/>\n<meta property=\"og:description\" content=\"La question sur l\u2019autoparrainage des candidats pour l\u2019\u00e9lection pr\u00e9sidentielle de 2026 de continue de susciter des remue-m\u00e9nages malgr\u00e9 les interpr\u00e9tations de la Commission \u00e9lectorale nationale autonome, institution en charge de&hellip;\" \/>\n<meta property=\"og:url\" content=\"https:\/\/lepatriotebenin.com\/index.php\/2025\/09\/17\/auto-parrainage-pour-la-presidentielle-de-2026-les-propos-de-dakpe-sossou-ravivent-la-polemique\/\" \/>\n<meta property=\"og:site_name\" content=\"Le Patriote\" \/>\n<meta property=\"article:published_time\" content=\"2025-09-17T02:02:16+00:00\" \/>\n<meta property=\"og:image\" content=\"https:\/\/lepatriotebenin.com\/wp-content\/uploads\/2025\/09\/dakpe-sossou-new-hemicycle.jpg\" \/>\n\t<meta property=\"og:image:width\" content=\"1200\" \/>\n\t<meta property=\"og:image:height\" content=\"675\" \/>\n\t<meta property=\"og:image:type\" content=\"image\/jpeg\" \/>\n<meta name=\"author\" content=\"Redaction\" \/>\n<meta name=\"twitter:card\" content=\"summary_large_image\" \/>\n<meta name=\"twitter:label1\" content=\"\u00c9crit par\" \/>\n\t<meta name=\"twitter:data1\" content=\"Redaction\" \/>\n\t<meta name=\"twitter:label2\" content=\"Dur\u00e9e de lecture estim\u00e9e\" \/>\n\t<meta name=\"twitter:data2\" content=\"3 minutes\" \/>\n<script type=\"application\/ld+json\" class=\"yoast-schema-graph\">{\"@context\":\"https:\\\/\\\/schema.org\",\"@graph\":[{\"@type\":\"Article\",\"@id\":\"https:\\\/\\\/lepatriotebenin.com\\\/index.php\\\/2025\\\/09\\\/17\\\/auto-parrainage-pour-la-presidentielle-de-2026-les-propos-de-dakpe-sossou-ravivent-la-polemique\\\/#article\",\"isPartOf\":{\"@id\":\"https:\\\/\\\/lepatriotebenin.com\\\/index.php\\\/2025\\\/09\\\/17\\\/auto-parrainage-pour-la-presidentielle-de-2026-les-propos-de-dakpe-sossou-ravivent-la-polemique\\\/\"},\"author\":{\"name\":\"Redaction\",\"@id\":\"https:\\\/\\\/lepatriotebenin.com\\\/#\\\/schema\\\/person\\\/2e7709b9c9cc313e452d1136af61690f\"},\"headline\":\"Auto- parrainage pour la pr\u00e9sidentielle de 2026 : Les propos de Dakp\u00e8 Sossou ravivent la pol\u00e9mique\",\"datePublished\":\"2025-09-17T02:02:16+00:00\",\"mainEntityOfPage\":{\"@id\":\"https:\\\/\\\/lepatriotebenin.com\\\/index.php\\\/2025\\\/09\\\/17\\\/auto-parrainage-pour-la-presidentielle-de-2026-les-propos-de-dakpe-sossou-ravivent-la-polemique\\\/\"},\"wordCount\":539,\"commentCount\":1,\"image\":{\"@id\":\"https:\\\/\\\/lepatriotebenin.com\\\/index.php\\\/2025\\\/09\\\/17\\\/auto-parrainage-pour-la-presidentielle-de-2026-les-propos-de-dakpe-sossou-ravivent-la-polemique\\\/#primaryimage\"},\"thumbnailUrl\":\"https:\\\/\\\/lepatriotebenin.com\\\/wp-content\\\/uploads\\\/2025\\\/09\\\/dakpe-sossou-new-hemicycle.jpg\",\"articleSection\":[\"Politique\"],\"inLanguage\":\"fr-FR\",\"potentialAction\":[{\"@type\":\"CommentAction\",\"name\":\"Comment\",\"target\":[\"https:\\\/\\\/lepatriotebenin.com\\\/index.php\\\/2025\\\/09\\\/17\\\/auto-parrainage-pour-la-presidentielle-de-2026-les-propos-de-dakpe-sossou-ravivent-la-polemique\\\/#respond\"]}]},{\"@type\":\"WebPage\",\"@id\":\"https:\\\/\\\/lepatriotebenin.com\\\/index.php\\\/2025\\\/09\\\/17\\\/auto-parrainage-pour-la-presidentielle-de-2026-les-propos-de-dakpe-sossou-ravivent-la-polemique\\\/\",\"url\":\"https:\\\/\\\/lepatriotebenin.com\\\/index.php\\\/2025\\\/09\\\/17\\\/auto-parrainage-pour-la-presidentielle-de-2026-les-propos-de-dakpe-sossou-ravivent-la-polemique\\\/\",\"name\":\"Auto- parrainage pour la pr\u00e9sidentielle de 2026 : Les propos de Dakp\u00e8 Sossou ravivent la pol\u00e9mique - Le Patriote\",\"isPartOf\":{\"@id\":\"https:\\\/\\\/lepatriotebenin.com\\\/#website\"},\"primaryImageOfPage\":{\"@id\":\"https:\\\/\\\/lepatriotebenin.com\\\/index.php\\\/2025\\\/09\\\/17\\\/auto-parrainage-pour-la-presidentielle-de-2026-les-propos-de-dakpe-sossou-ravivent-la-polemique\\\/#primaryimage\"},\"image\":{\"@id\":\"https:\\\/\\\/lepatriotebenin.com\\\/index.php\\\/2025\\\/09\\\/17\\\/auto-parrainage-pour-la-presidentielle-de-2026-les-propos-de-dakpe-sossou-ravivent-la-polemique\\\/#primaryimage\"},\"thumbnailUrl\":\"https:\\\/\\\/lepatriotebenin.com\\\/wp-content\\\/uploads\\\/2025\\\/09\\\/dakpe-sossou-new-hemicycle.jpg\",\"datePublished\":\"2025-09-17T02:02:16+00:00\",\"author\":{\"@id\":\"https:\\\/\\\/lepatriotebenin.com\\\/#\\\/schema\\\/person\\\/2e7709b9c9cc313e452d1136af61690f\"},\"breadcrumb\":{\"@id\":\"https:\\\/\\\/lepatriotebenin.com\\\/index.php\\\/2025\\\/09\\\/17\\\/auto-parrainage-pour-la-presidentielle-de-2026-les-propos-de-dakpe-sossou-ravivent-la-polemique\\\/#breadcrumb\"},\"inLanguage\":\"fr-FR\",\"potentialAction\":[{\"@type\":\"ReadAction\",\"target\":[\"https:\\\/\\\/lepatriotebenin.com\\\/index.php\\\/2025\\\/09\\\/17\\\/auto-parrainage-pour-la-presidentielle-de-2026-les-propos-de-dakpe-sossou-ravivent-la-polemique\\\/\"]}]},{\"@type\":\"ImageObject\",\"inLanguage\":\"fr-FR\",\"@id\":\"https:\\\/\\\/lepatriotebenin.com\\\/index.php\\\/2025\\\/09\\\/17\\\/auto-parrainage-pour-la-presidentielle-de-2026-les-propos-de-dakpe-sossou-ravivent-la-polemique\\\/#primaryimage\",\"url\":\"https:\\\/\\\/lepatriotebenin.com\\\/wp-content\\\/uploads\\\/2025\\\/09\\\/dakpe-sossou-new-hemicycle.jpg\",\"contentUrl\":\"https:\\\/\\\/lepatriotebenin.com\\\/wp-content\\\/uploads\\\/2025\\\/09\\\/dakpe-sossou-new-hemicycle.jpg\",\"width\":1200,\"height\":675},{\"@type\":\"BreadcrumbList\",\"@id\":\"https:\\\/\\\/lepatriotebenin.com\\\/index.php\\\/2025\\\/09\\\/17\\\/auto-parrainage-pour-la-presidentielle-de-2026-les-propos-de-dakpe-sossou-ravivent-la-polemique\\\/#breadcrumb\",\"itemListElement\":[{\"@type\":\"ListItem\",\"position\":1,\"name\":\"Accueil\",\"item\":\"https:\\\/\\\/lepatriotebenin.com\\\/\"},{\"@type\":\"ListItem\",\"position\":2,\"name\":\"Auto- parrainage pour la pr\u00e9sidentielle de 2026 : Les propos de Dakp\u00e8 Sossou ravivent la pol\u00e9mique\"}]},{\"@type\":\"WebSite\",\"@id\":\"https:\\\/\\\/lepatriotebenin.com\\\/#website\",\"url\":\"https:\\\/\\\/lepatriotebenin.com\\\/\",\"name\":\"Le Patriote\",\"description\":\"Le Patriote B\u00e9nin\",\"potentialAction\":[{\"@type\":\"SearchAction\",\"target\":{\"@type\":\"EntryPoint\",\"urlTemplate\":\"https:\\\/\\\/lepatriotebenin.com\\\/?s={search_term_string}\"},\"query-input\":{\"@type\":\"PropertyValueSpecification\",\"valueRequired\":true,\"valueName\":\"search_term_string\"}}],\"inLanguage\":\"fr-FR\"},{\"@type\":\"Person\",\"@id\":\"https:\\\/\\\/lepatriotebenin.com\\\/#\\\/schema\\\/person\\\/2e7709b9c9cc313e452d1136af61690f\",\"name\":\"Redaction\",\"image\":{\"@type\":\"ImageObject\",\"inLanguage\":\"fr-FR\",\"@id\":\"https:\\\/\\\/secure.gravatar.com\\\/avatar\\\/c4c509357859ea2ca2cbb6d8812898a73e4ef1ef9934c2e591d7e32face734d1?s=96&d=mm&r=g\",\"url\":\"https:\\\/\\\/secure.gravatar.com\\\/avatar\\\/c4c509357859ea2ca2cbb6d8812898a73e4ef1ef9934c2e591d7e32face734d1?s=96&d=mm&r=g\",\"contentUrl\":\"https:\\\/\\\/secure.gravatar.com\\\/avatar\\\/c4c509357859ea2ca2cbb6d8812898a73e4ef1ef9934c2e591d7e32face734d1?s=96&d=mm&r=g\",\"caption\":\"Redaction\"},\"url\":\"https:\\\/\\\/lepatriotebenin.com\"}]}<\/script>\n<!-- \/ Yoast SEO plugin. -->","yoast_head_json":{"title":"Auto- parrainage pour la pr\u00e9sidentielle de 2026 : Les propos de Dakp\u00e8 Sossou ravivent la pol\u00e9mique - Le Patriote","robots":{"index":"index","follow":"follow","max-snippet":"max-snippet:-1","max-image-preview":"max-image-preview:large","max-video-preview":"max-video-preview:-1"},"canonical":"https:\/\/lepatriotebenin.com\/index.php\/2025\/09\/17\/auto-parrainage-pour-la-presidentielle-de-2026-les-propos-de-dakpe-sossou-ravivent-la-polemique\/","og_locale":"fr_FR","og_type":"article","og_title":"Auto- parrainage pour la pr\u00e9sidentielle de 2026 : Les propos de Dakp\u00e8 Sossou ravivent la pol\u00e9mique - Le Patriote","og_description":"La question sur l\u2019autoparrainage des candidats pour l\u2019\u00e9lection pr\u00e9sidentielle de 2026 de continue de susciter des remue-m\u00e9nages malgr\u00e9 les interpr\u00e9tations de la Commission \u00e9lectorale nationale autonome, institution en charge de&hellip;","og_url":"https:\/\/lepatriotebenin.com\/index.php\/2025\/09\/17\/auto-parrainage-pour-la-presidentielle-de-2026-les-propos-de-dakpe-sossou-ravivent-la-polemique\/","og_site_name":"Le Patriote","article_published_time":"2025-09-17T02:02:16+00:00","og_image":[{"width":1200,"height":675,"url":"https:\/\/lepatriotebenin.com\/wp-content\/uploads\/2025\/09\/dakpe-sossou-new-hemicycle.jpg","type":"image\/jpeg"}],"author":"Redaction","twitter_card":"summary_large_image","twitter_misc":{"\u00c9crit par":"Redaction","Dur\u00e9e de lecture estim\u00e9e":"3 minutes"},"schema":{"@context":"https:\/\/schema.org","@graph":[{"@type":"Article","@id":"https:\/\/lepatriotebenin.com\/index.php\/2025\/09\/17\/auto-parrainage-pour-la-presidentielle-de-2026-les-propos-de-dakpe-sossou-ravivent-la-polemique\/#article","isPartOf":{"@id":"https:\/\/lepatriotebenin.com\/index.php\/2025\/09\/17\/auto-parrainage-pour-la-presidentielle-de-2026-les-propos-de-dakpe-sossou-ravivent-la-polemique\/"},"author":{"name":"Redaction","@id":"https:\/\/lepatriotebenin.com\/#\/schema\/person\/2e7709b9c9cc313e452d1136af61690f"},"headline":"Auto- parrainage pour la pr\u00e9sidentielle de 2026 : Les propos de Dakp\u00e8 Sossou ravivent la pol\u00e9mique","datePublished":"2025-09-17T02:02:16+00:00","mainEntityOfPage":{"@id":"https:\/\/lepatriotebenin.com\/index.php\/2025\/09\/17\/auto-parrainage-pour-la-presidentielle-de-2026-les-propos-de-dakpe-sossou-ravivent-la-polemique\/"},"wordCount":539,"commentCount":1,"image":{"@id":"https:\/\/lepatriotebenin.com\/index.php\/2025\/09\/17\/auto-parrainage-pour-la-presidentielle-de-2026-les-propos-de-dakpe-sossou-ravivent-la-polemique\/#primaryimage"},"thumbnailUrl":"https:\/\/lepatriotebenin.com\/wp-content\/uploads\/2025\/09\/dakpe-sossou-new-hemicycle.jpg","articleSection":["Politique"],"inLanguage":"fr-FR","potentialAction":[{"@type":"CommentAction","name":"Comment","target":["https:\/\/lepatriotebenin.com\/index.php\/2025\/09\/17\/auto-parrainage-pour-la-presidentielle-de-2026-les-propos-de-dakpe-sossou-ravivent-la-polemique\/#respond"]}]},{"@type":"WebPage","@id":"https:\/\/lepatriotebenin.com\/index.php\/2025\/09\/17\/auto-parrainage-pour-la-presidentielle-de-2026-les-propos-de-dakpe-sossou-ravivent-la-polemique\/","url":"https:\/\/lepatriotebenin.com\/index.php\/2025\/09\/17\/auto-parrainage-pour-la-presidentielle-de-2026-les-propos-de-dakpe-sossou-ravivent-la-polemique\/","name":"Auto- parrainage pour la pr\u00e9sidentielle de 2026 : Les propos de Dakp\u00e8 Sossou ravivent la pol\u00e9mique - Le Patriote","isPartOf":{"@id":"https:\/\/lepatriotebenin.com\/#website"},"primaryImageOfPage":{"@id":"https:\/\/lepatriotebenin.com\/index.php\/2025\/09\/17\/auto-parrainage-pour-la-presidentielle-de-2026-les-propos-de-dakpe-sossou-ravivent-la-polemique\/#primaryimage"},"image":{"@id":"https:\/\/lepatriotebenin.com\/index.php\/2025\/09\/17\/auto-parrainage-pour-la-presidentielle-de-2026-les-propos-de-dakpe-sossou-ravivent-la-polemique\/#primaryimage"},"thumbnailUrl":"https:\/\/lepatriotebenin.com\/wp-content\/uploads\/2025\/09\/dakpe-sossou-new-hemicycle.jpg","datePublished":"2025-09-17T02:02:16+00:00","author":{"@id":"https:\/\/lepatriotebenin.com\/#\/schema\/person\/2e7709b9c9cc313e452d1136af61690f"},"breadcrumb":{"@id":"https:\/\/lepatriotebenin.com\/index.php\/2025\/09\/17\/auto-parrainage-pour-la-presidentielle-de-2026-les-propos-de-dakpe-sossou-ravivent-la-polemique\/#breadcrumb"},"inLanguage":"fr-FR","potentialAction":[{"@type":"ReadAction","target":["https:\/\/lepatriotebenin.com\/index.php\/2025\/09\/17\/auto-parrainage-pour-la-presidentielle-de-2026-les-propos-de-dakpe-sossou-ravivent-la-polemique\/"]}]},{"@type":"ImageObject","inLanguage":"fr-FR","@id":"https:\/\/lepatriotebenin.com\/index.php\/2025\/09\/17\/auto-parrainage-pour-la-presidentielle-de-2026-les-propos-de-dakpe-sossou-ravivent-la-polemique\/#primaryimage","url":"https:\/\/lepatriotebenin.com\/wp-content\/uploads\/2025\/09\/dakpe-sossou-new-hemicycle.jpg","contentUrl":"https:\/\/lepatriotebenin.com\/wp-content\/uploads\/2025\/09\/dakpe-sossou-new-hemicycle.jpg","width":1200,"height":675},{"@type":"BreadcrumbList","@id":"https:\/\/lepatriotebenin.com\/index.php\/2025\/09\/17\/auto-parrainage-pour-la-presidentielle-de-2026-les-propos-de-dakpe-sossou-ravivent-la-polemique\/#breadcrumb","itemListElement":[{"@type":"ListItem","position":1,"name":"Accueil","item":"https:\/\/lepatriotebenin.com\/"},{"@type":"ListItem","position":2,"name":"Auto- parrainage pour la pr\u00e9sidentielle de 2026 : Les propos de Dakp\u00e8 Sossou ravivent la pol\u00e9mique"}]},{"@type":"WebSite","@id":"https:\/\/lepatriotebenin.com\/#website","url":"https:\/\/lepatriotebenin.com\/","name":"Le Patriote","description":"Le Patriote B\u00e9nin","potentialAction":[{"@type":"SearchAction","target":{"@type":"EntryPoint","urlTemplate":"https:\/\/lepatriotebenin.com\/?s={search_term_string}"},"query-input":{"@type":"PropertyValueSpecification","valueRequired":true,"valueName":"search_term_string"}}],"inLanguage":"fr-FR"},{"@type":"Person","@id":"https:\/\/lepatriotebenin.com\/#\/schema\/person\/2e7709b9c9cc313e452d1136af61690f","name":"Redaction","image":{"@type":"ImageObject","inLanguage":"fr-FR","@id":"https:\/\/secure.gravatar.com\/avatar\/c4c509357859ea2ca2cbb6d8812898a73e4ef1ef9934c2e591d7e32face734d1?s=96&d=mm&r=g","url":"https:\/\/secure.gravatar.com\/avatar\/c4c509357859ea2ca2cbb6d8812898a73e4ef1ef9934c2e591d7e32face734d1?s=96&d=mm&r=g","contentUrl":"https:\/\/secure.gravatar.com\/avatar\/c4c509357859ea2ca2cbb6d8812898a73e4ef1ef9934c2e591d7e32face734d1?s=96&d=mm&r=g","caption":"Redaction"},"url":"https:\/\/lepatriotebenin.com"}]}},"_links":{"self":[{"href":"https:\/\/lepatriotebenin.com\/index.php\/wp-json\/wp\/v2\/posts\/13557","targetHints":{"allow":["GET"]}}],"collection":[{"href":"https:\/\/lepatriotebenin.com\/index.php\/wp-json\/wp\/v2\/posts"}],"about":[{"href":"https:\/\/lepatriotebenin.com\/index.php\/wp-json\/wp\/v2\/types\/post"}],"author":[{"embeddable":true,"href":"https:\/\/lepatriotebenin.com\/index.php\/wp-json\/wp\/v2\/users\/5"}],"replies":[{"embeddable":true,"href":"https:\/\/lepatriotebenin.com\/index.php\/wp-json\/wp\/v2\/comments?post=13557"}],"version-history":[{"count":1,"href":"https:\/\/lepatriotebenin.com\/index.php\/wp-json\/wp\/v2\/posts\/13557\/revisions"}],"predecessor-version":[{"id":13559,"href":"https:\/\/lepatriotebenin.com\/index.php\/wp-json\/wp\/v2\/posts\/13557\/revisions\/13559"}],"wp:featuredmedia":[{"embeddable":true,"href":"https:\/\/lepatriotebenin.com\/index.php\/wp-json\/wp\/v2\/media\/13558"}],"wp:attachment":[{"href":"https:\/\/lepatriotebenin.com\/index.php\/wp-json\/wp\/v2\/media?parent=13557"}],"wp:term":[{"taxonomy":"category","embeddable":true,"href":"https:\/\/lepatriotebenin.com\/index.php\/wp-json\/wp\/v2\/categories?post=13557"},{"taxonomy":"post_tag","embeddable":true,"href":"https:\/\/lepatriotebenin.com\/index.php\/wp-json\/wp\/v2\/tags?post=13557"}],"curies":[{"name":"wp","href":"https:\/\/api.w.org\/{rel}","templated":true}]}}