{"id":13551,"date":"2025-09-17T03:48:17","date_gmt":"2025-09-17T01:48:17","guid":{"rendered":"https:\/\/lepatriotebenin.com\/?p=13551"},"modified":"2025-09-17T03:54:26","modified_gmt":"2025-09-17T01:54:26","slug":"editorial-comment-talon-a-rehabilite-yayi","status":"publish","type":"post","link":"https:\/\/lepatriotebenin.com\/index.php\/2025\/09\/17\/editorial-comment-talon-a-rehabilite-yayi\/","title":{"rendered":"Editorial : Comment Talon a r\u00e9habilit\u00e9 Yayi"},"content":{"rendered":"<p>Le mercredi 06 avril 2016, Boni Yayi remettait le pouvoir et une bible \u00e0 Patrice Talon. Les images projet\u00e9es par le petit \u00e9cran montr\u00e8rent un Boni Yayi tr\u00e8s enthousiasm\u00e9, saluant tr\u00e8s hilare les collaborateurs de son successeur avec quelques mots d\u2019humour. Il affichait une telle insouciance qui\u00a0 inqui\u00e9t\u00e8rent ses derniers soutiens. Il sortait d\u2019une \u00e9lection pr\u00e9sidentielle p\u00e9rilleuse perdue par son poulain Lionel Zinsou et d\u2019o\u00f9 il a perdu sa c\u00f4te de popularit\u00e9 et son titre de \u00ab\u00a0papa Bonheur\u00a0\u00bb, totalement \u00e9corch\u00e9.<\/p>\n<p>Il n\u2019y avait pas grand-monde pour ovationner son cort\u00e8ge sur les deux kilom\u00e8tres \u00e0 peine qui s\u00e9parent le palais pr\u00e9sidentiel de sa r\u00e9sidence priv\u00e9e de Cadj\u00eahoun. Il aurait m\u00eame, selon certains r\u00e9cits apocryphes, \u00e9t\u00e9 fortement hu\u00e9\u00a0et des fanatiques du nouveau pouvoir lui auraient m\u00eame lanc\u00e9 des pierres. Quelques femmes de son \u00e8re culturelle, v\u00eatues de blanc, avaient \u00e9t\u00e9 mobilis\u00e9es par des derniers compagnons fid\u00e8les pour lui rendre un hommage m\u00e9rit\u00e9 apr\u00e8s ses dix ans au service de la R\u00e9publique. Le gros lot du contingent pr\u00e9sidentiel et de la mouvance de l\u2019\u00e9poque avait d\u00e9j\u00e0 rejoint Patrice Talon dans les premi\u00e8res heures du diff\u00e9rend juridico-politique qui opposa les deux hommes de 2012 \u00e0 2016. Ministres, conseillers, d\u00e9put\u00e9s, tous avaient d\u00e9pos\u00e9 bagages chez le nouvel homme fort en faisant all\u00e9geance de diverses mani\u00e8res. Qui en livrant des dossiers du pouvoir Yayi, qui en vendant de \u00ab\u00a0petits secrets\u00a0\u00bb du palais, qui en fabriquant \u00e0 partir de leurs imaginations f\u00e9condes toutes sortes de mensonges pour diaboliser l\u2019homme de Tchaourou.<\/p>\n<p>Yayi \u00e9tait devenu l\u2019ennemi public num\u00e9ro un, si il ne l\u2019est toujours pas. La communication politique du nouveau pouvoir, de m\u00eame que les discours officiels avaient \u00e9t\u00e9 construits autour de la n\u00e9gation du pouvoir Yayi. Rentr\u00e9 chez lui, il s\u2019occupe \u00e0 lire la bible et \u00e0 fortifier sa foi. Ses journ\u00e9es furent marqu\u00e9es par les visites de quelques rares amis et de partisans et par les voyages \u00e0 l\u2019\u00e9tranger pour participer \u00e0 des sommets, conf\u00e9rences.<\/p>\n<p>Dans la t\u00eate de bon nombre de B\u00e9ninois, Boni Yayi c\u2019est fini comme l\u2019a si bien dit son ancien ministre Sacca Lafia. Il devrait couler une retraite politique dor\u00e9e, loin des p\u00e9rip\u00e9ties et des intrigues du pouvoir. Mais le programme et les actions du nouveau Pr\u00e9sident le relancent dans les sondages. Une fois le pouvoir conquis, Patrice Talon amorce son virage n\u00e9o-lib\u00e9ral impitoyable. Ses premi\u00e8res actions qui se caract\u00e9risent par des fermetures de soci\u00e9t\u00e9 d\u2019Etat, de privatisations d\u2019autres, des suppressions des mesures sociales, de votes de lois restreignant les libert\u00e9s publiques et les champs de la d\u00e9mocratie et du pluralisme politique, des d\u00e9guerpissements sauvages des \u00ab\u00a0gagne-petit\u00a0\u00bb des abords des voies et des premi\u00e8res pers\u00e9cutions et arrestations d\u2019opposants et m\u00eame de leaders politiques de son propre camp ont fini par agacer presque toutes les populations . Apr\u00e8s un an d\u2019exercice, le pouvoir Talon a d\u00e9j\u00e0 un passif lourd et douloureux\u00a0: arrestation de S\u00e9bastien Adjavon, d\u00e9guerpissement sauvage des populations des abords des voies, tentative obscure de la r\u00e9vision de la constitution\u2026Le graal de cette politique c\u2019est les tirs sur les populations les 1er et 02 mai 2019. Si bien qu\u2019en cette ann\u00e9e, trois ans apr\u00e8s sa prise de pouvoir, beaucoup de B\u00e9ninois ont d\u00e9chant\u00e9, se remettant \u00e0 la pri\u00e8re afin que Dieu touche le c\u0153ur du nouveau pr\u00e9sident pour qu\u2019il respecte son propre v\u0153u de quitter le pouvoir apr\u00e8s un mandat. Le pestif\u00e9r\u00e9 du 06 avril 2016 revient progressivement dans les c\u0153urs. Son assignation \u00e0 \u00ab\u00a0r\u00e9sidence bloqu\u00e9e\u00a0\u00bb pendant 52 jours la m\u00eame ann\u00e9e relance totalement sa c\u00f4te de popularit\u00e9 et le replace au rang du \u00ab\u00a0sauveur\u00a0\u00bb. Ses sorties politiques sont toujours empruntes de la m\u00eame ferveur populaire comme s\u2019il \u00e9tait toujours au pouvoir. Progressivement, il y a plus du monde qui se bouscule au portillon de sa maison et il a r\u00e9ussi \u00e0 reconstituer un autre parti apr\u00e8s le hold-up op\u00e9r\u00e9 par Paul Hounkp\u00e8 et consorts.<\/p>\n<p>Comme un premier bonheur est toujours accompagn\u00e9 d\u2019un second, Talon le propulse dans un r\u00f4le strat\u00e9gique pour l\u2019\u00e9lection pr\u00e9sidentielle de 2026 avec les amendements vot\u00e9s par sa majorit\u00e9\u00a0au sujet du Code Electoral du 04 mars 2024. D\u00e9sormais, il sera celui qui va presque d\u00e9signer le candidat du parti Les D\u00e9mocrates, le seul qu\u2019attend tout le peuple pour savoir s\u2019il y a \u00e9lection pr\u00e9sidentielle en 2026. Une sorte de match retour de la pr\u00e9sidentielle de 2016. Cette fois entre le candidat de Talon et celui que Yayi s\u2019appr\u00eate \u00e0 d\u00e9signer. En votant pour Patrice Talon en 2016, les B\u00e9ninois avaient d\u00e9cid\u00e9 de donner une retraite \u00e0 Boni Yayi et de mettre fin \u00e0 son syst\u00e8me. Par ses actes et d\u00e9cisions politiques, Patrice Talon a r\u00e9habilit\u00e9 Boni Yayi. La pierre rejet\u00e9e par les b\u00e2tisseurs\u2026<\/p>\n","protected":false},"excerpt":{"rendered":"<p>Le mercredi 06 avril 2016, Boni Yayi remettait le pouvoir et une bible \u00e0 Patrice Talon. Les images projet\u00e9es par le petit \u00e9cran montr\u00e8rent un Boni Yayi tr\u00e8s enthousiasm\u00e9, saluant&hellip;<\/p>\n","protected":false},"author":2,"featured_media":13552,"comment_status":"open","ping_status":"open","sticky":false,"template":"","format":"standard","meta":{"content-type":"","om_disable_all_campaigns":false,"_monsterinsights_skip_tracking":false,"_monsterinsights_sitenote_active":false,"_monsterinsights_sitenote_note":"","_monsterinsights_sitenote_category":0,"_uf_show_specific_survey":0,"_uf_disable_surveys":false,"footnotes":""},"categories":[26],"tags":[],"class_list":["post-13551","post","type-post","status-publish","format-standard","has-post-thumbnail","hentry","category-politique"],"aioseo_notices":[],"yoast_head":"<!-- This site is optimized with the Yoast SEO plugin v27.5 - https:\/\/yoast.com\/product\/yoast-seo-wordpress\/ -->\n<title>Editorial : Comment Talon a r\u00e9habilit\u00e9 Yayi - Le Patriote<\/title>\n<meta name=\"robots\" content=\"index, follow, max-snippet:-1, max-image-preview:large, max-video-preview:-1\" \/>\n<link rel=\"canonical\" href=\"https:\/\/lepatriotebenin.com\/index.php\/2025\/09\/17\/editorial-comment-talon-a-rehabilite-yayi\/\" \/>\n<meta property=\"og:locale\" content=\"fr_FR\" \/>\n<meta property=\"og:type\" content=\"article\" \/>\n<meta property=\"og:title\" content=\"Editorial : Comment Talon a r\u00e9habilit\u00e9 Yayi - Le Patriote\" \/>\n<meta property=\"og:description\" content=\"Le mercredi 06 avril 2016, Boni Yayi remettait le pouvoir et une bible \u00e0 Patrice Talon. Les images projet\u00e9es par le petit \u00e9cran montr\u00e8rent un Boni Yayi tr\u00e8s enthousiasm\u00e9, saluant&hellip;\" \/>\n<meta property=\"og:url\" content=\"https:\/\/lepatriotebenin.com\/index.php\/2025\/09\/17\/editorial-comment-talon-a-rehabilite-yayi\/\" \/>\n<meta property=\"og:site_name\" content=\"Le Patriote\" \/>\n<meta property=\"article:published_time\" content=\"2025-09-17T01:48:17+00:00\" \/>\n<meta property=\"article:modified_time\" content=\"2025-09-17T01:54:26+00:00\" \/>\n<meta property=\"og:image\" content=\"https:\/\/lepatriotebenin.com\/wp-content\/uploads\/2025\/09\/yayi-talon.jpg\" \/>\n\t<meta property=\"og:image:width\" content=\"780\" \/>\n\t<meta property=\"og:image:height\" content=\"560\" \/>\n\t<meta property=\"og:image:type\" content=\"image\/jpeg\" \/>\n<meta name=\"author\" content=\"Marcel ZOUMENOU\" \/>\n<meta name=\"twitter:card\" content=\"summary_large_image\" \/>\n<meta name=\"twitter:label1\" content=\"\u00c9crit par\" \/>\n\t<meta name=\"twitter:data1\" content=\"Marcel ZOUMENOU\" \/>\n\t<meta name=\"twitter:label2\" content=\"Dur\u00e9e de lecture estim\u00e9e\" \/>\n\t<meta name=\"twitter:data2\" content=\"5 minutes\" \/>\n<script type=\"application\/ld+json\" class=\"yoast-schema-graph\">{\"@context\":\"https:\\\/\\\/schema.org\",\"@graph\":[{\"@type\":\"Article\",\"@id\":\"https:\\\/\\\/lepatriotebenin.com\\\/index.php\\\/2025\\\/09\\\/17\\\/editorial-comment-talon-a-rehabilite-yayi\\\/#article\",\"isPartOf\":{\"@id\":\"https:\\\/\\\/lepatriotebenin.com\\\/index.php\\\/2025\\\/09\\\/17\\\/editorial-comment-talon-a-rehabilite-yayi\\\/\"},\"author\":{\"name\":\"Marcel ZOUMENOU\",\"@id\":\"https:\\\/\\\/lepatriotebenin.com\\\/#\\\/schema\\\/person\\\/bc185387219a73c6f2f8698114720c49\"},\"headline\":\"Editorial : Comment Talon a r\u00e9habilit\u00e9 Yayi\",\"datePublished\":\"2025-09-17T01:48:17+00:00\",\"dateModified\":\"2025-09-17T01:54:26+00:00\",\"mainEntityOfPage\":{\"@id\":\"https:\\\/\\\/lepatriotebenin.com\\\/index.php\\\/2025\\\/09\\\/17\\\/editorial-comment-talon-a-rehabilite-yayi\\\/\"},\"wordCount\":871,\"commentCount\":0,\"image\":{\"@id\":\"https:\\\/\\\/lepatriotebenin.com\\\/index.php\\\/2025\\\/09\\\/17\\\/editorial-comment-talon-a-rehabilite-yayi\\\/#primaryimage\"},\"thumbnailUrl\":\"https:\\\/\\\/lepatriotebenin.com\\\/wp-content\\\/uploads\\\/2025\\\/09\\\/yayi-talon.jpg\",\"articleSection\":[\"Politique\"],\"inLanguage\":\"fr-FR\",\"potentialAction\":[{\"@type\":\"CommentAction\",\"name\":\"Comment\",\"target\":[\"https:\\\/\\\/lepatriotebenin.com\\\/index.php\\\/2025\\\/09\\\/17\\\/editorial-comment-talon-a-rehabilite-yayi\\\/#respond\"]}]},{\"@type\":\"WebPage\",\"@id\":\"https:\\\/\\\/lepatriotebenin.com\\\/index.php\\\/2025\\\/09\\\/17\\\/editorial-comment-talon-a-rehabilite-yayi\\\/\",\"url\":\"https:\\\/\\\/lepatriotebenin.com\\\/index.php\\\/2025\\\/09\\\/17\\\/editorial-comment-talon-a-rehabilite-yayi\\\/\",\"name\":\"Editorial : Comment Talon a r\u00e9habilit\u00e9 Yayi - Le Patriote\",\"isPartOf\":{\"@id\":\"https:\\\/\\\/lepatriotebenin.com\\\/#website\"},\"primaryImageOfPage\":{\"@id\":\"https:\\\/\\\/lepatriotebenin.com\\\/index.php\\\/2025\\\/09\\\/17\\\/editorial-comment-talon-a-rehabilite-yayi\\\/#primaryimage\"},\"image\":{\"@id\":\"https:\\\/\\\/lepatriotebenin.com\\\/index.php\\\/2025\\\/09\\\/17\\\/editorial-comment-talon-a-rehabilite-yayi\\\/#primaryimage\"},\"thumbnailUrl\":\"https:\\\/\\\/lepatriotebenin.com\\\/wp-content\\\/uploads\\\/2025\\\/09\\\/yayi-talon.jpg\",\"datePublished\":\"2025-09-17T01:48:17+00:00\",\"dateModified\":\"2025-09-17T01:54:26+00:00\",\"author\":{\"@id\":\"https:\\\/\\\/lepatriotebenin.com\\\/#\\\/schema\\\/person\\\/bc185387219a73c6f2f8698114720c49\"},\"breadcrumb\":{\"@id\":\"https:\\\/\\\/lepatriotebenin.com\\\/index.php\\\/2025\\\/09\\\/17\\\/editorial-comment-talon-a-rehabilite-yayi\\\/#breadcrumb\"},\"inLanguage\":\"fr-FR\",\"potentialAction\":[{\"@type\":\"ReadAction\",\"target\":[\"https:\\\/\\\/lepatriotebenin.com\\\/index.php\\\/2025\\\/09\\\/17\\\/editorial-comment-talon-a-rehabilite-yayi\\\/\"]}]},{\"@type\":\"ImageObject\",\"inLanguage\":\"fr-FR\",\"@id\":\"https:\\\/\\\/lepatriotebenin.com\\\/index.php\\\/2025\\\/09\\\/17\\\/editorial-comment-talon-a-rehabilite-yayi\\\/#primaryimage\",\"url\":\"https:\\\/\\\/lepatriotebenin.com\\\/wp-content\\\/uploads\\\/2025\\\/09\\\/yayi-talon.jpg\",\"contentUrl\":\"https:\\\/\\\/lepatriotebenin.com\\\/wp-content\\\/uploads\\\/2025\\\/09\\\/yayi-talon.jpg\",\"width\":780,\"height\":560},{\"@type\":\"BreadcrumbList\",\"@id\":\"https:\\\/\\\/lepatriotebenin.com\\\/index.php\\\/2025\\\/09\\\/17\\\/editorial-comment-talon-a-rehabilite-yayi\\\/#breadcrumb\",\"itemListElement\":[{\"@type\":\"ListItem\",\"position\":1,\"name\":\"Accueil\",\"item\":\"https:\\\/\\\/lepatriotebenin.com\\\/\"},{\"@type\":\"ListItem\",\"position\":2,\"name\":\"Editorial : Comment Talon a r\u00e9habilit\u00e9 Yayi\"}]},{\"@type\":\"WebSite\",\"@id\":\"https:\\\/\\\/lepatriotebenin.com\\\/#website\",\"url\":\"https:\\\/\\\/lepatriotebenin.com\\\/\",\"name\":\"Le Patriote\",\"description\":\"Le Patriote B\u00e9nin\",\"potentialAction\":[{\"@type\":\"SearchAction\",\"target\":{\"@type\":\"EntryPoint\",\"urlTemplate\":\"https:\\\/\\\/lepatriotebenin.com\\\/?s={search_term_string}\"},\"query-input\":{\"@type\":\"PropertyValueSpecification\",\"valueRequired\":true,\"valueName\":\"search_term_string\"}}],\"inLanguage\":\"fr-FR\"},{\"@type\":\"Person\",\"@id\":\"https:\\\/\\\/lepatriotebenin.com\\\/#\\\/schema\\\/person\\\/bc185387219a73c6f2f8698114720c49\",\"name\":\"Marcel ZOUMENOU\",\"image\":{\"@type\":\"ImageObject\",\"inLanguage\":\"fr-FR\",\"@id\":\"https:\\\/\\\/secure.gravatar.com\\\/avatar\\\/55e60188ee1ca2050a14675489f7856c575861edc734548164d100bdb6565472?s=96&d=mm&r=g\",\"url\":\"https:\\\/\\\/secure.gravatar.com\\\/avatar\\\/55e60188ee1ca2050a14675489f7856c575861edc734548164d100bdb6565472?s=96&d=mm&r=g\",\"contentUrl\":\"https:\\\/\\\/secure.gravatar.com\\\/avatar\\\/55e60188ee1ca2050a14675489f7856c575861edc734548164d100bdb6565472?s=96&d=mm&r=g\",\"caption\":\"Marcel ZOUMENOU\"},\"url\":\"https:\\\/\\\/lepatriotebenin.com\"}]}<\/script>\n<!-- \/ Yoast SEO plugin. -->","yoast_head_json":{"title":"Editorial : Comment Talon a r\u00e9habilit\u00e9 Yayi - Le Patriote","robots":{"index":"index","follow":"follow","max-snippet":"max-snippet:-1","max-image-preview":"max-image-preview:large","max-video-preview":"max-video-preview:-1"},"canonical":"https:\/\/lepatriotebenin.com\/index.php\/2025\/09\/17\/editorial-comment-talon-a-rehabilite-yayi\/","og_locale":"fr_FR","og_type":"article","og_title":"Editorial : Comment Talon a r\u00e9habilit\u00e9 Yayi - Le Patriote","og_description":"Le mercredi 06 avril 2016, Boni Yayi remettait le pouvoir et une bible \u00e0 Patrice Talon. Les images projet\u00e9es par le petit \u00e9cran montr\u00e8rent un Boni Yayi tr\u00e8s enthousiasm\u00e9, saluant&hellip;","og_url":"https:\/\/lepatriotebenin.com\/index.php\/2025\/09\/17\/editorial-comment-talon-a-rehabilite-yayi\/","og_site_name":"Le Patriote","article_published_time":"2025-09-17T01:48:17+00:00","article_modified_time":"2025-09-17T01:54:26+00:00","og_image":[{"width":780,"height":560,"url":"https:\/\/lepatriotebenin.com\/wp-content\/uploads\/2025\/09\/yayi-talon.jpg","type":"image\/jpeg"}],"author":"Marcel ZOUMENOU","twitter_card":"summary_large_image","twitter_misc":{"\u00c9crit par":"Marcel ZOUMENOU","Dur\u00e9e de lecture estim\u00e9e":"5 minutes"},"schema":{"@context":"https:\/\/schema.org","@graph":[{"@type":"Article","@id":"https:\/\/lepatriotebenin.com\/index.php\/2025\/09\/17\/editorial-comment-talon-a-rehabilite-yayi\/#article","isPartOf":{"@id":"https:\/\/lepatriotebenin.com\/index.php\/2025\/09\/17\/editorial-comment-talon-a-rehabilite-yayi\/"},"author":{"name":"Marcel ZOUMENOU","@id":"https:\/\/lepatriotebenin.com\/#\/schema\/person\/bc185387219a73c6f2f8698114720c49"},"headline":"Editorial : Comment Talon a r\u00e9habilit\u00e9 Yayi","datePublished":"2025-09-17T01:48:17+00:00","dateModified":"2025-09-17T01:54:26+00:00","mainEntityOfPage":{"@id":"https:\/\/lepatriotebenin.com\/index.php\/2025\/09\/17\/editorial-comment-talon-a-rehabilite-yayi\/"},"wordCount":871,"commentCount":0,"image":{"@id":"https:\/\/lepatriotebenin.com\/index.php\/2025\/09\/17\/editorial-comment-talon-a-rehabilite-yayi\/#primaryimage"},"thumbnailUrl":"https:\/\/lepatriotebenin.com\/wp-content\/uploads\/2025\/09\/yayi-talon.jpg","articleSection":["Politique"],"inLanguage":"fr-FR","potentialAction":[{"@type":"CommentAction","name":"Comment","target":["https:\/\/lepatriotebenin.com\/index.php\/2025\/09\/17\/editorial-comment-talon-a-rehabilite-yayi\/#respond"]}]},{"@type":"WebPage","@id":"https:\/\/lepatriotebenin.com\/index.php\/2025\/09\/17\/editorial-comment-talon-a-rehabilite-yayi\/","url":"https:\/\/lepatriotebenin.com\/index.php\/2025\/09\/17\/editorial-comment-talon-a-rehabilite-yayi\/","name":"Editorial : Comment Talon a r\u00e9habilit\u00e9 Yayi - Le Patriote","isPartOf":{"@id":"https:\/\/lepatriotebenin.com\/#website"},"primaryImageOfPage":{"@id":"https:\/\/lepatriotebenin.com\/index.php\/2025\/09\/17\/editorial-comment-talon-a-rehabilite-yayi\/#primaryimage"},"image":{"@id":"https:\/\/lepatriotebenin.com\/index.php\/2025\/09\/17\/editorial-comment-talon-a-rehabilite-yayi\/#primaryimage"},"thumbnailUrl":"https:\/\/lepatriotebenin.com\/wp-content\/uploads\/2025\/09\/yayi-talon.jpg","datePublished":"2025-09-17T01:48:17+00:00","dateModified":"2025-09-17T01:54:26+00:00","author":{"@id":"https:\/\/lepatriotebenin.com\/#\/schema\/person\/bc185387219a73c6f2f8698114720c49"},"breadcrumb":{"@id":"https:\/\/lepatriotebenin.com\/index.php\/2025\/09\/17\/editorial-comment-talon-a-rehabilite-yayi\/#breadcrumb"},"inLanguage":"fr-FR","potentialAction":[{"@type":"ReadAction","target":["https:\/\/lepatriotebenin.com\/index.php\/2025\/09\/17\/editorial-comment-talon-a-rehabilite-yayi\/"]}]},{"@type":"ImageObject","inLanguage":"fr-FR","@id":"https:\/\/lepatriotebenin.com\/index.php\/2025\/09\/17\/editorial-comment-talon-a-rehabilite-yayi\/#primaryimage","url":"https:\/\/lepatriotebenin.com\/wp-content\/uploads\/2025\/09\/yayi-talon.jpg","contentUrl":"https:\/\/lepatriotebenin.com\/wp-content\/uploads\/2025\/09\/yayi-talon.jpg","width":780,"height":560},{"@type":"BreadcrumbList","@id":"https:\/\/lepatriotebenin.com\/index.php\/2025\/09\/17\/editorial-comment-talon-a-rehabilite-yayi\/#breadcrumb","itemListElement":[{"@type":"ListItem","position":1,"name":"Accueil","item":"https:\/\/lepatriotebenin.com\/"},{"@type":"ListItem","position":2,"name":"Editorial : Comment Talon a r\u00e9habilit\u00e9 Yayi"}]},{"@type":"WebSite","@id":"https:\/\/lepatriotebenin.com\/#website","url":"https:\/\/lepatriotebenin.com\/","name":"Le Patriote","description":"Le Patriote B\u00e9nin","potentialAction":[{"@type":"SearchAction","target":{"@type":"EntryPoint","urlTemplate":"https:\/\/lepatriotebenin.com\/?s={search_term_string}"},"query-input":{"@type":"PropertyValueSpecification","valueRequired":true,"valueName":"search_term_string"}}],"inLanguage":"fr-FR"},{"@type":"Person","@id":"https:\/\/lepatriotebenin.com\/#\/schema\/person\/bc185387219a73c6f2f8698114720c49","name":"Marcel ZOUMENOU","image":{"@type":"ImageObject","inLanguage":"fr-FR","@id":"https:\/\/secure.gravatar.com\/avatar\/55e60188ee1ca2050a14675489f7856c575861edc734548164d100bdb6565472?s=96&d=mm&r=g","url":"https:\/\/secure.gravatar.com\/avatar\/55e60188ee1ca2050a14675489f7856c575861edc734548164d100bdb6565472?s=96&d=mm&r=g","contentUrl":"https:\/\/secure.gravatar.com\/avatar\/55e60188ee1ca2050a14675489f7856c575861edc734548164d100bdb6565472?s=96&d=mm&r=g","caption":"Marcel ZOUMENOU"},"url":"https:\/\/lepatriotebenin.com"}]}},"_links":{"self":[{"href":"https:\/\/lepatriotebenin.com\/index.php\/wp-json\/wp\/v2\/posts\/13551","targetHints":{"allow":["GET"]}}],"collection":[{"href":"https:\/\/lepatriotebenin.com\/index.php\/wp-json\/wp\/v2\/posts"}],"about":[{"href":"https:\/\/lepatriotebenin.com\/index.php\/wp-json\/wp\/v2\/types\/post"}],"author":[{"embeddable":true,"href":"https:\/\/lepatriotebenin.com\/index.php\/wp-json\/wp\/v2\/users\/2"}],"replies":[{"embeddable":true,"href":"https:\/\/lepatriotebenin.com\/index.php\/wp-json\/wp\/v2\/comments?post=13551"}],"version-history":[{"count":1,"href":"https:\/\/lepatriotebenin.com\/index.php\/wp-json\/wp\/v2\/posts\/13551\/revisions"}],"predecessor-version":[{"id":13553,"href":"https:\/\/lepatriotebenin.com\/index.php\/wp-json\/wp\/v2\/posts\/13551\/revisions\/13553"}],"wp:featuredmedia":[{"embeddable":true,"href":"https:\/\/lepatriotebenin.com\/index.php\/wp-json\/wp\/v2\/media\/13552"}],"wp:attachment":[{"href":"https:\/\/lepatriotebenin.com\/index.php\/wp-json\/wp\/v2\/media?parent=13551"}],"wp:term":[{"taxonomy":"category","embeddable":true,"href":"https:\/\/lepatriotebenin.com\/index.php\/wp-json\/wp\/v2\/categories?post=13551"},{"taxonomy":"post_tag","embeddable":true,"href":"https:\/\/lepatriotebenin.com\/index.php\/wp-json\/wp\/v2\/tags?post=13551"}],"curies":[{"name":"wp","href":"https:\/\/api.w.org\/{rel}","templated":true}]}}