{"id":13232,"date":"2025-08-22T03:09:01","date_gmt":"2025-08-22T01:09:01","guid":{"rendered":"https:\/\/lepatriotebenin.com\/?p=13232"},"modified":"2025-08-22T03:09:01","modified_gmt":"2025-08-22T01:09:01","slug":"validation-de-lauto-parrainage-par-la-cena-et-apres","status":"publish","type":"post","link":"https:\/\/lepatriotebenin.com\/index.php\/2025\/08\/22\/validation-de-lauto-parrainage-par-la-cena-et-apres\/","title":{"rendered":"Validation de l\u2019auto-parrainage par LA CENA : Et apr\u00e8s ?"},"content":{"rendered":"<p><em><strong>Ce mercredi 20 Ao\u00fbt 2025, la repr\u00e9sentation nationale b\u00e9ninoise a accueilli au Palais des Gouverneurs \u00e0 Porto Novo une d\u00e9l\u00e9gation de la Commission \u00c9lectorale Nationale Autonome (CENA). Le but de la pr\u00e9sence de cette institution \u00e0 l\u2019h\u00e9micycle \u00e9tant de partager avec les d\u00e9put\u00e9s, les modalit\u00e9s d\u2019utilisation des parrainages pour la pr\u00e9sidentielle de 2026. La campagne initi\u00e9e par cette structure en charge de l\u2019organisation des \u00e9lections a sans doute pour objectif de mettre fin aux supputations g\u00e9n\u00e9r\u00e9es par les diverses interpr\u00e9tations du code \u00e9lectoral relativement au parrainage.<\/strong><\/em><\/p>\n<p>&nbsp;<\/p>\n<p>A la question de savoir si un \u00e9lu peut s\u2019auto-parrainer en tant que candidat \u00e0 la pr\u00e9sidentielle, la CENA r\u00e9pond par l\u2019affirmatif apaisant un tant soit peu les inqui\u00e9tudes surtout dans le rang de l\u2019opposition qui risquait de sacrifier les candidatures s\u00e9rieuses \u00e0 cette pr\u00e9sidentielle. Si on s\u2019en tient donc aux assurances de l\u2019institution dirig\u00e9e par Sacca Lafia, tous les candidatables peuvent dormir sans crainte d\u2019autant puisqu\u2019ils auraient la garantie qu\u2019ils peuvent se parrainer m\u00eame en tant que maire ou d\u00e9put\u00e9 parrain. Mais dans le pass\u00e9 et sous le r\u00e9gime dit de la rupture, les assurances de ce genre ont \u00e9t\u00e9 tr\u00e8s vite dissoutes tel du sel dans l\u2019eau bouillante suite aux revirements politiques inattendus, dignes de la ruse et de la rage. Dans un pays d\u00e9mocratique o\u00f9 les lois ob\u00e9issent aux droits qui \u00e0 leur tour fondent leur existence sur les lois et devant lesquelles les citoyens sont tous \u00e9gaux, les pol\u00e9miques n\u2019auraient nullement droit de citer. Seulement, en 2019, 2020 et 2021, l\u2019histoire du B\u00e9nin laisse graver dans les m\u00e9moires l\u2019exclusion d\u2019une frange de la classe politique au d\u00e9tour d\u2019invention politico juridique et\u00a0 d\u2019interpr\u00e9tations de texte en faveur des uns contre les autres. La CENA a parl\u00e9 en validant l\u2019auto-parrainage. Et apr\u00e8s ? Doit-on croire \u00e0 l\u2019institution telles aux paroles d\u2019\u00e9vangile ? La seule chose qui puisse garantir l\u2019application de cette sage d\u00e9cision si non cette objective interpr\u00e9tation du code par la CENA reste et demeure l\u2019amour du B\u00e9nin et de ses populations qui obligerait tous les acteurs majeurs du processus \u00e9lectoral en cours, \u00e0 faire parler le droit l\u00e0 o\u00f9 la loi est rest\u00e9e muette. Ceci en laissant le parrainage profit\u00e9 \u00e0 tous sans exception et surtout sans exclusion.<\/p>\n<p>Apr\u00e8s donc le passage salutaire de la CENA \u00e0 l\u2019Assembl\u00e9e nationale, le B\u00e9nin et surtout les autorit\u00e9s politiques doivent, au nom et pour la paix, se r\u00e9soudre \u00e0 extraire de ce processus \u00e9lectoral, toutes ruses et toutes rages pour \u00e9viter une \u00e9ventuelle impasse aux cons\u00e9quences dommageables au pays.\u00a0 L\u2019opposition doit en m\u00eame temps doubler de vigilance et de strat\u00e9gie pour rester et se maintenir dans la course au nom et pour le bien de la d\u00e9mocratie b\u00e9ninoise agonisante. La mouvance aussi doit travailler \u00e0 cette fin.<\/p>\n<p>&nbsp;<\/p>\n<p><strong>Norbert Adjakoun.<\/strong><\/p>\n","protected":false},"excerpt":{"rendered":"<p>Ce mercredi 20 Ao\u00fbt 2025, la repr\u00e9sentation nationale b\u00e9ninoise a accueilli au Palais des Gouverneurs \u00e0 Porto Novo une d\u00e9l\u00e9gation de la Commission \u00c9lectorale Nationale Autonome (CENA). Le but de&hellip;<\/p>\n","protected":false},"author":5,"featured_media":13233,"comment_status":"open","ping_status":"open","sticky":false,"template":"","format":"standard","meta":{"content-type":"","om_disable_all_campaigns":false,"_monsterinsights_skip_tracking":false,"_monsterinsights_sitenote_active":false,"_monsterinsights_sitenote_note":"","_monsterinsights_sitenote_category":0,"_uf_show_specific_survey":0,"_uf_disable_surveys":false,"footnotes":""},"categories":[26],"tags":[],"class_list":["post-13232","post","type-post","status-publish","format-standard","has-post-thumbnail","hentry","category-politique"],"aioseo_notices":[],"yoast_head":"<!-- This site is optimized with the Yoast SEO plugin v27.5 - https:\/\/yoast.com\/product\/yoast-seo-wordpress\/ -->\n<title>Validation de l\u2019auto-parrainage par LA CENA : Et apr\u00e8s ? - Le Patriote<\/title>\n<meta name=\"robots\" content=\"index, follow, max-snippet:-1, max-image-preview:large, max-video-preview:-1\" \/>\n<link rel=\"canonical\" href=\"https:\/\/lepatriotebenin.com\/index.php\/2025\/08\/22\/validation-de-lauto-parrainage-par-la-cena-et-apres\/\" \/>\n<meta property=\"og:locale\" content=\"fr_FR\" \/>\n<meta property=\"og:type\" content=\"article\" \/>\n<meta property=\"og:title\" content=\"Validation de l\u2019auto-parrainage par LA CENA : Et apr\u00e8s ? - Le Patriote\" \/>\n<meta property=\"og:description\" content=\"Ce mercredi 20 Ao\u00fbt 2025, la repr\u00e9sentation nationale b\u00e9ninoise a accueilli au Palais des Gouverneurs \u00e0 Porto Novo une d\u00e9l\u00e9gation de la Commission \u00c9lectorale Nationale Autonome (CENA). Le but de&hellip;\" \/>\n<meta property=\"og:url\" content=\"https:\/\/lepatriotebenin.com\/index.php\/2025\/08\/22\/validation-de-lauto-parrainage-par-la-cena-et-apres\/\" \/>\n<meta property=\"og:site_name\" content=\"Le Patriote\" \/>\n<meta property=\"article:published_time\" content=\"2025-08-22T01:09:01+00:00\" \/>\n<meta property=\"og:image\" content=\"https:\/\/lepatriotebenin.com\/wp-content\/uploads\/2025\/08\/cena-2.jpg\" \/>\n\t<meta property=\"og:image:width\" content=\"1024\" \/>\n\t<meta property=\"og:image:height\" content=\"554\" \/>\n\t<meta property=\"og:image:type\" content=\"image\/jpeg\" \/>\n<meta name=\"author\" content=\"Redaction\" \/>\n<meta name=\"twitter:card\" content=\"summary_large_image\" \/>\n<meta name=\"twitter:label1\" content=\"\u00c9crit par\" \/>\n\t<meta name=\"twitter:data1\" content=\"Redaction\" \/>\n\t<meta name=\"twitter:label2\" content=\"Dur\u00e9e de lecture estim\u00e9e\" \/>\n\t<meta name=\"twitter:data2\" content=\"3 minutes\" \/>\n<script type=\"application\/ld+json\" class=\"yoast-schema-graph\">{\"@context\":\"https:\\\/\\\/schema.org\",\"@graph\":[{\"@type\":\"Article\",\"@id\":\"https:\\\/\\\/lepatriotebenin.com\\\/index.php\\\/2025\\\/08\\\/22\\\/validation-de-lauto-parrainage-par-la-cena-et-apres\\\/#article\",\"isPartOf\":{\"@id\":\"https:\\\/\\\/lepatriotebenin.com\\\/index.php\\\/2025\\\/08\\\/22\\\/validation-de-lauto-parrainage-par-la-cena-et-apres\\\/\"},\"author\":{\"name\":\"Redaction\",\"@id\":\"https:\\\/\\\/lepatriotebenin.com\\\/#\\\/schema\\\/person\\\/2e7709b9c9cc313e452d1136af61690f\"},\"headline\":\"Validation de l\u2019auto-parrainage par LA CENA : Et apr\u00e8s ?\",\"datePublished\":\"2025-08-22T01:09:01+00:00\",\"mainEntityOfPage\":{\"@id\":\"https:\\\/\\\/lepatriotebenin.com\\\/index.php\\\/2025\\\/08\\\/22\\\/validation-de-lauto-parrainage-par-la-cena-et-apres\\\/\"},\"wordCount\":522,\"commentCount\":0,\"image\":{\"@id\":\"https:\\\/\\\/lepatriotebenin.com\\\/index.php\\\/2025\\\/08\\\/22\\\/validation-de-lauto-parrainage-par-la-cena-et-apres\\\/#primaryimage\"},\"thumbnailUrl\":\"https:\\\/\\\/lepatriotebenin.com\\\/wp-content\\\/uploads\\\/2025\\\/08\\\/cena-2.jpg\",\"articleSection\":[\"Politique\"],\"inLanguage\":\"fr-FR\",\"potentialAction\":[{\"@type\":\"CommentAction\",\"name\":\"Comment\",\"target\":[\"https:\\\/\\\/lepatriotebenin.com\\\/index.php\\\/2025\\\/08\\\/22\\\/validation-de-lauto-parrainage-par-la-cena-et-apres\\\/#respond\"]}]},{\"@type\":\"WebPage\",\"@id\":\"https:\\\/\\\/lepatriotebenin.com\\\/index.php\\\/2025\\\/08\\\/22\\\/validation-de-lauto-parrainage-par-la-cena-et-apres\\\/\",\"url\":\"https:\\\/\\\/lepatriotebenin.com\\\/index.php\\\/2025\\\/08\\\/22\\\/validation-de-lauto-parrainage-par-la-cena-et-apres\\\/\",\"name\":\"Validation de l\u2019auto-parrainage par LA CENA : Et apr\u00e8s ? - Le Patriote\",\"isPartOf\":{\"@id\":\"https:\\\/\\\/lepatriotebenin.com\\\/#website\"},\"primaryImageOfPage\":{\"@id\":\"https:\\\/\\\/lepatriotebenin.com\\\/index.php\\\/2025\\\/08\\\/22\\\/validation-de-lauto-parrainage-par-la-cena-et-apres\\\/#primaryimage\"},\"image\":{\"@id\":\"https:\\\/\\\/lepatriotebenin.com\\\/index.php\\\/2025\\\/08\\\/22\\\/validation-de-lauto-parrainage-par-la-cena-et-apres\\\/#primaryimage\"},\"thumbnailUrl\":\"https:\\\/\\\/lepatriotebenin.com\\\/wp-content\\\/uploads\\\/2025\\\/08\\\/cena-2.jpg\",\"datePublished\":\"2025-08-22T01:09:01+00:00\",\"author\":{\"@id\":\"https:\\\/\\\/lepatriotebenin.com\\\/#\\\/schema\\\/person\\\/2e7709b9c9cc313e452d1136af61690f\"},\"breadcrumb\":{\"@id\":\"https:\\\/\\\/lepatriotebenin.com\\\/index.php\\\/2025\\\/08\\\/22\\\/validation-de-lauto-parrainage-par-la-cena-et-apres\\\/#breadcrumb\"},\"inLanguage\":\"fr-FR\",\"potentialAction\":[{\"@type\":\"ReadAction\",\"target\":[\"https:\\\/\\\/lepatriotebenin.com\\\/index.php\\\/2025\\\/08\\\/22\\\/validation-de-lauto-parrainage-par-la-cena-et-apres\\\/\"]}]},{\"@type\":\"ImageObject\",\"inLanguage\":\"fr-FR\",\"@id\":\"https:\\\/\\\/lepatriotebenin.com\\\/index.php\\\/2025\\\/08\\\/22\\\/validation-de-lauto-parrainage-par-la-cena-et-apres\\\/#primaryimage\",\"url\":\"https:\\\/\\\/lepatriotebenin.com\\\/wp-content\\\/uploads\\\/2025\\\/08\\\/cena-2.jpg\",\"contentUrl\":\"https:\\\/\\\/lepatriotebenin.com\\\/wp-content\\\/uploads\\\/2025\\\/08\\\/cena-2.jpg\",\"width\":1024,\"height\":554},{\"@type\":\"BreadcrumbList\",\"@id\":\"https:\\\/\\\/lepatriotebenin.com\\\/index.php\\\/2025\\\/08\\\/22\\\/validation-de-lauto-parrainage-par-la-cena-et-apres\\\/#breadcrumb\",\"itemListElement\":[{\"@type\":\"ListItem\",\"position\":1,\"name\":\"Accueil\",\"item\":\"https:\\\/\\\/lepatriotebenin.com\\\/\"},{\"@type\":\"ListItem\",\"position\":2,\"name\":\"Validation de l\u2019auto-parrainage par LA CENA : Et apr\u00e8s ?\"}]},{\"@type\":\"WebSite\",\"@id\":\"https:\\\/\\\/lepatriotebenin.com\\\/#website\",\"url\":\"https:\\\/\\\/lepatriotebenin.com\\\/\",\"name\":\"Le Patriote\",\"description\":\"Le Patriote B\u00e9nin\",\"potentialAction\":[{\"@type\":\"SearchAction\",\"target\":{\"@type\":\"EntryPoint\",\"urlTemplate\":\"https:\\\/\\\/lepatriotebenin.com\\\/?s={search_term_string}\"},\"query-input\":{\"@type\":\"PropertyValueSpecification\",\"valueRequired\":true,\"valueName\":\"search_term_string\"}}],\"inLanguage\":\"fr-FR\"},{\"@type\":\"Person\",\"@id\":\"https:\\\/\\\/lepatriotebenin.com\\\/#\\\/schema\\\/person\\\/2e7709b9c9cc313e452d1136af61690f\",\"name\":\"Redaction\",\"image\":{\"@type\":\"ImageObject\",\"inLanguage\":\"fr-FR\",\"@id\":\"https:\\\/\\\/secure.gravatar.com\\\/avatar\\\/c4c509357859ea2ca2cbb6d8812898a73e4ef1ef9934c2e591d7e32face734d1?s=96&d=mm&r=g\",\"url\":\"https:\\\/\\\/secure.gravatar.com\\\/avatar\\\/c4c509357859ea2ca2cbb6d8812898a73e4ef1ef9934c2e591d7e32face734d1?s=96&d=mm&r=g\",\"contentUrl\":\"https:\\\/\\\/secure.gravatar.com\\\/avatar\\\/c4c509357859ea2ca2cbb6d8812898a73e4ef1ef9934c2e591d7e32face734d1?s=96&d=mm&r=g\",\"caption\":\"Redaction\"},\"url\":\"https:\\\/\\\/lepatriotebenin.com\"}]}<\/script>\n<!-- \/ Yoast SEO plugin. -->","yoast_head_json":{"title":"Validation de l\u2019auto-parrainage par LA CENA : Et apr\u00e8s ? - Le Patriote","robots":{"index":"index","follow":"follow","max-snippet":"max-snippet:-1","max-image-preview":"max-image-preview:large","max-video-preview":"max-video-preview:-1"},"canonical":"https:\/\/lepatriotebenin.com\/index.php\/2025\/08\/22\/validation-de-lauto-parrainage-par-la-cena-et-apres\/","og_locale":"fr_FR","og_type":"article","og_title":"Validation de l\u2019auto-parrainage par LA CENA : Et apr\u00e8s ? - Le Patriote","og_description":"Ce mercredi 20 Ao\u00fbt 2025, la repr\u00e9sentation nationale b\u00e9ninoise a accueilli au Palais des Gouverneurs \u00e0 Porto Novo une d\u00e9l\u00e9gation de la Commission \u00c9lectorale Nationale Autonome (CENA). Le but de&hellip;","og_url":"https:\/\/lepatriotebenin.com\/index.php\/2025\/08\/22\/validation-de-lauto-parrainage-par-la-cena-et-apres\/","og_site_name":"Le Patriote","article_published_time":"2025-08-22T01:09:01+00:00","og_image":[{"width":1024,"height":554,"url":"https:\/\/lepatriotebenin.com\/wp-content\/uploads\/2025\/08\/cena-2.jpg","type":"image\/jpeg"}],"author":"Redaction","twitter_card":"summary_large_image","twitter_misc":{"\u00c9crit par":"Redaction","Dur\u00e9e de lecture estim\u00e9e":"3 minutes"},"schema":{"@context":"https:\/\/schema.org","@graph":[{"@type":"Article","@id":"https:\/\/lepatriotebenin.com\/index.php\/2025\/08\/22\/validation-de-lauto-parrainage-par-la-cena-et-apres\/#article","isPartOf":{"@id":"https:\/\/lepatriotebenin.com\/index.php\/2025\/08\/22\/validation-de-lauto-parrainage-par-la-cena-et-apres\/"},"author":{"name":"Redaction","@id":"https:\/\/lepatriotebenin.com\/#\/schema\/person\/2e7709b9c9cc313e452d1136af61690f"},"headline":"Validation de l\u2019auto-parrainage par LA CENA : Et apr\u00e8s ?","datePublished":"2025-08-22T01:09:01+00:00","mainEntityOfPage":{"@id":"https:\/\/lepatriotebenin.com\/index.php\/2025\/08\/22\/validation-de-lauto-parrainage-par-la-cena-et-apres\/"},"wordCount":522,"commentCount":0,"image":{"@id":"https:\/\/lepatriotebenin.com\/index.php\/2025\/08\/22\/validation-de-lauto-parrainage-par-la-cena-et-apres\/#primaryimage"},"thumbnailUrl":"https:\/\/lepatriotebenin.com\/wp-content\/uploads\/2025\/08\/cena-2.jpg","articleSection":["Politique"],"inLanguage":"fr-FR","potentialAction":[{"@type":"CommentAction","name":"Comment","target":["https:\/\/lepatriotebenin.com\/index.php\/2025\/08\/22\/validation-de-lauto-parrainage-par-la-cena-et-apres\/#respond"]}]},{"@type":"WebPage","@id":"https:\/\/lepatriotebenin.com\/index.php\/2025\/08\/22\/validation-de-lauto-parrainage-par-la-cena-et-apres\/","url":"https:\/\/lepatriotebenin.com\/index.php\/2025\/08\/22\/validation-de-lauto-parrainage-par-la-cena-et-apres\/","name":"Validation de l\u2019auto-parrainage par LA CENA : Et apr\u00e8s ? - Le Patriote","isPartOf":{"@id":"https:\/\/lepatriotebenin.com\/#website"},"primaryImageOfPage":{"@id":"https:\/\/lepatriotebenin.com\/index.php\/2025\/08\/22\/validation-de-lauto-parrainage-par-la-cena-et-apres\/#primaryimage"},"image":{"@id":"https:\/\/lepatriotebenin.com\/index.php\/2025\/08\/22\/validation-de-lauto-parrainage-par-la-cena-et-apres\/#primaryimage"},"thumbnailUrl":"https:\/\/lepatriotebenin.com\/wp-content\/uploads\/2025\/08\/cena-2.jpg","datePublished":"2025-08-22T01:09:01+00:00","author":{"@id":"https:\/\/lepatriotebenin.com\/#\/schema\/person\/2e7709b9c9cc313e452d1136af61690f"},"breadcrumb":{"@id":"https:\/\/lepatriotebenin.com\/index.php\/2025\/08\/22\/validation-de-lauto-parrainage-par-la-cena-et-apres\/#breadcrumb"},"inLanguage":"fr-FR","potentialAction":[{"@type":"ReadAction","target":["https:\/\/lepatriotebenin.com\/index.php\/2025\/08\/22\/validation-de-lauto-parrainage-par-la-cena-et-apres\/"]}]},{"@type":"ImageObject","inLanguage":"fr-FR","@id":"https:\/\/lepatriotebenin.com\/index.php\/2025\/08\/22\/validation-de-lauto-parrainage-par-la-cena-et-apres\/#primaryimage","url":"https:\/\/lepatriotebenin.com\/wp-content\/uploads\/2025\/08\/cena-2.jpg","contentUrl":"https:\/\/lepatriotebenin.com\/wp-content\/uploads\/2025\/08\/cena-2.jpg","width":1024,"height":554},{"@type":"BreadcrumbList","@id":"https:\/\/lepatriotebenin.com\/index.php\/2025\/08\/22\/validation-de-lauto-parrainage-par-la-cena-et-apres\/#breadcrumb","itemListElement":[{"@type":"ListItem","position":1,"name":"Accueil","item":"https:\/\/lepatriotebenin.com\/"},{"@type":"ListItem","position":2,"name":"Validation de l\u2019auto-parrainage par LA CENA : Et apr\u00e8s ?"}]},{"@type":"WebSite","@id":"https:\/\/lepatriotebenin.com\/#website","url":"https:\/\/lepatriotebenin.com\/","name":"Le Patriote","description":"Le Patriote B\u00e9nin","potentialAction":[{"@type":"SearchAction","target":{"@type":"EntryPoint","urlTemplate":"https:\/\/lepatriotebenin.com\/?s={search_term_string}"},"query-input":{"@type":"PropertyValueSpecification","valueRequired":true,"valueName":"search_term_string"}}],"inLanguage":"fr-FR"},{"@type":"Person","@id":"https:\/\/lepatriotebenin.com\/#\/schema\/person\/2e7709b9c9cc313e452d1136af61690f","name":"Redaction","image":{"@type":"ImageObject","inLanguage":"fr-FR","@id":"https:\/\/secure.gravatar.com\/avatar\/c4c509357859ea2ca2cbb6d8812898a73e4ef1ef9934c2e591d7e32face734d1?s=96&d=mm&r=g","url":"https:\/\/secure.gravatar.com\/avatar\/c4c509357859ea2ca2cbb6d8812898a73e4ef1ef9934c2e591d7e32face734d1?s=96&d=mm&r=g","contentUrl":"https:\/\/secure.gravatar.com\/avatar\/c4c509357859ea2ca2cbb6d8812898a73e4ef1ef9934c2e591d7e32face734d1?s=96&d=mm&r=g","caption":"Redaction"},"url":"https:\/\/lepatriotebenin.com"}]}},"_links":{"self":[{"href":"https:\/\/lepatriotebenin.com\/index.php\/wp-json\/wp\/v2\/posts\/13232","targetHints":{"allow":["GET"]}}],"collection":[{"href":"https:\/\/lepatriotebenin.com\/index.php\/wp-json\/wp\/v2\/posts"}],"about":[{"href":"https:\/\/lepatriotebenin.com\/index.php\/wp-json\/wp\/v2\/types\/post"}],"author":[{"embeddable":true,"href":"https:\/\/lepatriotebenin.com\/index.php\/wp-json\/wp\/v2\/users\/5"}],"replies":[{"embeddable":true,"href":"https:\/\/lepatriotebenin.com\/index.php\/wp-json\/wp\/v2\/comments?post=13232"}],"version-history":[{"count":1,"href":"https:\/\/lepatriotebenin.com\/index.php\/wp-json\/wp\/v2\/posts\/13232\/revisions"}],"predecessor-version":[{"id":13234,"href":"https:\/\/lepatriotebenin.com\/index.php\/wp-json\/wp\/v2\/posts\/13232\/revisions\/13234"}],"wp:featuredmedia":[{"embeddable":true,"href":"https:\/\/lepatriotebenin.com\/index.php\/wp-json\/wp\/v2\/media\/13233"}],"wp:attachment":[{"href":"https:\/\/lepatriotebenin.com\/index.php\/wp-json\/wp\/v2\/media?parent=13232"}],"wp:term":[{"taxonomy":"category","embeddable":true,"href":"https:\/\/lepatriotebenin.com\/index.php\/wp-json\/wp\/v2\/categories?post=13232"},{"taxonomy":"post_tag","embeddable":true,"href":"https:\/\/lepatriotebenin.com\/index.php\/wp-json\/wp\/v2\/tags?post=13232"}],"curies":[{"name":"wp","href":"https:\/\/api.w.org\/{rel}","templated":true}]}}