{"id":13230,"date":"2025-08-22T03:02:03","date_gmt":"2025-08-22T01:02:03","guid":{"rendered":"https:\/\/lepatriotebenin.com\/?p=13230"},"modified":"2025-08-22T03:02:03","modified_gmt":"2025-08-22T01:02:03","slug":"accident-de-thio-glazoue-le-niger-exprime-sa-gratitude-au-benin-pour-son-assistance","status":"publish","type":"post","link":"https:\/\/lepatriotebenin.com\/index.php\/2025\/08\/22\/accident-de-thio-glazoue-le-niger-exprime-sa-gratitude-au-benin-pour-son-assistance\/","title":{"rendered":"Accident de Thio-Glazou\u00e9  : Le Niger exprime sa gratitude au B\u00e9nin pour son assistance"},"content":{"rendered":"<p><strong><em>Le gouvernement nig\u00e9rien a exprim\u00e9 sa reconnaissance au B\u00e9nin, \u00e0 la suite du grave accident de la circulation survenu dans la nuit du 16 au 17 ao\u00fbt 2025 \u00e0 Thio, dans la commune de Glazou\u00e9. Par la voix de son Minist\u00e8re des Affaires \u00e9trang\u00e8res, de la Coop\u00e9ration et des Nig\u00e9riens \u00e0 l\u2019Ext\u00e9rieur, Niamey a salu\u00e9 la solidarit\u00e9 et la diligence dont les autorit\u00e9s b\u00e9ninoises ont fait preuve dans la gestion de cette trag\u00e9die.<\/em><\/strong><\/p>\n<p>Dans son communiqu\u00e9 officiel, le Niger adresse ses vifs et sinc\u00e8res remerciements au Gouvernement de la R\u00e9publique du B\u00e9nin pour sa solidarit\u00e9, et pour toute l&rsquo;assistance apport\u00e9e aux victimes de l\u2019accident, qui s\u2019est produit sur le pont du fleuve Ou\u00e9m\u00e9. Le minist\u00e8re nig\u00e9rien a mis un accent particulier sur la r\u00e9activit\u00e9 et la forte mobilisation des autorit\u00e9s comp\u00e9tentes b\u00e9ninoises, qui ont imm\u00e9diatement d\u00e9ploy\u00e9 un dispositif de secours sur les lieux du drame.<\/p>\n<p>Le communiqu\u00e9 souligne \u00e9galement que, dans l\u2019attente des conclusions de l\u2019enqu\u00eate visant \u00e0 d\u00e9terminer les causes de l\u2019accident, le Gouvernement et le peuple nig\u00e9riens tiennent \u00e0 marquer leur appr\u00e9ciation des efforts consentis par le B\u00e9nin.<\/p>\n<p>Pour rappel, l\u2019accident de Thio a impliqu\u00e9 un bus de transport en commun et a fait plusieurs victimes, parmi lesquelles des ressortissants nig\u00e9riens. Ce drame a suscit\u00e9 une vive \u00e9motion de part et d\u2019autre de la fronti\u00e8re, mais a aussi mis en lumi\u00e8re la coop\u00e9ration et la solidarit\u00e9 entre les deux pays voisins.<\/p>\n<p>&nbsp;<\/p>\n<p><strong>Gildas AHOGNI <\/strong><\/p>\n","protected":false},"excerpt":{"rendered":"<p>Le gouvernement nig\u00e9rien a exprim\u00e9 sa reconnaissance au B\u00e9nin, \u00e0 la suite du grave accident de la circulation survenu dans la nuit du 16 au 17 ao\u00fbt 2025 \u00e0 Thio,&hellip;<\/p>\n","protected":false},"author":5,"featured_media":13128,"comment_status":"open","ping_status":"open","sticky":false,"template":"","format":"standard","meta":{"content-type":"","om_disable_all_campaigns":false,"_monsterinsights_skip_tracking":false,"_monsterinsights_sitenote_active":false,"_monsterinsights_sitenote_note":"","_monsterinsights_sitenote_category":0,"_uf_show_specific_survey":0,"_uf_disable_surveys":false,"footnotes":""},"categories":[20],"tags":[],"class_list":["post-13230","post","type-post","status-publish","format-standard","has-post-thumbnail","hentry","category-societe"],"aioseo_notices":[],"yoast_head":"<!-- This site is optimized with the Yoast SEO plugin v27.5 - https:\/\/yoast.com\/product\/yoast-seo-wordpress\/ -->\n<title>Accident de Thio-Glazou\u00e9 : Le Niger exprime sa gratitude au B\u00e9nin pour son assistance - Le Patriote<\/title>\n<meta name=\"robots\" content=\"index, follow, max-snippet:-1, max-image-preview:large, max-video-preview:-1\" \/>\n<link rel=\"canonical\" href=\"https:\/\/lepatriotebenin.com\/index.php\/2025\/08\/22\/accident-de-thio-glazoue-le-niger-exprime-sa-gratitude-au-benin-pour-son-assistance\/\" \/>\n<meta property=\"og:locale\" content=\"fr_FR\" \/>\n<meta property=\"og:type\" content=\"article\" \/>\n<meta property=\"og:title\" content=\"Accident de Thio-Glazou\u00e9 : Le Niger exprime sa gratitude au B\u00e9nin pour son assistance - Le Patriote\" \/>\n<meta property=\"og:description\" content=\"Le gouvernement nig\u00e9rien a exprim\u00e9 sa reconnaissance au B\u00e9nin, \u00e0 la suite du grave accident de la circulation survenu dans la nuit du 16 au 17 ao\u00fbt 2025 \u00e0 Thio,&hellip;\" \/>\n<meta property=\"og:url\" content=\"https:\/\/lepatriotebenin.com\/index.php\/2025\/08\/22\/accident-de-thio-glazoue-le-niger-exprime-sa-gratitude-au-benin-pour-son-assistance\/\" \/>\n<meta property=\"og:site_name\" content=\"Le Patriote\" \/>\n<meta property=\"article:published_time\" content=\"2025-08-22T01:02:03+00:00\" \/>\n<meta property=\"og:image\" content=\"https:\/\/lepatriotebenin.com\/wp-content\/uploads\/2025\/08\/c2432465745756.jpg\" \/>\n\t<meta property=\"og:image:width\" content=\"1280\" \/>\n\t<meta property=\"og:image:height\" content=\"720\" \/>\n\t<meta property=\"og:image:type\" content=\"image\/jpeg\" \/>\n<meta name=\"author\" content=\"Redaction\" \/>\n<meta name=\"twitter:card\" content=\"summary_large_image\" \/>\n<meta name=\"twitter:label1\" content=\"\u00c9crit par\" \/>\n\t<meta name=\"twitter:data1\" content=\"Redaction\" \/>\n\t<meta name=\"twitter:label2\" content=\"Dur\u00e9e de lecture estim\u00e9e\" \/>\n\t<meta name=\"twitter:data2\" content=\"2 minutes\" \/>\n<script type=\"application\/ld+json\" class=\"yoast-schema-graph\">{\"@context\":\"https:\\\/\\\/schema.org\",\"@graph\":[{\"@type\":\"Article\",\"@id\":\"https:\\\/\\\/lepatriotebenin.com\\\/index.php\\\/2025\\\/08\\\/22\\\/accident-de-thio-glazoue-le-niger-exprime-sa-gratitude-au-benin-pour-son-assistance\\\/#article\",\"isPartOf\":{\"@id\":\"https:\\\/\\\/lepatriotebenin.com\\\/index.php\\\/2025\\\/08\\\/22\\\/accident-de-thio-glazoue-le-niger-exprime-sa-gratitude-au-benin-pour-son-assistance\\\/\"},\"author\":{\"name\":\"Redaction\",\"@id\":\"https:\\\/\\\/lepatriotebenin.com\\\/#\\\/schema\\\/person\\\/2e7709b9c9cc313e452d1136af61690f\"},\"headline\":\"Accident de Thio-Glazou\u00e9 : Le Niger exprime sa gratitude au B\u00e9nin pour son assistance\",\"datePublished\":\"2025-08-22T01:02:03+00:00\",\"mainEntityOfPage\":{\"@id\":\"https:\\\/\\\/lepatriotebenin.com\\\/index.php\\\/2025\\\/08\\\/22\\\/accident-de-thio-glazoue-le-niger-exprime-sa-gratitude-au-benin-pour-son-assistance\\\/\"},\"wordCount\":284,\"commentCount\":0,\"image\":{\"@id\":\"https:\\\/\\\/lepatriotebenin.com\\\/index.php\\\/2025\\\/08\\\/22\\\/accident-de-thio-glazoue-le-niger-exprime-sa-gratitude-au-benin-pour-son-assistance\\\/#primaryimage\"},\"thumbnailUrl\":\"https:\\\/\\\/lepatriotebenin.com\\\/wp-content\\\/uploads\\\/2025\\\/08\\\/c2432465745756.jpg\",\"articleSection\":[\"Soci\u00e9t\u00e9\"],\"inLanguage\":\"fr-FR\",\"potentialAction\":[{\"@type\":\"CommentAction\",\"name\":\"Comment\",\"target\":[\"https:\\\/\\\/lepatriotebenin.com\\\/index.php\\\/2025\\\/08\\\/22\\\/accident-de-thio-glazoue-le-niger-exprime-sa-gratitude-au-benin-pour-son-assistance\\\/#respond\"]}]},{\"@type\":\"WebPage\",\"@id\":\"https:\\\/\\\/lepatriotebenin.com\\\/index.php\\\/2025\\\/08\\\/22\\\/accident-de-thio-glazoue-le-niger-exprime-sa-gratitude-au-benin-pour-son-assistance\\\/\",\"url\":\"https:\\\/\\\/lepatriotebenin.com\\\/index.php\\\/2025\\\/08\\\/22\\\/accident-de-thio-glazoue-le-niger-exprime-sa-gratitude-au-benin-pour-son-assistance\\\/\",\"name\":\"Accident de Thio-Glazou\u00e9 : Le Niger exprime sa gratitude au B\u00e9nin pour son assistance - Le Patriote\",\"isPartOf\":{\"@id\":\"https:\\\/\\\/lepatriotebenin.com\\\/#website\"},\"primaryImageOfPage\":{\"@id\":\"https:\\\/\\\/lepatriotebenin.com\\\/index.php\\\/2025\\\/08\\\/22\\\/accident-de-thio-glazoue-le-niger-exprime-sa-gratitude-au-benin-pour-son-assistance\\\/#primaryimage\"},\"image\":{\"@id\":\"https:\\\/\\\/lepatriotebenin.com\\\/index.php\\\/2025\\\/08\\\/22\\\/accident-de-thio-glazoue-le-niger-exprime-sa-gratitude-au-benin-pour-son-assistance\\\/#primaryimage\"},\"thumbnailUrl\":\"https:\\\/\\\/lepatriotebenin.com\\\/wp-content\\\/uploads\\\/2025\\\/08\\\/c2432465745756.jpg\",\"datePublished\":\"2025-08-22T01:02:03+00:00\",\"author\":{\"@id\":\"https:\\\/\\\/lepatriotebenin.com\\\/#\\\/schema\\\/person\\\/2e7709b9c9cc313e452d1136af61690f\"},\"breadcrumb\":{\"@id\":\"https:\\\/\\\/lepatriotebenin.com\\\/index.php\\\/2025\\\/08\\\/22\\\/accident-de-thio-glazoue-le-niger-exprime-sa-gratitude-au-benin-pour-son-assistance\\\/#breadcrumb\"},\"inLanguage\":\"fr-FR\",\"potentialAction\":[{\"@type\":\"ReadAction\",\"target\":[\"https:\\\/\\\/lepatriotebenin.com\\\/index.php\\\/2025\\\/08\\\/22\\\/accident-de-thio-glazoue-le-niger-exprime-sa-gratitude-au-benin-pour-son-assistance\\\/\"]}]},{\"@type\":\"ImageObject\",\"inLanguage\":\"fr-FR\",\"@id\":\"https:\\\/\\\/lepatriotebenin.com\\\/index.php\\\/2025\\\/08\\\/22\\\/accident-de-thio-glazoue-le-niger-exprime-sa-gratitude-au-benin-pour-son-assistance\\\/#primaryimage\",\"url\":\"https:\\\/\\\/lepatriotebenin.com\\\/wp-content\\\/uploads\\\/2025\\\/08\\\/c2432465745756.jpg\",\"contentUrl\":\"https:\\\/\\\/lepatriotebenin.com\\\/wp-content\\\/uploads\\\/2025\\\/08\\\/c2432465745756.jpg\",\"width\":1280,\"height\":720},{\"@type\":\"BreadcrumbList\",\"@id\":\"https:\\\/\\\/lepatriotebenin.com\\\/index.php\\\/2025\\\/08\\\/22\\\/accident-de-thio-glazoue-le-niger-exprime-sa-gratitude-au-benin-pour-son-assistance\\\/#breadcrumb\",\"itemListElement\":[{\"@type\":\"ListItem\",\"position\":1,\"name\":\"Accueil\",\"item\":\"https:\\\/\\\/lepatriotebenin.com\\\/\"},{\"@type\":\"ListItem\",\"position\":2,\"name\":\"Accident de Thio-Glazou\u00e9 : Le Niger exprime sa gratitude au B\u00e9nin pour son assistance\"}]},{\"@type\":\"WebSite\",\"@id\":\"https:\\\/\\\/lepatriotebenin.com\\\/#website\",\"url\":\"https:\\\/\\\/lepatriotebenin.com\\\/\",\"name\":\"Le Patriote\",\"description\":\"Le Patriote B\u00e9nin\",\"potentialAction\":[{\"@type\":\"SearchAction\",\"target\":{\"@type\":\"EntryPoint\",\"urlTemplate\":\"https:\\\/\\\/lepatriotebenin.com\\\/?s={search_term_string}\"},\"query-input\":{\"@type\":\"PropertyValueSpecification\",\"valueRequired\":true,\"valueName\":\"search_term_string\"}}],\"inLanguage\":\"fr-FR\"},{\"@type\":\"Person\",\"@id\":\"https:\\\/\\\/lepatriotebenin.com\\\/#\\\/schema\\\/person\\\/2e7709b9c9cc313e452d1136af61690f\",\"name\":\"Redaction\",\"image\":{\"@type\":\"ImageObject\",\"inLanguage\":\"fr-FR\",\"@id\":\"https:\\\/\\\/secure.gravatar.com\\\/avatar\\\/c4c509357859ea2ca2cbb6d8812898a73e4ef1ef9934c2e591d7e32face734d1?s=96&d=mm&r=g\",\"url\":\"https:\\\/\\\/secure.gravatar.com\\\/avatar\\\/c4c509357859ea2ca2cbb6d8812898a73e4ef1ef9934c2e591d7e32face734d1?s=96&d=mm&r=g\",\"contentUrl\":\"https:\\\/\\\/secure.gravatar.com\\\/avatar\\\/c4c509357859ea2ca2cbb6d8812898a73e4ef1ef9934c2e591d7e32face734d1?s=96&d=mm&r=g\",\"caption\":\"Redaction\"},\"url\":\"https:\\\/\\\/lepatriotebenin.com\"}]}<\/script>\n<!-- \/ Yoast SEO plugin. -->","yoast_head_json":{"title":"Accident de Thio-Glazou\u00e9 : Le Niger exprime sa gratitude au B\u00e9nin pour son assistance - Le Patriote","robots":{"index":"index","follow":"follow","max-snippet":"max-snippet:-1","max-image-preview":"max-image-preview:large","max-video-preview":"max-video-preview:-1"},"canonical":"https:\/\/lepatriotebenin.com\/index.php\/2025\/08\/22\/accident-de-thio-glazoue-le-niger-exprime-sa-gratitude-au-benin-pour-son-assistance\/","og_locale":"fr_FR","og_type":"article","og_title":"Accident de Thio-Glazou\u00e9 : Le Niger exprime sa gratitude au B\u00e9nin pour son assistance - Le Patriote","og_description":"Le gouvernement nig\u00e9rien a exprim\u00e9 sa reconnaissance au B\u00e9nin, \u00e0 la suite du grave accident de la circulation survenu dans la nuit du 16 au 17 ao\u00fbt 2025 \u00e0 Thio,&hellip;","og_url":"https:\/\/lepatriotebenin.com\/index.php\/2025\/08\/22\/accident-de-thio-glazoue-le-niger-exprime-sa-gratitude-au-benin-pour-son-assistance\/","og_site_name":"Le Patriote","article_published_time":"2025-08-22T01:02:03+00:00","og_image":[{"width":1280,"height":720,"url":"https:\/\/lepatriotebenin.com\/wp-content\/uploads\/2025\/08\/c2432465745756.jpg","type":"image\/jpeg"}],"author":"Redaction","twitter_card":"summary_large_image","twitter_misc":{"\u00c9crit par":"Redaction","Dur\u00e9e de lecture estim\u00e9e":"2 minutes"},"schema":{"@context":"https:\/\/schema.org","@graph":[{"@type":"Article","@id":"https:\/\/lepatriotebenin.com\/index.php\/2025\/08\/22\/accident-de-thio-glazoue-le-niger-exprime-sa-gratitude-au-benin-pour-son-assistance\/#article","isPartOf":{"@id":"https:\/\/lepatriotebenin.com\/index.php\/2025\/08\/22\/accident-de-thio-glazoue-le-niger-exprime-sa-gratitude-au-benin-pour-son-assistance\/"},"author":{"name":"Redaction","@id":"https:\/\/lepatriotebenin.com\/#\/schema\/person\/2e7709b9c9cc313e452d1136af61690f"},"headline":"Accident de Thio-Glazou\u00e9 : Le Niger exprime sa gratitude au B\u00e9nin pour son assistance","datePublished":"2025-08-22T01:02:03+00:00","mainEntityOfPage":{"@id":"https:\/\/lepatriotebenin.com\/index.php\/2025\/08\/22\/accident-de-thio-glazoue-le-niger-exprime-sa-gratitude-au-benin-pour-son-assistance\/"},"wordCount":284,"commentCount":0,"image":{"@id":"https:\/\/lepatriotebenin.com\/index.php\/2025\/08\/22\/accident-de-thio-glazoue-le-niger-exprime-sa-gratitude-au-benin-pour-son-assistance\/#primaryimage"},"thumbnailUrl":"https:\/\/lepatriotebenin.com\/wp-content\/uploads\/2025\/08\/c2432465745756.jpg","articleSection":["Soci\u00e9t\u00e9"],"inLanguage":"fr-FR","potentialAction":[{"@type":"CommentAction","name":"Comment","target":["https:\/\/lepatriotebenin.com\/index.php\/2025\/08\/22\/accident-de-thio-glazoue-le-niger-exprime-sa-gratitude-au-benin-pour-son-assistance\/#respond"]}]},{"@type":"WebPage","@id":"https:\/\/lepatriotebenin.com\/index.php\/2025\/08\/22\/accident-de-thio-glazoue-le-niger-exprime-sa-gratitude-au-benin-pour-son-assistance\/","url":"https:\/\/lepatriotebenin.com\/index.php\/2025\/08\/22\/accident-de-thio-glazoue-le-niger-exprime-sa-gratitude-au-benin-pour-son-assistance\/","name":"Accident de Thio-Glazou\u00e9 : Le Niger exprime sa gratitude au B\u00e9nin pour son assistance - Le Patriote","isPartOf":{"@id":"https:\/\/lepatriotebenin.com\/#website"},"primaryImageOfPage":{"@id":"https:\/\/lepatriotebenin.com\/index.php\/2025\/08\/22\/accident-de-thio-glazoue-le-niger-exprime-sa-gratitude-au-benin-pour-son-assistance\/#primaryimage"},"image":{"@id":"https:\/\/lepatriotebenin.com\/index.php\/2025\/08\/22\/accident-de-thio-glazoue-le-niger-exprime-sa-gratitude-au-benin-pour-son-assistance\/#primaryimage"},"thumbnailUrl":"https:\/\/lepatriotebenin.com\/wp-content\/uploads\/2025\/08\/c2432465745756.jpg","datePublished":"2025-08-22T01:02:03+00:00","author":{"@id":"https:\/\/lepatriotebenin.com\/#\/schema\/person\/2e7709b9c9cc313e452d1136af61690f"},"breadcrumb":{"@id":"https:\/\/lepatriotebenin.com\/index.php\/2025\/08\/22\/accident-de-thio-glazoue-le-niger-exprime-sa-gratitude-au-benin-pour-son-assistance\/#breadcrumb"},"inLanguage":"fr-FR","potentialAction":[{"@type":"ReadAction","target":["https:\/\/lepatriotebenin.com\/index.php\/2025\/08\/22\/accident-de-thio-glazoue-le-niger-exprime-sa-gratitude-au-benin-pour-son-assistance\/"]}]},{"@type":"ImageObject","inLanguage":"fr-FR","@id":"https:\/\/lepatriotebenin.com\/index.php\/2025\/08\/22\/accident-de-thio-glazoue-le-niger-exprime-sa-gratitude-au-benin-pour-son-assistance\/#primaryimage","url":"https:\/\/lepatriotebenin.com\/wp-content\/uploads\/2025\/08\/c2432465745756.jpg","contentUrl":"https:\/\/lepatriotebenin.com\/wp-content\/uploads\/2025\/08\/c2432465745756.jpg","width":1280,"height":720},{"@type":"BreadcrumbList","@id":"https:\/\/lepatriotebenin.com\/index.php\/2025\/08\/22\/accident-de-thio-glazoue-le-niger-exprime-sa-gratitude-au-benin-pour-son-assistance\/#breadcrumb","itemListElement":[{"@type":"ListItem","position":1,"name":"Accueil","item":"https:\/\/lepatriotebenin.com\/"},{"@type":"ListItem","position":2,"name":"Accident de Thio-Glazou\u00e9 : Le Niger exprime sa gratitude au B\u00e9nin pour son assistance"}]},{"@type":"WebSite","@id":"https:\/\/lepatriotebenin.com\/#website","url":"https:\/\/lepatriotebenin.com\/","name":"Le Patriote","description":"Le Patriote B\u00e9nin","potentialAction":[{"@type":"SearchAction","target":{"@type":"EntryPoint","urlTemplate":"https:\/\/lepatriotebenin.com\/?s={search_term_string}"},"query-input":{"@type":"PropertyValueSpecification","valueRequired":true,"valueName":"search_term_string"}}],"inLanguage":"fr-FR"},{"@type":"Person","@id":"https:\/\/lepatriotebenin.com\/#\/schema\/person\/2e7709b9c9cc313e452d1136af61690f","name":"Redaction","image":{"@type":"ImageObject","inLanguage":"fr-FR","@id":"https:\/\/secure.gravatar.com\/avatar\/c4c509357859ea2ca2cbb6d8812898a73e4ef1ef9934c2e591d7e32face734d1?s=96&d=mm&r=g","url":"https:\/\/secure.gravatar.com\/avatar\/c4c509357859ea2ca2cbb6d8812898a73e4ef1ef9934c2e591d7e32face734d1?s=96&d=mm&r=g","contentUrl":"https:\/\/secure.gravatar.com\/avatar\/c4c509357859ea2ca2cbb6d8812898a73e4ef1ef9934c2e591d7e32face734d1?s=96&d=mm&r=g","caption":"Redaction"},"url":"https:\/\/lepatriotebenin.com"}]}},"_links":{"self":[{"href":"https:\/\/lepatriotebenin.com\/index.php\/wp-json\/wp\/v2\/posts\/13230","targetHints":{"allow":["GET"]}}],"collection":[{"href":"https:\/\/lepatriotebenin.com\/index.php\/wp-json\/wp\/v2\/posts"}],"about":[{"href":"https:\/\/lepatriotebenin.com\/index.php\/wp-json\/wp\/v2\/types\/post"}],"author":[{"embeddable":true,"href":"https:\/\/lepatriotebenin.com\/index.php\/wp-json\/wp\/v2\/users\/5"}],"replies":[{"embeddable":true,"href":"https:\/\/lepatriotebenin.com\/index.php\/wp-json\/wp\/v2\/comments?post=13230"}],"version-history":[{"count":1,"href":"https:\/\/lepatriotebenin.com\/index.php\/wp-json\/wp\/v2\/posts\/13230\/revisions"}],"predecessor-version":[{"id":13231,"href":"https:\/\/lepatriotebenin.com\/index.php\/wp-json\/wp\/v2\/posts\/13230\/revisions\/13231"}],"wp:featuredmedia":[{"embeddable":true,"href":"https:\/\/lepatriotebenin.com\/index.php\/wp-json\/wp\/v2\/media\/13128"}],"wp:attachment":[{"href":"https:\/\/lepatriotebenin.com\/index.php\/wp-json\/wp\/v2\/media?parent=13230"}],"wp:term":[{"taxonomy":"category","embeddable":true,"href":"https:\/\/lepatriotebenin.com\/index.php\/wp-json\/wp\/v2\/categories?post=13230"},{"taxonomy":"post_tag","embeddable":true,"href":"https:\/\/lepatriotebenin.com\/index.php\/wp-json\/wp\/v2\/tags?post=13230"}],"curies":[{"name":"wp","href":"https:\/\/api.w.org\/{rel}","templated":true}]}}