{"id":13227,"date":"2025-08-22T02:56:45","date_gmt":"2025-08-22T00:56:45","guid":{"rendered":"https:\/\/lepatriotebenin.com\/?p=13227"},"modified":"2025-08-22T03:03:24","modified_gmt":"2025-08-22T01:03:24","slug":"entretien-avec-l-ecrivaine-eugenie-dossa-quenum-les-memoires-cellulaires-des-africains-ont-recu-les-traumatismes-subis-par-leurs-ancetres-depuis-lesclavage","status":"publish","type":"post","link":"https:\/\/lepatriotebenin.com\/index.php\/2025\/08\/22\/entretien-avec-l-ecrivaine-eugenie-dossa-quenum-les-memoires-cellulaires-des-africains-ont-recu-les-traumatismes-subis-par-leurs-ancetres-depuis-lesclavage\/","title":{"rendered":"Entretien avec l\u2019 \u00e9crivaine Eug\u00e9nie  Dossa  Quenum : \u00ab  Les m\u00e9moires cellulaires des africains ont re\u00e7u les traumatismes subis par leurs anc\u00eatres depuis l\u2019esclavage\u2026 \u00bb"},"content":{"rendered":"<p><em><strong>Dans cette deuxi\u00e8me partie de l\u2019entretien qu\u2019il nous a accord\u00e9, Eug\u00e9nie Dossa Quenum parle du livre \u00ab\u00a0M\u00e9moire cellulaire et l\u2019\u00e9veil des peuples\u00a0\u00bb. Ce livre \u00a0qui m\u00e9lange biologie, g\u00e9n\u00e9tique, \u00e9pig\u00e9n\u00e9tique et psychologie pose un diagnostic, celui des causes profondes de l\u2019esclavage sur les peuples africains d\u2019aujourd\u2019hui. Dans un autre essai, elle aborde la question de la violence.\u00a0 \u00a0<\/strong><\/em><\/p>\n<p><strong>La m\u00e9taphysique trouve une place de choix dans vos \u00e9crits. Peut-on en savoir plus sur l\u2019ouvrage \u00ab\u00a0M\u00e9moire cellulaire et l\u2019\u00e9veil des peuples\u00a0\u00bb\u00a0?<\/strong><\/p>\n<p>Le livre \u00ab\u00a0M\u00e9moire cellulaire et l\u2019\u00e9veil des peuples\u00a0\u00bb ne rel\u00e8ve pas vraiment de m\u00e9taphysique mais plut\u00f4t de Biologie, de G\u00e9n\u00e9tique, d\u2019Epig\u00e9n\u00e9tique et de Psychologie. C\u2019est la jonction de ces quatre domaines des sciences humaines qui a donn\u00e9 le r\u00e9sultat de cet ouvrage par ailleurs \u00e0 finalit\u00e9 th\u00e9rapeutique aussi bien pour les Afrodescendants que pour les Africains rest\u00e9s sur le continent, tous ayant comme point commun la r\u00e9ception dans leur m\u00e9moire cellulaire de la transmission des traumatismes subis par les anc\u00eatres depuis l\u2019esclavage jusqu\u2019au colonialisme et au n\u00e9ocolonialisme actuel.<\/p>\n<p>Cet ouvrage r\u00e9v\u00e8le comment apr\u00e8s la victoire des envahisseurs esclavagistes arabo-musulmans puis les n\u00e9griers europ\u00e9ens les traumatismes subis par les anc\u00eatres sont rest\u00e9s inscrits dans leurs cellules. La forme de r\u00e9tention de ces traumas, ainsi que les m\u00e9canismes de transmissions sont abord\u00e9s avec des exemples \u00e0 l\u2019appui.<\/p>\n<p>La traduction des cons\u00e9quences de ces souffrances \u00e0 travers les comportements depuis des si\u00e8cles et les \u00e9v\u00e8nements contemporains qui attisent ces souffrances devrait aboutir \u00e0 un moment donn\u00e9 \u00e0 un \u00e9veil par de nouveaux chocs traumatiques<\/p>\n<p>Cet \u00e9veil des peuples devrait avoir \u00e0 son tour comme cons\u00e9quence, le basculement du monde qui a fonctionn\u00e9 \u00e0 l\u2019envers depuis le VII \u00e8 si\u00e8cle. Lequel basculement d\u00e9boucherait sur un monde multipolaire et la fin de l\u2019h\u00e9g\u00e9monie des Etats-Unis avec la d\u00e9dollarisation. Le processus d\u00e9marr\u00e9 au Mali, par son caract\u00e8re irr\u00e9versible devrait s\u2019\u00e9tendre comme boule de neige \u00e0 d\u2019autres pays du continent pour voir les peuples opprim\u00e9s depuis des si\u00e8cles relever enfin la t\u00eate pour prendre leur destin en main\u2026Tout cela publi\u00e9 en 2023 et de grandes librairies ont re\u00e7u des pressions pour ne pas de diffuser.<\/p>\n<p><strong>\u00ab\u00a0\u00a0La puissance des liens invisibles et les petits secrets de la vie\u00a0\u00bb. Cette \u0153uvre parle des r\u00e9alit\u00e9s b\u00e9ninoises et africaines. Peut-on en savoir plus\u00a0?<\/strong><\/p>\n<p>Cette \u0153uvre contient de nombreux exemples tir\u00e9s du conteste b\u00e9ninois et africain, cependant c\u2019est un livre puissant de d\u00e9veloppement personnel \u00e0 caract\u00e8re universel. Il a \u00e9t\u00e9 traduit en Portugais au Br\u00e9sil o\u00f9 il se diffuse tr\u00e8s bien. Pareil au Mozambique o\u00f9 les Mozambicains tout comme les Br\u00e9siliens disent que la place de Madame Dossa est chez eux. Madagascar aussi a exprim\u00e9 le m\u00eame d\u00e9sir.Les Angolais me rappellent qu\u2019ils sont juste \u00e0 c\u00f4t\u00e9\u00a0et qu\u2019ils m\u2019attendent\u00a0!<\/p>\n<p>En Europe, dans les librairies, \u00ab\u00a0La puissance des liens invisibles\u2026\u00bb se trouve dans deux rayons\u00a0: d\u00e9veloppement personnel et aussi spirituel.<\/p>\n<p>Ce sont les gens qui l\u2019ont achet\u00e9 qui en font la publicit\u00e9. En effet, la parole a une puissance, la pens\u00e9e a une puissance et le regard aussi.<\/p>\n<p>Je laisse ceux qui ne l\u2019ont pas encore lu, le lire et en juger par eux-m\u00eames.<\/p>\n<p>R\u00e9\u00e9dit\u00e9 deux fois en Br\u00e9silien, il l\u2019a \u00e9t\u00e9 \u00e9galement deux fois d\u00e9j\u00e0 en fran\u00e7ais et la troisi\u00e8me \u00e9dition est pour bient\u00f4t.<\/p>\n<p>En tant que psychologue interculturelle, mes s\u00e9ances de consultation sont g\u00e9n\u00e9ralement compl\u00e9t\u00e9es par la lecture de la \u00ab\u00a0Puissance ..\u00a0\u00bb que je recommande. Tr\u00e8s efficace\u00a0!<\/p>\n<p><strong>La violence trouve une place de choix dans vos ouvrages. Que peut-on retenir de la \u00ab\u00a0Probl\u00e9matique de la violence, h\u00e9ritage g\u00e9n\u00e9tique ou \u00e9pig\u00e9n\u00e9tique\u00a0\u00bb\u00a0?<\/strong><\/p>\n<p>Le monde qui nous entoure devient de plus en plus violent et cette violence n\u2019\u00e9pargne personne ni aucun milieu.<\/p>\n<p>Les sp\u00e9cialistes Psychologues, Psychanalystes, Psychiatres et autres personnels de sant\u00e9 r\u00e9unis en concertation internationale sur la question de la violence \u00e0 S\u00e9ville en Espagne, ont conclu que la violence est d\u2019origine g\u00e9n\u00e9tique donc dans nos ADN et personne n\u2019y pourra rien.<\/p>\n<p>En tant que G\u00e9n\u00e9ticienne, j\u2019ai entrepris de d\u00e9monter cette conclusion qui si elle \u00e9tait av\u00e9r\u00e9e, condamnerait l\u2019humanit\u00e9.<\/p>\n<p>En poussant donc plus loin encore mes recherches, j\u2019ai trouv\u00e9 utile de mettre ces r\u00e9sultats \u00e0 la port\u00e9e de toutes et de tous. La g\u00e9n\u00e9tique est irr\u00e9versible tandis que l\u2019\u00e9pig\u00e9n\u00e9tique est r\u00e9versible\u00a0! Il a donc fallu remonter \u00e0 nos anc\u00eatres de la vall\u00e9e du Nil pour d\u00e9crypter \u00e0 travers la vie qu\u2019ils menaient s\u2019il existait des traces de violence. La r\u00e9ponse est non\u00a0! Donc la violence a \u00e9t\u00e9 acquise.\u00a0 Mais \u00e0 partir de quel moment\u00a0? Sous quelle forme et quel en est le m\u00e9canisme de transmission\u00a0? C\u2019est la d\u00e9marche suivie qui m\u2019a conduite \u00e0 la conclusion de la nature \u00e9pig\u00e9n\u00e9tique de la violence.<\/p>\n<p><strong>Sur les Editions IDL, je pr\u00e9f\u00e8re garder le silence pour l\u2019instant. Merci<\/strong><\/p>\n<p>Je dirai simplement que mes livres se trouvent\u00a0:<\/p>\n<p><strong>Au B\u00e9nin\u00a0<\/strong>: dans les librairies suivantes<\/p>\n<p>\u00b7\u00a0\u00a0\u00a0\u00a0\u00a0\u00a0 Librairie Notre Dame \u00e0 Cotonou et dans toutes les villes<\/p>\n<p>\u00b7\u00a0\u00a0\u00a0\u00a0\u00a0\u00a0 Librairie Delphina pr\u00e8s de la Pharmacie de l\u2019Etoile \u00e0 Cotonou<\/p>\n<p>\u00b7\u00a0\u00a0\u00a0\u00a0\u00a0\u00a0 Librairie Savoir d\u2019Afrique \u00e0 Akpakpa<\/p>\n<p>\u00b7\u00a0\u00a0\u00a0\u00a0\u00a0\u00a0 Librairie B\u00e9ninlivre \u00e0 Porto Novo<\/p>\n<p>\u00b7\u00a0\u00a0\u00a0\u00a0\u00a0\u00a0 Librairie SONAEC \u00e0 Cotonou<\/p>\n<p>\u00b7\u00a0\u00a0\u00a0\u00a0\u00a0\u00a0 Librairie Bon Pasteur \u00e0 Cotonou<\/p>\n<p>\u00b7\u00a0\u00a0\u00a0\u00a0\u00a0\u00a0 Chez OMANI Patisserie<\/p>\n<p><strong>Au Togo\u00a0:<\/strong><\/p>\n<p>\u00b7\u00a0\u00a0\u00a0\u00a0\u00a0\u00a0 Librairie Pasteur \u00e0 Lom\u00e9<\/p>\n<p>\u00b7\u00a0\u00a0\u00a0\u00a0\u00a0\u00a0 Librairie Source Africaine \u00e0 Lom\u00e9<\/p>\n<p><strong>Au S\u00e9n\u00e9gal\u00a0:<\/strong><\/p>\n<p>\u00b7\u00a0\u00a0\u00a0\u00a0\u00a0\u00a0 Librairie ClairAfrique \u00e0 Dakar<\/p>\n<p>\u00b7\u00a0\u00a0\u00a0\u00a0\u00a0\u00a0 Librairie les quatre vents \u00e0 Dakar<\/p>\n<p><strong>En France\u00a0:<\/strong><\/p>\n<p>\u00b7\u00a0\u00a0\u00a0\u00a0\u00a0\u00a0 Librairie MAAMAT de Zamba\u00a0 \u00e0 la Courneuve<\/p>\n<p>\u00b7\u00a0\u00a0\u00a0\u00a0\u00a0\u00a0 Librairie Tiers Mythe \u00e0 Paris<\/p>\n<p>\u00b7\u00a0\u00a0\u00a0\u00a0\u00a0\u00a0 Librairie Tamery \u00e0 P\u00a0\u00a0\u00a0\u00a0\u00a0\u00a0\u00a0\u00a0\u00a0\u00a0\u00a0\u00a0\u00a0 aris<\/p>\n<p>\u00b7\u00a0\u00a0\u00a0\u00a0\u00a0\u00a0 Librairie Pierre Lescure \u00e0 Ermont<\/p>\n<p>&nbsp;<\/p>\n<p>&nbsp;<\/p>\n<p>&nbsp;<\/p>\n<p>&nbsp;<\/p>\n<p>&nbsp;<\/p>\n<p>&nbsp;<\/p>\n","protected":false},"excerpt":{"rendered":"<p>Dans cette deuxi\u00e8me partie de l\u2019entretien qu\u2019il nous a accord\u00e9, Eug\u00e9nie Dossa Quenum parle du livre \u00ab\u00a0M\u00e9moire cellulaire et l\u2019\u00e9veil des peuples\u00a0\u00bb. Ce livre \u00a0qui m\u00e9lange biologie, g\u00e9n\u00e9tique, \u00e9pig\u00e9n\u00e9tique et&hellip;<\/p>\n","protected":false},"author":2,"featured_media":13228,"comment_status":"open","ping_status":"open","sticky":false,"template":"","format":"standard","meta":{"content-type":"","om_disable_all_campaigns":false,"_monsterinsights_skip_tracking":false,"_monsterinsights_sitenote_active":false,"_monsterinsights_sitenote_note":"","_monsterinsights_sitenote_category":0,"_uf_show_specific_survey":0,"_uf_disable_surveys":false,"footnotes":""},"categories":[29],"tags":[],"class_list":["post-13227","post","type-post","status-publish","format-standard","has-post-thumbnail","hentry","category-culture"],"aioseo_notices":[],"yoast_head":"<!-- This site is optimized with the Yoast SEO plugin v27.5 - https:\/\/yoast.com\/product\/yoast-seo-wordpress\/ -->\n<title>Entretien avec l\u2019 \u00e9crivaine Eug\u00e9nie Dossa Quenum : \u00ab Les m\u00e9moires cellulaires des africains ont re\u00e7u les traumatismes subis par leurs anc\u00eatres depuis l\u2019esclavage\u2026 \u00bb - Le Patriote<\/title>\n<meta name=\"robots\" content=\"index, follow, max-snippet:-1, max-image-preview:large, max-video-preview:-1\" \/>\n<link rel=\"canonical\" href=\"https:\/\/lepatriotebenin.com\/index.php\/2025\/08\/22\/entretien-avec-l-ecrivaine-eugenie-dossa-quenum-les-memoires-cellulaires-des-africains-ont-recu-les-traumatismes-subis-par-leurs-ancetres-depuis-lesclavage\/\" \/>\n<meta property=\"og:locale\" content=\"fr_FR\" \/>\n<meta property=\"og:type\" content=\"article\" \/>\n<meta property=\"og:title\" content=\"Entretien avec l\u2019 \u00e9crivaine Eug\u00e9nie Dossa Quenum : \u00ab Les m\u00e9moires cellulaires des africains ont re\u00e7u les traumatismes subis par leurs anc\u00eatres depuis l\u2019esclavage\u2026 \u00bb - Le Patriote\" \/>\n<meta property=\"og:description\" content=\"Dans cette deuxi\u00e8me partie de l\u2019entretien qu\u2019il nous a accord\u00e9, Eug\u00e9nie Dossa Quenum parle du livre \u00ab\u00a0M\u00e9moire cellulaire et l\u2019\u00e9veil des peuples\u00a0\u00bb. Ce livre \u00a0qui m\u00e9lange biologie, g\u00e9n\u00e9tique, \u00e9pig\u00e9n\u00e9tique et&hellip;\" \/>\n<meta property=\"og:url\" content=\"https:\/\/lepatriotebenin.com\/index.php\/2025\/08\/22\/entretien-avec-l-ecrivaine-eugenie-dossa-quenum-les-memoires-cellulaires-des-africains-ont-recu-les-traumatismes-subis-par-leurs-ancetres-depuis-lesclavage\/\" \/>\n<meta property=\"og:site_name\" content=\"Le Patriote\" \/>\n<meta property=\"article:published_time\" content=\"2025-08-22T00:56:45+00:00\" \/>\n<meta property=\"article:modified_time\" content=\"2025-08-22T01:03:24+00:00\" \/>\n<meta property=\"og:image\" content=\"https:\/\/lepatriotebenin.com\/wp-content\/uploads\/2025\/08\/dossa.jpg\" \/>\n\t<meta property=\"og:image:width\" content=\"960\" \/>\n\t<meta property=\"og:image:height\" content=\"1280\" \/>\n\t<meta property=\"og:image:type\" content=\"image\/jpeg\" \/>\n<meta name=\"author\" content=\"Marcel ZOUMENOU\" \/>\n<meta name=\"twitter:card\" content=\"summary_large_image\" \/>\n<meta name=\"twitter:label1\" content=\"\u00c9crit par\" \/>\n\t<meta name=\"twitter:data1\" content=\"Marcel ZOUMENOU\" \/>\n\t<meta name=\"twitter:label2\" content=\"Dur\u00e9e de lecture estim\u00e9e\" \/>\n\t<meta name=\"twitter:data2\" content=\"5 minutes\" \/>\n<script type=\"application\/ld+json\" class=\"yoast-schema-graph\">{\"@context\":\"https:\\\/\\\/schema.org\",\"@graph\":[{\"@type\":\"Article\",\"@id\":\"https:\\\/\\\/lepatriotebenin.com\\\/index.php\\\/2025\\\/08\\\/22\\\/entretien-avec-l-ecrivaine-eugenie-dossa-quenum-les-memoires-cellulaires-des-africains-ont-recu-les-traumatismes-subis-par-leurs-ancetres-depuis-lesclavage\\\/#article\",\"isPartOf\":{\"@id\":\"https:\\\/\\\/lepatriotebenin.com\\\/index.php\\\/2025\\\/08\\\/22\\\/entretien-avec-l-ecrivaine-eugenie-dossa-quenum-les-memoires-cellulaires-des-africains-ont-recu-les-traumatismes-subis-par-leurs-ancetres-depuis-lesclavage\\\/\"},\"author\":{\"name\":\"Marcel ZOUMENOU\",\"@id\":\"https:\\\/\\\/lepatriotebenin.com\\\/#\\\/schema\\\/person\\\/bc185387219a73c6f2f8698114720c49\"},\"headline\":\"Entretien avec l\u2019 \u00e9crivaine Eug\u00e9nie Dossa Quenum : \u00ab Les m\u00e9moires cellulaires des africains ont re\u00e7u les traumatismes subis par leurs anc\u00eatres depuis l\u2019esclavage\u2026 \u00bb\",\"datePublished\":\"2025-08-22T00:56:45+00:00\",\"dateModified\":\"2025-08-22T01:03:24+00:00\",\"mainEntityOfPage\":{\"@id\":\"https:\\\/\\\/lepatriotebenin.com\\\/index.php\\\/2025\\\/08\\\/22\\\/entretien-avec-l-ecrivaine-eugenie-dossa-quenum-les-memoires-cellulaires-des-africains-ont-recu-les-traumatismes-subis-par-leurs-ancetres-depuis-lesclavage\\\/\"},\"wordCount\":1031,\"commentCount\":0,\"image\":{\"@id\":\"https:\\\/\\\/lepatriotebenin.com\\\/index.php\\\/2025\\\/08\\\/22\\\/entretien-avec-l-ecrivaine-eugenie-dossa-quenum-les-memoires-cellulaires-des-africains-ont-recu-les-traumatismes-subis-par-leurs-ancetres-depuis-lesclavage\\\/#primaryimage\"},\"thumbnailUrl\":\"https:\\\/\\\/lepatriotebenin.com\\\/wp-content\\\/uploads\\\/2025\\\/08\\\/dossa.jpg\",\"articleSection\":[\"Culture\"],\"inLanguage\":\"fr-FR\",\"potentialAction\":[{\"@type\":\"CommentAction\",\"name\":\"Comment\",\"target\":[\"https:\\\/\\\/lepatriotebenin.com\\\/index.php\\\/2025\\\/08\\\/22\\\/entretien-avec-l-ecrivaine-eugenie-dossa-quenum-les-memoires-cellulaires-des-africains-ont-recu-les-traumatismes-subis-par-leurs-ancetres-depuis-lesclavage\\\/#respond\"]}]},{\"@type\":\"WebPage\",\"@id\":\"https:\\\/\\\/lepatriotebenin.com\\\/index.php\\\/2025\\\/08\\\/22\\\/entretien-avec-l-ecrivaine-eugenie-dossa-quenum-les-memoires-cellulaires-des-africains-ont-recu-les-traumatismes-subis-par-leurs-ancetres-depuis-lesclavage\\\/\",\"url\":\"https:\\\/\\\/lepatriotebenin.com\\\/index.php\\\/2025\\\/08\\\/22\\\/entretien-avec-l-ecrivaine-eugenie-dossa-quenum-les-memoires-cellulaires-des-africains-ont-recu-les-traumatismes-subis-par-leurs-ancetres-depuis-lesclavage\\\/\",\"name\":\"Entretien avec l\u2019 \u00e9crivaine Eug\u00e9nie Dossa Quenum : \u00ab Les m\u00e9moires cellulaires des africains ont re\u00e7u les traumatismes subis par leurs anc\u00eatres depuis l\u2019esclavage\u2026 \u00bb - Le Patriote\",\"isPartOf\":{\"@id\":\"https:\\\/\\\/lepatriotebenin.com\\\/#website\"},\"primaryImageOfPage\":{\"@id\":\"https:\\\/\\\/lepatriotebenin.com\\\/index.php\\\/2025\\\/08\\\/22\\\/entretien-avec-l-ecrivaine-eugenie-dossa-quenum-les-memoires-cellulaires-des-africains-ont-recu-les-traumatismes-subis-par-leurs-ancetres-depuis-lesclavage\\\/#primaryimage\"},\"image\":{\"@id\":\"https:\\\/\\\/lepatriotebenin.com\\\/index.php\\\/2025\\\/08\\\/22\\\/entretien-avec-l-ecrivaine-eugenie-dossa-quenum-les-memoires-cellulaires-des-africains-ont-recu-les-traumatismes-subis-par-leurs-ancetres-depuis-lesclavage\\\/#primaryimage\"},\"thumbnailUrl\":\"https:\\\/\\\/lepatriotebenin.com\\\/wp-content\\\/uploads\\\/2025\\\/08\\\/dossa.jpg\",\"datePublished\":\"2025-08-22T00:56:45+00:00\",\"dateModified\":\"2025-08-22T01:03:24+00:00\",\"author\":{\"@id\":\"https:\\\/\\\/lepatriotebenin.com\\\/#\\\/schema\\\/person\\\/bc185387219a73c6f2f8698114720c49\"},\"breadcrumb\":{\"@id\":\"https:\\\/\\\/lepatriotebenin.com\\\/index.php\\\/2025\\\/08\\\/22\\\/entretien-avec-l-ecrivaine-eugenie-dossa-quenum-les-memoires-cellulaires-des-africains-ont-recu-les-traumatismes-subis-par-leurs-ancetres-depuis-lesclavage\\\/#breadcrumb\"},\"inLanguage\":\"fr-FR\",\"potentialAction\":[{\"@type\":\"ReadAction\",\"target\":[\"https:\\\/\\\/lepatriotebenin.com\\\/index.php\\\/2025\\\/08\\\/22\\\/entretien-avec-l-ecrivaine-eugenie-dossa-quenum-les-memoires-cellulaires-des-africains-ont-recu-les-traumatismes-subis-par-leurs-ancetres-depuis-lesclavage\\\/\"]}]},{\"@type\":\"ImageObject\",\"inLanguage\":\"fr-FR\",\"@id\":\"https:\\\/\\\/lepatriotebenin.com\\\/index.php\\\/2025\\\/08\\\/22\\\/entretien-avec-l-ecrivaine-eugenie-dossa-quenum-les-memoires-cellulaires-des-africains-ont-recu-les-traumatismes-subis-par-leurs-ancetres-depuis-lesclavage\\\/#primaryimage\",\"url\":\"https:\\\/\\\/lepatriotebenin.com\\\/wp-content\\\/uploads\\\/2025\\\/08\\\/dossa.jpg\",\"contentUrl\":\"https:\\\/\\\/lepatriotebenin.com\\\/wp-content\\\/uploads\\\/2025\\\/08\\\/dossa.jpg\",\"width\":960,\"height\":1280},{\"@type\":\"BreadcrumbList\",\"@id\":\"https:\\\/\\\/lepatriotebenin.com\\\/index.php\\\/2025\\\/08\\\/22\\\/entretien-avec-l-ecrivaine-eugenie-dossa-quenum-les-memoires-cellulaires-des-africains-ont-recu-les-traumatismes-subis-par-leurs-ancetres-depuis-lesclavage\\\/#breadcrumb\",\"itemListElement\":[{\"@type\":\"ListItem\",\"position\":1,\"name\":\"Accueil\",\"item\":\"https:\\\/\\\/lepatriotebenin.com\\\/\"},{\"@type\":\"ListItem\",\"position\":2,\"name\":\"Entretien avec l\u2019 \u00e9crivaine Eug\u00e9nie Dossa Quenum : \u00ab Les m\u00e9moires cellulaires des africains ont re\u00e7u les traumatismes subis par leurs anc\u00eatres depuis l\u2019esclavage\u2026 \u00bb\"}]},{\"@type\":\"WebSite\",\"@id\":\"https:\\\/\\\/lepatriotebenin.com\\\/#website\",\"url\":\"https:\\\/\\\/lepatriotebenin.com\\\/\",\"name\":\"Le Patriote\",\"description\":\"Le Patriote B\u00e9nin\",\"potentialAction\":[{\"@type\":\"SearchAction\",\"target\":{\"@type\":\"EntryPoint\",\"urlTemplate\":\"https:\\\/\\\/lepatriotebenin.com\\\/?s={search_term_string}\"},\"query-input\":{\"@type\":\"PropertyValueSpecification\",\"valueRequired\":true,\"valueName\":\"search_term_string\"}}],\"inLanguage\":\"fr-FR\"},{\"@type\":\"Person\",\"@id\":\"https:\\\/\\\/lepatriotebenin.com\\\/#\\\/schema\\\/person\\\/bc185387219a73c6f2f8698114720c49\",\"name\":\"Marcel ZOUMENOU\",\"image\":{\"@type\":\"ImageObject\",\"inLanguage\":\"fr-FR\",\"@id\":\"https:\\\/\\\/secure.gravatar.com\\\/avatar\\\/55e60188ee1ca2050a14675489f7856c575861edc734548164d100bdb6565472?s=96&d=mm&r=g\",\"url\":\"https:\\\/\\\/secure.gravatar.com\\\/avatar\\\/55e60188ee1ca2050a14675489f7856c575861edc734548164d100bdb6565472?s=96&d=mm&r=g\",\"contentUrl\":\"https:\\\/\\\/secure.gravatar.com\\\/avatar\\\/55e60188ee1ca2050a14675489f7856c575861edc734548164d100bdb6565472?s=96&d=mm&r=g\",\"caption\":\"Marcel ZOUMENOU\"},\"url\":\"https:\\\/\\\/lepatriotebenin.com\"}]}<\/script>\n<!-- \/ Yoast SEO plugin. -->","yoast_head_json":{"title":"Entretien avec l\u2019 \u00e9crivaine Eug\u00e9nie Dossa Quenum : \u00ab Les m\u00e9moires cellulaires des africains ont re\u00e7u les traumatismes subis par leurs anc\u00eatres depuis l\u2019esclavage\u2026 \u00bb - Le Patriote","robots":{"index":"index","follow":"follow","max-snippet":"max-snippet:-1","max-image-preview":"max-image-preview:large","max-video-preview":"max-video-preview:-1"},"canonical":"https:\/\/lepatriotebenin.com\/index.php\/2025\/08\/22\/entretien-avec-l-ecrivaine-eugenie-dossa-quenum-les-memoires-cellulaires-des-africains-ont-recu-les-traumatismes-subis-par-leurs-ancetres-depuis-lesclavage\/","og_locale":"fr_FR","og_type":"article","og_title":"Entretien avec l\u2019 \u00e9crivaine Eug\u00e9nie Dossa Quenum : \u00ab Les m\u00e9moires cellulaires des africains ont re\u00e7u les traumatismes subis par leurs anc\u00eatres depuis l\u2019esclavage\u2026 \u00bb - Le Patriote","og_description":"Dans cette deuxi\u00e8me partie de l\u2019entretien qu\u2019il nous a accord\u00e9, Eug\u00e9nie Dossa Quenum parle du livre \u00ab\u00a0M\u00e9moire cellulaire et l\u2019\u00e9veil des peuples\u00a0\u00bb. Ce livre \u00a0qui m\u00e9lange biologie, g\u00e9n\u00e9tique, \u00e9pig\u00e9n\u00e9tique et&hellip;","og_url":"https:\/\/lepatriotebenin.com\/index.php\/2025\/08\/22\/entretien-avec-l-ecrivaine-eugenie-dossa-quenum-les-memoires-cellulaires-des-africains-ont-recu-les-traumatismes-subis-par-leurs-ancetres-depuis-lesclavage\/","og_site_name":"Le Patriote","article_published_time":"2025-08-22T00:56:45+00:00","article_modified_time":"2025-08-22T01:03:24+00:00","og_image":[{"width":960,"height":1280,"url":"https:\/\/lepatriotebenin.com\/wp-content\/uploads\/2025\/08\/dossa.jpg","type":"image\/jpeg"}],"author":"Marcel ZOUMENOU","twitter_card":"summary_large_image","twitter_misc":{"\u00c9crit par":"Marcel ZOUMENOU","Dur\u00e9e de lecture estim\u00e9e":"5 minutes"},"schema":{"@context":"https:\/\/schema.org","@graph":[{"@type":"Article","@id":"https:\/\/lepatriotebenin.com\/index.php\/2025\/08\/22\/entretien-avec-l-ecrivaine-eugenie-dossa-quenum-les-memoires-cellulaires-des-africains-ont-recu-les-traumatismes-subis-par-leurs-ancetres-depuis-lesclavage\/#article","isPartOf":{"@id":"https:\/\/lepatriotebenin.com\/index.php\/2025\/08\/22\/entretien-avec-l-ecrivaine-eugenie-dossa-quenum-les-memoires-cellulaires-des-africains-ont-recu-les-traumatismes-subis-par-leurs-ancetres-depuis-lesclavage\/"},"author":{"name":"Marcel ZOUMENOU","@id":"https:\/\/lepatriotebenin.com\/#\/schema\/person\/bc185387219a73c6f2f8698114720c49"},"headline":"Entretien avec l\u2019 \u00e9crivaine Eug\u00e9nie Dossa Quenum : \u00ab Les m\u00e9moires cellulaires des africains ont re\u00e7u les traumatismes subis par leurs anc\u00eatres depuis l\u2019esclavage\u2026 \u00bb","datePublished":"2025-08-22T00:56:45+00:00","dateModified":"2025-08-22T01:03:24+00:00","mainEntityOfPage":{"@id":"https:\/\/lepatriotebenin.com\/index.php\/2025\/08\/22\/entretien-avec-l-ecrivaine-eugenie-dossa-quenum-les-memoires-cellulaires-des-africains-ont-recu-les-traumatismes-subis-par-leurs-ancetres-depuis-lesclavage\/"},"wordCount":1031,"commentCount":0,"image":{"@id":"https:\/\/lepatriotebenin.com\/index.php\/2025\/08\/22\/entretien-avec-l-ecrivaine-eugenie-dossa-quenum-les-memoires-cellulaires-des-africains-ont-recu-les-traumatismes-subis-par-leurs-ancetres-depuis-lesclavage\/#primaryimage"},"thumbnailUrl":"https:\/\/lepatriotebenin.com\/wp-content\/uploads\/2025\/08\/dossa.jpg","articleSection":["Culture"],"inLanguage":"fr-FR","potentialAction":[{"@type":"CommentAction","name":"Comment","target":["https:\/\/lepatriotebenin.com\/index.php\/2025\/08\/22\/entretien-avec-l-ecrivaine-eugenie-dossa-quenum-les-memoires-cellulaires-des-africains-ont-recu-les-traumatismes-subis-par-leurs-ancetres-depuis-lesclavage\/#respond"]}]},{"@type":"WebPage","@id":"https:\/\/lepatriotebenin.com\/index.php\/2025\/08\/22\/entretien-avec-l-ecrivaine-eugenie-dossa-quenum-les-memoires-cellulaires-des-africains-ont-recu-les-traumatismes-subis-par-leurs-ancetres-depuis-lesclavage\/","url":"https:\/\/lepatriotebenin.com\/index.php\/2025\/08\/22\/entretien-avec-l-ecrivaine-eugenie-dossa-quenum-les-memoires-cellulaires-des-africains-ont-recu-les-traumatismes-subis-par-leurs-ancetres-depuis-lesclavage\/","name":"Entretien avec l\u2019 \u00e9crivaine Eug\u00e9nie Dossa Quenum : \u00ab Les m\u00e9moires cellulaires des africains ont re\u00e7u les traumatismes subis par leurs anc\u00eatres depuis l\u2019esclavage\u2026 \u00bb - Le Patriote","isPartOf":{"@id":"https:\/\/lepatriotebenin.com\/#website"},"primaryImageOfPage":{"@id":"https:\/\/lepatriotebenin.com\/index.php\/2025\/08\/22\/entretien-avec-l-ecrivaine-eugenie-dossa-quenum-les-memoires-cellulaires-des-africains-ont-recu-les-traumatismes-subis-par-leurs-ancetres-depuis-lesclavage\/#primaryimage"},"image":{"@id":"https:\/\/lepatriotebenin.com\/index.php\/2025\/08\/22\/entretien-avec-l-ecrivaine-eugenie-dossa-quenum-les-memoires-cellulaires-des-africains-ont-recu-les-traumatismes-subis-par-leurs-ancetres-depuis-lesclavage\/#primaryimage"},"thumbnailUrl":"https:\/\/lepatriotebenin.com\/wp-content\/uploads\/2025\/08\/dossa.jpg","datePublished":"2025-08-22T00:56:45+00:00","dateModified":"2025-08-22T01:03:24+00:00","author":{"@id":"https:\/\/lepatriotebenin.com\/#\/schema\/person\/bc185387219a73c6f2f8698114720c49"},"breadcrumb":{"@id":"https:\/\/lepatriotebenin.com\/index.php\/2025\/08\/22\/entretien-avec-l-ecrivaine-eugenie-dossa-quenum-les-memoires-cellulaires-des-africains-ont-recu-les-traumatismes-subis-par-leurs-ancetres-depuis-lesclavage\/#breadcrumb"},"inLanguage":"fr-FR","potentialAction":[{"@type":"ReadAction","target":["https:\/\/lepatriotebenin.com\/index.php\/2025\/08\/22\/entretien-avec-l-ecrivaine-eugenie-dossa-quenum-les-memoires-cellulaires-des-africains-ont-recu-les-traumatismes-subis-par-leurs-ancetres-depuis-lesclavage\/"]}]},{"@type":"ImageObject","inLanguage":"fr-FR","@id":"https:\/\/lepatriotebenin.com\/index.php\/2025\/08\/22\/entretien-avec-l-ecrivaine-eugenie-dossa-quenum-les-memoires-cellulaires-des-africains-ont-recu-les-traumatismes-subis-par-leurs-ancetres-depuis-lesclavage\/#primaryimage","url":"https:\/\/lepatriotebenin.com\/wp-content\/uploads\/2025\/08\/dossa.jpg","contentUrl":"https:\/\/lepatriotebenin.com\/wp-content\/uploads\/2025\/08\/dossa.jpg","width":960,"height":1280},{"@type":"BreadcrumbList","@id":"https:\/\/lepatriotebenin.com\/index.php\/2025\/08\/22\/entretien-avec-l-ecrivaine-eugenie-dossa-quenum-les-memoires-cellulaires-des-africains-ont-recu-les-traumatismes-subis-par-leurs-ancetres-depuis-lesclavage\/#breadcrumb","itemListElement":[{"@type":"ListItem","position":1,"name":"Accueil","item":"https:\/\/lepatriotebenin.com\/"},{"@type":"ListItem","position":2,"name":"Entretien avec l\u2019 \u00e9crivaine Eug\u00e9nie Dossa Quenum : \u00ab Les m\u00e9moires cellulaires des africains ont re\u00e7u les traumatismes subis par leurs anc\u00eatres depuis l\u2019esclavage\u2026 \u00bb"}]},{"@type":"WebSite","@id":"https:\/\/lepatriotebenin.com\/#website","url":"https:\/\/lepatriotebenin.com\/","name":"Le Patriote","description":"Le Patriote B\u00e9nin","potentialAction":[{"@type":"SearchAction","target":{"@type":"EntryPoint","urlTemplate":"https:\/\/lepatriotebenin.com\/?s={search_term_string}"},"query-input":{"@type":"PropertyValueSpecification","valueRequired":true,"valueName":"search_term_string"}}],"inLanguage":"fr-FR"},{"@type":"Person","@id":"https:\/\/lepatriotebenin.com\/#\/schema\/person\/bc185387219a73c6f2f8698114720c49","name":"Marcel ZOUMENOU","image":{"@type":"ImageObject","inLanguage":"fr-FR","@id":"https:\/\/secure.gravatar.com\/avatar\/55e60188ee1ca2050a14675489f7856c575861edc734548164d100bdb6565472?s=96&d=mm&r=g","url":"https:\/\/secure.gravatar.com\/avatar\/55e60188ee1ca2050a14675489f7856c575861edc734548164d100bdb6565472?s=96&d=mm&r=g","contentUrl":"https:\/\/secure.gravatar.com\/avatar\/55e60188ee1ca2050a14675489f7856c575861edc734548164d100bdb6565472?s=96&d=mm&r=g","caption":"Marcel ZOUMENOU"},"url":"https:\/\/lepatriotebenin.com"}]}},"_links":{"self":[{"href":"https:\/\/lepatriotebenin.com\/index.php\/wp-json\/wp\/v2\/posts\/13227","targetHints":{"allow":["GET"]}}],"collection":[{"href":"https:\/\/lepatriotebenin.com\/index.php\/wp-json\/wp\/v2\/posts"}],"about":[{"href":"https:\/\/lepatriotebenin.com\/index.php\/wp-json\/wp\/v2\/types\/post"}],"author":[{"embeddable":true,"href":"https:\/\/lepatriotebenin.com\/index.php\/wp-json\/wp\/v2\/users\/2"}],"replies":[{"embeddable":true,"href":"https:\/\/lepatriotebenin.com\/index.php\/wp-json\/wp\/v2\/comments?post=13227"}],"version-history":[{"count":1,"href":"https:\/\/lepatriotebenin.com\/index.php\/wp-json\/wp\/v2\/posts\/13227\/revisions"}],"predecessor-version":[{"id":13229,"href":"https:\/\/lepatriotebenin.com\/index.php\/wp-json\/wp\/v2\/posts\/13227\/revisions\/13229"}],"wp:featuredmedia":[{"embeddable":true,"href":"https:\/\/lepatriotebenin.com\/index.php\/wp-json\/wp\/v2\/media\/13228"}],"wp:attachment":[{"href":"https:\/\/lepatriotebenin.com\/index.php\/wp-json\/wp\/v2\/media?parent=13227"}],"wp:term":[{"taxonomy":"category","embeddable":true,"href":"https:\/\/lepatriotebenin.com\/index.php\/wp-json\/wp\/v2\/categories?post=13227"},{"taxonomy":"post_tag","embeddable":true,"href":"https:\/\/lepatriotebenin.com\/index.php\/wp-json\/wp\/v2\/tags?post=13227"}],"curies":[{"name":"wp","href":"https:\/\/api.w.org\/{rel}","templated":true}]}}